{"id":789522,"date":"2024-01-09T18:09:42","date_gmt":"2024-01-09T21:09:42","guid":{"rendered":"https:\/\/bahiaeconomica.com.br\/wp\/?p=789522"},"modified":"2024-01-09T18:09:42","modified_gmt":"2024-01-09T21:09:42","slug":"janeiro-no-mam-programacao-do-mam-educativo-oferece-atracoes-para-as-ferias-escolares","status":"publish","type":"post","link":"https:\/\/bahiaeconomica.com.br\/wp\/2024\/01\/09\/janeiro-no-mam-programacao-do-mam-educativo-oferece-atracoes-para-as-ferias-escolares\/","title":{"rendered":"JANEIRO NO MAM: PROGRAMA\u00c7\u00c3O DO MAM EDUCATIVO OFERECE ATRA\u00c7\u00d5ES PARA AS F\u00c9RIAS ESCOLARES"},"content":{"rendered":"<p>Crian\u00e7as e adultos s\u00e3o convidados para atividades preparadas para o primeiro m\u00eas do ano. Programa\u00e7\u00e3o traz oficinas de dan\u00e7a e de artes visuais, teatro e atividades em sinergia com as exposi\u00e7\u00f5es do museu<!--more--><\/p>\n<p>Dan\u00e7a, teatro, oficinas de artes pl\u00e1sticas e visita\u00e7\u00e3o \u00e0s exposi\u00e7\u00f5es do MAM s\u00e3o algumas das op\u00e7\u00f5es que a programa\u00e7\u00e3o de janeiro do\u00a0MAM Educativo\u00a0oferece gratuitamente para p\u00fablicos de todas as idades. Com atividades pensadas especialmente para o m\u00eas das f\u00e9rias escolares, o p\u00fablico pode participar de oficinas que dialogam com as obras da exposi\u00e7\u00e3o\u00a0M\u00e3os: 35 anos da M\u00e3o Afro-Brasileira.\u00a0A programa\u00e7\u00e3o traz ainda experi\u00eancias po\u00e9ticas, atividades de ateli\u00ea e brincadeiras que celebram as culturas da inf\u00e2ncia.<\/p>\n<p>As atra\u00e7\u00f5es come\u00e7am em 13 de janeiro, quando o\u00a0MAM Educativo\u00a0convida os pais e crian\u00e7as para uma oficina de experimenta\u00e7\u00e3o com tintas naturais para beb\u00eas. No dia seguinte, no Domingo MAM,\u00a0a dan\u00e7arina P\u00e2mela Amy convoca o p\u00fablico para uma oficina de Gumboot Dance, uma dan\u00e7a sul-africana que \u00e9 realizada por dan\u00e7arinos usando botas wellington.<\/p>\n<p>A programa\u00e7\u00e3o que convida a fam\u00edlia segue na semana seguinte, no dia 16, com uma oficina de autorretrato com elementos da natureza. Dois dias depois, a cantora e produtora cultural T\u00e2mara David prop\u00f5e uma rela\u00e7\u00e3o entre as artes visuais vistas na exposi\u00e7\u00e3o\u00a0M\u00e3os: 35 anos da M\u00e3o Afro-Brasileira\u00a0com a m\u00fasica brasileira.<\/p>\n<p>No dia 21, no Domingo MAM, o artista visual Betto Souza convida o p\u00fablico para desenvolverem produ\u00e7\u00f5es gr\u00e1ficas no formato de zines, no ZINETERIA &#8211; Ateli\u00ea aberto de experimenta\u00e7\u00e3o em fanzines. No dia 23, a educadora e designer Amanda Paralela mostra como desenhar com a tesoura, em uma oficina de colagem e cria\u00e7\u00e3o de instala\u00e7\u00e3o no ateli\u00ea do MAM.<\/p>\n<p>A programa\u00e7\u00e3o segue no dia seguinte com a atividade Brinquedo para vestir e encantar: cria\u00e7\u00e3o de indument\u00e1ria. Apresentado pela educadora Caroline Machado, essa oficina convida o p\u00fablico a experimentar a partir de diversos materiais juntamente com elementos da natureza, estabelecendo uma rela\u00e7\u00e3o com o parque, a criar uma esp\u00e9cie de roupa-brinquedo.<\/p>\n<p>No\u00a0anivers\u00e1rio da cidade de S\u00e3o Paulo, o educador Daniel Cruz realiza a oficina Genealogias do futuro, para refletir quem somos para quem poderemos ser pela constru\u00e7\u00e3o de m\u00e1scaras identit\u00e1rias, utilizando como inspira\u00e7\u00e3o as obras da exposi\u00e7\u00e3o\u00a0M\u00e3os: 35 anos da m\u00e3o afro-brasileira.<\/p>\n<p>No \u00faltimo domingo do m\u00eas, o\u00a0Breaking Ibira\u00a0re\u00fane b.boys e b.girls para celebrar a cultura hip hop, encontrar desafios atrav\u00e9s da dan\u00e7a e expressar sua criatividade e habilidade em sequ\u00eancia de passos de breaking.<\/p>\n<p>Para fechar o m\u00eas, o MAM recebe uma performance de teatro de marionetes de fio com o espet\u00e1culo\u00a0Grande Circo Grandevo.\u00a0A pe\u00e7a do grupo\u00a0O Pequeno Teatro do Mundo\u00a0mostra com muita poesia o desafio de uma trupe de artistas circenses idosos que precisam se reinventar.<\/p>\n<p>Confira a programa\u00e7\u00e3o completa:<\/p>\n<p>13\/01 (s\u00e1b) \u00e0s 15h<br \/>\nFam\u00edlia MAM + \u00a0F\u00e9rias no MAM + Arte e Ecologia<br \/>\nExperimenta\u00e7\u00e3o com tintas naturais para beb\u00eas com MAM Educativo<\/p>\n<p>A partir de tintas produzidas de forma caseira com materiais naturais e comest\u00edveis (trigo, maisena, gelatina, frutas e condimentos), a atividade voltada para beb\u00eas de 0 meses a 2 anos \u00e9 um est\u00edmulo \u00e0 experi\u00eancia de diferentes express\u00f5es e maneiras de se relacionar e interagir do beb\u00ea com o mundo \u00e0 sua volta.<\/p>\n<p>Atividade presencial e gratuita, para beb\u00eas de 0 meses a 2 anos, acompanhadas de suas(eus) respons\u00e1veis. Inscri\u00e7\u00f5es com 30 minutos de anteced\u00eancia com o MAM Educativo na recep\u00e7\u00e3o do MAM. Para int\u00e9rprete de Libras ou audiodescri\u00e7\u00e3o, solicitar pelo e-mail\u00a0<u>educativo@mam.org.br<\/u>\u00a0com at\u00e9 48hs de anteced\u00eancia.\u00a0 A participa\u00e7\u00e3o nas atividades educativas garantem a gratuidade nas exposi\u00e7\u00f5es do mam.<br \/>\nLink:\u00a0<a href=\"https:\/\/mam.org.br\/evento\/experimentacao-com-tintas-naturais-para-bebes-com-mam-educativo-4\" target=\"_blank\" rel=\"noopener noreferrer\">https:\/\/mam.org.br\/evento\/experimentacao-com-tintas-naturais-para-bebes-com-mam-educativo-4<\/a><\/p>\n<p>14\/01 (dom) \u00e0s 15h<br \/>\nDomingo MAM + F\u00e9rias no MAM<br \/>\nOficina de Gumboot Dance com P\u00e2mela Amy<\/p>\n<p>O Gumboot Dance nasceu no final do s\u00e9culo 18 para o s\u00e9culo 19 nas minas de ouro e diamante da \u00c1frica do Sul. A princ\u00edpio, era utilizado como forma de se comunicar, pois nesses lugares haviam pessoas de v\u00e1rias partes do continente africano. Este c\u00f3digo era utilizado contra os perigos iminentes, al\u00e9m de um m\u00e9todo de organiza\u00e7\u00e3o entre os trabalhadores. Desta l\u00edngua nasceu uma dan\u00e7a percussiva que traz em suas palavras um manifesto.<\/p>\n<p>P\u00e2mela Amy, 29 anos, Core\u00f3grafa, Bailarina, Performer, Produtora Cultural e Fot\u00f3grafa. Iniciou sua trajet\u00f3ria art\u00edstica no N\u00facleo de Dan\u00e7a P\u00e9lagos, no qual participou dos espet\u00e1culos Vol\u00fapia, Garimpo e Y Khissa. Ap\u00f3s isso, em 2013 entrou na companhia de dan\u00e7a africana Gumboot Dance Brasil, na qual est\u00e1 h\u00e1 10 anos. Na companhia Gumboot Dance Brasil, pesquisa dan\u00e7as da \u00c1frica do Sul como Zulu, Botsuwana e o Gumboot. A partir dessa pesquisa, foi int\u00e9rprete criadora dos espet\u00e1culos Yebo e o Subterr\u00e2neo, al\u00e9m dos musicais Beat 16, Gumboot Dance Brasil 10 anos e Yebo Remix.<\/p>\n<p>Atividade presencial, gratuita e livre para todos os p\u00fablicos. Inscri\u00e7\u00f5es com 30 minutos de anteced\u00eancia com o MAM Educativo na recep\u00e7\u00e3o do MAM. Para int\u00e9rprete de Libras ou audiodescri\u00e7\u00e3o, solicitar pelo e-mail\u00a0educativo@mam.org.br\u00a0com at\u00e9 48h de anteced\u00eancia. A participa\u00e7\u00e3o nas atividades educativas garantem a gratuidade nas exposi\u00e7\u00f5es do mam.<\/p>\n<p>Link\u00a0<a href=\"https:\/\/mam.org.br\/evento\/oficina-de-gumboot-dance-com-pamela-amy-2\" target=\"_blank\" rel=\"noopener noreferrer\">https:\/\/mam.org.br\/evento\/oficina-de-gumboot-dance-com-pamela-amy-2<\/a><\/p>\n<p>16\/01 (ter) \u00e0s 15h<br \/>\nFam\u00edlia MAM + \u00a0F\u00e9rias no MAM + Arte e Ecologia<br \/>\nOficina de autorretrato com elementos da natureza com MAM Educativo<\/p>\n<p>Como nos vemos diante do universo que somos? Como nos identificamos enquanto parte da natureza? Nesta oficina propomos uma reflex\u00e3o sobre como habitamos o espa\u00e7o e como o espa\u00e7o nos habita. Em uma brincadeira de olhar o mundo e se olhar, convidamos as crian\u00e7as a buscarem elementos da natureza que est\u00e3o presentes no parque do Ibirapuera para constru\u00edrem o seu pr\u00f3prio retrato.<\/p>\n<p>Atividade presencial e gratuita, para crian\u00e7as a partir de 3 anos, acompanhadas de suas(eus) respons\u00e1veis. Inscri\u00e7\u00f5es com 30 minutos de anteced\u00eancia com o MAM Educativo na recep\u00e7\u00e3o do MAM. Para int\u00e9rprete de Libras ou audiodescri\u00e7\u00e3o, solicitar pelo e-mail\u00a0<u>educativo@mam.org.br<\/u>\u00a0com at\u00e9 48h de anteced\u00eancia. A participa\u00e7\u00e3o nas atividades educativas garantem a gratuidade nas exposi\u00e7\u00f5es do mam.<\/p>\n<p>link:\u00a0<a href=\"https:\/\/mam.org.br\/evento\/oficina-de-autorretrato-com-elementos-da-natureza-mam-educativo\" target=\"_blank\" rel=\"noopener noreferrer\">https:\/\/mam.org.br\/evento\/oficina-de-autorretrato-com-elementos-da-natureza-mam-educativo<\/a><\/p>\n<p>18\/01 (qui) \u00e0s 15h<br \/>\nFam\u00edlia MAM + \u00a0F\u00e9rias no MAM<br \/>\nPercurso po\u00e9tico musical com T\u00e2mara David e MAM Educativo<\/p>\n<p>Atividade presencial, para crian\u00e7as de todas as idades, acompanhadas de suas(eus) respons\u00e1veis. Inscri\u00e7\u00f5es com 30 minutos de anteced\u00eancia com o MAM Educativo na recep\u00e7\u00e3o do MAM. Para int\u00e9rprete de Libras, solicitar pelo e-mail\u00a0<a href=\"mailto:educativo@mam.org.br\" rel=\"noreferrer\">educativo@mam.org.br<\/a>\u00a0com at\u00e9 48hs de anteced\u00eancia.<\/p>\n<p>Inspirada na exposi\u00e7\u00e3o M\u00e3os: 35 anos da M\u00e3o Afro-Brasileira, o percurso po\u00e9tico musical com T\u00e2mara Davi e MAM educativo prop\u00f5em uma rela\u00e7\u00e3o entre as artes visuais presentes na exposi\u00e7\u00e3o e a m\u00fasica brasileira.<\/p>\n<p>T\u00e2mara David\u00a0\u00e9 Mineira de Belo Horizonte, atriz, cantora e produtora cultural, participou de diversos grupos como Teatro Negro e Atitude, Enxad\u00e1rio &#8211; Orquestra de Enxadas e Samba\u00ea.Trabalhou como locutora na r\u00e1dio Sant\u00ea FM, produziu e apresentou o programa \u201cJuventude Alternativa\u201d semanalmente. Iniciou o estudo de voz e percuss\u00e3o atrav\u00e9s da pesquisa da m\u00fasica de dom\u00ednio p\u00fablico, como o samba de roda do rec\u00f4ncavo baiano, afox\u00e9s, congadas, m\u00fasica popular e afro-brasileira. Em S\u00e3o Paulo, seus olhos e cora\u00e7\u00e3o se voltaram cada vez mais para a m\u00fasica. Trabalha com diversas bandas e coletivos e se dedica ao repert\u00f3rio da m\u00fasica popular brasileira, m\u00fasica do mundo e ao estudo da voz e da consci\u00eancia corporal.<\/p>\n<p>Link:\u00a0<a href=\"https:\/\/mam.org.br\/evento\/percurso-poetico-musical-com-tamara-david-e-mam-educativo-2\" target=\"_blank\" rel=\"noopener noreferrer\">https:\/\/mam.org.br\/evento\/percurso-poetico-musical-com-tamara-david-e-mam-educativo-2<\/a><\/p>\n<p>19\/01 (sex) \u00e0s 10h30<br \/>\nFam\u00edlia MAM + \u00a0F\u00e9rias no MAM + Arte e Ecologia<br \/>\nExperimenta\u00e7\u00e3o com tintas naturais para beb\u00eas com MAM Educativo<\/p>\n<p>A partir de tintas produzidas de forma caseira com materiais naturais e comest\u00edveis (trigo, maisena, gelatina, frutas e condimentos), a atividade voltada para beb\u00eas de 0 meses a 2 anos \u00e9 um est\u00edmulo \u00e0 experi\u00eancia de diferentes express\u00f5es e maneiras de se relacionar e interagir do beb\u00ea com o mundo \u00e0 sua volta.<\/p>\n<p>Atividade presencial e gratuita, para beb\u00eas de 0 meses a 2 anos, acompanhadas de suas(eus) respons\u00e1veis. Inscri\u00e7\u00f5es com 30 minutos de anteced\u00eancia com o MAM Educativo na recep\u00e7\u00e3o do MAM. Para int\u00e9rprete de Libras ou audiodescri\u00e7\u00e3o, solicitar pelo e-mail\u00a0<u>educativo@mam.org.br<\/u>\u00a0com at\u00e9 48hs de anteced\u00eancia.\u00a0 A participa\u00e7\u00e3o nas atividades educativas garante a gratuidade nas exposi\u00e7\u00f5es do MAM.<\/p>\n<p>Link:\u00a0<a href=\"https:\/\/mam.org.br\/evento\/experimentacao-com-tintas-naturais-para-bebes-com-mam-educativo-5\" target=\"_blank\" rel=\"noopener noreferrer\">https:\/\/mam.org.br\/evento\/experimentacao-com-tintas-naturais-para-bebes-com-mam-educativo-5<\/a><\/p>\n<p>20\/01 (s\u00e1b) 15h<br \/>\nFam\u00edlia MAM + \u00a0F\u00e9rias no MAM<br \/>\nQual o tamanho da sua palavra? com Nan\u00e1 dos Reis<\/p>\n<p>Que tamanho suas palavras ganham depois que voc\u00ea as coloca no mundo? Elas saem voando por a\u00ed ou ficam im\u00f3veis no lugar que voc\u00ea as deixou? A partir da s\u00e9rie \u201cComo colocar ar nas palavras\u201d da artista Rebecca Carapi\u00e1 presente na exposi\u00e7\u00e3o \u201cM\u00e3os: 35 anos da M\u00e3o Afro- Brasileira\u201d convidamos voc\u00eas a entrar em contato com as obras da artista e, em seguida, iremos realizar uma pr\u00e1tica que se relaciona com a obra da artista.<\/p>\n<p>Nan\u00e1 dos Reis\u00a0\u00e9 mineira e estudante de Letras na Universidade de S\u00e3o Paulo. Sua pesquisa evoca a mem\u00f3ria coletiva atrav\u00e9s das possibilidades nos desdobramentos na media\u00e7\u00e3o. Atualmente comp\u00f5e a equipe de est\u00e1gio no educativo do MAM S\u00e3o Paulo.<\/p>\n<p>Atividade presencial, gratuita e livre para todos os p\u00fablicos. Inscri\u00e7\u00f5es com 30 minutos de anteced\u00eancia com o MAM Educativo na recep\u00e7\u00e3o do MAM. Para int\u00e9rprete de Libras ou audiodescri\u00e7\u00e3o, solicitar pelo e-mail\u00a0educativo@mam.org.br\u00a0com at\u00e9 48h de anteced\u00eancia. A participa\u00e7\u00e3o nas atividades educativas garantem a gratuidade nas exposi\u00e7\u00f5es do MAM.<\/p>\n<p>Link:\u00a0<a href=\"https:\/\/mam.org.br\/evento\/qual-o-tamanho-da-sua-palavra-com-nana-dos-reis\" target=\"_blank\" rel=\"noopener noreferrer\">https:\/\/mam.org.br\/evento\/qual-o-tamanho-da-sua-palavra-com-nana-dos-reis<\/a><\/p>\n<p>21\/01 (dom) \u00e0s 15h<br \/>\nDomingo MAM + F\u00e9rias no MAM<br \/>\nZINETERIA &#8211; Ateli\u00ea aberto de experimenta\u00e7\u00e3o em fanzines com Betto Souza<\/p>\n<p>A oficina visa oferecer aos participantes a oportunidade de elaborar suas produ\u00e7\u00f5es gr\u00e1ficas no formato de zines, aproximando-os da hist\u00f3ria dos fanzines, explorando processos de impress\u00f5es manuais, colagens\u00a0e fotoc\u00f3pias, e apoiando-os em seu processo de cria\u00e7\u00e3o, escolha de tema, formato e diagrama\u00e7\u00e3o, tendo como refer\u00eancias o acervo da Zineteria. Nesse ateli\u00ea aberto a inten\u00e7\u00e3o \u00e9\u00a0experimentar possibilidades,\u00a0 trocar conhecimentos e iniciar ou expandir sua cria\u00e7\u00e3o de publica\u00e7\u00f5es independentes e experimentais.<\/p>\n<p>Betto Souza\u00a0\u00e9 artista visual, arte educador, poeta e pesquisador formado em Ci\u00eancia da Informa\u00e7\u00e3o e Biblioteconomia pela Universidade de S\u00e3o Paulo. Natural das quebradas de Francisco Morato &#8211; SP, reside em Ribeir\u00e3o Preto interior de S\u00e3o Paulo desde 2015 onde desenvolve atividades para educativos de exposi\u00e7\u00f5es de Arte, ministra oficinas e realiza produ\u00e7\u00f5es culturais. Transita entre linguagens contempor\u00e2neas da arte e literatura, tendo como principal ferramenta o desenho e a palavra falada aliadas a experimentos gr\u00e1ficos e digitais. Fundador e gestor do coletivo art\u00edstico liter\u00e1rio Encontr\u00e3o Po\u00e9tico em francisco Morato &#8211; SP, e slammaster do Slam da cana em Ribeir\u00e3o Preto \u2013 SP.<\/p>\n<p>Atividade presencial, gratuita e livre para todos os p\u00fablicos. Inscri\u00e7\u00f5es com 30 minutos de anteced\u00eancia com o MAM Educativo na recep\u00e7\u00e3o do MAM. Para int\u00e9rprete de Libras ou audiodescri\u00e7\u00e3o, solicitar pelo e-mail\u00a0educativo@mam.org.br\u00a0com at\u00e9 48h de anteced\u00eancia. A participa\u00e7\u00e3o nas atividades educativas garante a gratuidade nas exposi\u00e7\u00f5es do mam.<\/p>\n<p>Link:\u00a0<a href=\"https:\/\/mam.org.br\/evento\/141186\" target=\"_blank\" rel=\"noopener noreferrer\">https:\/\/mam.org.br\/evento\/141186<\/a><\/p>\n<p>23\/01 (ter) \u00e0s 15h<br \/>\nFam\u00edlia MAM + \u00a0F\u00e9rias no MAM<br \/>\nDesenhando com a tesoura: oficina de colagem e cria\u00e7\u00e3o de instala\u00e7\u00e3o no ateli\u00ea do MAM com Amanda Paralela<\/p>\n<p>H\u00e1 quem diga que recortar \u00e9 como desenhar com a tesoura, pois o recorte no papel equivale aos riscos e contornos que fazemos num desenho. Partindo desta ideia, faremos desenhos\/recortes e os instalaremos pelo espa\u00e7o do ateli\u00ea, criando uma ef\u00eamera obra de arte coletiva.<\/p>\n<p>Amanda Paralela\u00a0\u00e9 educadora, artista visual e designer. Seu percurso acad\u00eamico \u00e9 composto pela forma\u00e7\u00e3o em Design Gr\u00e1fico pela UMC; licenciatura em Artes Visuais pela FPA e segue em curso a p\u00f3s-gradua\u00e7\u00e3o A Natureza Que Somos Filosofias e Pr\u00e1ticas para uma Atua\u00e7\u00e3o Genu\u00edna no Mundo pela A Casa Tombada. Atuou como professora de dan\u00e7a e atualmente \u00e9 educadora no Museu de Arte Moderna de S\u00e3o Paulo. Sua pesquisa permeia experimenta\u00e7\u00f5es em diferentes linguagens art\u00edsticas nas quais \u00e9 poss\u00edvel brincar. Acredita que a inf\u00e2ncia \u00e9 um estado de se viver que n\u00e3o se limita a uma \u00fanica fase da vida e que os p\u00e1ssaros est\u00e3o entre os seres mais criativos desta Terra.<\/p>\n<p>Atividade presencial, para crian\u00e7as de todas as idades, acompanhadas de seus respons\u00e1veis. Inscri\u00e7\u00f5es com 30 minutos de anteced\u00eancia com o MAM Educativo na recep\u00e7\u00e3o do MAM. Para int\u00e9rprete de Libras ou audiodescri\u00e7\u00e3o, solicitar pelo e-mail\u00a0educativo@mam.org.br\u00a0com at\u00e9 48h de anteced\u00eancia. Informamos que a participa\u00e7\u00e3o na atividade garante gratuidade nas exposi\u00e7\u00f5es.<\/p>\n<p>Link:\u00a0<a href=\"https:\/\/mam.org.br\/evento\/desenhando-com-a-tesoura-oficina-de-colagem-e-criacao-de-instalacao-no-atelie-do-mam-com-amanda-paralela\" target=\"_blank\" rel=\"noopener noreferrer\">https:\/\/mam.org.br\/evento\/desenhando-com-a-tesoura-oficina-de-colagem-e-criacao-de-instalacao-no-atelie-do-mam-com-amanda-paralela<\/a><\/p>\n<p>24\/01 (qua) \u00e0s 15h<br \/>\nFam\u00edlia MAM + F\u00e9rias no MAM<br \/>\nBrinquedo para vestir e encantar: cria\u00e7\u00e3o de indument\u00e1rias com Caroline Machado.<\/p>\n<p>Inspirado nas vestimentas das brincadeiras das manifesta\u00e7\u00f5es populares, esta oficina convida o p\u00fablico a experimentar a partir de diversos materiais juntamente com elementos da natureza, estabelecendo uma rela\u00e7\u00e3o com o parque, a criar uma esp\u00e9cie de roupa-brinquedo.<\/p>\n<p>Caroline Machado, mulher, filha, neta e irm\u00e3. Formada em Artes Visuais e t\u00e9cnica em Dan\u00e7a. Trabalha como educadora e produtora cultural. Pesquisa corpo e mem\u00f3ria no campo das artes visuais e da dan\u00e7a. Busca encontrar caminhos que encruzilhem a arte-educa\u00e7\u00e3o onde a sabedoria dos nossos terreiros e quintais tragam novas possibilidades educativas.<\/p>\n<p>Atividade presencial e gratuita, para crian\u00e7as a partir de 6 anos, acompanhadas de suas(eus) respons\u00e1veis. Inscri\u00e7\u00f5es com 30 minutos de anteced\u00eancia com o MAM Educativo na recep\u00e7\u00e3o do MAM. Para int\u00e9rprete de Libras ou audiodescri\u00e7\u00e3o, solicitar pelo e-mail\u00a0educativo@mam.org.br\u00a0com at\u00e9 48h de anteced\u00eancia. A participa\u00e7\u00e3o nas atividades educativas garantem a gratuidade nas exposi\u00e7\u00f5es do mam.<\/p>\n<p>Link:\u00a0<a href=\"https:\/\/mam.org.br\/evento\/brinquedo-para-vestir-e-encantar-criacao-de-indumentarias-com-caroline-machado\" target=\"_blank\" rel=\"noopener noreferrer\">https:\/\/mam.org.br\/evento\/brinquedo-para-vestir-e-encantar-criacao-de-indumentarias-com-caroline-machado<\/a><\/p>\n<p>25\/01 (qui) (feriado) \u00e0s 15h<br \/>\nFam\u00edlia MAM + \u00a0F\u00e9rias no MAM<br \/>\nGenealogias do futuro com Daniel Cruz<\/p>\n<p>Nossos ancestrais sobreviveram epidemias, celebraram a vida e travaram in\u00fameras batalhas em segredo com o uso de m\u00e1scaras. As vezes, para n\u00f3s nos conectarmos a n\u00f3s mesmos, precisamos ocultar a pr\u00f3pria face e construir outros futuros. Nesta oficina, iremos refletir quem somos para quem poderemos ser pela constru\u00e7\u00e3o de m\u00e1scaras identit\u00e1rias, utilizando como inspira\u00e7\u00e3o as obras da exposi\u00e7\u00e3o M\u00e3os: 35 anos da m\u00e3o afro-brasileira.<\/p>\n<p>Daniel Cruz\u00a0\u00e9 graduando em Letras-Portugu\u00eas pela Universidade de S\u00e3o Paulo, onde centraliza seus estudos no afrofuturismo, um movimento cultural que usa o conceito da tecnologia para projetar um futuro do ponto de vista da comunidade negra, e as diversas culturas de linguagem urbana. Al\u00e9m disso, tamb\u00e9m \u00e9 arte educador no MAM S\u00e3o Paulo.<\/p>\n<p>Atividade presencial e gratuita, para crian\u00e7as a partir de 3 anos, acompanhadas de suas (seus) respons\u00e1veis. Inscri\u00e7\u00f5es com 30 minutos de anteced\u00eancia com o MAM Educativo na recep\u00e7\u00e3o do MAM. Para int\u00e9rprete de Libras ou audiodescri\u00e7\u00e3o, solicitar pelo e-mail\u00a0<u>educativo@mam.org.br<\/u>\u00a0com at\u00e9 48h de anteced\u00eancia. A participa\u00e7\u00e3o nas atividades educativas garantem a gratuidade nas exposi\u00e7\u00f5es do mam.<\/p>\n<p>Link:\u00a0<a href=\"https:\/\/mam.org.br\/evento\/genealogias-do-futuro-com-daniel-cruz\" target=\"_blank\" rel=\"noopener noreferrer\">https:\/\/mam.org.br\/evento\/genealogias-do-futuro-com-daniel-cruz<\/a><\/p>\n<p>26\/01 (sex) \u00e0s 15h<br \/>\nFam\u00edlia MAM + \u00a0F\u00e9rias no MAM<br \/>\nGelos de pintar com Leonardo Sassaki<\/p>\n<p>O ver\u00e3o chegou e com ele muita brincadeira nas f\u00e9rias. Como se refrescar e se divertir ao mesmo tempo? Com os gelos de pintar o p\u00fablico ser\u00e1 convidado a pintar com cubos de tintas naturais com ess\u00eancias aliment\u00edcias congeladas e experienciar uma composi\u00e7\u00e3o l\u00fadica e refrescante.<\/p>\n<p>Leonardo Sassaki \u00e9 educador e artista visual. Formado em Licenciatura em Artes Visuais,\u00a0especialista em educa\u00e7\u00e3o inclusiva e estuda audiodescri\u00e7\u00e3o investigando pr\u00e1ticas sinest\u00e9sicas e multissensoriais em arte-educa\u00e7\u00e3o, visando a acessibilidade cultural e inclus\u00e3o de pessoas com defici\u00eancia atrav\u00e9s da arte. Trabalhou com educa\u00e7\u00e3o n\u00e3o formal no terceiro setor e atualmente integra a equipe educativa do Museu de Arte Moderna de S\u00e3o Paulo.<\/p>\n<p>Atividade presencial e gratuita, para crian\u00e7as a partir de 3 anos, acompanhadas de suas (seus) respons\u00e1veis. Inscri\u00e7\u00f5es com 30 minutos de anteced\u00eancia com o MAM Educativo na recep\u00e7\u00e3o do MAM. Para int\u00e9rprete de Libras ou audiodescri\u00e7\u00e3o, solicitar pelo e-mail\u00a0<u>educativo@mam.org.br<\/u>\u00a0com at\u00e9 48h de anteced\u00eancia. A participa\u00e7\u00e3o nas atividades educativas garantem a gratuidade nas exposi\u00e7\u00f5es do mam.<\/p>\n<p>Link:\u00a0<a href=\"https:\/\/mam.org.br\/evento\/gelos-de-pintar-com-leonardo-sassaki\" target=\"_blank\" rel=\"noopener noreferrer\">https:\/\/mam.org.br\/evento\/gelos-de-pintar-com-leonardo-sassaki<\/a><\/p>\n<p>27\/01(s\u00e1b) \u00e0s 15h<br \/>\nFam\u00edlia MAM + \u00a0F\u00e9rias no MAM<br \/>\nEu voc\u00ea e a lua, conta\u00e7\u00e3o de hist\u00f3ria com Luna dy C\u00f3rtes e Amanza<\/p>\n<p>A partir da instala\u00e7\u00e3o \u201cEu, voc\u00ea e a Lua\u201d do Artista Tunga presente na sala de vidro do Museu de Arte Moderna de S\u00e3o Paulo a conta\u00e7\u00e3o de hist\u00f3ria \u201csonho: entre n\u00f3s e a Lua\u201d ser\u00e1 apresentada no espa\u00e7o da instala\u00e7\u00e3o.<\/p>\n<p>Luna Aurora Souto Ferreira\u00a0ou\u00a0Luna Dy C\u00f3rtes\u00a0nasceu em S\u00e3o Paulo em 1999. \u00c9 Byxa-Mulher-Travesty preta, criada na periferia de Tabo\u00e3o da Serra (SP), multiartista da palavra e beletrista pela Universidade de S\u00e3o Paulo. Publicou Mem(orais): po\u00e9ticas de uma Byxa-travesty preta de cortes pela editora Urutau (2019) e atua como artista-educadora em museus. Busca transdisciplinarmente choques, cortes, curas e simbologias de suas pr\u00f3prias narrativas, combatendo a imin\u00eancia de morte com movimento de vida.<\/p>\n<p>Amanda Alves Vilas Boas Oliveira\u00a0ou\u00a0Amanza\u00a0\u00e9 estudante de Hist\u00f3ria da Arte na Universidade Federal de S\u00e3o Paulo (UNIFESP). Formada em T\u00e9cnico de Comunica\u00e7\u00e3o Visual. Realizou oficinas de desenho de observa\u00e7\u00e3o no Safo Coletivo e foi organizadora do Slam Tiquatira em 2018. Em 2020 finalizou a Inicia\u00e7\u00e3o Cient\u00edfica sobre \u201cMapeamentos e reconhecimento dos coletivos culturais da COHAB II &#8211; Itaquera\u201d pela Unifesp Zona Leste. Atualmente \u00e9 artista-educadora em museus, pesquisadora e fotojornalista. Suas produ\u00e7\u00f5es se relacionam com o tema do direito \u00e0 cidade, ocupa\u00e7\u00e3o do espa\u00e7o urbano e coletivos culturais perif\u00e9ricos.<\/p>\n<p>Atividade presencial, para crian\u00e7as de todas as idades, acompanhadas de seus respons\u00e1veis. Inscri\u00e7\u00f5es com 30 minutos de anteced\u00eancia com o MAM Educativo na recep\u00e7\u00e3o do MAM. Para int\u00e9rprete de Libras ou audiodescri\u00e7\u00e3o, solicitar pelo e-mail\u00a0educativo@mam.org.br\u00a0com at\u00e9 48h de anteced\u00eancia. Informamos que a participa\u00e7\u00e3o na atividade garante gratuidade nas exposi\u00e7\u00f5es.<\/p>\n<p>Link:\u00a0<a href=\"https:\/\/mam.org.br\/evento\/eu-voce-e-a-lua-contacao-de-historia-com-luna-dy-cortes-e-amanza-2\" target=\"_blank\" rel=\"noopener noreferrer\">https:\/\/mam.org.br\/evento\/eu-voce-e-a-lua-contacao-de-historia-com-luna-dy-cortes-e-amanza-2<\/a><\/p>\n<p>28\/01(dom) \u00e0s 15h<br \/>\nDomingo MAM + F\u00e9rias no MAM<br \/>\nBreaking Ibira<\/p>\n<p>Breaking ibira \u00e9 um evento criado por b.boys e b.girls (nomenclatura atribu\u00edda a dan\u00e7arinos de breaking) que tem por objetivo reunir b.boys e b.girls para celebrar a cultura hip hop, encontrar desafios atrav\u00e9s da dan\u00e7a e expressar sua criatividade e habilidade em suas sessions (sequ\u00eancia organizada de passos de breaking).<\/p>\n<p>Desde 2017, em parceria com o MAM S\u00e3o Paulo, tem atra\u00eddo pessoas de diversas regi\u00f5es de S\u00e3o Paulo e um p\u00fablico significativo tanto de praticantes de breaking quanto de admiradores da cultura.<\/p>\n<p>Atividade presencial, gratuita e livre para todos os p\u00fablicos. Inscri\u00e7\u00f5es com 30 minutos de anteced\u00eancia com o MAM Educativo na recep\u00e7\u00e3o do MAM. Para int\u00e9rprete de Libras ou audiodescri\u00e7\u00e3o, solicitar pelo e-mail\u00a0educativo@mam.org.br\u00a0com at\u00e9 48h de anteced\u00eancia. A participa\u00e7\u00e3o nas atividades educativas garante a gratuidade nas exposi\u00e7\u00f5es do MAM.<\/p>\n<p>31\/01 (qua) \u00e0s 15h<br \/>\nFam\u00edlia MAM + \u00a0F\u00e9rias no MAM<br \/>\nGrande Circo Grandevo com O Pequeno Teatro do Mundo<\/p>\n<p>Feita em uma performance de teatro de marionetes de fio, a pe\u00e7a\u00a0Grande Circo Grandevo\u00a0 mostra com muita poesia o desafio de uma trupe de artistas circenses idosos que precisam se reinventar. Acostumados a se apresentarem entre trap\u00e9zios, cordas bambas, equilibrismos, malabarismos e at\u00e9 no globo da morte, encontram o desafio de se reinventar na velhice e criar n\u00fameros com a realidade de seus corpos. O que era limite agora \u00e9 inspira\u00e7\u00e3o e eles buscam, de forma divertida, novos modos de encantar o p\u00fablico e fazer ecoar o riso nas plateias.<\/p>\n<p>O Pequeno Teatro do Mundo\u00a0foi fundado em 2015 por F\u00e1bio Retti e Fabiana Vasconcelos Barbosa, ambos com mais de vinte anos de experi\u00eancia profissional na \u00e1rea das artes c\u00eanicas, quando iniciaram a pesquisa em teatro de marionetes e constru\u00edram a carro\u00e7a-teatro. A partir de ent\u00e3o criaram quatro espet\u00e1culos que circulam por todo o pa\u00eds: \u201cGrande Circo Grandevo\u201d, &#8220;Rossini por um fio&#8221; e as \u00f3peras &#8220;O Menino e os Sortil\u00e9gios&#8221; e \u201cOnheama\u201d.<\/p>\n<p>Atividade presencial, para crian\u00e7as de todas as idades, acompanhadas de seus respons\u00e1veis. Inscri\u00e7\u00f5es com 30 minutos de anteced\u00eancia com o MAM Educativo na recep\u00e7\u00e3o do MAM. Para int\u00e9rprete de Libras ou audiodescri\u00e7\u00e3o, solicitar pelo e-mail\u00a0educativo@mam.org.br\u00a0com at\u00e9 48h de anteced\u00eancia. Informamos que a participa\u00e7\u00e3o na atividade garante gratuidade nas exposi\u00e7\u00f5es.<\/p>\n<p>Servi\u00e7o<br \/>\nPrograma\u00e7\u00e3o Educativo MAM \u2013 M\u00eas da Dezembro<br \/>\nDe 13 a 31 de janeiro<br \/>\nLocal:\u00a0 Museu de Arte Moderna de S\u00e3o Paulo (Biblioteca Paulo Mendes de Almeida)<br \/>\nEndere\u00e7o: Parque Ibirapuera (Av. Pedro \u00c1lvares Cabral, s\/n\u00ba &#8211; Port\u00f5es 1 e 3)<br \/>\nHor\u00e1rios: ter\u00e7a a domingo, das 10h \u00e0s 18h (com a \u00faltima entrada \u00e0s 17h30)<br \/>\nIngressos: R$25,00 inteira e R$12,50 meia-entrada. Aos domingos, a entrada \u00e9 gratuita e o visitante pode contribuir com o valor que quiser.<\/p>\n<p>*Meia-entrada para estudantes, com identifica\u00e7\u00e3o; jovens de baixa renda e idosos (+60). Gratuidade para crian\u00e7as menores de 10 anos; pessoas com defici\u00eancia e acompanhante; professores e diretores da rede p\u00fablica estadual e municipal de S\u00e3o Paulo, com identifica\u00e7\u00e3o; amigos e alunos do MAM; funcion\u00e1rios das empresas parceiras e museus; membros do ICOM, AICA e ABCA, com identifica\u00e7\u00e3o; funcion\u00e1rios da SPTuris e funcion\u00e1rios da Secretaria Municipal de Cultura.<\/p>\n<p>Telefone: (11) 5085-1300<br \/>\nAcesso para pessoas com defici\u00eancia<br \/>\nRestaurante\/caf\u00e9<br \/>\nAr-condicionado<br \/>\nMais informa\u00e7\u00f5es:<br \/>\nMAM S\u00e3o Paulo<\/p>\n<p>Foto\/Reprodu\u00e7\u00e3o: MAM Educativo<\/p>\n","protected":false},"excerpt":{"rendered":"<p>Crian\u00e7as e adultos s\u00e3o convidados para atividades preparadas para o primeiro m\u00eas do ano. Programa\u00e7\u00e3o traz oficinas de dan\u00e7a e de artes visuais, teatro e atividades em sinergia com as exposi\u00e7\u00f5es do museu<\/p>\n","protected":false},"author":12,"featured_media":789524,"comment_status":"closed","ping_status":"closed","sticky":false,"template":"","format":"standard","meta":[],"categories":[689],"tags":[25207,6901,25206],"acf":[],"yoast_head":"<!-- This site is optimized with the Yoast SEO plugin v20.8 - https:\/\/yoast.com\/wordpress\/plugins\/seo\/ -->\n<title>JANEIRO NO MAM: PROGRAMA\u00c7\u00c3O DO MAM EDUCATIVO OFERECE ATRA\u00c7\u00d5ES PARA AS F\u00c9RIAS ESCOLARES - Bahia Economica<\/title>\n<meta name=\"description\" content=\"P\u00fablico \u00e9 convidado para atividades preparadas para Janeiro. Programa\u00e7\u00e3o traz oficinas de dan\u00e7a e de artes visuais, teatro e mais!\" \/>\n<meta name=\"robots\" content=\"index, follow, max-snippet:-1, max-image-preview:large, max-video-preview:-1\" \/>\n<link rel=\"canonical\" href=\"https:\/\/bahiaeconomica.com.br\/wp\/2024\/01\/09\/janeiro-no-mam-programacao-do-mam-educativo-oferece-atracoes-para-as-ferias-escolares\/\" \/>\n<meta property=\"og:locale\" content=\"pt_BR\" \/>\n<meta property=\"og:type\" content=\"article\" \/>\n<meta property=\"og:title\" content=\"JANEIRO NO MAM: PROGRAMA\u00c7\u00c3O DO MAM EDUCATIVO OFERECE ATRA\u00c7\u00d5ES PARA AS F\u00c9RIAS ESCOLARES - Bahia Economica\" \/>\n<meta property=\"og:description\" content=\"P\u00fablico \u00e9 convidado para atividades preparadas para Janeiro. Programa\u00e7\u00e3o traz oficinas de dan\u00e7a e de artes visuais, teatro e mais!\" \/>\n<meta property=\"og:url\" content=\"https:\/\/bahiaeconomica.com.br\/wp\/2024\/01\/09\/janeiro-no-mam-programacao-do-mam-educativo-oferece-atracoes-para-as-ferias-escolares\/\" \/>\n<meta property=\"og:site_name\" content=\"Bahia Economica\" \/>\n<meta property=\"article:publisher\" content=\"https:\/\/www.facebook.com\/bahiaeconomica\" \/>\n<meta property=\"article:published_time\" content=\"2024-01-09T21:09:42+00:00\" \/>\n<meta property=\"og:image\" content=\"https:\/\/bahiaeconomica.com.br\/wp\/wp-content\/uploads\/2024\/01\/23-01-ter-as-15h-Familia-MAM-Ferias-no-MAM-Desenhando-com-a-tesoura-oficina-de-colagem-e-criacao-de-instalacao-no-atelie-do-mam-com-Amanda-Paralela-foto-MAM-Educativo-02.JPG-scaled.jpg\" \/>\n\t<meta property=\"og:image:width\" content=\"2560\" \/>\n\t<meta property=\"og:image:height\" content=\"1707\" \/>\n\t<meta property=\"og:image:type\" content=\"image\/jpeg\" \/>\n<meta name=\"author\" content=\"BA\" \/>\n<meta name=\"twitter:card\" content=\"summary_large_image\" \/>\n<meta name=\"twitter:label1\" content=\"Escrito por\" \/>\n\t<meta name=\"twitter:data1\" content=\"BA\" \/>\n\t<meta name=\"twitter:label2\" content=\"Est. tempo de leitura\" \/>\n\t<meta name=\"twitter:data2\" content=\"19 minutos\" \/>\n<script type=\"application\/ld+json\" class=\"yoast-schema-graph\">{\"@context\":\"https:\/\/schema.org\",\"@graph\":[{\"@type\":\"Article\",\"@id\":\"https:\/\/bahiaeconomica.com.br\/wp\/2024\/01\/09\/janeiro-no-mam-programacao-do-mam-educativo-oferece-atracoes-para-as-ferias-escolares\/#article\",\"isPartOf\":{\"@id\":\"https:\/\/bahiaeconomica.com.br\/wp\/2024\/01\/09\/janeiro-no-mam-programacao-do-mam-educativo-oferece-atracoes-para-as-ferias-escolares\/\"},\"author\":{\"name\":\"BA\",\"@id\":\"https:\/\/bahiaeconomica.com.br\/wp\/#\/schema\/person\/5a4570b96ef393d09329ca6448199c3e\"},\"headline\":\"JANEIRO NO MAM: PROGRAMA\u00c7\u00c3O DO MAM EDUCATIVO OFERECE ATRA\u00c7\u00d5ES PARA AS F\u00c9RIAS ESCOLARES\",\"datePublished\":\"2024-01-09T21:09:42+00:00\",\"dateModified\":\"2024-01-09T21:09:42+00:00\",\"mainEntityOfPage\":{\"@id\":\"https:\/\/bahiaeconomica.com.br\/wp\/2024\/01\/09\/janeiro-no-mam-programacao-do-mam-educativo-oferece-atracoes-para-as-ferias-escolares\/\"},\"wordCount\":3858,\"publisher\":{\"@id\":\"https:\/\/bahiaeconomica.com.br\/wp\/#organization\"},\"keywords\":[\"F\u00e9rias no MAM\",\"MAM\",\"MAM Educativo\"],\"articleSection\":[\"CULTURA E ARTE\"],\"inLanguage\":\"pt-BR\"},{\"@type\":\"WebPage\",\"@id\":\"https:\/\/bahiaeconomica.com.br\/wp\/2024\/01\/09\/janeiro-no-mam-programacao-do-mam-educativo-oferece-atracoes-para-as-ferias-escolares\/\",\"url\":\"https:\/\/bahiaeconomica.com.br\/wp\/2024\/01\/09\/janeiro-no-mam-programacao-do-mam-educativo-oferece-atracoes-para-as-ferias-escolares\/\",\"name\":\"JANEIRO NO MAM: PROGRAMA\u00c7\u00c3O DO MAM EDUCATIVO OFERECE ATRA\u00c7\u00d5ES PARA AS F\u00c9RIAS ESCOLARES - Bahia Economica\",\"isPartOf\":{\"@id\":\"https:\/\/bahiaeconomica.com.br\/wp\/#website\"},\"datePublished\":\"2024-01-09T21:09:42+00:00\",\"dateModified\":\"2024-01-09T21:09:42+00:00\",\"description\":\"P\u00fablico \u00e9 convidado para atividades preparadas para Janeiro. Programa\u00e7\u00e3o traz oficinas de dan\u00e7a e de artes visuais, teatro e mais!\",\"breadcrumb\":{\"@id\":\"https:\/\/bahiaeconomica.com.br\/wp\/2024\/01\/09\/janeiro-no-mam-programacao-do-mam-educativo-oferece-atracoes-para-as-ferias-escolares\/#breadcrumb\"},\"inLanguage\":\"pt-BR\",\"potentialAction\":[{\"@type\":\"ReadAction\",\"target\":[\"https:\/\/bahiaeconomica.com.br\/wp\/2024\/01\/09\/janeiro-no-mam-programacao-do-mam-educativo-oferece-atracoes-para-as-ferias-escolares\/\"]}]},{\"@type\":\"BreadcrumbList\",\"@id\":\"https:\/\/bahiaeconomica.com.br\/wp\/2024\/01\/09\/janeiro-no-mam-programacao-do-mam-educativo-oferece-atracoes-para-as-ferias-escolares\/#breadcrumb\",\"itemListElement\":[{\"@type\":\"ListItem\",\"position\":1,\"name\":\"In\u00edcio\",\"item\":\"https:\/\/bahiaeconomica.com.br\/wp\/\"},{\"@type\":\"ListItem\",\"position\":2,\"name\":\"JANEIRO NO MAM: PROGRAMA\u00c7\u00c3O DO MAM EDUCATIVO OFERECE ATRA\u00c7\u00d5ES PARA AS F\u00c9RIAS ESCOLARES\"}]},{\"@type\":\"WebSite\",\"@id\":\"https:\/\/bahiaeconomica.com.br\/wp\/#website\",\"url\":\"https:\/\/bahiaeconomica.com.br\/wp\/\",\"name\":\"Bahia Economica\",\"description\":\"O maior portal de Economia da Bahia\",\"publisher\":{\"@id\":\"https:\/\/bahiaeconomica.com.br\/wp\/#organization\"},\"potentialAction\":[{\"@type\":\"SearchAction\",\"target\":{\"@type\":\"EntryPoint\",\"urlTemplate\":\"https:\/\/bahiaeconomica.com.br\/wp\/?s={search_term_string}\"},\"query-input\":\"required name=search_term_string\"}],\"inLanguage\":\"pt-BR\"},{\"@type\":\"Organization\",\"@id\":\"https:\/\/bahiaeconomica.com.br\/wp\/#organization\",\"name\":\"Bahia Econ\u00f4mica\",\"url\":\"https:\/\/bahiaeconomica.com.br\/wp\/\",\"logo\":{\"@type\":\"ImageObject\",\"inLanguage\":\"pt-BR\",\"@id\":\"https:\/\/bahiaeconomica.com.br\/wp\/#\/schema\/logo\/image\/\",\"url\":\"https:\/\/bahiaeconomica.com.br\/wp\/wp-content\/uploads\/2020\/12\/cropped-BE.png\",\"contentUrl\":\"https:\/\/bahiaeconomica.com.br\/wp\/wp-content\/uploads\/2020\/12\/cropped-BE.png\",\"width\":512,\"height\":512,\"caption\":\"Bahia Econ\u00f4mica\"},\"image\":{\"@id\":\"https:\/\/bahiaeconomica.com.br\/wp\/#\/schema\/logo\/image\/\"},\"sameAs\":[\"https:\/\/www.facebook.com\/bahiaeconomica\"]},{\"@type\":\"Person\",\"@id\":\"https:\/\/bahiaeconomica.com.br\/wp\/#\/schema\/person\/5a4570b96ef393d09329ca6448199c3e\",\"name\":\"BA\",\"sameAs\":[\"https:\/\/bahiaeconomica.com.br\/wp\/beta\/\"],\"url\":\"https:\/\/bahiaeconomica.com.br\/wp\/author\/bruno-alves\/\"}]}<\/script>\n<!-- \/ Yoast SEO plugin. -->","yoast_head_json":{"title":"JANEIRO NO MAM: PROGRAMA\u00c7\u00c3O DO MAM EDUCATIVO OFERECE ATRA\u00c7\u00d5ES PARA AS F\u00c9RIAS ESCOLARES - Bahia Economica","description":"P\u00fablico \u00e9 convidado para atividades preparadas para Janeiro. Programa\u00e7\u00e3o traz oficinas de dan\u00e7a e de artes visuais, teatro e mais!","robots":{"index":"index","follow":"follow","max-snippet":"max-snippet:-1","max-image-preview":"max-image-preview:large","max-video-preview":"max-video-preview:-1"},"canonical":"https:\/\/bahiaeconomica.com.br\/wp\/2024\/01\/09\/janeiro-no-mam-programacao-do-mam-educativo-oferece-atracoes-para-as-ferias-escolares\/","og_locale":"pt_BR","og_type":"article","og_title":"JANEIRO NO MAM: PROGRAMA\u00c7\u00c3O DO MAM EDUCATIVO OFERECE ATRA\u00c7\u00d5ES PARA AS F\u00c9RIAS ESCOLARES - Bahia Economica","og_description":"P\u00fablico \u00e9 convidado para atividades preparadas para Janeiro. Programa\u00e7\u00e3o traz oficinas de dan\u00e7a e de artes visuais, teatro e mais!","og_url":"https:\/\/bahiaeconomica.com.br\/wp\/2024\/01\/09\/janeiro-no-mam-programacao-do-mam-educativo-oferece-atracoes-para-as-ferias-escolares\/","og_site_name":"Bahia Economica","article_publisher":"https:\/\/www.facebook.com\/bahiaeconomica","article_published_time":"2024-01-09T21:09:42+00:00","og_image":[{"width":2560,"height":1707,"url":"https:\/\/bahiaeconomica.com.br\/wp\/wp-content\/uploads\/2024\/01\/23-01-ter-as-15h-Familia-MAM-Ferias-no-MAM-Desenhando-com-a-tesoura-oficina-de-colagem-e-criacao-de-instalacao-no-atelie-do-mam-com-Amanda-Paralela-foto-MAM-Educativo-02.JPG-scaled.jpg","type":"image\/jpeg"}],"author":"BA","twitter_card":"summary_large_image","twitter_misc":{"Escrito por":"BA","Est. tempo de leitura":"19 minutos"},"schema":{"@context":"https:\/\/schema.org","@graph":[{"@type":"Article","@id":"https:\/\/bahiaeconomica.com.br\/wp\/2024\/01\/09\/janeiro-no-mam-programacao-do-mam-educativo-oferece-atracoes-para-as-ferias-escolares\/#article","isPartOf":{"@id":"https:\/\/bahiaeconomica.com.br\/wp\/2024\/01\/09\/janeiro-no-mam-programacao-do-mam-educativo-oferece-atracoes-para-as-ferias-escolares\/"},"author":{"name":"BA","@id":"https:\/\/bahiaeconomica.com.br\/wp\/#\/schema\/person\/5a4570b96ef393d09329ca6448199c3e"},"headline":"JANEIRO NO MAM: PROGRAMA\u00c7\u00c3O DO MAM EDUCATIVO OFERECE ATRA\u00c7\u00d5ES PARA AS F\u00c9RIAS ESCOLARES","datePublished":"2024-01-09T21:09:42+00:00","dateModified":"2024-01-09T21:09:42+00:00","mainEntityOfPage":{"@id":"https:\/\/bahiaeconomica.com.br\/wp\/2024\/01\/09\/janeiro-no-mam-programacao-do-mam-educativo-oferece-atracoes-para-as-ferias-escolares\/"},"wordCount":3858,"publisher":{"@id":"https:\/\/bahiaeconomica.com.br\/wp\/#organization"},"keywords":["F\u00e9rias no MAM","MAM","MAM Educativo"],"articleSection":["CULTURA E ARTE"],"inLanguage":"pt-BR"},{"@type":"WebPage","@id":"https:\/\/bahiaeconomica.com.br\/wp\/2024\/01\/09\/janeiro-no-mam-programacao-do-mam-educativo-oferece-atracoes-para-as-ferias-escolares\/","url":"https:\/\/bahiaeconomica.com.br\/wp\/2024\/01\/09\/janeiro-no-mam-programacao-do-mam-educativo-oferece-atracoes-para-as-ferias-escolares\/","name":"JANEIRO NO MAM: PROGRAMA\u00c7\u00c3O DO MAM EDUCATIVO OFERECE ATRA\u00c7\u00d5ES PARA AS F\u00c9RIAS ESCOLARES - Bahia Economica","isPartOf":{"@id":"https:\/\/bahiaeconomica.com.br\/wp\/#website"},"datePublished":"2024-01-09T21:09:42+00:00","dateModified":"2024-01-09T21:09:42+00:00","description":"P\u00fablico \u00e9 convidado para atividades preparadas para Janeiro. Programa\u00e7\u00e3o traz oficinas de dan\u00e7a e de artes visuais, teatro e mais!","breadcrumb":{"@id":"https:\/\/bahiaeconomica.com.br\/wp\/2024\/01\/09\/janeiro-no-mam-programacao-do-mam-educativo-oferece-atracoes-para-as-ferias-escolares\/#breadcrumb"},"inLanguage":"pt-BR","potentialAction":[{"@type":"ReadAction","target":["https:\/\/bahiaeconomica.com.br\/wp\/2024\/01\/09\/janeiro-no-mam-programacao-do-mam-educativo-oferece-atracoes-para-as-ferias-escolares\/"]}]},{"@type":"BreadcrumbList","@id":"https:\/\/bahiaeconomica.com.br\/wp\/2024\/01\/09\/janeiro-no-mam-programacao-do-mam-educativo-oferece-atracoes-para-as-ferias-escolares\/#breadcrumb","itemListElement":[{"@type":"ListItem","position":1,"name":"In\u00edcio","item":"https:\/\/bahiaeconomica.com.br\/wp\/"},{"@type":"ListItem","position":2,"name":"JANEIRO NO MAM: PROGRAMA\u00c7\u00c3O DO MAM EDUCATIVO OFERECE ATRA\u00c7\u00d5ES PARA AS F\u00c9RIAS ESCOLARES"}]},{"@type":"WebSite","@id":"https:\/\/bahiaeconomica.com.br\/wp\/#website","url":"https:\/\/bahiaeconomica.com.br\/wp\/","name":"Bahia Economica","description":"O maior portal de Economia da Bahia","publisher":{"@id":"https:\/\/bahiaeconomica.com.br\/wp\/#organization"},"potentialAction":[{"@type":"SearchAction","target":{"@type":"EntryPoint","urlTemplate":"https:\/\/bahiaeconomica.com.br\/wp\/?s={search_term_string}"},"query-input":"required name=search_term_string"}],"inLanguage":"pt-BR"},{"@type":"Organization","@id":"https:\/\/bahiaeconomica.com.br\/wp\/#organization","name":"Bahia Econ\u00f4mica","url":"https:\/\/bahiaeconomica.com.br\/wp\/","logo":{"@type":"ImageObject","inLanguage":"pt-BR","@id":"https:\/\/bahiaeconomica.com.br\/wp\/#\/schema\/logo\/image\/","url":"https:\/\/bahiaeconomica.com.br\/wp\/wp-content\/uploads\/2020\/12\/cropped-BE.png","contentUrl":"https:\/\/bahiaeconomica.com.br\/wp\/wp-content\/uploads\/2020\/12\/cropped-BE.png","width":512,"height":512,"caption":"Bahia Econ\u00f4mica"},"image":{"@id":"https:\/\/bahiaeconomica.com.br\/wp\/#\/schema\/logo\/image\/"},"sameAs":["https:\/\/www.facebook.com\/bahiaeconomica"]},{"@type":"Person","@id":"https:\/\/bahiaeconomica.com.br\/wp\/#\/schema\/person\/5a4570b96ef393d09329ca6448199c3e","name":"BA","sameAs":["https:\/\/bahiaeconomica.com.br\/wp\/beta\/"],"url":"https:\/\/bahiaeconomica.com.br\/wp\/author\/bruno-alves\/"}]}},"views":16,"_links":{"self":[{"href":"https:\/\/bahiaeconomica.com.br\/wp\/wp-json\/wp\/v2\/posts\/789522"}],"collection":[{"href":"https:\/\/bahiaeconomica.com.br\/wp\/wp-json\/wp\/v2\/posts"}],"about":[{"href":"https:\/\/bahiaeconomica.com.br\/wp\/wp-json\/wp\/v2\/types\/post"}],"author":[{"embeddable":true,"href":"https:\/\/bahiaeconomica.com.br\/wp\/wp-json\/wp\/v2\/users\/12"}],"replies":[{"embeddable":true,"href":"https:\/\/bahiaeconomica.com.br\/wp\/wp-json\/wp\/v2\/comments?post=789522"}],"version-history":[{"count":1,"href":"https:\/\/bahiaeconomica.com.br\/wp\/wp-json\/wp\/v2\/posts\/789522\/revisions"}],"predecessor-version":[{"id":789525,"href":"https:\/\/bahiaeconomica.com.br\/wp\/wp-json\/wp\/v2\/posts\/789522\/revisions\/789525"}],"wp:featuredmedia":[{"embeddable":true,"href":"https:\/\/bahiaeconomica.com.br\/wp\/wp-json\/wp\/v2\/media\/789524"}],"wp:attachment":[{"href":"https:\/\/bahiaeconomica.com.br\/wp\/wp-json\/wp\/v2\/media?parent=789522"}],"wp:term":[{"taxonomy":"category","embeddable":true,"href":"https:\/\/bahiaeconomica.com.br\/wp\/wp-json\/wp\/v2\/categories?post=789522"},{"taxonomy":"post_tag","embeddable":true,"href":"https:\/\/bahiaeconomica.com.br\/wp\/wp-json\/wp\/v2\/tags?post=789522"}],"curies":[{"name":"wp","href":"https:\/\/api.w.org\/{rel}","templated":true}]}}