{"id":789509,"date":"2024-01-09T17:47:38","date_gmt":"2024-01-09T20:47:38","guid":{"rendered":"https:\/\/bahiaeconomica.com.br\/wp\/?p=789509"},"modified":"2024-01-09T17:47:38","modified_gmt":"2024-01-09T20:47:38","slug":"unidades-da-rede-sac-do-interior-do-estado-cadastram-biometria-facial-do-planserv","status":"publish","type":"post","link":"https:\/\/bahiaeconomica.com.br\/wp\/2024\/01\/09\/unidades-da-rede-sac-do-interior-do-estado-cadastram-biometria-facial-do-planserv\/","title":{"rendered":"UNIDADES DA REDE SAC DO INTERIOR DO ESTADO CADASTRAM BIOMETRIA FACIAL DO PLANSERV"},"content":{"rendered":"<p>Os benefici\u00e1rios do Planserv contam agora com as unidades da Rede SAC do interior do estado para cadastrar a sua biometria facial, que j\u00e1 est\u00e1 sendo exigida para os atendimentos da assist\u00eancia \u2013 consultas, exames e cirurgias. O cadastramento da biometria pode ser feito tamb\u00e9m pelo aplicativo m\u00f3vel do Planserv \u2013 dispon\u00edvel nas lojas da Google e Apple \u2013 e na rede prestadora, no ato do atendimento.<\/p>\n<p>O servi\u00e7o est\u00e1 dispon\u00edvel em Postos ou Pontos SAC localizados no interior da Bahia, como Barreiras, Caetit\u00e9, Feira de Santana, Guanambi, Ilh\u00e9us, Juazeiro, Lu\u00eds Eduardo Magalh\u00e3es, Marac\u00e1s, Remanso, Vit\u00f3ria da Conquista, entre outros. A rela\u00e7\u00e3o das unidades que ficam no interior pode ser encontrada no site da Rede SAC (www.sac.ba.gov.br).<\/p>\n<p>Na capital, o servi\u00e7o tamb\u00e9m j\u00e1 est\u00e1 dispon\u00edvel nas unidades do Shopping da Bahia, Salvador Shopping, Bela Vista, Pitua\u00e7u, Pau da lima, Pernambu\u00e9s, Barra, Com\u00e9rcio, Liberdade, Cajazeiras e Periperi. J\u00e1 na RMS, em Sim\u00f5es Filho, Candeias, Cama\u00e7ari e Lauro de Freitas.<\/p>\n<p>O cadastramento da biometria facial pode ser agendado nas unidades que atendem via agendamento ou por demanda espont\u00e2nea naquelas que n\u00e3o disp\u00f5em do agendamento. Os hor\u00e1rios e modalidades de atendimento tamb\u00e9m podem ser conferidos no site no site da Rede SAC.<\/p>\n<p>Para fazer o cadastramento, basta apresentar documento com foto e a carteira do Planserv ou o n\u00famero do CPF. No caso de menores de 12 anos, ser\u00e1 aceito, como documento de identifica\u00e7\u00e3o, a certid\u00e3o de nascimento. Com a inclus\u00e3o dos postos SAC, o Planserv amplia as op\u00e7\u00f5es do cadastro da biometria, medida adotada para garantir agilidade e seguran\u00e7a aos benefici\u00e1rios e prestadores.<\/p>\n<p>&#8220;\u00c9 muito importante que todos fa\u00e7am esse registro do reconhecimento facial porque nossa meta \u00e9 garantir o acesso aos servi\u00e7os, incorporando cada vez mais tecnologia \u00e0 nossa assist\u00eancia&#8221;, afirma a coordenadora-geral do Planserv, Socorro Brito.<\/p>\n<p>Foto: Carol Garcia\/GOVBA<\/p>\n","protected":false},"excerpt":{"rendered":"<p>Os benefici\u00e1rios do Planserv contam agora com as unidades da Rede SAC do interior do estado para cadastrar a sua biometria facial, que j\u00e1 est\u00e1 sendo exigida para os atendimentos da assist\u00eancia \u2013 consultas, exames e cirurgias. O cadastramento da biometria pode ser feito tamb\u00e9m pelo aplicativo m\u00f3vel do Planserv \u2013 dispon\u00edvel nas lojas da [&hellip;]<\/p>\n","protected":false},"author":16,"featured_media":789510,"comment_status":"closed","ping_status":"closed","sticky":false,"template":"","format":"standard","meta":[],"categories":[5],"tags":[23456,3902,2383],"acf":[],"yoast_head":"<!-- This site is optimized with the Yoast SEO plugin v20.8 - https:\/\/yoast.com\/wordpress\/plugins\/seo\/ -->\n<title>UNIDADES DA REDE SAC DO INTERIOR DO ESTADO CADASTRAM BIOMETRIA FACIAL DO PLANSERV - Bahia Economica<\/title>\n<meta name=\"description\" content=\"O maior portal de Economia da Bahia MUNIC\u00cdPIOS Bahia Economica\" \/>\n<meta name=\"robots\" content=\"index, follow, max-snippet:-1, max-image-preview:large, max-video-preview:-1\" \/>\n<link rel=\"canonical\" href=\"https:\/\/bahiaeconomica.com.br\/wp\/2024\/01\/09\/unidades-da-rede-sac-do-interior-do-estado-cadastram-biometria-facial-do-planserv\/\" \/>\n<meta property=\"og:locale\" content=\"pt_BR\" \/>\n<meta property=\"og:type\" content=\"article\" \/>\n<meta property=\"og:title\" content=\"UNIDADES DA REDE SAC DO INTERIOR DO ESTADO CADASTRAM BIOMETRIA FACIAL DO PLANSERV - Bahia Economica\" \/>\n<meta property=\"og:description\" content=\"O maior portal de Economia da Bahia MUNIC\u00cdPIOS Bahia Economica\" \/>\n<meta property=\"og:url\" content=\"https:\/\/bahiaeconomica.com.br\/wp\/2024\/01\/09\/unidades-da-rede-sac-do-interior-do-estado-cadastram-biometria-facial-do-planserv\/\" \/>\n<meta property=\"og:site_name\" content=\"Bahia Economica\" \/>\n<meta property=\"article:publisher\" content=\"https:\/\/www.facebook.com\/bahiaeconomica\" \/>\n<meta property=\"article:published_time\" content=\"2024-01-09T20:47:38+00:00\" \/>\n<meta property=\"og:image\" content=\"https:\/\/bahiaeconomica.com.br\/wp\/wp-content\/uploads\/2024\/01\/Carol-Garcia-GOVBA.webp\" \/>\n\t<meta property=\"og:image:width\" content=\"799\" \/>\n\t<meta property=\"og:image:height\" content=\"533\" \/>\n\t<meta property=\"og:image:type\" content=\"image\/webp\" \/>\n<meta name=\"author\" content=\"LUIZA NASCIMENTO\" \/>\n<meta name=\"twitter:card\" content=\"summary_large_image\" \/>\n<meta name=\"twitter:label1\" content=\"Escrito por\" \/>\n\t<meta name=\"twitter:data1\" content=\"LUIZA NASCIMENTO\" \/>\n\t<meta name=\"twitter:label2\" content=\"Est. tempo de leitura\" \/>\n\t<meta name=\"twitter:data2\" content=\"2 minutos\" \/>\n<script type=\"application\/ld+json\" class=\"yoast-schema-graph\">{\"@context\":\"https:\/\/schema.org\",\"@graph\":[{\"@type\":\"Article\",\"@id\":\"https:\/\/bahiaeconomica.com.br\/wp\/2024\/01\/09\/unidades-da-rede-sac-do-interior-do-estado-cadastram-biometria-facial-do-planserv\/#article\",\"isPartOf\":{\"@id\":\"https:\/\/bahiaeconomica.com.br\/wp\/2024\/01\/09\/unidades-da-rede-sac-do-interior-do-estado-cadastram-biometria-facial-do-planserv\/\"},\"author\":{\"name\":\"LUIZA NASCIMENTO\",\"@id\":\"https:\/\/bahiaeconomica.com.br\/wp\/#\/schema\/person\/18273ac0fe04bfd4e7b101bf17d40152\"},\"headline\":\"UNIDADES DA REDE SAC DO INTERIOR DO ESTADO CADASTRAM BIOMETRIA FACIAL DO PLANSERV\",\"datePublished\":\"2024-01-09T20:47:38+00:00\",\"dateModified\":\"2024-01-09T20:47:38+00:00\",\"mainEntityOfPage\":{\"@id\":\"https:\/\/bahiaeconomica.com.br\/wp\/2024\/01\/09\/unidades-da-rede-sac-do-interior-do-estado-cadastram-biometria-facial-do-planserv\/\"},\"wordCount\":346,\"publisher\":{\"@id\":\"https:\/\/bahiaeconomica.com.br\/wp\/#organization\"},\"keywords\":[\"biometria facial\",\"planserv\",\"sac\"],\"articleSection\":[\"MUNIC\u00cdPIOS\"],\"inLanguage\":\"pt-BR\"},{\"@type\":\"WebPage\",\"@id\":\"https:\/\/bahiaeconomica.com.br\/wp\/2024\/01\/09\/unidades-da-rede-sac-do-interior-do-estado-cadastram-biometria-facial-do-planserv\/\",\"url\":\"https:\/\/bahiaeconomica.com.br\/wp\/2024\/01\/09\/unidades-da-rede-sac-do-interior-do-estado-cadastram-biometria-facial-do-planserv\/\",\"name\":\"UNIDADES DA REDE SAC DO INTERIOR DO ESTADO CADASTRAM BIOMETRIA FACIAL DO PLANSERV - Bahia Economica\",\"isPartOf\":{\"@id\":\"https:\/\/bahiaeconomica.com.br\/wp\/#website\"},\"datePublished\":\"2024-01-09T20:47:38+00:00\",\"dateModified\":\"2024-01-09T20:47:38+00:00\",\"description\":\"O maior portal de Economia da Bahia MUNIC\u00cdPIOS Bahia Economica\",\"breadcrumb\":{\"@id\":\"https:\/\/bahiaeconomica.com.br\/wp\/2024\/01\/09\/unidades-da-rede-sac-do-interior-do-estado-cadastram-biometria-facial-do-planserv\/#breadcrumb\"},\"inLanguage\":\"pt-BR\",\"potentialAction\":[{\"@type\":\"ReadAction\",\"target\":[\"https:\/\/bahiaeconomica.com.br\/wp\/2024\/01\/09\/unidades-da-rede-sac-do-interior-do-estado-cadastram-biometria-facial-do-planserv\/\"]}]},{\"@type\":\"BreadcrumbList\",\"@id\":\"https:\/\/bahiaeconomica.com.br\/wp\/2024\/01\/09\/unidades-da-rede-sac-do-interior-do-estado-cadastram-biometria-facial-do-planserv\/#breadcrumb\",\"itemListElement\":[{\"@type\":\"ListItem\",\"position\":1,\"name\":\"In\u00edcio\",\"item\":\"https:\/\/bahiaeconomica.com.br\/wp\/\"},{\"@type\":\"ListItem\",\"position\":2,\"name\":\"UNIDADES DA REDE SAC DO INTERIOR DO ESTADO CADASTRAM BIOMETRIA FACIAL DO PLANSERV\"}]},{\"@type\":\"WebSite\",\"@id\":\"https:\/\/bahiaeconomica.com.br\/wp\/#website\",\"url\":\"https:\/\/bahiaeconomica.com.br\/wp\/\",\"name\":\"Bahia Economica\",\"description\":\"O maior portal de Economia da Bahia\",\"publisher\":{\"@id\":\"https:\/\/bahiaeconomica.com.br\/wp\/#organization\"},\"potentialAction\":[{\"@type\":\"SearchAction\",\"target\":{\"@type\":\"EntryPoint\",\"urlTemplate\":\"https:\/\/bahiaeconomica.com.br\/wp\/?s={search_term_string}\"},\"query-input\":\"required name=search_term_string\"}],\"inLanguage\":\"pt-BR\"},{\"@type\":\"Organization\",\"@id\":\"https:\/\/bahiaeconomica.com.br\/wp\/#organization\",\"name\":\"Bahia Econ\u00f4mica\",\"url\":\"https:\/\/bahiaeconomica.com.br\/wp\/\",\"logo\":{\"@type\":\"ImageObject\",\"inLanguage\":\"pt-BR\",\"@id\":\"https:\/\/bahiaeconomica.com.br\/wp\/#\/schema\/logo\/image\/\",\"url\":\"https:\/\/bahiaeconomica.com.br\/wp\/wp-content\/uploads\/2020\/12\/cropped-BE.png\",\"contentUrl\":\"https:\/\/bahiaeconomica.com.br\/wp\/wp-content\/uploads\/2020\/12\/cropped-BE.png\",\"width\":512,\"height\":512,\"caption\":\"Bahia Econ\u00f4mica\"},\"image\":{\"@id\":\"https:\/\/bahiaeconomica.com.br\/wp\/#\/schema\/logo\/image\/\"},\"sameAs\":[\"https:\/\/www.facebook.com\/bahiaeconomica\"]},{\"@type\":\"Person\",\"@id\":\"https:\/\/bahiaeconomica.com.br\/wp\/#\/schema\/person\/18273ac0fe04bfd4e7b101bf17d40152\",\"name\":\"LUIZA NASCIMENTO\",\"sameAs\":[\"http:\/\/www.bahiaeconomica.com.br\"],\"url\":\"https:\/\/bahiaeconomica.com.br\/wp\/author\/luiza-nascimento\/\"}]}<\/script>\n<!-- \/ Yoast SEO plugin. -->","yoast_head_json":{"title":"UNIDADES DA REDE SAC DO INTERIOR DO ESTADO CADASTRAM BIOMETRIA FACIAL DO PLANSERV - Bahia Economica","description":"O maior portal de Economia da Bahia MUNIC\u00cdPIOS Bahia Economica","robots":{"index":"index","follow":"follow","max-snippet":"max-snippet:-1","max-image-preview":"max-image-preview:large","max-video-preview":"max-video-preview:-1"},"canonical":"https:\/\/bahiaeconomica.com.br\/wp\/2024\/01\/09\/unidades-da-rede-sac-do-interior-do-estado-cadastram-biometria-facial-do-planserv\/","og_locale":"pt_BR","og_type":"article","og_title":"UNIDADES DA REDE SAC DO INTERIOR DO ESTADO CADASTRAM BIOMETRIA FACIAL DO PLANSERV - Bahia Economica","og_description":"O maior portal de Economia da Bahia MUNIC\u00cdPIOS Bahia Economica","og_url":"https:\/\/bahiaeconomica.com.br\/wp\/2024\/01\/09\/unidades-da-rede-sac-do-interior-do-estado-cadastram-biometria-facial-do-planserv\/","og_site_name":"Bahia Economica","article_publisher":"https:\/\/www.facebook.com\/bahiaeconomica","article_published_time":"2024-01-09T20:47:38+00:00","og_image":[{"width":799,"height":533,"url":"https:\/\/bahiaeconomica.com.br\/wp\/wp-content\/uploads\/2024\/01\/Carol-Garcia-GOVBA.webp","type":"image\/webp"}],"author":"LUIZA NASCIMENTO","twitter_card":"summary_large_image","twitter_misc":{"Escrito por":"LUIZA NASCIMENTO","Est. tempo de leitura":"2 minutos"},"schema":{"@context":"https:\/\/schema.org","@graph":[{"@type":"Article","@id":"https:\/\/bahiaeconomica.com.br\/wp\/2024\/01\/09\/unidades-da-rede-sac-do-interior-do-estado-cadastram-biometria-facial-do-planserv\/#article","isPartOf":{"@id":"https:\/\/bahiaeconomica.com.br\/wp\/2024\/01\/09\/unidades-da-rede-sac-do-interior-do-estado-cadastram-biometria-facial-do-planserv\/"},"author":{"name":"LUIZA NASCIMENTO","@id":"https:\/\/bahiaeconomica.com.br\/wp\/#\/schema\/person\/18273ac0fe04bfd4e7b101bf17d40152"},"headline":"UNIDADES DA REDE SAC DO INTERIOR DO ESTADO CADASTRAM BIOMETRIA FACIAL DO PLANSERV","datePublished":"2024-01-09T20:47:38+00:00","dateModified":"2024-01-09T20:47:38+00:00","mainEntityOfPage":{"@id":"https:\/\/bahiaeconomica.com.br\/wp\/2024\/01\/09\/unidades-da-rede-sac-do-interior-do-estado-cadastram-biometria-facial-do-planserv\/"},"wordCount":346,"publisher":{"@id":"https:\/\/bahiaeconomica.com.br\/wp\/#organization"},"keywords":["biometria facial","planserv","sac"],"articleSection":["MUNIC\u00cdPIOS"],"inLanguage":"pt-BR"},{"@type":"WebPage","@id":"https:\/\/bahiaeconomica.com.br\/wp\/2024\/01\/09\/unidades-da-rede-sac-do-interior-do-estado-cadastram-biometria-facial-do-planserv\/","url":"https:\/\/bahiaeconomica.com.br\/wp\/2024\/01\/09\/unidades-da-rede-sac-do-interior-do-estado-cadastram-biometria-facial-do-planserv\/","name":"UNIDADES DA REDE SAC DO INTERIOR DO ESTADO CADASTRAM BIOMETRIA FACIAL DO PLANSERV - Bahia Economica","isPartOf":{"@id":"https:\/\/bahiaeconomica.com.br\/wp\/#website"},"datePublished":"2024-01-09T20:47:38+00:00","dateModified":"2024-01-09T20:47:38+00:00","description":"O maior portal de Economia da Bahia MUNIC\u00cdPIOS Bahia Economica","breadcrumb":{"@id":"https:\/\/bahiaeconomica.com.br\/wp\/2024\/01\/09\/unidades-da-rede-sac-do-interior-do-estado-cadastram-biometria-facial-do-planserv\/#breadcrumb"},"inLanguage":"pt-BR","potentialAction":[{"@type":"ReadAction","target":["https:\/\/bahiaeconomica.com.br\/wp\/2024\/01\/09\/unidades-da-rede-sac-do-interior-do-estado-cadastram-biometria-facial-do-planserv\/"]}]},{"@type":"BreadcrumbList","@id":"https:\/\/bahiaeconomica.com.br\/wp\/2024\/01\/09\/unidades-da-rede-sac-do-interior-do-estado-cadastram-biometria-facial-do-planserv\/#breadcrumb","itemListElement":[{"@type":"ListItem","position":1,"name":"In\u00edcio","item":"https:\/\/bahiaeconomica.com.br\/wp\/"},{"@type":"ListItem","position":2,"name":"UNIDADES DA REDE SAC DO INTERIOR DO ESTADO CADASTRAM BIOMETRIA FACIAL DO PLANSERV"}]},{"@type":"WebSite","@id":"https:\/\/bahiaeconomica.com.br\/wp\/#website","url":"https:\/\/bahiaeconomica.com.br\/wp\/","name":"Bahia Economica","description":"O maior portal de Economia da Bahia","publisher":{"@id":"https:\/\/bahiaeconomica.com.br\/wp\/#organization"},"potentialAction":[{"@type":"SearchAction","target":{"@type":"EntryPoint","urlTemplate":"https:\/\/bahiaeconomica.com.br\/wp\/?s={search_term_string}"},"query-input":"required name=search_term_string"}],"inLanguage":"pt-BR"},{"@type":"Organization","@id":"https:\/\/bahiaeconomica.com.br\/wp\/#organization","name":"Bahia Econ\u00f4mica","url":"https:\/\/bahiaeconomica.com.br\/wp\/","logo":{"@type":"ImageObject","inLanguage":"pt-BR","@id":"https:\/\/bahiaeconomica.com.br\/wp\/#\/schema\/logo\/image\/","url":"https:\/\/bahiaeconomica.com.br\/wp\/wp-content\/uploads\/2020\/12\/cropped-BE.png","contentUrl":"https:\/\/bahiaeconomica.com.br\/wp\/wp-content\/uploads\/2020\/12\/cropped-BE.png","width":512,"height":512,"caption":"Bahia Econ\u00f4mica"},"image":{"@id":"https:\/\/bahiaeconomica.com.br\/wp\/#\/schema\/logo\/image\/"},"sameAs":["https:\/\/www.facebook.com\/bahiaeconomica"]},{"@type":"Person","@id":"https:\/\/bahiaeconomica.com.br\/wp\/#\/schema\/person\/18273ac0fe04bfd4e7b101bf17d40152","name":"LUIZA NASCIMENTO","sameAs":["http:\/\/www.bahiaeconomica.com.br"],"url":"https:\/\/bahiaeconomica.com.br\/wp\/author\/luiza-nascimento\/"}]}},"views":8,"_links":{"self":[{"href":"https:\/\/bahiaeconomica.com.br\/wp\/wp-json\/wp\/v2\/posts\/789509"}],"collection":[{"href":"https:\/\/bahiaeconomica.com.br\/wp\/wp-json\/wp\/v2\/posts"}],"about":[{"href":"https:\/\/bahiaeconomica.com.br\/wp\/wp-json\/wp\/v2\/types\/post"}],"author":[{"embeddable":true,"href":"https:\/\/bahiaeconomica.com.br\/wp\/wp-json\/wp\/v2\/users\/16"}],"replies":[{"embeddable":true,"href":"https:\/\/bahiaeconomica.com.br\/wp\/wp-json\/wp\/v2\/comments?post=789509"}],"version-history":[{"count":1,"href":"https:\/\/bahiaeconomica.com.br\/wp\/wp-json\/wp\/v2\/posts\/789509\/revisions"}],"predecessor-version":[{"id":789511,"href":"https:\/\/bahiaeconomica.com.br\/wp\/wp-json\/wp\/v2\/posts\/789509\/revisions\/789511"}],"wp:featuredmedia":[{"embeddable":true,"href":"https:\/\/bahiaeconomica.com.br\/wp\/wp-json\/wp\/v2\/media\/789510"}],"wp:attachment":[{"href":"https:\/\/bahiaeconomica.com.br\/wp\/wp-json\/wp\/v2\/media?parent=789509"}],"wp:term":[{"taxonomy":"category","embeddable":true,"href":"https:\/\/bahiaeconomica.com.br\/wp\/wp-json\/wp\/v2\/categories?post=789509"},{"taxonomy":"post_tag","embeddable":true,"href":"https:\/\/bahiaeconomica.com.br\/wp\/wp-json\/wp\/v2\/tags?post=789509"}],"curies":[{"name":"wp","href":"https:\/\/api.w.org\/{rel}","templated":true}]}}