{"id":789396,"date":"2024-01-09T13:38:32","date_gmt":"2024-01-09T16:38:32","guid":{"rendered":"https:\/\/bahiaeconomica.com.br\/wp\/?p=789396"},"modified":"2024-01-09T13:38:32","modified_gmt":"2024-01-09T16:38:32","slug":"governo-do-estado-entrega-equipamentos-para-recuperacao-da-central-de-triagem-da-coleta-seletiva-de-itabuna","status":"publish","type":"post","link":"https:\/\/bahiaeconomica.com.br\/wp\/2024\/01\/09\/governo-do-estado-entrega-equipamentos-para-recuperacao-da-central-de-triagem-da-coleta-seletiva-de-itabuna\/","title":{"rendered":"GOVERNO DO ESTADO ENTREGA EQUIPAMENTOS PARA RECUPERA\u00c7\u00c3O DA CENTRAL DE TRIAGEM DA COLETA SELETIVA DE ITABUNA"},"content":{"rendered":"<p>Nesta ter\u00e7a-feira (9), em Itabuna, o Governo do Estado realizou a entrega de equipamentos destinados a fortalecer os servi\u00e7os oferecidos pela Central de Triagem da Coleta Seletiva no munic\u00edpio. A a\u00e7\u00e3o busca reabilitar a unidade ap\u00f3s um inc\u00eandio ocorrido em 1\u00ba de janeiro deste ano, que causou danos a ferramentas essenciais e impactou a renda de 50 fam\u00edlias beneficiadas na unidade. A a\u00e7\u00e3o foi conduzida pelos secret\u00e1rios do Trabalho, Emprego, Renda e Esporte (Setre), Davidson Magalh\u00e3es, e do Meio Ambiente (Sema), Eduardo Sodr\u00e9, acompanhados da primeira-dama e presidente das Volunt\u00e1rias Sociais da Bahia (VSBA), Tatiana Velloso, e do prefeito Augusto Castro.<\/p>\n<p>Os itens entregues incluem 38 kits de equipamentos de prote\u00e7\u00e3o individual (EPIs), uma prensa hidr\u00e1ulica e dois carros el\u00e9tricos compactos. Nos pr\u00f3ximos dias, a central ir\u00e1 receber uma balan\u00e7a eletr\u00f4nica, 40 cadeiras, dez mesas pl\u00e1sticas, dois carros para movimenta\u00e7\u00e3o de cargas, 15 lumin\u00e1rias de emerg\u00eancia, uma geladeira e um fog\u00e3o. Maria de Jesus, catadora que conta diretamente com essas opera\u00e7\u00f5es, falou da import\u00e2ncia do apoio para que a unidade volte a funcionar: \u201cdependemos desse trabalho diariamente, e o inc\u00eandio nos deixou desamparados. Com os materiais fornecidos pelo Governo, n\u00e3o nos sentimos solit\u00e1rios nessa batalha. \u00c9 mais do que simples equipamento, \u00e9 a restaura\u00e7\u00e3o da esperan\u00e7a e dignidade que eles est\u00e3o nos proporcionando&#8221;.<\/p>\n<p>A primeira-dama da Bahia, Tatiana Velloso, destacou que as centrais de triagem, como a de Itabuna, desempenham um papel fundamental como instrumento de educa\u00e7\u00e3o ambiental: \u201cal\u00e9m de contribuir para a preserva\u00e7\u00e3o do meio ambiente, essas iniciativas s\u00e3o essenciais para a gera\u00e7\u00e3o de emprego e renda para os catadores de material recicl\u00e1vel. \u00c9 fundamental estarmos comprometidos em fortalecer n\u00e3o apenas a infraestrutura desses espa\u00e7os, mas, tamb\u00e9m, em promover a conscientiza\u00e7\u00e3o ambiental, garantindo um futuro mais sustent\u00e1vel para as comunidades envolvidas&#8221;.<\/p>\n<p>A iniciativa incluiu, ainda, a entrega de 60 cestas b\u00e1sicas do programa Bahia Sem Fome, que continuar\u00e3o sendo entregues por um per\u00edodo de quatro meses, proporcionando suporte social \u00e0s fam\u00edlias impactadas. &#8220;N\u00e3o podemos esquecer que, por tr\u00e1s dos equipamentos e das a\u00e7\u00f5es t\u00e9cnicas, h\u00e1 vidas, fam\u00edlias que dependem dessas opera\u00e7\u00f5es. Estamos comprometidos n\u00e3o apenas em restabelecer a infraestrutura, mas, tamb\u00e9m, em apoiar essas comunidades de maneira abrangente\u201d, afirmou Tiago Pereira, coordenador da iniciativa do Governo do Estado.<\/p>\n<p>Mais seguran\u00e7a<\/p>\n<p>De acordo com o secret\u00e1rio da Setre, os equipamentos ter\u00e3o um importante papel no trabalho desenvolvido pelos catadores de materiais recicl\u00e1veis. \u201cA prensa hidr\u00e1ulica, os carros el\u00e9tricos compactos, os EPIs e outros itens n\u00e3o apenas otimizam as opera\u00e7\u00f5es na central, mas proporcionam condi\u00e7\u00f5es de trabalho mais seguras e eficientes. Estamos comprometidos em fornecer os recursos necess\u00e1rios para fortalecer a atua\u00e7\u00e3o desses profissionais, contribuindo para a reciclagem e para a melhoria das condi\u00e7\u00f5es de vida dessa importante comunidade de trabalhadores&#8221;, lembrou Davidson Magalh\u00e3es.<\/p>\n<p>Nova sede<\/p>\n<p>O Governo do Estado est\u00e1 realizando estudos para a constru\u00e7\u00e3o de uma nova sede para a Central de Triagem. Esse futuro espa\u00e7o proporcionar\u00e1 mais amplitude e uma estrutura aprimorada para as atividades da coleta seletiva, dando condi\u00e7\u00f5es mais adequadas para os trabalhadores envolvidos. A expectativa \u00e9 de que a nova sede contribua ainda mais para a efici\u00eancia das opera\u00e7\u00f5es e o bem-estar da comunidade local.<\/p>\n<p>Relembrando o incidente<\/p>\n<p>O inc\u00eandio que atingiu a Central de Triagem da Coleta Seletiva de Itabuna ocorreu na madrugada do dia 1\u00b0 de janeiro de 2024, no bairro Lomanto. O Corpo de Bombeiros foi acionado e controlou as chamas, sem feridos. Para discutir as medidas adotadas para mitigar as consequ\u00eancias do inc\u00eandio, um encontro foi realizado na manh\u00e3 da sexta-feira (5), com o grupo de trabalho formado por parceiros do Programa Recicla Itabuna, incluindo representantes do Governo do Estado. Durante a reuni\u00e3o, foram avaliadas as a\u00e7\u00f5es tomadas pelo munic\u00edpio para lidar com os impactos do incidente.<\/p>\n<p>Reciclagem<\/p>\n<p>A opera\u00e7\u00e3o de coleta de materiais recicl\u00e1veis e a gest\u00e3o da Central de Triagem de Recicl\u00e1veis do Programa Recicla Itabuna s\u00e3o realizadas pela Associa\u00e7\u00e3o dos Catadores de Materiais Recicl\u00e1veis de Itabuna (Aacri), composta por aproximadamente 50 fam\u00edlias. A Associa\u00e7\u00e3o \u00e9 autogestion\u00e1ria e \u00e9 acompanhada por \u00f3rg\u00e3os de controle, como a Defensoria P\u00fablica do Estado da Bahia e o Minist\u00e9rio P\u00fablico do Trabalho. O Programa Recicla Itabuna atua como instrumento de educa\u00e7\u00e3o ambiental em parceria com escolas, empresas, condom\u00ednios e comunidade, al\u00e9m de ser um meio de gera\u00e7\u00e3o de emprego e renda para os catadores de material recicl\u00e1vel.<\/p>\n<p>Rep\u00f3rter: T\u00e1cio Santos\/GOVBA<\/p>\n","protected":false},"excerpt":{"rendered":"<p>Nesta ter\u00e7a-feira (9), em Itabuna, o Governo do Estado realizou a entrega de equipamentos destinados a fortalecer os servi\u00e7os oferecidos pela Central de Triagem da Coleta Seletiva no munic\u00edpio. A a\u00e7\u00e3o busca reabilitar a unidade ap\u00f3s um inc\u00eandio ocorrido em 1\u00ba de janeiro deste ano, que causou danos a ferramentas essenciais e impactou a renda [&hellip;]<\/p>\n","protected":false},"author":8,"featured_media":789397,"comment_status":"closed","ping_status":"closed","sticky":false,"template":"","format":"standard","meta":[],"categories":[3],"tags":[835,52,567,100],"acf":[],"yoast_head":"<!-- This site is optimized with the Yoast SEO plugin v20.8 - https:\/\/yoast.com\/wordpress\/plugins\/seo\/ -->\n<title>GOVERNO DO ESTADO ENTREGA EQUIPAMENTOS PARA RECUPERA\u00c7\u00c3O DA CENTRAL DE TRIAGEM DA COLETA SELETIVA DE ITABUNA - Bahia Economica<\/title>\n<meta name=\"description\" content=\"O maior portal de Economia da Bahia ECONOMIA \/ POL\u00cdTICA Bahia Economica cestas b\u00e1sicas do programa Bahia Sem Fome, que continuar\u00e3o\" \/>\n<meta name=\"robots\" content=\"index, follow, max-snippet:-1, max-image-preview:large, max-video-preview:-1\" \/>\n<link rel=\"canonical\" href=\"https:\/\/bahiaeconomica.com.br\/wp\/2024\/01\/09\/governo-do-estado-entrega-equipamentos-para-recuperacao-da-central-de-triagem-da-coleta-seletiva-de-itabuna\/\" \/>\n<meta property=\"og:locale\" content=\"pt_BR\" \/>\n<meta property=\"og:type\" content=\"article\" \/>\n<meta property=\"og:title\" content=\"GOVERNO DO ESTADO ENTREGA EQUIPAMENTOS PARA RECUPERA\u00c7\u00c3O DA CENTRAL DE TRIAGEM DA COLETA SELETIVA DE ITABUNA - Bahia Economica\" \/>\n<meta property=\"og:description\" content=\"O maior portal de Economia da Bahia ECONOMIA \/ POL\u00cdTICA Bahia Economica cestas b\u00e1sicas do programa Bahia Sem Fome, que continuar\u00e3o\" \/>\n<meta property=\"og:url\" content=\"https:\/\/bahiaeconomica.com.br\/wp\/2024\/01\/09\/governo-do-estado-entrega-equipamentos-para-recuperacao-da-central-de-triagem-da-coleta-seletiva-de-itabuna\/\" \/>\n<meta property=\"og:site_name\" content=\"Bahia Economica\" \/>\n<meta property=\"article:publisher\" content=\"https:\/\/www.facebook.com\/bahiaeconomica\" \/>\n<meta property=\"article:published_time\" content=\"2024-01-09T16:38:32+00:00\" \/>\n<meta property=\"og:image\" content=\"https:\/\/bahiaeconomica.com.br\/wp\/wp-content\/uploads\/2024\/01\/WhatsApp-Image-2024-01-09-at-13.34.18.jpeg\" \/>\n\t<meta property=\"og:image:width\" content=\"1544\" \/>\n\t<meta property=\"og:image:height\" content=\"1030\" \/>\n\t<meta property=\"og:image:type\" content=\"image\/jpeg\" \/>\n<meta name=\"author\" content=\"JP\" \/>\n<meta name=\"twitter:card\" content=\"summary_large_image\" \/>\n<meta name=\"twitter:label1\" content=\"Escrito por\" \/>\n\t<meta name=\"twitter:data1\" content=\"JP\" \/>\n\t<meta name=\"twitter:label2\" content=\"Est. tempo de leitura\" \/>\n\t<meta name=\"twitter:data2\" content=\"4 minutos\" \/>\n<script type=\"application\/ld+json\" class=\"yoast-schema-graph\">{\"@context\":\"https:\/\/schema.org\",\"@graph\":[{\"@type\":\"Article\",\"@id\":\"https:\/\/bahiaeconomica.com.br\/wp\/2024\/01\/09\/governo-do-estado-entrega-equipamentos-para-recuperacao-da-central-de-triagem-da-coleta-seletiva-de-itabuna\/#article\",\"isPartOf\":{\"@id\":\"https:\/\/bahiaeconomica.com.br\/wp\/2024\/01\/09\/governo-do-estado-entrega-equipamentos-para-recuperacao-da-central-de-triagem-da-coleta-seletiva-de-itabuna\/\"},\"author\":{\"name\":\"JP\",\"@id\":\"https:\/\/bahiaeconomica.com.br\/wp\/#\/schema\/person\/c86d3a3f8960425a0f9d0e5245991f4e\"},\"headline\":\"GOVERNO DO ESTADO ENTREGA EQUIPAMENTOS PARA RECUPERA\u00c7\u00c3O DA CENTRAL DE TRIAGEM DA COLETA SELETIVA DE ITABUNA\",\"datePublished\":\"2024-01-09T16:38:32+00:00\",\"dateModified\":\"2024-01-09T16:38:32+00:00\",\"mainEntityOfPage\":{\"@id\":\"https:\/\/bahiaeconomica.com.br\/wp\/2024\/01\/09\/governo-do-estado-entrega-equipamentos-para-recuperacao-da-central-de-triagem-da-coleta-seletiva-de-itabuna\/\"},\"wordCount\":816,\"publisher\":{\"@id\":\"https:\/\/bahiaeconomica.com.br\/wp\/#organization\"},\"keywords\":[\"alta\",\"Brasil\",\"Educa\u00e7\u00e3o\",\"Pol\u00edtica\"],\"articleSection\":[\"ECONOMIA \/ POL\u00cdTICA\"],\"inLanguage\":\"pt-BR\"},{\"@type\":\"WebPage\",\"@id\":\"https:\/\/bahiaeconomica.com.br\/wp\/2024\/01\/09\/governo-do-estado-entrega-equipamentos-para-recuperacao-da-central-de-triagem-da-coleta-seletiva-de-itabuna\/\",\"url\":\"https:\/\/bahiaeconomica.com.br\/wp\/2024\/01\/09\/governo-do-estado-entrega-equipamentos-para-recuperacao-da-central-de-triagem-da-coleta-seletiva-de-itabuna\/\",\"name\":\"GOVERNO DO ESTADO ENTREGA EQUIPAMENTOS PARA RECUPERA\u00c7\u00c3O DA CENTRAL DE TRIAGEM DA COLETA SELETIVA DE ITABUNA - Bahia Economica\",\"isPartOf\":{\"@id\":\"https:\/\/bahiaeconomica.com.br\/wp\/#website\"},\"datePublished\":\"2024-01-09T16:38:32+00:00\",\"dateModified\":\"2024-01-09T16:38:32+00:00\",\"description\":\"O maior portal de Economia da Bahia ECONOMIA \/ POL\u00cdTICA Bahia Economica cestas b\u00e1sicas do programa Bahia Sem Fome, que continuar\u00e3o\",\"breadcrumb\":{\"@id\":\"https:\/\/bahiaeconomica.com.br\/wp\/2024\/01\/09\/governo-do-estado-entrega-equipamentos-para-recuperacao-da-central-de-triagem-da-coleta-seletiva-de-itabuna\/#breadcrumb\"},\"inLanguage\":\"pt-BR\",\"potentialAction\":[{\"@type\":\"ReadAction\",\"target\":[\"https:\/\/bahiaeconomica.com.br\/wp\/2024\/01\/09\/governo-do-estado-entrega-equipamentos-para-recuperacao-da-central-de-triagem-da-coleta-seletiva-de-itabuna\/\"]}]},{\"@type\":\"BreadcrumbList\",\"@id\":\"https:\/\/bahiaeconomica.com.br\/wp\/2024\/01\/09\/governo-do-estado-entrega-equipamentos-para-recuperacao-da-central-de-triagem-da-coleta-seletiva-de-itabuna\/#breadcrumb\",\"itemListElement\":[{\"@type\":\"ListItem\",\"position\":1,\"name\":\"In\u00edcio\",\"item\":\"https:\/\/bahiaeconomica.com.br\/wp\/\"},{\"@type\":\"ListItem\",\"position\":2,\"name\":\"GOVERNO DO ESTADO ENTREGA EQUIPAMENTOS PARA RECUPERA\u00c7\u00c3O DA CENTRAL DE TRIAGEM DA COLETA SELETIVA DE ITABUNA\"}]},{\"@type\":\"WebSite\",\"@id\":\"https:\/\/bahiaeconomica.com.br\/wp\/#website\",\"url\":\"https:\/\/bahiaeconomica.com.br\/wp\/\",\"name\":\"Bahia Economica\",\"description\":\"O maior portal de Economia da Bahia\",\"publisher\":{\"@id\":\"https:\/\/bahiaeconomica.com.br\/wp\/#organization\"},\"potentialAction\":[{\"@type\":\"SearchAction\",\"target\":{\"@type\":\"EntryPoint\",\"urlTemplate\":\"https:\/\/bahiaeconomica.com.br\/wp\/?s={search_term_string}\"},\"query-input\":\"required name=search_term_string\"}],\"inLanguage\":\"pt-BR\"},{\"@type\":\"Organization\",\"@id\":\"https:\/\/bahiaeconomica.com.br\/wp\/#organization\",\"name\":\"Bahia Econ\u00f4mica\",\"url\":\"https:\/\/bahiaeconomica.com.br\/wp\/\",\"logo\":{\"@type\":\"ImageObject\",\"inLanguage\":\"pt-BR\",\"@id\":\"https:\/\/bahiaeconomica.com.br\/wp\/#\/schema\/logo\/image\/\",\"url\":\"https:\/\/bahiaeconomica.com.br\/wp\/wp-content\/uploads\/2020\/12\/cropped-BE.png\",\"contentUrl\":\"https:\/\/bahiaeconomica.com.br\/wp\/wp-content\/uploads\/2020\/12\/cropped-BE.png\",\"width\":512,\"height\":512,\"caption\":\"Bahia Econ\u00f4mica\"},\"image\":{\"@id\":\"https:\/\/bahiaeconomica.com.br\/wp\/#\/schema\/logo\/image\/\"},\"sameAs\":[\"https:\/\/www.facebook.com\/bahiaeconomica\"]},{\"@type\":\"Person\",\"@id\":\"https:\/\/bahiaeconomica.com.br\/wp\/#\/schema\/person\/c86d3a3f8960425a0f9d0e5245991f4e\",\"name\":\"JP\",\"sameAs\":[\"https:\/\/bahiaeconomica.com.br\/wp\/beta\/\"],\"url\":\"https:\/\/bahiaeconomica.com.br\/wp\/author\/jp\/\"}]}<\/script>\n<!-- \/ Yoast SEO plugin. -->","yoast_head_json":{"title":"GOVERNO DO ESTADO ENTREGA EQUIPAMENTOS PARA RECUPERA\u00c7\u00c3O DA CENTRAL DE TRIAGEM DA COLETA SELETIVA DE ITABUNA - Bahia Economica","description":"O maior portal de Economia da Bahia ECONOMIA \/ POL\u00cdTICA Bahia Economica cestas b\u00e1sicas do programa Bahia Sem Fome, que continuar\u00e3o","robots":{"index":"index","follow":"follow","max-snippet":"max-snippet:-1","max-image-preview":"max-image-preview:large","max-video-preview":"max-video-preview:-1"},"canonical":"https:\/\/bahiaeconomica.com.br\/wp\/2024\/01\/09\/governo-do-estado-entrega-equipamentos-para-recuperacao-da-central-de-triagem-da-coleta-seletiva-de-itabuna\/","og_locale":"pt_BR","og_type":"article","og_title":"GOVERNO DO ESTADO ENTREGA EQUIPAMENTOS PARA RECUPERA\u00c7\u00c3O DA CENTRAL DE TRIAGEM DA COLETA SELETIVA DE ITABUNA - Bahia Economica","og_description":"O maior portal de Economia da Bahia ECONOMIA \/ POL\u00cdTICA Bahia Economica cestas b\u00e1sicas do programa Bahia Sem Fome, que continuar\u00e3o","og_url":"https:\/\/bahiaeconomica.com.br\/wp\/2024\/01\/09\/governo-do-estado-entrega-equipamentos-para-recuperacao-da-central-de-triagem-da-coleta-seletiva-de-itabuna\/","og_site_name":"Bahia Economica","article_publisher":"https:\/\/www.facebook.com\/bahiaeconomica","article_published_time":"2024-01-09T16:38:32+00:00","og_image":[{"width":1544,"height":1030,"url":"https:\/\/bahiaeconomica.com.br\/wp\/wp-content\/uploads\/2024\/01\/WhatsApp-Image-2024-01-09-at-13.34.18.jpeg","type":"image\/jpeg"}],"author":"JP","twitter_card":"summary_large_image","twitter_misc":{"Escrito por":"JP","Est. tempo de leitura":"4 minutos"},"schema":{"@context":"https:\/\/schema.org","@graph":[{"@type":"Article","@id":"https:\/\/bahiaeconomica.com.br\/wp\/2024\/01\/09\/governo-do-estado-entrega-equipamentos-para-recuperacao-da-central-de-triagem-da-coleta-seletiva-de-itabuna\/#article","isPartOf":{"@id":"https:\/\/bahiaeconomica.com.br\/wp\/2024\/01\/09\/governo-do-estado-entrega-equipamentos-para-recuperacao-da-central-de-triagem-da-coleta-seletiva-de-itabuna\/"},"author":{"name":"JP","@id":"https:\/\/bahiaeconomica.com.br\/wp\/#\/schema\/person\/c86d3a3f8960425a0f9d0e5245991f4e"},"headline":"GOVERNO DO ESTADO ENTREGA EQUIPAMENTOS PARA RECUPERA\u00c7\u00c3O DA CENTRAL DE TRIAGEM DA COLETA SELETIVA DE ITABUNA","datePublished":"2024-01-09T16:38:32+00:00","dateModified":"2024-01-09T16:38:32+00:00","mainEntityOfPage":{"@id":"https:\/\/bahiaeconomica.com.br\/wp\/2024\/01\/09\/governo-do-estado-entrega-equipamentos-para-recuperacao-da-central-de-triagem-da-coleta-seletiva-de-itabuna\/"},"wordCount":816,"publisher":{"@id":"https:\/\/bahiaeconomica.com.br\/wp\/#organization"},"keywords":["alta","Brasil","Educa\u00e7\u00e3o","Pol\u00edtica"],"articleSection":["ECONOMIA \/ POL\u00cdTICA"],"inLanguage":"pt-BR"},{"@type":"WebPage","@id":"https:\/\/bahiaeconomica.com.br\/wp\/2024\/01\/09\/governo-do-estado-entrega-equipamentos-para-recuperacao-da-central-de-triagem-da-coleta-seletiva-de-itabuna\/","url":"https:\/\/bahiaeconomica.com.br\/wp\/2024\/01\/09\/governo-do-estado-entrega-equipamentos-para-recuperacao-da-central-de-triagem-da-coleta-seletiva-de-itabuna\/","name":"GOVERNO DO ESTADO ENTREGA EQUIPAMENTOS PARA RECUPERA\u00c7\u00c3O DA CENTRAL DE TRIAGEM DA COLETA SELETIVA DE ITABUNA - Bahia Economica","isPartOf":{"@id":"https:\/\/bahiaeconomica.com.br\/wp\/#website"},"datePublished":"2024-01-09T16:38:32+00:00","dateModified":"2024-01-09T16:38:32+00:00","description":"O maior portal de Economia da Bahia ECONOMIA \/ POL\u00cdTICA Bahia Economica cestas b\u00e1sicas do programa Bahia Sem Fome, que continuar\u00e3o","breadcrumb":{"@id":"https:\/\/bahiaeconomica.com.br\/wp\/2024\/01\/09\/governo-do-estado-entrega-equipamentos-para-recuperacao-da-central-de-triagem-da-coleta-seletiva-de-itabuna\/#breadcrumb"},"inLanguage":"pt-BR","potentialAction":[{"@type":"ReadAction","target":["https:\/\/bahiaeconomica.com.br\/wp\/2024\/01\/09\/governo-do-estado-entrega-equipamentos-para-recuperacao-da-central-de-triagem-da-coleta-seletiva-de-itabuna\/"]}]},{"@type":"BreadcrumbList","@id":"https:\/\/bahiaeconomica.com.br\/wp\/2024\/01\/09\/governo-do-estado-entrega-equipamentos-para-recuperacao-da-central-de-triagem-da-coleta-seletiva-de-itabuna\/#breadcrumb","itemListElement":[{"@type":"ListItem","position":1,"name":"In\u00edcio","item":"https:\/\/bahiaeconomica.com.br\/wp\/"},{"@type":"ListItem","position":2,"name":"GOVERNO DO ESTADO ENTREGA EQUIPAMENTOS PARA RECUPERA\u00c7\u00c3O DA CENTRAL DE TRIAGEM DA COLETA SELETIVA DE ITABUNA"}]},{"@type":"WebSite","@id":"https:\/\/bahiaeconomica.com.br\/wp\/#website","url":"https:\/\/bahiaeconomica.com.br\/wp\/","name":"Bahia Economica","description":"O maior portal de Economia da Bahia","publisher":{"@id":"https:\/\/bahiaeconomica.com.br\/wp\/#organization"},"potentialAction":[{"@type":"SearchAction","target":{"@type":"EntryPoint","urlTemplate":"https:\/\/bahiaeconomica.com.br\/wp\/?s={search_term_string}"},"query-input":"required name=search_term_string"}],"inLanguage":"pt-BR"},{"@type":"Organization","@id":"https:\/\/bahiaeconomica.com.br\/wp\/#organization","name":"Bahia Econ\u00f4mica","url":"https:\/\/bahiaeconomica.com.br\/wp\/","logo":{"@type":"ImageObject","inLanguage":"pt-BR","@id":"https:\/\/bahiaeconomica.com.br\/wp\/#\/schema\/logo\/image\/","url":"https:\/\/bahiaeconomica.com.br\/wp\/wp-content\/uploads\/2020\/12\/cropped-BE.png","contentUrl":"https:\/\/bahiaeconomica.com.br\/wp\/wp-content\/uploads\/2020\/12\/cropped-BE.png","width":512,"height":512,"caption":"Bahia Econ\u00f4mica"},"image":{"@id":"https:\/\/bahiaeconomica.com.br\/wp\/#\/schema\/logo\/image\/"},"sameAs":["https:\/\/www.facebook.com\/bahiaeconomica"]},{"@type":"Person","@id":"https:\/\/bahiaeconomica.com.br\/wp\/#\/schema\/person\/c86d3a3f8960425a0f9d0e5245991f4e","name":"JP","sameAs":["https:\/\/bahiaeconomica.com.br\/wp\/beta\/"],"url":"https:\/\/bahiaeconomica.com.br\/wp\/author\/jp\/"}]}},"views":6,"_links":{"self":[{"href":"https:\/\/bahiaeconomica.com.br\/wp\/wp-json\/wp\/v2\/posts\/789396"}],"collection":[{"href":"https:\/\/bahiaeconomica.com.br\/wp\/wp-json\/wp\/v2\/posts"}],"about":[{"href":"https:\/\/bahiaeconomica.com.br\/wp\/wp-json\/wp\/v2\/types\/post"}],"author":[{"embeddable":true,"href":"https:\/\/bahiaeconomica.com.br\/wp\/wp-json\/wp\/v2\/users\/8"}],"replies":[{"embeddable":true,"href":"https:\/\/bahiaeconomica.com.br\/wp\/wp-json\/wp\/v2\/comments?post=789396"}],"version-history":[{"count":1,"href":"https:\/\/bahiaeconomica.com.br\/wp\/wp-json\/wp\/v2\/posts\/789396\/revisions"}],"predecessor-version":[{"id":789398,"href":"https:\/\/bahiaeconomica.com.br\/wp\/wp-json\/wp\/v2\/posts\/789396\/revisions\/789398"}],"wp:featuredmedia":[{"embeddable":true,"href":"https:\/\/bahiaeconomica.com.br\/wp\/wp-json\/wp\/v2\/media\/789397"}],"wp:attachment":[{"href":"https:\/\/bahiaeconomica.com.br\/wp\/wp-json\/wp\/v2\/media?parent=789396"}],"wp:term":[{"taxonomy":"category","embeddable":true,"href":"https:\/\/bahiaeconomica.com.br\/wp\/wp-json\/wp\/v2\/categories?post=789396"},{"taxonomy":"post_tag","embeddable":true,"href":"https:\/\/bahiaeconomica.com.br\/wp\/wp-json\/wp\/v2\/tags?post=789396"}],"curies":[{"name":"wp","href":"https:\/\/api.w.org\/{rel}","templated":true}]}}