{"id":789331,"date":"2024-01-09T10:45:17","date_gmt":"2024-01-09T13:45:17","guid":{"rendered":"https:\/\/bahiaeconomica.com.br\/wp\/?p=789331"},"modified":"2024-01-09T10:41:34","modified_gmt":"2024-01-09T13:41:34","slug":"prefeitura-abre-78-vagas-temporarias-para-trabalhar-no-carnaval","status":"publish","type":"post","link":"https:\/\/bahiaeconomica.com.br\/wp\/2024\/01\/09\/prefeitura-abre-78-vagas-temporarias-para-trabalhar-no-carnaval\/","title":{"rendered":"PREFEITURA ABRE 78 VAGAS TEMPOR\u00c1RIAS PARA TRABALHAR NO CARNAVAL"},"content":{"rendered":"<p>A Prefeitura de Salvador abre inscri\u00e7\u00f5es, nesta ter\u00e7a-feira (9), para o processo seletivo simplificado que vai contratar 78 profissionais, em car\u00e1ter tempor\u00e1rio, para trabalhar no Carnaval 2024. Os selecionados v\u00e3o atuar na fun\u00e7\u00e3o de Educador Social para a Secretaria Municipal de Promo\u00e7\u00e3o Social, Combate \u00e0 Pobreza, Esporte e Lazer (Sempre).<\/p>\n<p>As inscri\u00e7\u00f5es acontecem at\u00e9 esta quarta-feira (10), exclusivamente pelo site selecaocarnavaledital012024.salvador.ba.gov.br. A taxa \u00e9 de R$10 reais e o edital com todas as informa\u00e7\u00f5es est\u00e1 dispon\u00edvel no Di\u00e1rio Oficial do Munic\u00edpio (DOM) da segunda-feira (8).<\/p>\n<p>A sele\u00e7\u00e3o ser\u00e1 realizada pela Secretaria Municipal de Gest\u00e3o (Semge) e prev\u00ea at\u00e9 20% das vagas para profissionais PCD (Pessoa com Defici\u00eancia) e 30% para negros e pardos. O processo seletivo ser\u00e1 constitu\u00eddo de uma \u00fanica etapa, de avalia\u00e7\u00e3o de t\u00edtulos, de car\u00e1ter eliminat\u00f3rio e classificat\u00f3rio.<\/p>\n<p>Os selecionados v\u00e3o trabalhar nos circuitos oficiais do Carnaval, incluindo os carnavais de bairro. O valor da hora de trabalho pode chegar a R$18,36.<\/p>\n<p>Foto:\u00a0Jefferson Peixoto\/Secom PMS<\/p>\n<p>&nbsp;<\/p>\n","protected":false},"excerpt":{"rendered":"<p>A Prefeitura de Salvador abre inscri\u00e7\u00f5es, nesta ter\u00e7a-feira (9), para o processo seletivo simplificado que vai contratar 78 profissionais, em car\u00e1ter tempor\u00e1rio, para trabalhar no Carnaval 2024. Os selecionados v\u00e3o atuar na fun\u00e7\u00e3o de Educador Social para a Secretaria Municipal de Promo\u00e7\u00e3o Social, Combate \u00e0 Pobreza, Esporte e Lazer (Sempre). As inscri\u00e7\u00f5es acontecem at\u00e9 esta [&hellip;]<\/p>\n","protected":false},"author":15,"featured_media":789332,"comment_status":"closed","ping_status":"closed","sticky":false,"template":"","format":"standard","meta":[],"categories":[8],"tags":[16570,981,75,22795],"acf":[],"yoast_head":"<!-- This site is optimized with the Yoast SEO plugin v20.8 - https:\/\/yoast.com\/wordpress\/plugins\/seo\/ -->\n<title>PREFEITURA ABRE 78 VAGAS TEMPOR\u00c1RIAS PARA TRABALHAR NO CARNAVAL - Bahia Economica<\/title>\n<meta name=\"description\" content=\"O maior portal de Economia da Bahia EMPREGOS \/ CONCURSOS Bahia Economica A Prefeitura de Salvador abre inscri\u00e7\u00f5es, nesta ter\u00e7a-feira (9),\" \/>\n<meta name=\"robots\" content=\"index, follow, max-snippet:-1, max-image-preview:large, max-video-preview:-1\" \/>\n<link rel=\"canonical\" href=\"https:\/\/bahiaeconomica.com.br\/wp\/2024\/01\/09\/prefeitura-abre-78-vagas-temporarias-para-trabalhar-no-carnaval\/\" \/>\n<meta property=\"og:locale\" content=\"pt_BR\" \/>\n<meta property=\"og:type\" content=\"article\" \/>\n<meta property=\"og:title\" content=\"PREFEITURA ABRE 78 VAGAS TEMPOR\u00c1RIAS PARA TRABALHAR NO CARNAVAL - Bahia Economica\" \/>\n<meta property=\"og:description\" content=\"O maior portal de Economia da Bahia EMPREGOS \/ CONCURSOS Bahia Economica A Prefeitura de Salvador abre inscri\u00e7\u00f5es, nesta ter\u00e7a-feira (9),\" \/>\n<meta property=\"og:url\" content=\"https:\/\/bahiaeconomica.com.br\/wp\/2024\/01\/09\/prefeitura-abre-78-vagas-temporarias-para-trabalhar-no-carnaval\/\" \/>\n<meta property=\"og:site_name\" content=\"Bahia Economica\" \/>\n<meta property=\"article:publisher\" content=\"https:\/\/www.facebook.com\/bahiaeconomica\" \/>\n<meta property=\"article:published_time\" content=\"2024-01-09T13:45:17+00:00\" \/>\n<meta property=\"article:modified_time\" content=\"2024-01-09T13:41:34+00:00\" \/>\n<meta property=\"og:image\" content=\"https:\/\/bahiaeconomica.com.br\/wp\/wp-content\/uploads\/2024\/01\/Aao-da-SEMPRE_Carnaval-Salvador-2020_Foto_Jefferson-Peixoto_Secom_Pms-2-1-scaled.jpg\" \/>\n\t<meta property=\"og:image:width\" content=\"2560\" \/>\n\t<meta property=\"og:image:height\" content=\"1707\" \/>\n\t<meta property=\"og:image:type\" content=\"image\/jpeg\" \/>\n<meta name=\"author\" content=\"VICTORIA ISABEL\" \/>\n<meta name=\"twitter:card\" content=\"summary_large_image\" \/>\n<meta name=\"twitter:label1\" content=\"Escrito por\" \/>\n\t<meta name=\"twitter:data1\" content=\"VICTORIA ISABEL\" \/>\n\t<meta name=\"twitter:label2\" content=\"Est. tempo de leitura\" \/>\n\t<meta name=\"twitter:data2\" content=\"1 minuto\" \/>\n<script type=\"application\/ld+json\" class=\"yoast-schema-graph\">{\"@context\":\"https:\/\/schema.org\",\"@graph\":[{\"@type\":\"Article\",\"@id\":\"https:\/\/bahiaeconomica.com.br\/wp\/2024\/01\/09\/prefeitura-abre-78-vagas-temporarias-para-trabalhar-no-carnaval\/#article\",\"isPartOf\":{\"@id\":\"https:\/\/bahiaeconomica.com.br\/wp\/2024\/01\/09\/prefeitura-abre-78-vagas-temporarias-para-trabalhar-no-carnaval\/\"},\"author\":{\"name\":\"VICTORIA ISABEL\",\"@id\":\"https:\/\/bahiaeconomica.com.br\/wp\/#\/schema\/person\/b719ce0fb1c09f3c7a00d9243ced4a6f\"},\"headline\":\"PREFEITURA ABRE 78 VAGAS TEMPOR\u00c1RIAS PARA TRABALHAR NO CARNAVAL\",\"datePublished\":\"2024-01-09T13:45:17+00:00\",\"dateModified\":\"2024-01-09T13:41:34+00:00\",\"mainEntityOfPage\":{\"@id\":\"https:\/\/bahiaeconomica.com.br\/wp\/2024\/01\/09\/prefeitura-abre-78-vagas-temporarias-para-trabalhar-no-carnaval\/\"},\"wordCount\":187,\"publisher\":{\"@id\":\"https:\/\/bahiaeconomica.com.br\/wp\/#organization\"},\"keywords\":[\"CARNAVAL 2024\",\"inscri\u00e7\u00f5es\",\"Prefeitura de Salvador\",\"vagas tempor\u00e1rias\"],\"articleSection\":[\"EMPREGOS \/ CONCURSOS\"],\"inLanguage\":\"pt-BR\"},{\"@type\":\"WebPage\",\"@id\":\"https:\/\/bahiaeconomica.com.br\/wp\/2024\/01\/09\/prefeitura-abre-78-vagas-temporarias-para-trabalhar-no-carnaval\/\",\"url\":\"https:\/\/bahiaeconomica.com.br\/wp\/2024\/01\/09\/prefeitura-abre-78-vagas-temporarias-para-trabalhar-no-carnaval\/\",\"name\":\"PREFEITURA ABRE 78 VAGAS TEMPOR\u00c1RIAS PARA TRABALHAR NO CARNAVAL - Bahia Economica\",\"isPartOf\":{\"@id\":\"https:\/\/bahiaeconomica.com.br\/wp\/#website\"},\"datePublished\":\"2024-01-09T13:45:17+00:00\",\"dateModified\":\"2024-01-09T13:41:34+00:00\",\"description\":\"O maior portal de Economia da Bahia EMPREGOS \/ CONCURSOS Bahia Economica A Prefeitura de Salvador abre inscri\u00e7\u00f5es, nesta ter\u00e7a-feira (9),\",\"breadcrumb\":{\"@id\":\"https:\/\/bahiaeconomica.com.br\/wp\/2024\/01\/09\/prefeitura-abre-78-vagas-temporarias-para-trabalhar-no-carnaval\/#breadcrumb\"},\"inLanguage\":\"pt-BR\",\"potentialAction\":[{\"@type\":\"ReadAction\",\"target\":[\"https:\/\/bahiaeconomica.com.br\/wp\/2024\/01\/09\/prefeitura-abre-78-vagas-temporarias-para-trabalhar-no-carnaval\/\"]}]},{\"@type\":\"BreadcrumbList\",\"@id\":\"https:\/\/bahiaeconomica.com.br\/wp\/2024\/01\/09\/prefeitura-abre-78-vagas-temporarias-para-trabalhar-no-carnaval\/#breadcrumb\",\"itemListElement\":[{\"@type\":\"ListItem\",\"position\":1,\"name\":\"In\u00edcio\",\"item\":\"https:\/\/bahiaeconomica.com.br\/wp\/\"},{\"@type\":\"ListItem\",\"position\":2,\"name\":\"PREFEITURA ABRE 78 VAGAS TEMPOR\u00c1RIAS PARA TRABALHAR NO CARNAVAL\"}]},{\"@type\":\"WebSite\",\"@id\":\"https:\/\/bahiaeconomica.com.br\/wp\/#website\",\"url\":\"https:\/\/bahiaeconomica.com.br\/wp\/\",\"name\":\"Bahia Economica\",\"description\":\"O maior portal de Economia da Bahia\",\"publisher\":{\"@id\":\"https:\/\/bahiaeconomica.com.br\/wp\/#organization\"},\"potentialAction\":[{\"@type\":\"SearchAction\",\"target\":{\"@type\":\"EntryPoint\",\"urlTemplate\":\"https:\/\/bahiaeconomica.com.br\/wp\/?s={search_term_string}\"},\"query-input\":\"required name=search_term_string\"}],\"inLanguage\":\"pt-BR\"},{\"@type\":\"Organization\",\"@id\":\"https:\/\/bahiaeconomica.com.br\/wp\/#organization\",\"name\":\"Bahia Econ\u00f4mica\",\"url\":\"https:\/\/bahiaeconomica.com.br\/wp\/\",\"logo\":{\"@type\":\"ImageObject\",\"inLanguage\":\"pt-BR\",\"@id\":\"https:\/\/bahiaeconomica.com.br\/wp\/#\/schema\/logo\/image\/\",\"url\":\"https:\/\/bahiaeconomica.com.br\/wp\/wp-content\/uploads\/2020\/12\/cropped-BE.png\",\"contentUrl\":\"https:\/\/bahiaeconomica.com.br\/wp\/wp-content\/uploads\/2020\/12\/cropped-BE.png\",\"width\":512,\"height\":512,\"caption\":\"Bahia Econ\u00f4mica\"},\"image\":{\"@id\":\"https:\/\/bahiaeconomica.com.br\/wp\/#\/schema\/logo\/image\/\"},\"sameAs\":[\"https:\/\/www.facebook.com\/bahiaeconomica\"]},{\"@type\":\"Person\",\"@id\":\"https:\/\/bahiaeconomica.com.br\/wp\/#\/schema\/person\/b719ce0fb1c09f3c7a00d9243ced4a6f\",\"name\":\"VICTORIA ISABEL\",\"sameAs\":[\"http:\/\/www.bahiaeconomica.com.br\"],\"url\":\"https:\/\/bahiaeconomica.com.br\/wp\/author\/victoria-isabel\/\"}]}<\/script>\n<!-- \/ Yoast SEO plugin. -->","yoast_head_json":{"title":"PREFEITURA ABRE 78 VAGAS TEMPOR\u00c1RIAS PARA TRABALHAR NO CARNAVAL - Bahia Economica","description":"O maior portal de Economia da Bahia EMPREGOS \/ CONCURSOS Bahia Economica A Prefeitura de Salvador abre inscri\u00e7\u00f5es, nesta ter\u00e7a-feira (9),","robots":{"index":"index","follow":"follow","max-snippet":"max-snippet:-1","max-image-preview":"max-image-preview:large","max-video-preview":"max-video-preview:-1"},"canonical":"https:\/\/bahiaeconomica.com.br\/wp\/2024\/01\/09\/prefeitura-abre-78-vagas-temporarias-para-trabalhar-no-carnaval\/","og_locale":"pt_BR","og_type":"article","og_title":"PREFEITURA ABRE 78 VAGAS TEMPOR\u00c1RIAS PARA TRABALHAR NO CARNAVAL - Bahia Economica","og_description":"O maior portal de Economia da Bahia EMPREGOS \/ CONCURSOS Bahia Economica A Prefeitura de Salvador abre inscri\u00e7\u00f5es, nesta ter\u00e7a-feira (9),","og_url":"https:\/\/bahiaeconomica.com.br\/wp\/2024\/01\/09\/prefeitura-abre-78-vagas-temporarias-para-trabalhar-no-carnaval\/","og_site_name":"Bahia Economica","article_publisher":"https:\/\/www.facebook.com\/bahiaeconomica","article_published_time":"2024-01-09T13:45:17+00:00","article_modified_time":"2024-01-09T13:41:34+00:00","og_image":[{"width":2560,"height":1707,"url":"https:\/\/bahiaeconomica.com.br\/wp\/wp-content\/uploads\/2024\/01\/Aao-da-SEMPRE_Carnaval-Salvador-2020_Foto_Jefferson-Peixoto_Secom_Pms-2-1-scaled.jpg","type":"image\/jpeg"}],"author":"VICTORIA ISABEL","twitter_card":"summary_large_image","twitter_misc":{"Escrito por":"VICTORIA ISABEL","Est. tempo de leitura":"1 minuto"},"schema":{"@context":"https:\/\/schema.org","@graph":[{"@type":"Article","@id":"https:\/\/bahiaeconomica.com.br\/wp\/2024\/01\/09\/prefeitura-abre-78-vagas-temporarias-para-trabalhar-no-carnaval\/#article","isPartOf":{"@id":"https:\/\/bahiaeconomica.com.br\/wp\/2024\/01\/09\/prefeitura-abre-78-vagas-temporarias-para-trabalhar-no-carnaval\/"},"author":{"name":"VICTORIA ISABEL","@id":"https:\/\/bahiaeconomica.com.br\/wp\/#\/schema\/person\/b719ce0fb1c09f3c7a00d9243ced4a6f"},"headline":"PREFEITURA ABRE 78 VAGAS TEMPOR\u00c1RIAS PARA TRABALHAR NO CARNAVAL","datePublished":"2024-01-09T13:45:17+00:00","dateModified":"2024-01-09T13:41:34+00:00","mainEntityOfPage":{"@id":"https:\/\/bahiaeconomica.com.br\/wp\/2024\/01\/09\/prefeitura-abre-78-vagas-temporarias-para-trabalhar-no-carnaval\/"},"wordCount":187,"publisher":{"@id":"https:\/\/bahiaeconomica.com.br\/wp\/#organization"},"keywords":["CARNAVAL 2024","inscri\u00e7\u00f5es","Prefeitura de Salvador","vagas tempor\u00e1rias"],"articleSection":["EMPREGOS \/ CONCURSOS"],"inLanguage":"pt-BR"},{"@type":"WebPage","@id":"https:\/\/bahiaeconomica.com.br\/wp\/2024\/01\/09\/prefeitura-abre-78-vagas-temporarias-para-trabalhar-no-carnaval\/","url":"https:\/\/bahiaeconomica.com.br\/wp\/2024\/01\/09\/prefeitura-abre-78-vagas-temporarias-para-trabalhar-no-carnaval\/","name":"PREFEITURA ABRE 78 VAGAS TEMPOR\u00c1RIAS PARA TRABALHAR NO CARNAVAL - Bahia Economica","isPartOf":{"@id":"https:\/\/bahiaeconomica.com.br\/wp\/#website"},"datePublished":"2024-01-09T13:45:17+00:00","dateModified":"2024-01-09T13:41:34+00:00","description":"O maior portal de Economia da Bahia EMPREGOS \/ CONCURSOS Bahia Economica A Prefeitura de Salvador abre inscri\u00e7\u00f5es, nesta ter\u00e7a-feira (9),","breadcrumb":{"@id":"https:\/\/bahiaeconomica.com.br\/wp\/2024\/01\/09\/prefeitura-abre-78-vagas-temporarias-para-trabalhar-no-carnaval\/#breadcrumb"},"inLanguage":"pt-BR","potentialAction":[{"@type":"ReadAction","target":["https:\/\/bahiaeconomica.com.br\/wp\/2024\/01\/09\/prefeitura-abre-78-vagas-temporarias-para-trabalhar-no-carnaval\/"]}]},{"@type":"BreadcrumbList","@id":"https:\/\/bahiaeconomica.com.br\/wp\/2024\/01\/09\/prefeitura-abre-78-vagas-temporarias-para-trabalhar-no-carnaval\/#breadcrumb","itemListElement":[{"@type":"ListItem","position":1,"name":"In\u00edcio","item":"https:\/\/bahiaeconomica.com.br\/wp\/"},{"@type":"ListItem","position":2,"name":"PREFEITURA ABRE 78 VAGAS TEMPOR\u00c1RIAS PARA TRABALHAR NO CARNAVAL"}]},{"@type":"WebSite","@id":"https:\/\/bahiaeconomica.com.br\/wp\/#website","url":"https:\/\/bahiaeconomica.com.br\/wp\/","name":"Bahia Economica","description":"O maior portal de Economia da Bahia","publisher":{"@id":"https:\/\/bahiaeconomica.com.br\/wp\/#organization"},"potentialAction":[{"@type":"SearchAction","target":{"@type":"EntryPoint","urlTemplate":"https:\/\/bahiaeconomica.com.br\/wp\/?s={search_term_string}"},"query-input":"required name=search_term_string"}],"inLanguage":"pt-BR"},{"@type":"Organization","@id":"https:\/\/bahiaeconomica.com.br\/wp\/#organization","name":"Bahia Econ\u00f4mica","url":"https:\/\/bahiaeconomica.com.br\/wp\/","logo":{"@type":"ImageObject","inLanguage":"pt-BR","@id":"https:\/\/bahiaeconomica.com.br\/wp\/#\/schema\/logo\/image\/","url":"https:\/\/bahiaeconomica.com.br\/wp\/wp-content\/uploads\/2020\/12\/cropped-BE.png","contentUrl":"https:\/\/bahiaeconomica.com.br\/wp\/wp-content\/uploads\/2020\/12\/cropped-BE.png","width":512,"height":512,"caption":"Bahia Econ\u00f4mica"},"image":{"@id":"https:\/\/bahiaeconomica.com.br\/wp\/#\/schema\/logo\/image\/"},"sameAs":["https:\/\/www.facebook.com\/bahiaeconomica"]},{"@type":"Person","@id":"https:\/\/bahiaeconomica.com.br\/wp\/#\/schema\/person\/b719ce0fb1c09f3c7a00d9243ced4a6f","name":"VICTORIA ISABEL","sameAs":["http:\/\/www.bahiaeconomica.com.br"],"url":"https:\/\/bahiaeconomica.com.br\/wp\/author\/victoria-isabel\/"}]}},"views":60,"_links":{"self":[{"href":"https:\/\/bahiaeconomica.com.br\/wp\/wp-json\/wp\/v2\/posts\/789331"}],"collection":[{"href":"https:\/\/bahiaeconomica.com.br\/wp\/wp-json\/wp\/v2\/posts"}],"about":[{"href":"https:\/\/bahiaeconomica.com.br\/wp\/wp-json\/wp\/v2\/types\/post"}],"author":[{"embeddable":true,"href":"https:\/\/bahiaeconomica.com.br\/wp\/wp-json\/wp\/v2\/users\/15"}],"replies":[{"embeddable":true,"href":"https:\/\/bahiaeconomica.com.br\/wp\/wp-json\/wp\/v2\/comments?post=789331"}],"version-history":[{"count":1,"href":"https:\/\/bahiaeconomica.com.br\/wp\/wp-json\/wp\/v2\/posts\/789331\/revisions"}],"predecessor-version":[{"id":789333,"href":"https:\/\/bahiaeconomica.com.br\/wp\/wp-json\/wp\/v2\/posts\/789331\/revisions\/789333"}],"wp:featuredmedia":[{"embeddable":true,"href":"https:\/\/bahiaeconomica.com.br\/wp\/wp-json\/wp\/v2\/media\/789332"}],"wp:attachment":[{"href":"https:\/\/bahiaeconomica.com.br\/wp\/wp-json\/wp\/v2\/media?parent=789331"}],"wp:term":[{"taxonomy":"category","embeddable":true,"href":"https:\/\/bahiaeconomica.com.br\/wp\/wp-json\/wp\/v2\/categories?post=789331"},{"taxonomy":"post_tag","embeddable":true,"href":"https:\/\/bahiaeconomica.com.br\/wp\/wp-json\/wp\/v2\/tags?post=789331"}],"curies":[{"name":"wp","href":"https:\/\/api.w.org\/{rel}","templated":true}]}}