{"id":788512,"date":"2024-01-04T14:59:17","date_gmt":"2024-01-04T17:59:17","guid":{"rendered":"https:\/\/bahiaeconomica.com.br\/wp\/?p=788512"},"modified":"2024-01-04T14:59:17","modified_gmt":"2024-01-04T17:59:17","slug":"registra-de-armas-de-fogo-diminuiu-82-em-1-ano-no-brasil","status":"publish","type":"post","link":"https:\/\/bahiaeconomica.com.br\/wp\/2024\/01\/04\/registra-de-armas-de-fogo-diminuiu-82-em-1-ano-no-brasil\/","title":{"rendered":"REGISTRA DE ARMAS DE FOGO DIMINUIU 82% EM 1 ANO NO BRASIL"},"content":{"rendered":"<p>O registro de novas armas de fogo para defesa pessoal de pessoas que moram no Brasil diminuiu 2023. A redu\u00e7\u00e3o foi de aproximadamente 82% em rela\u00e7\u00e3o ao ano passado. De acordo com os dados do Sistema Nacional de Armas (Sinarm), no ano passado foram cadastradas 20.822 novas armas de fogo para defesa pessoal, n\u00famero bem inferior \u00e0s 111.044 armas que foram registradas em 2022.<\/p>\n<p>Segundo a Pol\u00edcia Federal (PF), esse \u00e9 o menor n\u00famero cadastrado de armas de fogo para uso de defesa pessoal desde 2004. Naquele ano, o \u00f3rg\u00e3o registrou 4.094 cadastros. As pistolas s\u00e3o as armas mais utilizadas por civis na PF, com 14.277 cadastros feitos em 2023. J\u00e1 as espingardas (2.309 registros) e os rifles (2.215).<\/p>\n<p>Em uma postagem publicada nesta quarta-feira (3), em suas redes sociais, o ministro da Justi\u00e7a e Seguran\u00e7a P\u00fablica, Fl\u00e1vio Dino, comentou sobre essa redu\u00e7\u00e3o nos registros de armas de fogo por civis e tamb\u00e9m sobre a diminui\u00e7\u00e3o do n\u00famero de crimes violentos letais intencionais. Ele diz que essa \u00e9 uma combina\u00e7\u00e3o \u201cmuito relevante\u201d para o pa\u00eds.<\/p>\n<p>\u201cIsso prova cientificamente que n\u00e3o \u00e9 a prolifera\u00e7\u00e3o irrespons\u00e1vel de armas que enfrenta a criminalidade. E sim pol\u00edcias equipadas, preparadas tecnicamente, com planejamento adequado. Sem esquecer, claro, o principal para novas e sustent\u00e1veis conquistas: pol\u00edticas de justi\u00e7a social, a exemplo de escolas de tempo integral\u201d, escreveu.<\/p>\n<p>(Portal A Tarde)<\/p>\n<p>&nbsp;<\/p>\n<p>&nbsp;<\/p>\n<p>Foto: \u00a0Rafael Martins<\/p>\n","protected":false},"excerpt":{"rendered":"<p>O registro de novas armas de fogo para defesa pessoal de pessoas que moram no Brasil diminuiu 2023. A redu\u00e7\u00e3o foi de aproximadamente 82% em rela\u00e7\u00e3o ao ano passado. De acordo com os dados do Sistema Nacional de Armas (Sinarm), no ano passado foram cadastradas 20.822 novas armas de fogo para defesa pessoal, n\u00famero bem [&hellip;]<\/p>\n","protected":false},"author":19,"featured_media":788515,"comment_status":"closed","ping_status":"closed","sticky":false,"template":"","format":"standard","meta":[],"categories":[14601],"tags":[3575,52,395,100,24888],"acf":[],"yoast_head":"<!-- This site is optimized with the Yoast SEO plugin v20.8 - https:\/\/yoast.com\/wordpress\/plugins\/seo\/ -->\n<title>REGISTRA DE ARMAS DE FOGO DIMINUIU 82% EM 1 ANO NO BRASIL - Bahia Economica<\/title>\n<meta name=\"description\" content=\"O maior portal de Economia da Bahia Pol\u00edtica Bahia Economica O registro de novas armas de fogo para defesa pessoal de pessoas\" \/>\n<meta name=\"robots\" content=\"index, follow, max-snippet:-1, max-image-preview:large, max-video-preview:-1\" \/>\n<link rel=\"canonical\" href=\"https:\/\/bahiaeconomica.com.br\/wp\/2024\/01\/04\/registra-de-armas-de-fogo-diminuiu-82-em-1-ano-no-brasil\/\" \/>\n<meta property=\"og:locale\" content=\"pt_BR\" \/>\n<meta property=\"og:type\" content=\"article\" \/>\n<meta property=\"og:title\" content=\"REGISTRA DE ARMAS DE FOGO DIMINUIU 82% EM 1 ANO NO BRASIL - Bahia Economica\" \/>\n<meta property=\"og:description\" content=\"O maior portal de Economia da Bahia Pol\u00edtica Bahia Economica O registro de novas armas de fogo para defesa pessoal de pessoas\" \/>\n<meta property=\"og:url\" content=\"https:\/\/bahiaeconomica.com.br\/wp\/2024\/01\/04\/registra-de-armas-de-fogo-diminuiu-82-em-1-ano-no-brasil\/\" \/>\n<meta property=\"og:site_name\" content=\"Bahia Economica\" \/>\n<meta property=\"article:publisher\" content=\"https:\/\/www.facebook.com\/bahiaeconomica\" \/>\n<meta property=\"article:published_time\" content=\"2024-01-04T17:59:17+00:00\" \/>\n<meta property=\"og:image\" content=\"https:\/\/bahiaeconomica.com.br\/wp\/wp-content\/uploads\/2024\/01\/Arma.webp\" \/>\n\t<meta property=\"og:image:width\" content=\"1198\" \/>\n\t<meta property=\"og:image:height\" content=\"799\" \/>\n\t<meta property=\"og:image:type\" content=\"image\/webp\" \/>\n<meta name=\"author\" content=\"LIZANDRA MUNIZ\" \/>\n<meta name=\"twitter:card\" content=\"summary_large_image\" \/>\n<meta name=\"twitter:label1\" content=\"Escrito por\" \/>\n\t<meta name=\"twitter:data1\" content=\"LIZANDRA MUNIZ\" \/>\n\t<meta name=\"twitter:label2\" content=\"Est. tempo de leitura\" \/>\n\t<meta name=\"twitter:data2\" content=\"2 minutos\" \/>\n<script type=\"application\/ld+json\" class=\"yoast-schema-graph\">{\"@context\":\"https:\/\/schema.org\",\"@graph\":[{\"@type\":\"Article\",\"@id\":\"https:\/\/bahiaeconomica.com.br\/wp\/2024\/01\/04\/registra-de-armas-de-fogo-diminuiu-82-em-1-ano-no-brasil\/#article\",\"isPartOf\":{\"@id\":\"https:\/\/bahiaeconomica.com.br\/wp\/2024\/01\/04\/registra-de-armas-de-fogo-diminuiu-82-em-1-ano-no-brasil\/\"},\"author\":{\"name\":\"LIZANDRA MUNIZ\",\"@id\":\"https:\/\/bahiaeconomica.com.br\/wp\/#\/schema\/person\/0868b18bbfdd29723e44135140f35148\"},\"headline\":\"REGISTRA DE ARMAS DE FOGO DIMINUIU 82% EM 1 ANO NO BRASIL\",\"datePublished\":\"2024-01-04T17:59:17+00:00\",\"dateModified\":\"2024-01-04T17:59:17+00:00\",\"mainEntityOfPage\":{\"@id\":\"https:\/\/bahiaeconomica.com.br\/wp\/2024\/01\/04\/registra-de-armas-de-fogo-diminuiu-82-em-1-ano-no-brasil\/\"},\"wordCount\":248,\"publisher\":{\"@id\":\"https:\/\/bahiaeconomica.com.br\/wp\/#organization\"},\"keywords\":[\"armas\",\"Brasil\",\"PF\",\"Pol\u00edtica\",\"Sinarm\"],\"articleSection\":[\"Pol\u00edtica\"],\"inLanguage\":\"pt-BR\"},{\"@type\":\"WebPage\",\"@id\":\"https:\/\/bahiaeconomica.com.br\/wp\/2024\/01\/04\/registra-de-armas-de-fogo-diminuiu-82-em-1-ano-no-brasil\/\",\"url\":\"https:\/\/bahiaeconomica.com.br\/wp\/2024\/01\/04\/registra-de-armas-de-fogo-diminuiu-82-em-1-ano-no-brasil\/\",\"name\":\"REGISTRA DE ARMAS DE FOGO DIMINUIU 82% EM 1 ANO NO BRASIL - Bahia Economica\",\"isPartOf\":{\"@id\":\"https:\/\/bahiaeconomica.com.br\/wp\/#website\"},\"datePublished\":\"2024-01-04T17:59:17+00:00\",\"dateModified\":\"2024-01-04T17:59:17+00:00\",\"description\":\"O maior portal de Economia da Bahia Pol\u00edtica Bahia Economica O registro de novas armas de fogo para defesa pessoal de pessoas\",\"breadcrumb\":{\"@id\":\"https:\/\/bahiaeconomica.com.br\/wp\/2024\/01\/04\/registra-de-armas-de-fogo-diminuiu-82-em-1-ano-no-brasil\/#breadcrumb\"},\"inLanguage\":\"pt-BR\",\"potentialAction\":[{\"@type\":\"ReadAction\",\"target\":[\"https:\/\/bahiaeconomica.com.br\/wp\/2024\/01\/04\/registra-de-armas-de-fogo-diminuiu-82-em-1-ano-no-brasil\/\"]}]},{\"@type\":\"BreadcrumbList\",\"@id\":\"https:\/\/bahiaeconomica.com.br\/wp\/2024\/01\/04\/registra-de-armas-de-fogo-diminuiu-82-em-1-ano-no-brasil\/#breadcrumb\",\"itemListElement\":[{\"@type\":\"ListItem\",\"position\":1,\"name\":\"In\u00edcio\",\"item\":\"https:\/\/bahiaeconomica.com.br\/wp\/\"},{\"@type\":\"ListItem\",\"position\":2,\"name\":\"REGISTRA DE ARMAS DE FOGO DIMINUIU 82% EM 1 ANO NO BRASIL\"}]},{\"@type\":\"WebSite\",\"@id\":\"https:\/\/bahiaeconomica.com.br\/wp\/#website\",\"url\":\"https:\/\/bahiaeconomica.com.br\/wp\/\",\"name\":\"Bahia Economica\",\"description\":\"O maior portal de Economia da Bahia\",\"publisher\":{\"@id\":\"https:\/\/bahiaeconomica.com.br\/wp\/#organization\"},\"potentialAction\":[{\"@type\":\"SearchAction\",\"target\":{\"@type\":\"EntryPoint\",\"urlTemplate\":\"https:\/\/bahiaeconomica.com.br\/wp\/?s={search_term_string}\"},\"query-input\":\"required name=search_term_string\"}],\"inLanguage\":\"pt-BR\"},{\"@type\":\"Organization\",\"@id\":\"https:\/\/bahiaeconomica.com.br\/wp\/#organization\",\"name\":\"Bahia Econ\u00f4mica\",\"url\":\"https:\/\/bahiaeconomica.com.br\/wp\/\",\"logo\":{\"@type\":\"ImageObject\",\"inLanguage\":\"pt-BR\",\"@id\":\"https:\/\/bahiaeconomica.com.br\/wp\/#\/schema\/logo\/image\/\",\"url\":\"https:\/\/bahiaeconomica.com.br\/wp\/wp-content\/uploads\/2020\/12\/cropped-BE.png\",\"contentUrl\":\"https:\/\/bahiaeconomica.com.br\/wp\/wp-content\/uploads\/2020\/12\/cropped-BE.png\",\"width\":512,\"height\":512,\"caption\":\"Bahia Econ\u00f4mica\"},\"image\":{\"@id\":\"https:\/\/bahiaeconomica.com.br\/wp\/#\/schema\/logo\/image\/\"},\"sameAs\":[\"https:\/\/www.facebook.com\/bahiaeconomica\"]},{\"@type\":\"Person\",\"@id\":\"https:\/\/bahiaeconomica.com.br\/wp\/#\/schema\/person\/0868b18bbfdd29723e44135140f35148\",\"name\":\"LIZANDRA MUNIZ\",\"sameAs\":[\"http:\/\/www.bahiaeconomica.com.br\"],\"url\":\"https:\/\/bahiaeconomica.com.br\/wp\/author\/lizandra-muniz\/\"}]}<\/script>\n<!-- \/ Yoast SEO plugin. -->","yoast_head_json":{"title":"REGISTRA DE ARMAS DE FOGO DIMINUIU 82% EM 1 ANO NO BRASIL - Bahia Economica","description":"O maior portal de Economia da Bahia Pol\u00edtica Bahia Economica O registro de novas armas de fogo para defesa pessoal de pessoas","robots":{"index":"index","follow":"follow","max-snippet":"max-snippet:-1","max-image-preview":"max-image-preview:large","max-video-preview":"max-video-preview:-1"},"canonical":"https:\/\/bahiaeconomica.com.br\/wp\/2024\/01\/04\/registra-de-armas-de-fogo-diminuiu-82-em-1-ano-no-brasil\/","og_locale":"pt_BR","og_type":"article","og_title":"REGISTRA DE ARMAS DE FOGO DIMINUIU 82% EM 1 ANO NO BRASIL - Bahia Economica","og_description":"O maior portal de Economia da Bahia Pol\u00edtica Bahia Economica O registro de novas armas de fogo para defesa pessoal de pessoas","og_url":"https:\/\/bahiaeconomica.com.br\/wp\/2024\/01\/04\/registra-de-armas-de-fogo-diminuiu-82-em-1-ano-no-brasil\/","og_site_name":"Bahia Economica","article_publisher":"https:\/\/www.facebook.com\/bahiaeconomica","article_published_time":"2024-01-04T17:59:17+00:00","og_image":[{"width":1198,"height":799,"url":"https:\/\/bahiaeconomica.com.br\/wp\/wp-content\/uploads\/2024\/01\/Arma.webp","type":"image\/webp"}],"author":"LIZANDRA MUNIZ","twitter_card":"summary_large_image","twitter_misc":{"Escrito por":"LIZANDRA MUNIZ","Est. tempo de leitura":"2 minutos"},"schema":{"@context":"https:\/\/schema.org","@graph":[{"@type":"Article","@id":"https:\/\/bahiaeconomica.com.br\/wp\/2024\/01\/04\/registra-de-armas-de-fogo-diminuiu-82-em-1-ano-no-brasil\/#article","isPartOf":{"@id":"https:\/\/bahiaeconomica.com.br\/wp\/2024\/01\/04\/registra-de-armas-de-fogo-diminuiu-82-em-1-ano-no-brasil\/"},"author":{"name":"LIZANDRA MUNIZ","@id":"https:\/\/bahiaeconomica.com.br\/wp\/#\/schema\/person\/0868b18bbfdd29723e44135140f35148"},"headline":"REGISTRA DE ARMAS DE FOGO DIMINUIU 82% EM 1 ANO NO BRASIL","datePublished":"2024-01-04T17:59:17+00:00","dateModified":"2024-01-04T17:59:17+00:00","mainEntityOfPage":{"@id":"https:\/\/bahiaeconomica.com.br\/wp\/2024\/01\/04\/registra-de-armas-de-fogo-diminuiu-82-em-1-ano-no-brasil\/"},"wordCount":248,"publisher":{"@id":"https:\/\/bahiaeconomica.com.br\/wp\/#organization"},"keywords":["armas","Brasil","PF","Pol\u00edtica","Sinarm"],"articleSection":["Pol\u00edtica"],"inLanguage":"pt-BR"},{"@type":"WebPage","@id":"https:\/\/bahiaeconomica.com.br\/wp\/2024\/01\/04\/registra-de-armas-de-fogo-diminuiu-82-em-1-ano-no-brasil\/","url":"https:\/\/bahiaeconomica.com.br\/wp\/2024\/01\/04\/registra-de-armas-de-fogo-diminuiu-82-em-1-ano-no-brasil\/","name":"REGISTRA DE ARMAS DE FOGO DIMINUIU 82% EM 1 ANO NO BRASIL - Bahia Economica","isPartOf":{"@id":"https:\/\/bahiaeconomica.com.br\/wp\/#website"},"datePublished":"2024-01-04T17:59:17+00:00","dateModified":"2024-01-04T17:59:17+00:00","description":"O maior portal de Economia da Bahia Pol\u00edtica Bahia Economica O registro de novas armas de fogo para defesa pessoal de pessoas","breadcrumb":{"@id":"https:\/\/bahiaeconomica.com.br\/wp\/2024\/01\/04\/registra-de-armas-de-fogo-diminuiu-82-em-1-ano-no-brasil\/#breadcrumb"},"inLanguage":"pt-BR","potentialAction":[{"@type":"ReadAction","target":["https:\/\/bahiaeconomica.com.br\/wp\/2024\/01\/04\/registra-de-armas-de-fogo-diminuiu-82-em-1-ano-no-brasil\/"]}]},{"@type":"BreadcrumbList","@id":"https:\/\/bahiaeconomica.com.br\/wp\/2024\/01\/04\/registra-de-armas-de-fogo-diminuiu-82-em-1-ano-no-brasil\/#breadcrumb","itemListElement":[{"@type":"ListItem","position":1,"name":"In\u00edcio","item":"https:\/\/bahiaeconomica.com.br\/wp\/"},{"@type":"ListItem","position":2,"name":"REGISTRA DE ARMAS DE FOGO DIMINUIU 82% EM 1 ANO NO BRASIL"}]},{"@type":"WebSite","@id":"https:\/\/bahiaeconomica.com.br\/wp\/#website","url":"https:\/\/bahiaeconomica.com.br\/wp\/","name":"Bahia Economica","description":"O maior portal de Economia da Bahia","publisher":{"@id":"https:\/\/bahiaeconomica.com.br\/wp\/#organization"},"potentialAction":[{"@type":"SearchAction","target":{"@type":"EntryPoint","urlTemplate":"https:\/\/bahiaeconomica.com.br\/wp\/?s={search_term_string}"},"query-input":"required name=search_term_string"}],"inLanguage":"pt-BR"},{"@type":"Organization","@id":"https:\/\/bahiaeconomica.com.br\/wp\/#organization","name":"Bahia Econ\u00f4mica","url":"https:\/\/bahiaeconomica.com.br\/wp\/","logo":{"@type":"ImageObject","inLanguage":"pt-BR","@id":"https:\/\/bahiaeconomica.com.br\/wp\/#\/schema\/logo\/image\/","url":"https:\/\/bahiaeconomica.com.br\/wp\/wp-content\/uploads\/2020\/12\/cropped-BE.png","contentUrl":"https:\/\/bahiaeconomica.com.br\/wp\/wp-content\/uploads\/2020\/12\/cropped-BE.png","width":512,"height":512,"caption":"Bahia Econ\u00f4mica"},"image":{"@id":"https:\/\/bahiaeconomica.com.br\/wp\/#\/schema\/logo\/image\/"},"sameAs":["https:\/\/www.facebook.com\/bahiaeconomica"]},{"@type":"Person","@id":"https:\/\/bahiaeconomica.com.br\/wp\/#\/schema\/person\/0868b18bbfdd29723e44135140f35148","name":"LIZANDRA MUNIZ","sameAs":["http:\/\/www.bahiaeconomica.com.br"],"url":"https:\/\/bahiaeconomica.com.br\/wp\/author\/lizandra-muniz\/"}]}},"views":7,"_links":{"self":[{"href":"https:\/\/bahiaeconomica.com.br\/wp\/wp-json\/wp\/v2\/posts\/788512"}],"collection":[{"href":"https:\/\/bahiaeconomica.com.br\/wp\/wp-json\/wp\/v2\/posts"}],"about":[{"href":"https:\/\/bahiaeconomica.com.br\/wp\/wp-json\/wp\/v2\/types\/post"}],"author":[{"embeddable":true,"href":"https:\/\/bahiaeconomica.com.br\/wp\/wp-json\/wp\/v2\/users\/19"}],"replies":[{"embeddable":true,"href":"https:\/\/bahiaeconomica.com.br\/wp\/wp-json\/wp\/v2\/comments?post=788512"}],"version-history":[{"count":1,"href":"https:\/\/bahiaeconomica.com.br\/wp\/wp-json\/wp\/v2\/posts\/788512\/revisions"}],"predecessor-version":[{"id":788517,"href":"https:\/\/bahiaeconomica.com.br\/wp\/wp-json\/wp\/v2\/posts\/788512\/revisions\/788517"}],"wp:featuredmedia":[{"embeddable":true,"href":"https:\/\/bahiaeconomica.com.br\/wp\/wp-json\/wp\/v2\/media\/788515"}],"wp:attachment":[{"href":"https:\/\/bahiaeconomica.com.br\/wp\/wp-json\/wp\/v2\/media?parent=788512"}],"wp:term":[{"taxonomy":"category","embeddable":true,"href":"https:\/\/bahiaeconomica.com.br\/wp\/wp-json\/wp\/v2\/categories?post=788512"},{"taxonomy":"post_tag","embeddable":true,"href":"https:\/\/bahiaeconomica.com.br\/wp\/wp-json\/wp\/v2\/tags?post=788512"}],"curies":[{"name":"wp","href":"https:\/\/api.w.org\/{rel}","templated":true}]}}