{"id":788477,"date":"2024-01-04T13:20:51","date_gmt":"2024-01-04T16:20:51","guid":{"rendered":"https:\/\/bahiaeconomica.com.br\/wp\/?p=788477"},"modified":"2024-01-04T13:43:18","modified_gmt":"2024-01-04T16:43:18","slug":"vitorio-lembra-pressao-de-rui-sobre-atraso-nas-contas-do-estado-em-2017","status":"publish","type":"post","link":"https:\/\/bahiaeconomica.com.br\/wp\/2024\/01\/04\/vitorio-lembra-pressao-de-rui-sobre-atraso-nas-contas-do-estado-em-2017\/","title":{"rendered":"VIT\u00d3RIO LEMBRA PRESS\u00c3O DE RUI SOBRE ATRASO NAS CONTAS DO ESTADO EM 2017"},"content":{"rendered":"<p>Em 2017, no governo de Michel Temer, o Banco do Brasil demorou mais de quatro meses para liberar um empr\u00e9stimo de R$ 600 mil ao estado da Bahia. Mesmo com o cumprimento de todas as etapas do processo, a institui\u00e7\u00e3o se recusou a liberar o recurso e o valor s\u00f3 foi repassado ap\u00f3s determina\u00e7\u00e3o da Justi\u00e7a. O assunto foi comentado pelo secret\u00e1rio da Fazenda da Bahia, Manoel Vit\u00f3rio, nesta quinta-feira (4), em entrevista a R\u00e1dio Metropole. L\u00edder da pasta desde ent\u00e3o, Vit\u00f3rio revelou que ap\u00f3s a repercuss\u00e3o na imprensa e decis\u00e3o judicial, o presidente da institui\u00e7\u00e3o o procurou com o pedido de \u201caliviar\u201d a situa\u00e7\u00e3o.<\/p>\n<p>\u201cNa hora de liberar o dinheiro, algumas for\u00e7as ocultas atuaram e eles seguraram. J\u00e1 est\u00e1vamos para fazer uma queixa ao pr\u00f3prio Banco Central. Lembro que falei com o presidente do banco e disse: meu amigo voc\u00ea vai correr esse risco? No dia que liberou, ele veio pessoalmente \u00e0 Bahia e pediu para falar comigo, que n\u00e3o tivesse ningu\u00e9m da imprensa. Ele estava muito nervoso, porque as consequ\u00eancias s\u00e3o pessoais. Ele meio que veio pedir para aliviar, liberou o recurso e estava muito preocupado\u201d, declarou.<\/p>\n<p>Vit\u00f3rio relembrou ainda que as dificuldades foram vividas at\u00e9 2022, com o final do governo de Jair Bolsonaro. Ele ressaltou que enxerga a Bahia como uma pot\u00eancia nacional, por ter se mantido firme durante todo o per\u00edodo. \u201cNesse per\u00edodo todo ficamos \u00e0 m\u00edngua, o que nos salvou foi a qualidade do gasto p\u00fablico, associada a melhoria da performance do fisco, fez com que a gente conseguisse conter o custeio e dentro da nossa pr\u00f3pria arrecada\u00e7\u00e3o financiar os investimentos\u201d, disse.<\/p>\n<p>Foto: Fernanda Vilas\/Metropress<\/p>\n","protected":false},"excerpt":{"rendered":"<p>Em 2017, no governo de Michel Temer, o Banco do Brasil demorou mais de quatro meses para liberar um empr\u00e9stimo de R$ 600 mil ao estado da Bahia. Mesmo com o cumprimento de todas as etapas do processo, a institui\u00e7\u00e3o se recusou a liberar o recurso e o valor s\u00f3 foi repassado ap\u00f3s determina\u00e7\u00e3o da [&hellip;]<\/p>\n","protected":false},"author":8,"featured_media":788478,"comment_status":"closed","ping_status":"closed","sticky":false,"template":"","format":"standard","meta":[],"categories":[3],"tags":[52,23457,100,13791],"acf":[],"yoast_head":"<!-- This site is optimized with the Yoast SEO plugin v20.8 - https:\/\/yoast.com\/wordpress\/plugins\/seo\/ -->\n<title>VIT\u00d3RIO LEMBRA PRESS\u00c3O DE RUI SOBRE ATRASO NAS CONTAS DO ESTADO EM 2017 - Bahia Economica<\/title>\n<meta name=\"description\" content=\"O maior portal de Economia da Bahia ECONOMIA \/ POL\u00cdTICA Bahia Economica Em 2017, no governo de Michel Temer, o Banco do Brasil demorou\" \/>\n<meta name=\"robots\" content=\"index, follow, max-snippet:-1, max-image-preview:large, max-video-preview:-1\" \/>\n<link rel=\"canonical\" href=\"https:\/\/bahiaeconomica.com.br\/wp\/2024\/01\/04\/vitorio-lembra-pressao-de-rui-sobre-atraso-nas-contas-do-estado-em-2017\/\" \/>\n<meta property=\"og:locale\" content=\"pt_BR\" \/>\n<meta property=\"og:type\" content=\"article\" \/>\n<meta property=\"og:title\" content=\"VIT\u00d3RIO LEMBRA PRESS\u00c3O DE RUI SOBRE ATRASO NAS CONTAS DO ESTADO EM 2017 - Bahia Economica\" \/>\n<meta property=\"og:description\" content=\"O maior portal de Economia da Bahia ECONOMIA \/ POL\u00cdTICA Bahia Economica Em 2017, no governo de Michel Temer, o Banco do Brasil demorou\" \/>\n<meta property=\"og:url\" content=\"https:\/\/bahiaeconomica.com.br\/wp\/2024\/01\/04\/vitorio-lembra-pressao-de-rui-sobre-atraso-nas-contas-do-estado-em-2017\/\" \/>\n<meta property=\"og:site_name\" content=\"Bahia Economica\" \/>\n<meta property=\"article:publisher\" content=\"https:\/\/www.facebook.com\/bahiaeconomica\" \/>\n<meta property=\"article:published_time\" content=\"2024-01-04T16:20:51+00:00\" \/>\n<meta property=\"article:modified_time\" content=\"2024-01-04T16:43:18+00:00\" \/>\n<meta property=\"og:image\" content=\"https:\/\/bahiaeconomica.com.br\/wp\/wp-content\/uploads\/2024\/01\/144893pediu-para-aliviar-relembra-vitorio-sobre-recuo-do-banco-do-brasil-para-liberar-emprestimo-3.jpg\" \/>\n\t<meta property=\"og:image:width\" content=\"1600\" \/>\n\t<meta property=\"og:image:height\" content=\"752\" \/>\n\t<meta property=\"og:image:type\" content=\"image\/jpeg\" \/>\n<meta name=\"author\" content=\"JP\" \/>\n<meta name=\"twitter:card\" content=\"summary_large_image\" \/>\n<meta name=\"twitter:label1\" content=\"Escrito por\" \/>\n\t<meta name=\"twitter:data1\" content=\"JP\" \/>\n\t<meta name=\"twitter:label2\" content=\"Est. tempo de leitura\" \/>\n\t<meta name=\"twitter:data2\" content=\"2 minutos\" \/>\n<script type=\"application\/ld+json\" class=\"yoast-schema-graph\">{\"@context\":\"https:\/\/schema.org\",\"@graph\":[{\"@type\":\"Article\",\"@id\":\"https:\/\/bahiaeconomica.com.br\/wp\/2024\/01\/04\/vitorio-lembra-pressao-de-rui-sobre-atraso-nas-contas-do-estado-em-2017\/#article\",\"isPartOf\":{\"@id\":\"https:\/\/bahiaeconomica.com.br\/wp\/2024\/01\/04\/vitorio-lembra-pressao-de-rui-sobre-atraso-nas-contas-do-estado-em-2017\/\"},\"author\":{\"name\":\"JP\",\"@id\":\"https:\/\/bahiaeconomica.com.br\/wp\/#\/schema\/person\/c86d3a3f8960425a0f9d0e5245991f4e\"},\"headline\":\"VIT\u00d3RIO LEMBRA PRESS\u00c3O DE RUI SOBRE ATRASO NAS CONTAS DO ESTADO EM 2017\",\"datePublished\":\"2024-01-04T16:20:51+00:00\",\"dateModified\":\"2024-01-04T16:43:18+00:00\",\"mainEntityOfPage\":{\"@id\":\"https:\/\/bahiaeconomica.com.br\/wp\/2024\/01\/04\/vitorio-lembra-pressao-de-rui-sobre-atraso-nas-contas-do-estado-em-2017\/\"},\"wordCount\":311,\"publisher\":{\"@id\":\"https:\/\/bahiaeconomica.com.br\/wp\/#organization\"},\"keywords\":[\"Brasil\",\"manoel\",\"Pol\u00edtica\",\"Vit\u00f3rio\"],\"articleSection\":[\"ECONOMIA \/ POL\u00cdTICA\"],\"inLanguage\":\"pt-BR\"},{\"@type\":\"WebPage\",\"@id\":\"https:\/\/bahiaeconomica.com.br\/wp\/2024\/01\/04\/vitorio-lembra-pressao-de-rui-sobre-atraso-nas-contas-do-estado-em-2017\/\",\"url\":\"https:\/\/bahiaeconomica.com.br\/wp\/2024\/01\/04\/vitorio-lembra-pressao-de-rui-sobre-atraso-nas-contas-do-estado-em-2017\/\",\"name\":\"VIT\u00d3RIO LEMBRA PRESS\u00c3O DE RUI SOBRE ATRASO NAS CONTAS DO ESTADO EM 2017 - Bahia Economica\",\"isPartOf\":{\"@id\":\"https:\/\/bahiaeconomica.com.br\/wp\/#website\"},\"datePublished\":\"2024-01-04T16:20:51+00:00\",\"dateModified\":\"2024-01-04T16:43:18+00:00\",\"description\":\"O maior portal de Economia da Bahia ECONOMIA \/ POL\u00cdTICA Bahia Economica Em 2017, no governo de Michel Temer, o Banco do Brasil demorou\",\"breadcrumb\":{\"@id\":\"https:\/\/bahiaeconomica.com.br\/wp\/2024\/01\/04\/vitorio-lembra-pressao-de-rui-sobre-atraso-nas-contas-do-estado-em-2017\/#breadcrumb\"},\"inLanguage\":\"pt-BR\",\"potentialAction\":[{\"@type\":\"ReadAction\",\"target\":[\"https:\/\/bahiaeconomica.com.br\/wp\/2024\/01\/04\/vitorio-lembra-pressao-de-rui-sobre-atraso-nas-contas-do-estado-em-2017\/\"]}]},{\"@type\":\"BreadcrumbList\",\"@id\":\"https:\/\/bahiaeconomica.com.br\/wp\/2024\/01\/04\/vitorio-lembra-pressao-de-rui-sobre-atraso-nas-contas-do-estado-em-2017\/#breadcrumb\",\"itemListElement\":[{\"@type\":\"ListItem\",\"position\":1,\"name\":\"In\u00edcio\",\"item\":\"https:\/\/bahiaeconomica.com.br\/wp\/\"},{\"@type\":\"ListItem\",\"position\":2,\"name\":\"VIT\u00d3RIO LEMBRA PRESS\u00c3O DE RUI SOBRE ATRASO NAS CONTAS DO ESTADO EM 2017\"}]},{\"@type\":\"WebSite\",\"@id\":\"https:\/\/bahiaeconomica.com.br\/wp\/#website\",\"url\":\"https:\/\/bahiaeconomica.com.br\/wp\/\",\"name\":\"Bahia Economica\",\"description\":\"O maior portal de Economia da Bahia\",\"publisher\":{\"@id\":\"https:\/\/bahiaeconomica.com.br\/wp\/#organization\"},\"potentialAction\":[{\"@type\":\"SearchAction\",\"target\":{\"@type\":\"EntryPoint\",\"urlTemplate\":\"https:\/\/bahiaeconomica.com.br\/wp\/?s={search_term_string}\"},\"query-input\":\"required name=search_term_string\"}],\"inLanguage\":\"pt-BR\"},{\"@type\":\"Organization\",\"@id\":\"https:\/\/bahiaeconomica.com.br\/wp\/#organization\",\"name\":\"Bahia Econ\u00f4mica\",\"url\":\"https:\/\/bahiaeconomica.com.br\/wp\/\",\"logo\":{\"@type\":\"ImageObject\",\"inLanguage\":\"pt-BR\",\"@id\":\"https:\/\/bahiaeconomica.com.br\/wp\/#\/schema\/logo\/image\/\",\"url\":\"https:\/\/bahiaeconomica.com.br\/wp\/wp-content\/uploads\/2020\/12\/cropped-BE.png\",\"contentUrl\":\"https:\/\/bahiaeconomica.com.br\/wp\/wp-content\/uploads\/2020\/12\/cropped-BE.png\",\"width\":512,\"height\":512,\"caption\":\"Bahia Econ\u00f4mica\"},\"image\":{\"@id\":\"https:\/\/bahiaeconomica.com.br\/wp\/#\/schema\/logo\/image\/\"},\"sameAs\":[\"https:\/\/www.facebook.com\/bahiaeconomica\"]},{\"@type\":\"Person\",\"@id\":\"https:\/\/bahiaeconomica.com.br\/wp\/#\/schema\/person\/c86d3a3f8960425a0f9d0e5245991f4e\",\"name\":\"JP\",\"sameAs\":[\"https:\/\/bahiaeconomica.com.br\/wp\/beta\/\"],\"url\":\"https:\/\/bahiaeconomica.com.br\/wp\/author\/jp\/\"}]}<\/script>\n<!-- \/ Yoast SEO plugin. -->","yoast_head_json":{"title":"VIT\u00d3RIO LEMBRA PRESS\u00c3O DE RUI SOBRE ATRASO NAS CONTAS DO ESTADO EM 2017 - Bahia Economica","description":"O maior portal de Economia da Bahia ECONOMIA \/ POL\u00cdTICA Bahia Economica Em 2017, no governo de Michel Temer, o Banco do Brasil demorou","robots":{"index":"index","follow":"follow","max-snippet":"max-snippet:-1","max-image-preview":"max-image-preview:large","max-video-preview":"max-video-preview:-1"},"canonical":"https:\/\/bahiaeconomica.com.br\/wp\/2024\/01\/04\/vitorio-lembra-pressao-de-rui-sobre-atraso-nas-contas-do-estado-em-2017\/","og_locale":"pt_BR","og_type":"article","og_title":"VIT\u00d3RIO LEMBRA PRESS\u00c3O DE RUI SOBRE ATRASO NAS CONTAS DO ESTADO EM 2017 - Bahia Economica","og_description":"O maior portal de Economia da Bahia ECONOMIA \/ POL\u00cdTICA Bahia Economica Em 2017, no governo de Michel Temer, o Banco do Brasil demorou","og_url":"https:\/\/bahiaeconomica.com.br\/wp\/2024\/01\/04\/vitorio-lembra-pressao-de-rui-sobre-atraso-nas-contas-do-estado-em-2017\/","og_site_name":"Bahia Economica","article_publisher":"https:\/\/www.facebook.com\/bahiaeconomica","article_published_time":"2024-01-04T16:20:51+00:00","article_modified_time":"2024-01-04T16:43:18+00:00","og_image":[{"width":1600,"height":752,"url":"https:\/\/bahiaeconomica.com.br\/wp\/wp-content\/uploads\/2024\/01\/144893pediu-para-aliviar-relembra-vitorio-sobre-recuo-do-banco-do-brasil-para-liberar-emprestimo-3.jpg","type":"image\/jpeg"}],"author":"JP","twitter_card":"summary_large_image","twitter_misc":{"Escrito por":"JP","Est. tempo de leitura":"2 minutos"},"schema":{"@context":"https:\/\/schema.org","@graph":[{"@type":"Article","@id":"https:\/\/bahiaeconomica.com.br\/wp\/2024\/01\/04\/vitorio-lembra-pressao-de-rui-sobre-atraso-nas-contas-do-estado-em-2017\/#article","isPartOf":{"@id":"https:\/\/bahiaeconomica.com.br\/wp\/2024\/01\/04\/vitorio-lembra-pressao-de-rui-sobre-atraso-nas-contas-do-estado-em-2017\/"},"author":{"name":"JP","@id":"https:\/\/bahiaeconomica.com.br\/wp\/#\/schema\/person\/c86d3a3f8960425a0f9d0e5245991f4e"},"headline":"VIT\u00d3RIO LEMBRA PRESS\u00c3O DE RUI SOBRE ATRASO NAS CONTAS DO ESTADO EM 2017","datePublished":"2024-01-04T16:20:51+00:00","dateModified":"2024-01-04T16:43:18+00:00","mainEntityOfPage":{"@id":"https:\/\/bahiaeconomica.com.br\/wp\/2024\/01\/04\/vitorio-lembra-pressao-de-rui-sobre-atraso-nas-contas-do-estado-em-2017\/"},"wordCount":311,"publisher":{"@id":"https:\/\/bahiaeconomica.com.br\/wp\/#organization"},"keywords":["Brasil","manoel","Pol\u00edtica","Vit\u00f3rio"],"articleSection":["ECONOMIA \/ POL\u00cdTICA"],"inLanguage":"pt-BR"},{"@type":"WebPage","@id":"https:\/\/bahiaeconomica.com.br\/wp\/2024\/01\/04\/vitorio-lembra-pressao-de-rui-sobre-atraso-nas-contas-do-estado-em-2017\/","url":"https:\/\/bahiaeconomica.com.br\/wp\/2024\/01\/04\/vitorio-lembra-pressao-de-rui-sobre-atraso-nas-contas-do-estado-em-2017\/","name":"VIT\u00d3RIO LEMBRA PRESS\u00c3O DE RUI SOBRE ATRASO NAS CONTAS DO ESTADO EM 2017 - Bahia Economica","isPartOf":{"@id":"https:\/\/bahiaeconomica.com.br\/wp\/#website"},"datePublished":"2024-01-04T16:20:51+00:00","dateModified":"2024-01-04T16:43:18+00:00","description":"O maior portal de Economia da Bahia ECONOMIA \/ POL\u00cdTICA Bahia Economica Em 2017, no governo de Michel Temer, o Banco do Brasil demorou","breadcrumb":{"@id":"https:\/\/bahiaeconomica.com.br\/wp\/2024\/01\/04\/vitorio-lembra-pressao-de-rui-sobre-atraso-nas-contas-do-estado-em-2017\/#breadcrumb"},"inLanguage":"pt-BR","potentialAction":[{"@type":"ReadAction","target":["https:\/\/bahiaeconomica.com.br\/wp\/2024\/01\/04\/vitorio-lembra-pressao-de-rui-sobre-atraso-nas-contas-do-estado-em-2017\/"]}]},{"@type":"BreadcrumbList","@id":"https:\/\/bahiaeconomica.com.br\/wp\/2024\/01\/04\/vitorio-lembra-pressao-de-rui-sobre-atraso-nas-contas-do-estado-em-2017\/#breadcrumb","itemListElement":[{"@type":"ListItem","position":1,"name":"In\u00edcio","item":"https:\/\/bahiaeconomica.com.br\/wp\/"},{"@type":"ListItem","position":2,"name":"VIT\u00d3RIO LEMBRA PRESS\u00c3O DE RUI SOBRE ATRASO NAS CONTAS DO ESTADO EM 2017"}]},{"@type":"WebSite","@id":"https:\/\/bahiaeconomica.com.br\/wp\/#website","url":"https:\/\/bahiaeconomica.com.br\/wp\/","name":"Bahia Economica","description":"O maior portal de Economia da Bahia","publisher":{"@id":"https:\/\/bahiaeconomica.com.br\/wp\/#organization"},"potentialAction":[{"@type":"SearchAction","target":{"@type":"EntryPoint","urlTemplate":"https:\/\/bahiaeconomica.com.br\/wp\/?s={search_term_string}"},"query-input":"required name=search_term_string"}],"inLanguage":"pt-BR"},{"@type":"Organization","@id":"https:\/\/bahiaeconomica.com.br\/wp\/#organization","name":"Bahia Econ\u00f4mica","url":"https:\/\/bahiaeconomica.com.br\/wp\/","logo":{"@type":"ImageObject","inLanguage":"pt-BR","@id":"https:\/\/bahiaeconomica.com.br\/wp\/#\/schema\/logo\/image\/","url":"https:\/\/bahiaeconomica.com.br\/wp\/wp-content\/uploads\/2020\/12\/cropped-BE.png","contentUrl":"https:\/\/bahiaeconomica.com.br\/wp\/wp-content\/uploads\/2020\/12\/cropped-BE.png","width":512,"height":512,"caption":"Bahia Econ\u00f4mica"},"image":{"@id":"https:\/\/bahiaeconomica.com.br\/wp\/#\/schema\/logo\/image\/"},"sameAs":["https:\/\/www.facebook.com\/bahiaeconomica"]},{"@type":"Person","@id":"https:\/\/bahiaeconomica.com.br\/wp\/#\/schema\/person\/c86d3a3f8960425a0f9d0e5245991f4e","name":"JP","sameAs":["https:\/\/bahiaeconomica.com.br\/wp\/beta\/"],"url":"https:\/\/bahiaeconomica.com.br\/wp\/author\/jp\/"}]}},"views":17,"_links":{"self":[{"href":"https:\/\/bahiaeconomica.com.br\/wp\/wp-json\/wp\/v2\/posts\/788477"}],"collection":[{"href":"https:\/\/bahiaeconomica.com.br\/wp\/wp-json\/wp\/v2\/posts"}],"about":[{"href":"https:\/\/bahiaeconomica.com.br\/wp\/wp-json\/wp\/v2\/types\/post"}],"author":[{"embeddable":true,"href":"https:\/\/bahiaeconomica.com.br\/wp\/wp-json\/wp\/v2\/users\/8"}],"replies":[{"embeddable":true,"href":"https:\/\/bahiaeconomica.com.br\/wp\/wp-json\/wp\/v2\/comments?post=788477"}],"version-history":[{"count":1,"href":"https:\/\/bahiaeconomica.com.br\/wp\/wp-json\/wp\/v2\/posts\/788477\/revisions"}],"predecessor-version":[{"id":788479,"href":"https:\/\/bahiaeconomica.com.br\/wp\/wp-json\/wp\/v2\/posts\/788477\/revisions\/788479"}],"wp:featuredmedia":[{"embeddable":true,"href":"https:\/\/bahiaeconomica.com.br\/wp\/wp-json\/wp\/v2\/media\/788478"}],"wp:attachment":[{"href":"https:\/\/bahiaeconomica.com.br\/wp\/wp-json\/wp\/v2\/media?parent=788477"}],"wp:term":[{"taxonomy":"category","embeddable":true,"href":"https:\/\/bahiaeconomica.com.br\/wp\/wp-json\/wp\/v2\/categories?post=788477"},{"taxonomy":"post_tag","embeddable":true,"href":"https:\/\/bahiaeconomica.com.br\/wp\/wp-json\/wp\/v2\/tags?post=788477"}],"curies":[{"name":"wp","href":"https:\/\/api.w.org\/{rel}","templated":true}]}}