{"id":787719,"date":"2023-12-31T07:58:12","date_gmt":"2023-12-31T10:58:12","guid":{"rendered":"https:\/\/bahiaeconomica.com.br\/wp\/?p=787719"},"modified":"2023-12-30T18:04:33","modified_gmt":"2023-12-30T21:04:33","slug":"ministros-marcam-presenca-na-segunda-noite-do-festival-virada-salvador","status":"publish","type":"post","link":"https:\/\/bahiaeconomica.com.br\/wp\/2023\/12\/31\/ministros-marcam-presenca-na-segunda-noite-do-festival-virada-salvador\/","title":{"rendered":"MINISTROS MARCAM PRESEN\u00c7A NA SEGUNDA NOITE DO FESTIVAL VIRADA SALVADOR"},"content":{"rendered":"<p>Os ministros do Turismo, Celso Sabino, e das Comunica\u00e7\u00f5es, Juscelino Filho, marcaram presen\u00e7a no Festival Virada Salvador na Arena Daniela Mercury, na orla da Boca do Rio, que aconteceu na noite da sexta-feira, 29. Eles acompanharam as atra\u00e7\u00f5es ao lado do prefeito Bruno Reis (Uni\u00e3o) e elogiaram a organiza\u00e7\u00e3o do evento.<\/p>\n<p>\u201cSalvador \u00e9 uma cidade maravilhosa, um dos principais atrativos tur\u00edsticos do pa\u00eds. Tem crescido muito. E o governo federal est\u00e1 muito entusiasmado com o potencial tur\u00edstico de toda a Bahia e, claro, aqui de Salvador. Por isso, hoje estamos aqui para participar deste festival, que \u00e9 um dos maiores do Brasil, para festejar a virada de 2023 para 2024\u201d, declarou o ministro do Turismo.<\/p>\n<p>Sabino ressaltou que o festival conta com apoio do Minist\u00e9rio do Turismo e destacou que o evento atrai visitantes de todo o pa\u00eds e do mundo. \u201cSalvador \u00e9 conhecida pela hospitalidade de seu povo, a Bahia \u00e9 conhecida pelos grandes atrativos tur\u00edsticos, pelas belas praias, e eventos que como esse, que movimentam a cultura do Brasil, ajudam a trazer brasileiros e estrangeiros de v\u00e1rias partes do mundo para Salvador\u201d, salientou.<\/p>\n<p>J\u00e1 o ministro Juscelino pontuou que j\u00e1 participou de outras edi\u00e7\u00f5es do evento e que o festival vem crescendo a cada ano. \u201cAlegria de retornar \u00e0 Bahia, essa terra acolhedora, para este grande festival. Eu j\u00e1 participei de outros festivais da virada aqui e sei o quanto essa festa se torna cada vez maior. Quero aqui parabenizar a toda a organiza\u00e7\u00e3o do evento\u201d, disse.<\/p>\n<p>O prefeito Bruno Reis agradeceu a presen\u00e7a dos ministros e disse que sempre buscar\u00e1 parcerias para seguir transformando Salvador. \u201cA gente fica muito feliz com a presen\u00e7a dos ministros no Festival Virada Salvador e pelo comprometimento em fortalecer a colabora\u00e7\u00e3o entre os governos, visando a implementa\u00e7\u00e3o de iniciativas que potencializem n\u00e3o apenas eventos culturais, mas tamb\u00e9m programas e a\u00e7\u00f5es que melhorem a qualidade de vida do povo de Salvador. N\u00f3s estamos realizando o maior evento de R\u00e9veillon do pa\u00eds, que virou um grande case de sucesso no Brasil\u201d, afirmou.<\/p>\n<p>Foto: Valter Pontes\/ Secom PMS<\/p>\n","protected":false},"excerpt":{"rendered":"<p>Os ministros do Turismo, Celso Sabino, e das Comunica\u00e7\u00f5es, Juscelino Filho, marcaram presen\u00e7a no Festival Virada Salvador na Arena Daniela Mercury, na orla da Boca do Rio, que aconteceu na noite da sexta-feira, 29. Eles acompanharam as atra\u00e7\u00f5es ao lado do prefeito Bruno Reis (Uni\u00e3o) e elogiaram a organiza\u00e7\u00e3o do evento. \u201cSalvador \u00e9 uma cidade [&hellip;]<\/p>\n","protected":false},"author":8,"featured_media":787720,"comment_status":"closed","ping_status":"closed","sticky":false,"template":"","format":"standard","meta":[],"categories":[14,3],"tags":[213,449,100],"acf":[],"yoast_head":"<!-- This site is optimized with the Yoast SEO plugin v20.8 - https:\/\/yoast.com\/wordpress\/plugins\/seo\/ -->\n<title>MINISTROS MARCAM PRESEN\u00c7A NA SEGUNDA NOITE DO FESTIVAL VIRADA SALVADOR - Bahia Economica<\/title>\n<meta name=\"description\" content=\"O maior portal de Economia da Bahia DESTAQUE DO DIA, ECONOMIA \/ POL\u00cdTICA Bahia Economica O prefeito Bruno Reis agradeceu a presen\u00e7a dos ministros e\" \/>\n<meta name=\"robots\" content=\"index, follow, max-snippet:-1, max-image-preview:large, max-video-preview:-1\" \/>\n<link rel=\"canonical\" href=\"https:\/\/bahiaeconomica.com.br\/wp\/2023\/12\/31\/ministros-marcam-presenca-na-segunda-noite-do-festival-virada-salvador\/\" \/>\n<meta property=\"og:locale\" content=\"pt_BR\" \/>\n<meta property=\"og:type\" content=\"article\" \/>\n<meta property=\"og:title\" content=\"MINISTROS MARCAM PRESEN\u00c7A NA SEGUNDA NOITE DO FESTIVAL VIRADA SALVADOR - Bahia Economica\" \/>\n<meta property=\"og:description\" content=\"O maior portal de Economia da Bahia DESTAQUE DO DIA, ECONOMIA \/ POL\u00cdTICA Bahia Economica O prefeito Bruno Reis agradeceu a presen\u00e7a dos ministros e\" \/>\n<meta property=\"og:url\" content=\"https:\/\/bahiaeconomica.com.br\/wp\/2023\/12\/31\/ministros-marcam-presenca-na-segunda-noite-do-festival-virada-salvador\/\" \/>\n<meta property=\"og:site_name\" content=\"Bahia Economica\" \/>\n<meta property=\"article:publisher\" content=\"https:\/\/www.facebook.com\/bahiaeconomica\" \/>\n<meta property=\"article:published_time\" content=\"2023-12-31T10:58:12+00:00\" \/>\n<meta property=\"article:modified_time\" content=\"2023-12-30T21:04:33+00:00\" \/>\n<meta property=\"og:image\" content=\"https:\/\/bahiaeconomica.com.br\/wp\/wp-content\/uploads\/2023\/12\/Ministros-marcam-presenca-na-segunda-noite-do-Fest0125375100202312301158-ScaleDownProportional.webp\" \/>\n\t<meta property=\"og:image:width\" content=\"1199\" \/>\n\t<meta property=\"og:image:height\" content=\"800\" \/>\n\t<meta property=\"og:image:type\" content=\"image\/webp\" \/>\n<meta name=\"author\" content=\"JP\" \/>\n<meta name=\"twitter:card\" content=\"summary_large_image\" \/>\n<meta name=\"twitter:label1\" content=\"Escrito por\" \/>\n\t<meta name=\"twitter:data1\" content=\"JP\" \/>\n\t<meta name=\"twitter:label2\" content=\"Est. tempo de leitura\" \/>\n\t<meta name=\"twitter:data2\" content=\"2 minutos\" \/>\n<script type=\"application\/ld+json\" class=\"yoast-schema-graph\">{\"@context\":\"https:\/\/schema.org\",\"@graph\":[{\"@type\":\"Article\",\"@id\":\"https:\/\/bahiaeconomica.com.br\/wp\/2023\/12\/31\/ministros-marcam-presenca-na-segunda-noite-do-festival-virada-salvador\/#article\",\"isPartOf\":{\"@id\":\"https:\/\/bahiaeconomica.com.br\/wp\/2023\/12\/31\/ministros-marcam-presenca-na-segunda-noite-do-festival-virada-salvador\/\"},\"author\":{\"name\":\"JP\",\"@id\":\"https:\/\/bahiaeconomica.com.br\/wp\/#\/schema\/person\/c86d3a3f8960425a0f9d0e5245991f4e\"},\"headline\":\"MINISTROS MARCAM PRESEN\u00c7A NA SEGUNDA NOITE DO FESTIVAL VIRADA SALVADOR\",\"datePublished\":\"2023-12-31T10:58:12+00:00\",\"dateModified\":\"2023-12-30T21:04:33+00:00\",\"mainEntityOfPage\":{\"@id\":\"https:\/\/bahiaeconomica.com.br\/wp\/2023\/12\/31\/ministros-marcam-presenca-na-segunda-noite-do-festival-virada-salvador\/\"},\"wordCount\":370,\"publisher\":{\"@id\":\"https:\/\/bahiaeconomica.com.br\/wp\/#organization\"},\"keywords\":[\"Economia\",\"ministro\",\"Pol\u00edtica\"],\"articleSection\":[\"DESTAQUE DO DIA\",\"ECONOMIA \/ POL\u00cdTICA\"],\"inLanguage\":\"pt-BR\"},{\"@type\":\"WebPage\",\"@id\":\"https:\/\/bahiaeconomica.com.br\/wp\/2023\/12\/31\/ministros-marcam-presenca-na-segunda-noite-do-festival-virada-salvador\/\",\"url\":\"https:\/\/bahiaeconomica.com.br\/wp\/2023\/12\/31\/ministros-marcam-presenca-na-segunda-noite-do-festival-virada-salvador\/\",\"name\":\"MINISTROS MARCAM PRESEN\u00c7A NA SEGUNDA NOITE DO FESTIVAL VIRADA SALVADOR - Bahia Economica\",\"isPartOf\":{\"@id\":\"https:\/\/bahiaeconomica.com.br\/wp\/#website\"},\"datePublished\":\"2023-12-31T10:58:12+00:00\",\"dateModified\":\"2023-12-30T21:04:33+00:00\",\"description\":\"O maior portal de Economia da Bahia DESTAQUE DO DIA, ECONOMIA \/ POL\u00cdTICA Bahia Economica O prefeito Bruno Reis agradeceu a presen\u00e7a dos ministros e\",\"breadcrumb\":{\"@id\":\"https:\/\/bahiaeconomica.com.br\/wp\/2023\/12\/31\/ministros-marcam-presenca-na-segunda-noite-do-festival-virada-salvador\/#breadcrumb\"},\"inLanguage\":\"pt-BR\",\"potentialAction\":[{\"@type\":\"ReadAction\",\"target\":[\"https:\/\/bahiaeconomica.com.br\/wp\/2023\/12\/31\/ministros-marcam-presenca-na-segunda-noite-do-festival-virada-salvador\/\"]}]},{\"@type\":\"BreadcrumbList\",\"@id\":\"https:\/\/bahiaeconomica.com.br\/wp\/2023\/12\/31\/ministros-marcam-presenca-na-segunda-noite-do-festival-virada-salvador\/#breadcrumb\",\"itemListElement\":[{\"@type\":\"ListItem\",\"position\":1,\"name\":\"In\u00edcio\",\"item\":\"https:\/\/bahiaeconomica.com.br\/wp\/\"},{\"@type\":\"ListItem\",\"position\":2,\"name\":\"MINISTROS MARCAM PRESEN\u00c7A NA SEGUNDA NOITE DO FESTIVAL VIRADA SALVADOR\"}]},{\"@type\":\"WebSite\",\"@id\":\"https:\/\/bahiaeconomica.com.br\/wp\/#website\",\"url\":\"https:\/\/bahiaeconomica.com.br\/wp\/\",\"name\":\"Bahia Economica\",\"description\":\"O maior portal de Economia da Bahia\",\"publisher\":{\"@id\":\"https:\/\/bahiaeconomica.com.br\/wp\/#organization\"},\"potentialAction\":[{\"@type\":\"SearchAction\",\"target\":{\"@type\":\"EntryPoint\",\"urlTemplate\":\"https:\/\/bahiaeconomica.com.br\/wp\/?s={search_term_string}\"},\"query-input\":\"required name=search_term_string\"}],\"inLanguage\":\"pt-BR\"},{\"@type\":\"Organization\",\"@id\":\"https:\/\/bahiaeconomica.com.br\/wp\/#organization\",\"name\":\"Bahia Econ\u00f4mica\",\"url\":\"https:\/\/bahiaeconomica.com.br\/wp\/\",\"logo\":{\"@type\":\"ImageObject\",\"inLanguage\":\"pt-BR\",\"@id\":\"https:\/\/bahiaeconomica.com.br\/wp\/#\/schema\/logo\/image\/\",\"url\":\"https:\/\/bahiaeconomica.com.br\/wp\/wp-content\/uploads\/2020\/12\/cropped-BE.png\",\"contentUrl\":\"https:\/\/bahiaeconomica.com.br\/wp\/wp-content\/uploads\/2020\/12\/cropped-BE.png\",\"width\":512,\"height\":512,\"caption\":\"Bahia Econ\u00f4mica\"},\"image\":{\"@id\":\"https:\/\/bahiaeconomica.com.br\/wp\/#\/schema\/logo\/image\/\"},\"sameAs\":[\"https:\/\/www.facebook.com\/bahiaeconomica\"]},{\"@type\":\"Person\",\"@id\":\"https:\/\/bahiaeconomica.com.br\/wp\/#\/schema\/person\/c86d3a3f8960425a0f9d0e5245991f4e\",\"name\":\"JP\",\"sameAs\":[\"https:\/\/bahiaeconomica.com.br\/wp\/beta\/\"],\"url\":\"https:\/\/bahiaeconomica.com.br\/wp\/author\/jp\/\"}]}<\/script>\n<!-- \/ Yoast SEO plugin. -->","yoast_head_json":{"title":"MINISTROS MARCAM PRESEN\u00c7A NA SEGUNDA NOITE DO FESTIVAL VIRADA SALVADOR - Bahia Economica","description":"O maior portal de Economia da Bahia DESTAQUE DO DIA, ECONOMIA \/ POL\u00cdTICA Bahia Economica O prefeito Bruno Reis agradeceu a presen\u00e7a dos ministros e","robots":{"index":"index","follow":"follow","max-snippet":"max-snippet:-1","max-image-preview":"max-image-preview:large","max-video-preview":"max-video-preview:-1"},"canonical":"https:\/\/bahiaeconomica.com.br\/wp\/2023\/12\/31\/ministros-marcam-presenca-na-segunda-noite-do-festival-virada-salvador\/","og_locale":"pt_BR","og_type":"article","og_title":"MINISTROS MARCAM PRESEN\u00c7A NA SEGUNDA NOITE DO FESTIVAL VIRADA SALVADOR - Bahia Economica","og_description":"O maior portal de Economia da Bahia DESTAQUE DO DIA, ECONOMIA \/ POL\u00cdTICA Bahia Economica O prefeito Bruno Reis agradeceu a presen\u00e7a dos ministros e","og_url":"https:\/\/bahiaeconomica.com.br\/wp\/2023\/12\/31\/ministros-marcam-presenca-na-segunda-noite-do-festival-virada-salvador\/","og_site_name":"Bahia Economica","article_publisher":"https:\/\/www.facebook.com\/bahiaeconomica","article_published_time":"2023-12-31T10:58:12+00:00","article_modified_time":"2023-12-30T21:04:33+00:00","og_image":[{"width":1199,"height":800,"url":"https:\/\/bahiaeconomica.com.br\/wp\/wp-content\/uploads\/2023\/12\/Ministros-marcam-presenca-na-segunda-noite-do-Fest0125375100202312301158-ScaleDownProportional.webp","type":"image\/webp"}],"author":"JP","twitter_card":"summary_large_image","twitter_misc":{"Escrito por":"JP","Est. tempo de leitura":"2 minutos"},"schema":{"@context":"https:\/\/schema.org","@graph":[{"@type":"Article","@id":"https:\/\/bahiaeconomica.com.br\/wp\/2023\/12\/31\/ministros-marcam-presenca-na-segunda-noite-do-festival-virada-salvador\/#article","isPartOf":{"@id":"https:\/\/bahiaeconomica.com.br\/wp\/2023\/12\/31\/ministros-marcam-presenca-na-segunda-noite-do-festival-virada-salvador\/"},"author":{"name":"JP","@id":"https:\/\/bahiaeconomica.com.br\/wp\/#\/schema\/person\/c86d3a3f8960425a0f9d0e5245991f4e"},"headline":"MINISTROS MARCAM PRESEN\u00c7A NA SEGUNDA NOITE DO FESTIVAL VIRADA SALVADOR","datePublished":"2023-12-31T10:58:12+00:00","dateModified":"2023-12-30T21:04:33+00:00","mainEntityOfPage":{"@id":"https:\/\/bahiaeconomica.com.br\/wp\/2023\/12\/31\/ministros-marcam-presenca-na-segunda-noite-do-festival-virada-salvador\/"},"wordCount":370,"publisher":{"@id":"https:\/\/bahiaeconomica.com.br\/wp\/#organization"},"keywords":["Economia","ministro","Pol\u00edtica"],"articleSection":["DESTAQUE DO DIA","ECONOMIA \/ POL\u00cdTICA"],"inLanguage":"pt-BR"},{"@type":"WebPage","@id":"https:\/\/bahiaeconomica.com.br\/wp\/2023\/12\/31\/ministros-marcam-presenca-na-segunda-noite-do-festival-virada-salvador\/","url":"https:\/\/bahiaeconomica.com.br\/wp\/2023\/12\/31\/ministros-marcam-presenca-na-segunda-noite-do-festival-virada-salvador\/","name":"MINISTROS MARCAM PRESEN\u00c7A NA SEGUNDA NOITE DO FESTIVAL VIRADA SALVADOR - Bahia Economica","isPartOf":{"@id":"https:\/\/bahiaeconomica.com.br\/wp\/#website"},"datePublished":"2023-12-31T10:58:12+00:00","dateModified":"2023-12-30T21:04:33+00:00","description":"O maior portal de Economia da Bahia DESTAQUE DO DIA, ECONOMIA \/ POL\u00cdTICA Bahia Economica O prefeito Bruno Reis agradeceu a presen\u00e7a dos ministros e","breadcrumb":{"@id":"https:\/\/bahiaeconomica.com.br\/wp\/2023\/12\/31\/ministros-marcam-presenca-na-segunda-noite-do-festival-virada-salvador\/#breadcrumb"},"inLanguage":"pt-BR","potentialAction":[{"@type":"ReadAction","target":["https:\/\/bahiaeconomica.com.br\/wp\/2023\/12\/31\/ministros-marcam-presenca-na-segunda-noite-do-festival-virada-salvador\/"]}]},{"@type":"BreadcrumbList","@id":"https:\/\/bahiaeconomica.com.br\/wp\/2023\/12\/31\/ministros-marcam-presenca-na-segunda-noite-do-festival-virada-salvador\/#breadcrumb","itemListElement":[{"@type":"ListItem","position":1,"name":"In\u00edcio","item":"https:\/\/bahiaeconomica.com.br\/wp\/"},{"@type":"ListItem","position":2,"name":"MINISTROS MARCAM PRESEN\u00c7A NA SEGUNDA NOITE DO FESTIVAL VIRADA SALVADOR"}]},{"@type":"WebSite","@id":"https:\/\/bahiaeconomica.com.br\/wp\/#website","url":"https:\/\/bahiaeconomica.com.br\/wp\/","name":"Bahia Economica","description":"O maior portal de Economia da Bahia","publisher":{"@id":"https:\/\/bahiaeconomica.com.br\/wp\/#organization"},"potentialAction":[{"@type":"SearchAction","target":{"@type":"EntryPoint","urlTemplate":"https:\/\/bahiaeconomica.com.br\/wp\/?s={search_term_string}"},"query-input":"required name=search_term_string"}],"inLanguage":"pt-BR"},{"@type":"Organization","@id":"https:\/\/bahiaeconomica.com.br\/wp\/#organization","name":"Bahia Econ\u00f4mica","url":"https:\/\/bahiaeconomica.com.br\/wp\/","logo":{"@type":"ImageObject","inLanguage":"pt-BR","@id":"https:\/\/bahiaeconomica.com.br\/wp\/#\/schema\/logo\/image\/","url":"https:\/\/bahiaeconomica.com.br\/wp\/wp-content\/uploads\/2020\/12\/cropped-BE.png","contentUrl":"https:\/\/bahiaeconomica.com.br\/wp\/wp-content\/uploads\/2020\/12\/cropped-BE.png","width":512,"height":512,"caption":"Bahia Econ\u00f4mica"},"image":{"@id":"https:\/\/bahiaeconomica.com.br\/wp\/#\/schema\/logo\/image\/"},"sameAs":["https:\/\/www.facebook.com\/bahiaeconomica"]},{"@type":"Person","@id":"https:\/\/bahiaeconomica.com.br\/wp\/#\/schema\/person\/c86d3a3f8960425a0f9d0e5245991f4e","name":"JP","sameAs":["https:\/\/bahiaeconomica.com.br\/wp\/beta\/"],"url":"https:\/\/bahiaeconomica.com.br\/wp\/author\/jp\/"}]}},"views":108,"_links":{"self":[{"href":"https:\/\/bahiaeconomica.com.br\/wp\/wp-json\/wp\/v2\/posts\/787719"}],"collection":[{"href":"https:\/\/bahiaeconomica.com.br\/wp\/wp-json\/wp\/v2\/posts"}],"about":[{"href":"https:\/\/bahiaeconomica.com.br\/wp\/wp-json\/wp\/v2\/types\/post"}],"author":[{"embeddable":true,"href":"https:\/\/bahiaeconomica.com.br\/wp\/wp-json\/wp\/v2\/users\/8"}],"replies":[{"embeddable":true,"href":"https:\/\/bahiaeconomica.com.br\/wp\/wp-json\/wp\/v2\/comments?post=787719"}],"version-history":[{"count":2,"href":"https:\/\/bahiaeconomica.com.br\/wp\/wp-json\/wp\/v2\/posts\/787719\/revisions"}],"predecessor-version":[{"id":787722,"href":"https:\/\/bahiaeconomica.com.br\/wp\/wp-json\/wp\/v2\/posts\/787719\/revisions\/787722"}],"wp:featuredmedia":[{"embeddable":true,"href":"https:\/\/bahiaeconomica.com.br\/wp\/wp-json\/wp\/v2\/media\/787720"}],"wp:attachment":[{"href":"https:\/\/bahiaeconomica.com.br\/wp\/wp-json\/wp\/v2\/media?parent=787719"}],"wp:term":[{"taxonomy":"category","embeddable":true,"href":"https:\/\/bahiaeconomica.com.br\/wp\/wp-json\/wp\/v2\/categories?post=787719"},{"taxonomy":"post_tag","embeddable":true,"href":"https:\/\/bahiaeconomica.com.br\/wp\/wp-json\/wp\/v2\/tags?post=787719"}],"curies":[{"name":"wp","href":"https:\/\/api.w.org\/{rel}","templated":true}]}}