{"id":787541,"date":"2023-12-29T15:57:02","date_gmt":"2023-12-29T18:57:02","guid":{"rendered":"https:\/\/bahiaeconomica.com.br\/wp\/?p=787541"},"modified":"2023-12-29T15:57:02","modified_gmt":"2023-12-29T18:57:02","slug":"reveillon-alem-do-carmo-chef-vini-figueira-assina-gastronomia-do-evento","status":"publish","type":"post","link":"https:\/\/bahiaeconomica.com.br\/wp\/2023\/12\/29\/reveillon-alem-do-carmo-chef-vini-figueira-assina-gastronomia-do-evento\/","title":{"rendered":"R\u00c9VEILLON AL\u00c9M DO CARMO CHEF VINI FIGUEIRA ASSINA GASTRONOMIA DO EVENTO"},"content":{"rendered":"<p>O p\u00fablico desfrutar\u00e1\u00a0 de uma noite memor\u00e1vel com o servi\u00e7o de open bar premium e op\u00e7\u00f5es gastron\u00f4micas de alta padr\u00e3o, dispon\u00edveis para compra no sal\u00e3o climatizado reservado para o buffet<!--more--><\/p>\n<p>Sabor e del\u00edcias com selo de qualidade v\u00e3o estar \u00e0 mesa do\u00a0R\u00e9veillon Al\u00e9m do Carmo! A Virada mais charmosa de Salvador, que ocorrer\u00e1 no dia 31\/12\/2023, na bela\u00a0Ch\u00e1cara Baluarte, homenagear\u00e1 a baianidade com apresenta\u00e7\u00f5es\u00a0de Luiz Caldas, Saulo e Jau, contando com a assinatura gastron\u00f4mica do\u00a0renomado Chef Vini Figueira, que promete um card\u00e1pio \u00e0 altura.<\/p>\n<p>Em uma noite inesquec\u00edvel, repleta de baianidade, realizada no cora\u00e7\u00e3o de um dos bairros mais efervescentes de Salvador, a festa conta com servi\u00e7o Open Bar Premium, que oferece op\u00e7\u00f5es como u\u00edsque 12 anos, gin, vodca, espumante, cerveja puro malte, refrigerante, energ\u00e9tico e \u00e1gua. Vale ressaltar que, embora o servi\u00e7o de open bar de alto padr\u00e3o seja oferecido durante o evento, a alimenta\u00e7\u00e3o n\u00e3o est\u00e1 inclusa e estar\u00e1 dispon\u00edvel para compra no local.<\/p>\n<p>&nbsp;<\/p>\n<p>A promoter\u00a0Licia Fabio\u00a0e o\u00a0GPN Eventos\u00a0prometem um R\u00e9veillon grandioso, com uma pra\u00e7a de alimenta\u00e7\u00e3o diversificada e climatizada, trazendo sabores aut\u00eanticos assinados por grandes chefs. A curadoria gastron\u00f4mica do evento leva exclusivamente a assinatura do\u00a0Chef Vini Figueira.<\/p>\n<p>O Chef, conhecido por sua experi\u00eancia internacional e pela valoriza\u00e7\u00e3o da cultura baiana, criou um card\u00e1pio que celebra a diversidade e as cores da culin\u00e1ria local. Para ele, a gastronomia deve refletir a alegria e a energia positiva dos baianos.<\/p>\n<p>&nbsp;<\/p>\n<p>O mar \u00e9 um elemento central no card\u00e1pio, celebrando a presen\u00e7a constante da Bahia na gastronomia local. Entre as op\u00e7\u00f5es saborosas na vila gastron\u00f4mica, destaca-se a famosa Coxinha de Moqueca e o Arroz de frutos do mar, preparado em parceria com o\u00a0Chef Ricardo Silva.<\/p>\n<p class=\"v1MsoNormal\">\n<p class=\"v1MsoNormal\">Sobre a\u00a0 import\u00e2ncia de proporcionar uma oferta gastron\u00f4mica de alta qualidade no evento, o chef Vini foi categ\u00f3rico: &#8220;O baiano \u00e9 um povo guerreiro que luta o ano todo e n\u00e3o deixa de celebrar sempre que pode. O R\u00e9veillon \u00e9 a festa em que a gente celebra as conquistas do ano anterior e faz projetos e metas para que o pr\u00f3ximo ano seja melhor, a comida faz parte do ritual do baiano de comemorar, faremos jus a nossa baianidade, a nossa alegria e nossa capacidade de sermos sin\u00f4nimo de alegria o ano todo, mesmo com nossos desafios di\u00e1rios. Eu sou carioca, mas baiano de cora\u00e7\u00e3o, eu escolhi Salvador para ser minha casa e me sinto confort\u00e1vel para falar isso com propriedade&#8221;.<\/p>\n<p class=\"v1MsoNormal\">\n<p>&nbsp;<\/p>\n<p>MENU VINI FIGUEIRA GASTRONOMIA PARA O R\u00c9VEILLON AL\u00c9M DO CARMO<\/p>\n<p>&nbsp;<\/p>\n<p>&nbsp;<\/p>\n<p class=\"v1MsoNormal\">ENTRADA<\/p>\n<p>\u00b7\u00a0\u00a0\u00a0\u00a0\u00a0\u00a0\u00a0\u00a0\u00a0Coxinha de moqueca<\/p>\n<p class=\"v1MsoNormal\">PRATO PRINCIPAL<\/p>\n<p>\u00b7\u00a0\u00a0\u00a0\u00a0\u00a0\u00a0\u00a0\u00a0\u00a0Orzi com camar\u00e3o ao molho de grana padano e champagne<\/p>\n<p>\u00b7\u00a0\u00a0\u00a0\u00a0\u00a0\u00a0\u00a0\u00a0\u00a0Isca de fil\u00e9 mignon ao molho poivre, mousseline de mandioquinha, farofa de licur\u00ed com am\u00eandoa crocrantes.<\/p>\n<p>&nbsp;<\/p>\n<p>O Chef Vini Figueira convidou ainda o Chef Ricardo Silva, a Dani com o\u00a0Bolo das Meninas, a Mari com sua pizza e a Claudia com seus doces, formando um time completo para garantir uma experi\u00eancia gastron\u00f4mica memor\u00e1vel. Para Vini, proporcionar uma oferta gastron\u00f4mica de alta qualidade no R\u00e9veillon Al\u00e9m do Carmo \u00e9 uma forma de honrar a alegria e a tradi\u00e7\u00e3o do povo baiano.<\/p>\n<p>&nbsp;<\/p>\n<p>Sobre o Chef Vini Figueira Gastronomia:\u00a0Natural de B\u00fazios, litoral carioca, o Chef Vini estudou gastronomia em Barcena MG e aprimorou seus conhecimentos na Europa, trabalhando com chefs renomados. Atualmente, traz para Salvador a alta gastronomia, desde jantares rom\u00e2nticos at\u00e9 grandes eventos.<\/p>\n<p>&nbsp;<\/p>\n<p>Sobre o Evento:\u00a0O R\u00e9veillon Al\u00e9m do Carmo, que leva a assinatura de Licia Fabio e do Grupo Pequena Not\u00e1vel, chega \u00e0 sua terceira edi\u00e7\u00e3o ainda mais especial, unindo cultura, m\u00fasica e atendimento de excel\u00eancia. Realizada na charmosa Ch\u00e1cara Baluarte, debru\u00e7ada para a Ba\u00eda de Todos os Santos, a festa contar\u00e1 com uma cenografia sob medida, destacando a beleza natural do local, uma das casas de eventos mais celebradas da cidade, que oferece infraestrutura completa para garantir o conforto e a seguran\u00e7a do p\u00fablico.<\/p>\n<p>&nbsp;<\/p>\n<p>Os acessos podem ser adquiridos pelo site da Ticket Maker, nos balc\u00f5es de ingressos dos shoppings e no site \u00a0<a href=\"http:\/\/www.alemdocarmo.com.br\/\" target=\"_blank\" rel=\"noopener noreferrer\">www.alemdocarmo.com.br<\/a>, com pre\u00e7os a partir de R$ 680 para adultos, R$ 320 para crian\u00e7as e R$ 400 para adolescentes, no terceiro lote (+ taxas). O evento oferece pacotes para grupos com mais de 4 pessoas, nos quais os ingressos s\u00e3o disponibilizados a R$ 630 cada (+ taxa).<\/p>\n<p>&nbsp;<\/p>\n<p>&nbsp;<\/p>\n<p>Servi\u00e7o:<\/p>\n<p>R\u00e9veillon Al\u00e9m do Carmo 2024<\/p>\n<p>Atra\u00e7\u00f5es:\u00a0Saulo, Luiz Caldas e Jau<\/p>\n<p>Data:\u00a031\/12\/2023<\/p>\n<p>Hora:\u00a0a partir das 21h<\/p>\n<p>Local:\u00a0Casa Baluarte (Ladeira do Baluarte, 20 &#8211; Santo Ant\u00f4nio Al\u00e9m do Carmo)<\/p>\n<p>Servi\u00e7o: Open Bar Premium:\u00a0whisky 12 anos, vodca importada, gin importado, drinks, energ\u00e9tico, cerveja, espumante, t\u00f4nica, \u00e1gua e refri.<\/p>\n<p>&#8211; (A alimenta\u00e7\u00e3o n\u00e3o est\u00e1 inclusa e estar\u00e1 dispon\u00edvel para compra no local. Um espa\u00e7o climatizado receber\u00e1 gastronomia comandada pelo chef Vini Figueira)<\/p>\n<p>&nbsp;<\/p>\n<p>Vendas:\u00a0Ticket Maker ou nos balc\u00f5es de ingressos dos Shoppings<\/p>\n<p>Individual Adulto &#8211; R$ 680 (+ taxa) em at\u00e9 3x sem juros nos balc\u00f5es (3\u00ba Lote).<\/p>\n<p>Individual Crian\u00e7a &#8211;\u00a0 R$ 320 (+ taxa)<\/p>\n<p>Individual Adolescente &#8211; R$ 400,00 (+taxa)<\/p>\n<p>Pacotes para grupos acima de 4 pessoas \u2013 R$ 630 por pessoa (+ taxa)<\/p>\n<p>Mais Informa\u00e7\u00f5es: (71) 996294465<\/p>\n<p>Foto\/Reprodu\u00e7\u00e3o: Divulga\u00e7\u00e3o<\/p>\n","protected":false},"excerpt":{"rendered":"<p>O p\u00fablico desfrutar\u00e1\u00a0 de uma noite memor\u00e1vel com o servi\u00e7o de open bar premium e op\u00e7\u00f5es gastron\u00f4micas de alta padr\u00e3o, dispon\u00edveis para compra no sal\u00e3o climatizado reservado para o buffet<\/p>\n","protected":false},"author":12,"featured_media":787545,"comment_status":"closed","ping_status":"closed","sticky":false,"template":"","format":"standard","meta":[],"categories":[4],"tags":[24791,14280,24792],"acf":[],"yoast_head":"<!-- This site is optimized with the Yoast SEO plugin v20.8 - https:\/\/yoast.com\/wordpress\/plugins\/seo\/ -->\n<title>R\u00c9VEILLON AL\u00c9M DO CARMO CHEF VINI FIGUEIRA ASSINA GASTRONOMIA DO EVENTO - Bahia Economica<\/title>\n<meta name=\"description\" content=\"O p\u00fablico desfrutar\u00e1\u00a0 de uma noite memor\u00e1vel com o servi\u00e7o de open bar premium e op\u00e7\u00f5es gastron\u00f4micas de alta padr\u00e3o, saiba mais\" \/>\n<meta name=\"robots\" content=\"index, follow, max-snippet:-1, max-image-preview:large, max-video-preview:-1\" \/>\n<link rel=\"canonical\" href=\"https:\/\/bahiaeconomica.com.br\/wp\/2023\/12\/29\/reveillon-alem-do-carmo-chef-vini-figueira-assina-gastronomia-do-evento\/\" \/>\n<meta property=\"og:locale\" content=\"pt_BR\" \/>\n<meta property=\"og:type\" content=\"article\" \/>\n<meta property=\"og:title\" content=\"R\u00c9VEILLON AL\u00c9M DO CARMO CHEF VINI FIGUEIRA ASSINA GASTRONOMIA DO EVENTO - Bahia Economica\" \/>\n<meta property=\"og:description\" content=\"O p\u00fablico desfrutar\u00e1\u00a0 de uma noite memor\u00e1vel com o servi\u00e7o de open bar premium e op\u00e7\u00f5es gastron\u00f4micas de alta padr\u00e3o, saiba mais\" \/>\n<meta property=\"og:url\" content=\"https:\/\/bahiaeconomica.com.br\/wp\/2023\/12\/29\/reveillon-alem-do-carmo-chef-vini-figueira-assina-gastronomia-do-evento\/\" \/>\n<meta property=\"og:site_name\" content=\"Bahia Economica\" \/>\n<meta property=\"article:publisher\" content=\"https:\/\/www.facebook.com\/bahiaeconomica\" \/>\n<meta property=\"article:published_time\" content=\"2023-12-29T18:57:02+00:00\" \/>\n<meta property=\"og:image\" content=\"https:\/\/bahiaeconomica.com.br\/wp\/wp-content\/uploads\/2023\/12\/foto-montagem-atracoes.jpeg\" \/>\n\t<meta property=\"og:image:width\" content=\"990\" \/>\n\t<meta property=\"og:image:height\" content=\"557\" \/>\n\t<meta property=\"og:image:type\" content=\"image\/jpeg\" \/>\n<meta name=\"author\" content=\"BA\" \/>\n<meta name=\"twitter:card\" content=\"summary_large_image\" \/>\n<meta name=\"twitter:label1\" content=\"Escrito por\" \/>\n\t<meta name=\"twitter:data1\" content=\"BA\" \/>\n\t<meta name=\"twitter:label2\" content=\"Est. tempo de leitura\" \/>\n\t<meta name=\"twitter:data2\" content=\"5 minutos\" \/>\n<script type=\"application\/ld+json\" class=\"yoast-schema-graph\">{\"@context\":\"https:\/\/schema.org\",\"@graph\":[{\"@type\":\"Article\",\"@id\":\"https:\/\/bahiaeconomica.com.br\/wp\/2023\/12\/29\/reveillon-alem-do-carmo-chef-vini-figueira-assina-gastronomia-do-evento\/#article\",\"isPartOf\":{\"@id\":\"https:\/\/bahiaeconomica.com.br\/wp\/2023\/12\/29\/reveillon-alem-do-carmo-chef-vini-figueira-assina-gastronomia-do-evento\/\"},\"author\":{\"name\":\"BA\",\"@id\":\"https:\/\/bahiaeconomica.com.br\/wp\/#\/schema\/person\/5a4570b96ef393d09329ca6448199c3e\"},\"headline\":\"R\u00c9VEILLON AL\u00c9M DO CARMO CHEF VINI FIGUEIRA ASSINA GASTRONOMIA DO EVENTO\",\"datePublished\":\"2023-12-29T18:57:02+00:00\",\"dateModified\":\"2023-12-29T18:57:02+00:00\",\"mainEntityOfPage\":{\"@id\":\"https:\/\/bahiaeconomica.com.br\/wp\/2023\/12\/29\/reveillon-alem-do-carmo-chef-vini-figueira-assina-gastronomia-do-evento\/\"},\"wordCount\":932,\"publisher\":{\"@id\":\"https:\/\/bahiaeconomica.com.br\/wp\/#organization\"},\"keywords\":[\"Chef Vini Figueira\",\"Luiz Caldas\",\"R\u00e9veillon Al\u00e9m do Carmo\"],\"articleSection\":[\"ENTRETENIMENTO\"],\"inLanguage\":\"pt-BR\"},{\"@type\":\"WebPage\",\"@id\":\"https:\/\/bahiaeconomica.com.br\/wp\/2023\/12\/29\/reveillon-alem-do-carmo-chef-vini-figueira-assina-gastronomia-do-evento\/\",\"url\":\"https:\/\/bahiaeconomica.com.br\/wp\/2023\/12\/29\/reveillon-alem-do-carmo-chef-vini-figueira-assina-gastronomia-do-evento\/\",\"name\":\"R\u00c9VEILLON AL\u00c9M DO CARMO CHEF VINI FIGUEIRA ASSINA GASTRONOMIA DO EVENTO - Bahia Economica\",\"isPartOf\":{\"@id\":\"https:\/\/bahiaeconomica.com.br\/wp\/#website\"},\"datePublished\":\"2023-12-29T18:57:02+00:00\",\"dateModified\":\"2023-12-29T18:57:02+00:00\",\"description\":\"O p\u00fablico desfrutar\u00e1\u00a0 de uma noite memor\u00e1vel com o servi\u00e7o de open bar premium e op\u00e7\u00f5es gastron\u00f4micas de alta padr\u00e3o, saiba mais\",\"breadcrumb\":{\"@id\":\"https:\/\/bahiaeconomica.com.br\/wp\/2023\/12\/29\/reveillon-alem-do-carmo-chef-vini-figueira-assina-gastronomia-do-evento\/#breadcrumb\"},\"inLanguage\":\"pt-BR\",\"potentialAction\":[{\"@type\":\"ReadAction\",\"target\":[\"https:\/\/bahiaeconomica.com.br\/wp\/2023\/12\/29\/reveillon-alem-do-carmo-chef-vini-figueira-assina-gastronomia-do-evento\/\"]}]},{\"@type\":\"BreadcrumbList\",\"@id\":\"https:\/\/bahiaeconomica.com.br\/wp\/2023\/12\/29\/reveillon-alem-do-carmo-chef-vini-figueira-assina-gastronomia-do-evento\/#breadcrumb\",\"itemListElement\":[{\"@type\":\"ListItem\",\"position\":1,\"name\":\"In\u00edcio\",\"item\":\"https:\/\/bahiaeconomica.com.br\/wp\/\"},{\"@type\":\"ListItem\",\"position\":2,\"name\":\"R\u00c9VEILLON AL\u00c9M DO CARMO CHEF VINI FIGUEIRA ASSINA GASTRONOMIA DO EVENTO\"}]},{\"@type\":\"WebSite\",\"@id\":\"https:\/\/bahiaeconomica.com.br\/wp\/#website\",\"url\":\"https:\/\/bahiaeconomica.com.br\/wp\/\",\"name\":\"Bahia Economica\",\"description\":\"O maior portal de Economia da Bahia\",\"publisher\":{\"@id\":\"https:\/\/bahiaeconomica.com.br\/wp\/#organization\"},\"potentialAction\":[{\"@type\":\"SearchAction\",\"target\":{\"@type\":\"EntryPoint\",\"urlTemplate\":\"https:\/\/bahiaeconomica.com.br\/wp\/?s={search_term_string}\"},\"query-input\":\"required name=search_term_string\"}],\"inLanguage\":\"pt-BR\"},{\"@type\":\"Organization\",\"@id\":\"https:\/\/bahiaeconomica.com.br\/wp\/#organization\",\"name\":\"Bahia Econ\u00f4mica\",\"url\":\"https:\/\/bahiaeconomica.com.br\/wp\/\",\"logo\":{\"@type\":\"ImageObject\",\"inLanguage\":\"pt-BR\",\"@id\":\"https:\/\/bahiaeconomica.com.br\/wp\/#\/schema\/logo\/image\/\",\"url\":\"https:\/\/bahiaeconomica.com.br\/wp\/wp-content\/uploads\/2020\/12\/cropped-BE.png\",\"contentUrl\":\"https:\/\/bahiaeconomica.com.br\/wp\/wp-content\/uploads\/2020\/12\/cropped-BE.png\",\"width\":512,\"height\":512,\"caption\":\"Bahia Econ\u00f4mica\"},\"image\":{\"@id\":\"https:\/\/bahiaeconomica.com.br\/wp\/#\/schema\/logo\/image\/\"},\"sameAs\":[\"https:\/\/www.facebook.com\/bahiaeconomica\"]},{\"@type\":\"Person\",\"@id\":\"https:\/\/bahiaeconomica.com.br\/wp\/#\/schema\/person\/5a4570b96ef393d09329ca6448199c3e\",\"name\":\"BA\",\"sameAs\":[\"https:\/\/bahiaeconomica.com.br\/wp\/beta\/\"],\"url\":\"https:\/\/bahiaeconomica.com.br\/wp\/author\/bruno-alves\/\"}]}<\/script>\n<!-- \/ Yoast SEO plugin. -->","yoast_head_json":{"title":"R\u00c9VEILLON AL\u00c9M DO CARMO CHEF VINI FIGUEIRA ASSINA GASTRONOMIA DO EVENTO - Bahia Economica","description":"O p\u00fablico desfrutar\u00e1\u00a0 de uma noite memor\u00e1vel com o servi\u00e7o de open bar premium e op\u00e7\u00f5es gastron\u00f4micas de alta padr\u00e3o, saiba mais","robots":{"index":"index","follow":"follow","max-snippet":"max-snippet:-1","max-image-preview":"max-image-preview:large","max-video-preview":"max-video-preview:-1"},"canonical":"https:\/\/bahiaeconomica.com.br\/wp\/2023\/12\/29\/reveillon-alem-do-carmo-chef-vini-figueira-assina-gastronomia-do-evento\/","og_locale":"pt_BR","og_type":"article","og_title":"R\u00c9VEILLON AL\u00c9M DO CARMO CHEF VINI FIGUEIRA ASSINA GASTRONOMIA DO EVENTO - Bahia Economica","og_description":"O p\u00fablico desfrutar\u00e1\u00a0 de uma noite memor\u00e1vel com o servi\u00e7o de open bar premium e op\u00e7\u00f5es gastron\u00f4micas de alta padr\u00e3o, saiba mais","og_url":"https:\/\/bahiaeconomica.com.br\/wp\/2023\/12\/29\/reveillon-alem-do-carmo-chef-vini-figueira-assina-gastronomia-do-evento\/","og_site_name":"Bahia Economica","article_publisher":"https:\/\/www.facebook.com\/bahiaeconomica","article_published_time":"2023-12-29T18:57:02+00:00","og_image":[{"width":990,"height":557,"url":"https:\/\/bahiaeconomica.com.br\/wp\/wp-content\/uploads\/2023\/12\/foto-montagem-atracoes.jpeg","type":"image\/jpeg"}],"author":"BA","twitter_card":"summary_large_image","twitter_misc":{"Escrito por":"BA","Est. tempo de leitura":"5 minutos"},"schema":{"@context":"https:\/\/schema.org","@graph":[{"@type":"Article","@id":"https:\/\/bahiaeconomica.com.br\/wp\/2023\/12\/29\/reveillon-alem-do-carmo-chef-vini-figueira-assina-gastronomia-do-evento\/#article","isPartOf":{"@id":"https:\/\/bahiaeconomica.com.br\/wp\/2023\/12\/29\/reveillon-alem-do-carmo-chef-vini-figueira-assina-gastronomia-do-evento\/"},"author":{"name":"BA","@id":"https:\/\/bahiaeconomica.com.br\/wp\/#\/schema\/person\/5a4570b96ef393d09329ca6448199c3e"},"headline":"R\u00c9VEILLON AL\u00c9M DO CARMO CHEF VINI FIGUEIRA ASSINA GASTRONOMIA DO EVENTO","datePublished":"2023-12-29T18:57:02+00:00","dateModified":"2023-12-29T18:57:02+00:00","mainEntityOfPage":{"@id":"https:\/\/bahiaeconomica.com.br\/wp\/2023\/12\/29\/reveillon-alem-do-carmo-chef-vini-figueira-assina-gastronomia-do-evento\/"},"wordCount":932,"publisher":{"@id":"https:\/\/bahiaeconomica.com.br\/wp\/#organization"},"keywords":["Chef Vini Figueira","Luiz Caldas","R\u00e9veillon Al\u00e9m do Carmo"],"articleSection":["ENTRETENIMENTO"],"inLanguage":"pt-BR"},{"@type":"WebPage","@id":"https:\/\/bahiaeconomica.com.br\/wp\/2023\/12\/29\/reveillon-alem-do-carmo-chef-vini-figueira-assina-gastronomia-do-evento\/","url":"https:\/\/bahiaeconomica.com.br\/wp\/2023\/12\/29\/reveillon-alem-do-carmo-chef-vini-figueira-assina-gastronomia-do-evento\/","name":"R\u00c9VEILLON AL\u00c9M DO CARMO CHEF VINI FIGUEIRA ASSINA GASTRONOMIA DO EVENTO - Bahia Economica","isPartOf":{"@id":"https:\/\/bahiaeconomica.com.br\/wp\/#website"},"datePublished":"2023-12-29T18:57:02+00:00","dateModified":"2023-12-29T18:57:02+00:00","description":"O p\u00fablico desfrutar\u00e1\u00a0 de uma noite memor\u00e1vel com o servi\u00e7o de open bar premium e op\u00e7\u00f5es gastron\u00f4micas de alta padr\u00e3o, saiba mais","breadcrumb":{"@id":"https:\/\/bahiaeconomica.com.br\/wp\/2023\/12\/29\/reveillon-alem-do-carmo-chef-vini-figueira-assina-gastronomia-do-evento\/#breadcrumb"},"inLanguage":"pt-BR","potentialAction":[{"@type":"ReadAction","target":["https:\/\/bahiaeconomica.com.br\/wp\/2023\/12\/29\/reveillon-alem-do-carmo-chef-vini-figueira-assina-gastronomia-do-evento\/"]}]},{"@type":"BreadcrumbList","@id":"https:\/\/bahiaeconomica.com.br\/wp\/2023\/12\/29\/reveillon-alem-do-carmo-chef-vini-figueira-assina-gastronomia-do-evento\/#breadcrumb","itemListElement":[{"@type":"ListItem","position":1,"name":"In\u00edcio","item":"https:\/\/bahiaeconomica.com.br\/wp\/"},{"@type":"ListItem","position":2,"name":"R\u00c9VEILLON AL\u00c9M DO CARMO CHEF VINI FIGUEIRA ASSINA GASTRONOMIA DO EVENTO"}]},{"@type":"WebSite","@id":"https:\/\/bahiaeconomica.com.br\/wp\/#website","url":"https:\/\/bahiaeconomica.com.br\/wp\/","name":"Bahia Economica","description":"O maior portal de Economia da Bahia","publisher":{"@id":"https:\/\/bahiaeconomica.com.br\/wp\/#organization"},"potentialAction":[{"@type":"SearchAction","target":{"@type":"EntryPoint","urlTemplate":"https:\/\/bahiaeconomica.com.br\/wp\/?s={search_term_string}"},"query-input":"required name=search_term_string"}],"inLanguage":"pt-BR"},{"@type":"Organization","@id":"https:\/\/bahiaeconomica.com.br\/wp\/#organization","name":"Bahia Econ\u00f4mica","url":"https:\/\/bahiaeconomica.com.br\/wp\/","logo":{"@type":"ImageObject","inLanguage":"pt-BR","@id":"https:\/\/bahiaeconomica.com.br\/wp\/#\/schema\/logo\/image\/","url":"https:\/\/bahiaeconomica.com.br\/wp\/wp-content\/uploads\/2020\/12\/cropped-BE.png","contentUrl":"https:\/\/bahiaeconomica.com.br\/wp\/wp-content\/uploads\/2020\/12\/cropped-BE.png","width":512,"height":512,"caption":"Bahia Econ\u00f4mica"},"image":{"@id":"https:\/\/bahiaeconomica.com.br\/wp\/#\/schema\/logo\/image\/"},"sameAs":["https:\/\/www.facebook.com\/bahiaeconomica"]},{"@type":"Person","@id":"https:\/\/bahiaeconomica.com.br\/wp\/#\/schema\/person\/5a4570b96ef393d09329ca6448199c3e","name":"BA","sameAs":["https:\/\/bahiaeconomica.com.br\/wp\/beta\/"],"url":"https:\/\/bahiaeconomica.com.br\/wp\/author\/bruno-alves\/"}]}},"views":17,"_links":{"self":[{"href":"https:\/\/bahiaeconomica.com.br\/wp\/wp-json\/wp\/v2\/posts\/787541"}],"collection":[{"href":"https:\/\/bahiaeconomica.com.br\/wp\/wp-json\/wp\/v2\/posts"}],"about":[{"href":"https:\/\/bahiaeconomica.com.br\/wp\/wp-json\/wp\/v2\/types\/post"}],"author":[{"embeddable":true,"href":"https:\/\/bahiaeconomica.com.br\/wp\/wp-json\/wp\/v2\/users\/12"}],"replies":[{"embeddable":true,"href":"https:\/\/bahiaeconomica.com.br\/wp\/wp-json\/wp\/v2\/comments?post=787541"}],"version-history":[{"count":1,"href":"https:\/\/bahiaeconomica.com.br\/wp\/wp-json\/wp\/v2\/posts\/787541\/revisions"}],"predecessor-version":[{"id":787554,"href":"https:\/\/bahiaeconomica.com.br\/wp\/wp-json\/wp\/v2\/posts\/787541\/revisions\/787554"}],"wp:featuredmedia":[{"embeddable":true,"href":"https:\/\/bahiaeconomica.com.br\/wp\/wp-json\/wp\/v2\/media\/787545"}],"wp:attachment":[{"href":"https:\/\/bahiaeconomica.com.br\/wp\/wp-json\/wp\/v2\/media?parent=787541"}],"wp:term":[{"taxonomy":"category","embeddable":true,"href":"https:\/\/bahiaeconomica.com.br\/wp\/wp-json\/wp\/v2\/categories?post=787541"},{"taxonomy":"post_tag","embeddable":true,"href":"https:\/\/bahiaeconomica.com.br\/wp\/wp-json\/wp\/v2\/tags?post=787541"}],"curies":[{"name":"wp","href":"https:\/\/api.w.org\/{rel}","templated":true}]}}