{"id":787124,"date":"2023-12-28T11:00:45","date_gmt":"2023-12-28T14:00:45","guid":{"rendered":"https:\/\/bahiaeconomica.com.br\/wp\/?p=787124"},"modified":"2023-12-28T09:28:02","modified_gmt":"2023-12-28T12:28:02","slug":"jeronimo-comemora-primeira-exportacao-conjunta-da-agricultura-familiar-da-bahia-para-portugal","status":"publish","type":"post","link":"https:\/\/bahiaeconomica.com.br\/wp\/2023\/12\/28\/jeronimo-comemora-primeira-exportacao-conjunta-da-agricultura-familiar-da-bahia-para-portugal\/","title":{"rendered":"JER\u00d4NIMO COMEMORA PRIMEIRA EXPORTA\u00c7\u00c3O CONJUNTA DA AGRICULTURA FAMILIAR DA BAHIA PARA PORTUGAL"},"content":{"rendered":"<p>Uma a\u00e7\u00e3o coletiva in\u00e9dita garantiu a exporta\u00e7\u00e3o de 12 toneladas de produtos da agricultura familiar para Lisboa, capital de Portugal. O governador Jer\u00f4nimo Rodrigues acompanhou, nesta quinta-feira(28), o carregamento do primeiro container com mais de 50 produtos diferentes de 11 cooperartivas da agricultura familiar da Bahia, abrindo uma janela de oportunidades de comercializa\u00e7\u00e3o na Europa. A iniciativa \u00e9 realizada a partir da parceria entre a Family FarmingBrazil e a Federa\u00e7\u00e3o das Cooperativas da Agricultura Familiar e Economia Solid\u00e1ria do Estado da Bahia (Federa\u00e7\u00e3o Unicafes\/BA), com apoio do Governo do Estado<\/p>\n<p>A Companhia de Desenvolvimento e A\u00e7\u00e3o Regional (CAR), empresa p\u00fablica vinculada \u00e0 Secretaria de Desenvolvimento Rural (SDR) tem apoiado as cooperativas com investimentos em infraestrutura por meio da constru\u00e7\u00e3o e requalifica\u00e7\u00e3o de agroind\u00fastrias, tecnologias com m\u00e1quinas e equipamentos de \u00faltima gera\u00e7\u00e3o, energia limpa, como as fotovoltaicas, assist\u00eancia t\u00e9cnica e extens\u00e3o rural (Ater), capacita\u00e7\u00e3o, suporte \u00e0 gest\u00e3o e \u00e0 comercializa\u00e7\u00e3o da produ\u00e7\u00e3o, dentre outras a\u00e7\u00f5es, que garantem melhores condi\u00e7\u00f5es de trabalho e renda para as popula\u00e7\u00f5es do campo.<\/p>\n<p>Fotos Mateus Landim GOVBA<\/p>\n","protected":false},"excerpt":{"rendered":"<p>Uma a\u00e7\u00e3o coletiva in\u00e9dita garantiu a exporta\u00e7\u00e3o de 12 toneladas de produtos da agricultura familiar para Lisboa, capital de Portugal. O governador Jer\u00f4nimo Rodrigues acompanhou, nesta quinta-feira(28), o carregamento do primeiro container com mais de 50 produtos diferentes de 11 cooperartivas da agricultura familiar da Bahia, abrindo uma janela de oportunidades de comercializa\u00e7\u00e3o na Europa. [&hellip;]<\/p>\n","protected":false},"author":8,"featured_media":787125,"comment_status":"closed","ping_status":"closed","sticky":false,"template":"","format":"standard","meta":[],"categories":[14,3],"tags":[943,52,2551,1544,100],"acf":[],"yoast_head":"<!-- This site is optimized with the Yoast SEO plugin v20.8 - https:\/\/yoast.com\/wordpress\/plugins\/seo\/ -->\n<title>JER\u00d4NIMO COMEMORA PRIMEIRA EXPORTA\u00c7\u00c3O CONJUNTA DA AGRICULTURA FAMILIAR DA BAHIA PARA PORTUGAL - Bahia Economica<\/title>\n<meta name=\"description\" content=\"O maior portal de Economia da Bahia DESTAQUE DO DIA, ECONOMIA \/ POL\u00cdTICA Bahia Economica Uma a\u00e7\u00e3o coletiva in\u00e9dita garantiu a exporta\u00e7\u00e3o de\" \/>\n<meta name=\"robots\" content=\"index, follow, max-snippet:-1, max-image-preview:large, max-video-preview:-1\" \/>\n<link rel=\"canonical\" href=\"https:\/\/bahiaeconomica.com.br\/wp\/2023\/12\/28\/jeronimo-comemora-primeira-exportacao-conjunta-da-agricultura-familiar-da-bahia-para-portugal\/\" \/>\n<meta property=\"og:locale\" content=\"pt_BR\" \/>\n<meta property=\"og:type\" content=\"article\" \/>\n<meta property=\"og:title\" content=\"JER\u00d4NIMO COMEMORA PRIMEIRA EXPORTA\u00c7\u00c3O CONJUNTA DA AGRICULTURA FAMILIAR DA BAHIA PARA PORTUGAL - Bahia Economica\" \/>\n<meta property=\"og:description\" content=\"O maior portal de Economia da Bahia DESTAQUE DO DIA, ECONOMIA \/ POL\u00cdTICA Bahia Economica Uma a\u00e7\u00e3o coletiva in\u00e9dita garantiu a exporta\u00e7\u00e3o de\" \/>\n<meta property=\"og:url\" content=\"https:\/\/bahiaeconomica.com.br\/wp\/2023\/12\/28\/jeronimo-comemora-primeira-exportacao-conjunta-da-agricultura-familiar-da-bahia-para-portugal\/\" \/>\n<meta property=\"og:site_name\" content=\"Bahia Economica\" \/>\n<meta property=\"article:publisher\" content=\"https:\/\/www.facebook.com\/bahiaeconomica\" \/>\n<meta property=\"article:published_time\" content=\"2023-12-28T14:00:45+00:00\" \/>\n<meta property=\"article:modified_time\" content=\"2023-12-28T12:28:02+00:00\" \/>\n<meta property=\"og:image\" content=\"https:\/\/bahiaeconomica.com.br\/wp\/wp-content\/uploads\/2023\/12\/WhatsApp-Image-2023-12-28-at-08.44.55.jpeg\" \/>\n\t<meta property=\"og:image:width\" content=\"1280\" \/>\n\t<meta property=\"og:image:height\" content=\"853\" \/>\n\t<meta property=\"og:image:type\" content=\"image\/jpeg\" \/>\n<meta name=\"author\" content=\"JP\" \/>\n<meta name=\"twitter:card\" content=\"summary_large_image\" \/>\n<meta name=\"twitter:label1\" content=\"Escrito por\" \/>\n\t<meta name=\"twitter:data1\" content=\"JP\" \/>\n\t<meta name=\"twitter:label2\" content=\"Est. tempo de leitura\" \/>\n\t<meta name=\"twitter:data2\" content=\"1 minuto\" \/>\n<script type=\"application\/ld+json\" class=\"yoast-schema-graph\">{\"@context\":\"https:\/\/schema.org\",\"@graph\":[{\"@type\":\"Article\",\"@id\":\"https:\/\/bahiaeconomica.com.br\/wp\/2023\/12\/28\/jeronimo-comemora-primeira-exportacao-conjunta-da-agricultura-familiar-da-bahia-para-portugal\/#article\",\"isPartOf\":{\"@id\":\"https:\/\/bahiaeconomica.com.br\/wp\/2023\/12\/28\/jeronimo-comemora-primeira-exportacao-conjunta-da-agricultura-familiar-da-bahia-para-portugal\/\"},\"author\":{\"name\":\"JP\",\"@id\":\"https:\/\/bahiaeconomica.com.br\/wp\/#\/schema\/person\/c86d3a3f8960425a0f9d0e5245991f4e\"},\"headline\":\"JER\u00d4NIMO COMEMORA PRIMEIRA EXPORTA\u00c7\u00c3O CONJUNTA DA AGRICULTURA FAMILIAR DA BAHIA PARA PORTUGAL\",\"datePublished\":\"2023-12-28T14:00:45+00:00\",\"dateModified\":\"2023-12-28T12:28:02+00:00\",\"mainEntityOfPage\":{\"@id\":\"https:\/\/bahiaeconomica.com.br\/wp\/2023\/12\/28\/jeronimo-comemora-primeira-exportacao-conjunta-da-agricultura-familiar-da-bahia-para-portugal\/\"},\"wordCount\":204,\"publisher\":{\"@id\":\"https:\/\/bahiaeconomica.com.br\/wp\/#organization\"},\"keywords\":[\"agricultura\",\"Brasil\",\"exporta\u00e7\u00e3o\",\"jeronimo\",\"Pol\u00edtica\"],\"articleSection\":[\"DESTAQUE DO DIA\",\"ECONOMIA \/ POL\u00cdTICA\"],\"inLanguage\":\"pt-BR\"},{\"@type\":\"WebPage\",\"@id\":\"https:\/\/bahiaeconomica.com.br\/wp\/2023\/12\/28\/jeronimo-comemora-primeira-exportacao-conjunta-da-agricultura-familiar-da-bahia-para-portugal\/\",\"url\":\"https:\/\/bahiaeconomica.com.br\/wp\/2023\/12\/28\/jeronimo-comemora-primeira-exportacao-conjunta-da-agricultura-familiar-da-bahia-para-portugal\/\",\"name\":\"JER\u00d4NIMO COMEMORA PRIMEIRA EXPORTA\u00c7\u00c3O CONJUNTA DA AGRICULTURA FAMILIAR DA BAHIA PARA PORTUGAL - Bahia Economica\",\"isPartOf\":{\"@id\":\"https:\/\/bahiaeconomica.com.br\/wp\/#website\"},\"datePublished\":\"2023-12-28T14:00:45+00:00\",\"dateModified\":\"2023-12-28T12:28:02+00:00\",\"description\":\"O maior portal de Economia da Bahia DESTAQUE DO DIA, ECONOMIA \/ POL\u00cdTICA Bahia Economica Uma a\u00e7\u00e3o coletiva in\u00e9dita garantiu a exporta\u00e7\u00e3o de\",\"breadcrumb\":{\"@id\":\"https:\/\/bahiaeconomica.com.br\/wp\/2023\/12\/28\/jeronimo-comemora-primeira-exportacao-conjunta-da-agricultura-familiar-da-bahia-para-portugal\/#breadcrumb\"},\"inLanguage\":\"pt-BR\",\"potentialAction\":[{\"@type\":\"ReadAction\",\"target\":[\"https:\/\/bahiaeconomica.com.br\/wp\/2023\/12\/28\/jeronimo-comemora-primeira-exportacao-conjunta-da-agricultura-familiar-da-bahia-para-portugal\/\"]}]},{\"@type\":\"BreadcrumbList\",\"@id\":\"https:\/\/bahiaeconomica.com.br\/wp\/2023\/12\/28\/jeronimo-comemora-primeira-exportacao-conjunta-da-agricultura-familiar-da-bahia-para-portugal\/#breadcrumb\",\"itemListElement\":[{\"@type\":\"ListItem\",\"position\":1,\"name\":\"In\u00edcio\",\"item\":\"https:\/\/bahiaeconomica.com.br\/wp\/\"},{\"@type\":\"ListItem\",\"position\":2,\"name\":\"JER\u00d4NIMO COMEMORA PRIMEIRA EXPORTA\u00c7\u00c3O CONJUNTA DA AGRICULTURA FAMILIAR DA BAHIA PARA PORTUGAL\"}]},{\"@type\":\"WebSite\",\"@id\":\"https:\/\/bahiaeconomica.com.br\/wp\/#website\",\"url\":\"https:\/\/bahiaeconomica.com.br\/wp\/\",\"name\":\"Bahia Economica\",\"description\":\"O maior portal de Economia da Bahia\",\"publisher\":{\"@id\":\"https:\/\/bahiaeconomica.com.br\/wp\/#organization\"},\"potentialAction\":[{\"@type\":\"SearchAction\",\"target\":{\"@type\":\"EntryPoint\",\"urlTemplate\":\"https:\/\/bahiaeconomica.com.br\/wp\/?s={search_term_string}\"},\"query-input\":\"required name=search_term_string\"}],\"inLanguage\":\"pt-BR\"},{\"@type\":\"Organization\",\"@id\":\"https:\/\/bahiaeconomica.com.br\/wp\/#organization\",\"name\":\"Bahia Econ\u00f4mica\",\"url\":\"https:\/\/bahiaeconomica.com.br\/wp\/\",\"logo\":{\"@type\":\"ImageObject\",\"inLanguage\":\"pt-BR\",\"@id\":\"https:\/\/bahiaeconomica.com.br\/wp\/#\/schema\/logo\/image\/\",\"url\":\"https:\/\/bahiaeconomica.com.br\/wp\/wp-content\/uploads\/2020\/12\/cropped-BE.png\",\"contentUrl\":\"https:\/\/bahiaeconomica.com.br\/wp\/wp-content\/uploads\/2020\/12\/cropped-BE.png\",\"width\":512,\"height\":512,\"caption\":\"Bahia Econ\u00f4mica\"},\"image\":{\"@id\":\"https:\/\/bahiaeconomica.com.br\/wp\/#\/schema\/logo\/image\/\"},\"sameAs\":[\"https:\/\/www.facebook.com\/bahiaeconomica\"]},{\"@type\":\"Person\",\"@id\":\"https:\/\/bahiaeconomica.com.br\/wp\/#\/schema\/person\/c86d3a3f8960425a0f9d0e5245991f4e\",\"name\":\"JP\",\"sameAs\":[\"https:\/\/bahiaeconomica.com.br\/wp\/beta\/\"],\"url\":\"https:\/\/bahiaeconomica.com.br\/wp\/author\/jp\/\"}]}<\/script>\n<!-- \/ Yoast SEO plugin. -->","yoast_head_json":{"title":"JER\u00d4NIMO COMEMORA PRIMEIRA EXPORTA\u00c7\u00c3O CONJUNTA DA AGRICULTURA FAMILIAR DA BAHIA PARA PORTUGAL - Bahia Economica","description":"O maior portal de Economia da Bahia DESTAQUE DO DIA, ECONOMIA \/ POL\u00cdTICA Bahia Economica Uma a\u00e7\u00e3o coletiva in\u00e9dita garantiu a exporta\u00e7\u00e3o de","robots":{"index":"index","follow":"follow","max-snippet":"max-snippet:-1","max-image-preview":"max-image-preview:large","max-video-preview":"max-video-preview:-1"},"canonical":"https:\/\/bahiaeconomica.com.br\/wp\/2023\/12\/28\/jeronimo-comemora-primeira-exportacao-conjunta-da-agricultura-familiar-da-bahia-para-portugal\/","og_locale":"pt_BR","og_type":"article","og_title":"JER\u00d4NIMO COMEMORA PRIMEIRA EXPORTA\u00c7\u00c3O CONJUNTA DA AGRICULTURA FAMILIAR DA BAHIA PARA PORTUGAL - Bahia Economica","og_description":"O maior portal de Economia da Bahia DESTAQUE DO DIA, ECONOMIA \/ POL\u00cdTICA Bahia Economica Uma a\u00e7\u00e3o coletiva in\u00e9dita garantiu a exporta\u00e7\u00e3o de","og_url":"https:\/\/bahiaeconomica.com.br\/wp\/2023\/12\/28\/jeronimo-comemora-primeira-exportacao-conjunta-da-agricultura-familiar-da-bahia-para-portugal\/","og_site_name":"Bahia Economica","article_publisher":"https:\/\/www.facebook.com\/bahiaeconomica","article_published_time":"2023-12-28T14:00:45+00:00","article_modified_time":"2023-12-28T12:28:02+00:00","og_image":[{"width":1280,"height":853,"url":"https:\/\/bahiaeconomica.com.br\/wp\/wp-content\/uploads\/2023\/12\/WhatsApp-Image-2023-12-28-at-08.44.55.jpeg","type":"image\/jpeg"}],"author":"JP","twitter_card":"summary_large_image","twitter_misc":{"Escrito por":"JP","Est. tempo de leitura":"1 minuto"},"schema":{"@context":"https:\/\/schema.org","@graph":[{"@type":"Article","@id":"https:\/\/bahiaeconomica.com.br\/wp\/2023\/12\/28\/jeronimo-comemora-primeira-exportacao-conjunta-da-agricultura-familiar-da-bahia-para-portugal\/#article","isPartOf":{"@id":"https:\/\/bahiaeconomica.com.br\/wp\/2023\/12\/28\/jeronimo-comemora-primeira-exportacao-conjunta-da-agricultura-familiar-da-bahia-para-portugal\/"},"author":{"name":"JP","@id":"https:\/\/bahiaeconomica.com.br\/wp\/#\/schema\/person\/c86d3a3f8960425a0f9d0e5245991f4e"},"headline":"JER\u00d4NIMO COMEMORA PRIMEIRA EXPORTA\u00c7\u00c3O CONJUNTA DA AGRICULTURA FAMILIAR DA BAHIA PARA PORTUGAL","datePublished":"2023-12-28T14:00:45+00:00","dateModified":"2023-12-28T12:28:02+00:00","mainEntityOfPage":{"@id":"https:\/\/bahiaeconomica.com.br\/wp\/2023\/12\/28\/jeronimo-comemora-primeira-exportacao-conjunta-da-agricultura-familiar-da-bahia-para-portugal\/"},"wordCount":204,"publisher":{"@id":"https:\/\/bahiaeconomica.com.br\/wp\/#organization"},"keywords":["agricultura","Brasil","exporta\u00e7\u00e3o","jeronimo","Pol\u00edtica"],"articleSection":["DESTAQUE DO DIA","ECONOMIA \/ POL\u00cdTICA"],"inLanguage":"pt-BR"},{"@type":"WebPage","@id":"https:\/\/bahiaeconomica.com.br\/wp\/2023\/12\/28\/jeronimo-comemora-primeira-exportacao-conjunta-da-agricultura-familiar-da-bahia-para-portugal\/","url":"https:\/\/bahiaeconomica.com.br\/wp\/2023\/12\/28\/jeronimo-comemora-primeira-exportacao-conjunta-da-agricultura-familiar-da-bahia-para-portugal\/","name":"JER\u00d4NIMO COMEMORA PRIMEIRA EXPORTA\u00c7\u00c3O CONJUNTA DA AGRICULTURA FAMILIAR DA BAHIA PARA PORTUGAL - Bahia Economica","isPartOf":{"@id":"https:\/\/bahiaeconomica.com.br\/wp\/#website"},"datePublished":"2023-12-28T14:00:45+00:00","dateModified":"2023-12-28T12:28:02+00:00","description":"O maior portal de Economia da Bahia DESTAQUE DO DIA, ECONOMIA \/ POL\u00cdTICA Bahia Economica Uma a\u00e7\u00e3o coletiva in\u00e9dita garantiu a exporta\u00e7\u00e3o de","breadcrumb":{"@id":"https:\/\/bahiaeconomica.com.br\/wp\/2023\/12\/28\/jeronimo-comemora-primeira-exportacao-conjunta-da-agricultura-familiar-da-bahia-para-portugal\/#breadcrumb"},"inLanguage":"pt-BR","potentialAction":[{"@type":"ReadAction","target":["https:\/\/bahiaeconomica.com.br\/wp\/2023\/12\/28\/jeronimo-comemora-primeira-exportacao-conjunta-da-agricultura-familiar-da-bahia-para-portugal\/"]}]},{"@type":"BreadcrumbList","@id":"https:\/\/bahiaeconomica.com.br\/wp\/2023\/12\/28\/jeronimo-comemora-primeira-exportacao-conjunta-da-agricultura-familiar-da-bahia-para-portugal\/#breadcrumb","itemListElement":[{"@type":"ListItem","position":1,"name":"In\u00edcio","item":"https:\/\/bahiaeconomica.com.br\/wp\/"},{"@type":"ListItem","position":2,"name":"JER\u00d4NIMO COMEMORA PRIMEIRA EXPORTA\u00c7\u00c3O CONJUNTA DA AGRICULTURA FAMILIAR DA BAHIA PARA PORTUGAL"}]},{"@type":"WebSite","@id":"https:\/\/bahiaeconomica.com.br\/wp\/#website","url":"https:\/\/bahiaeconomica.com.br\/wp\/","name":"Bahia Economica","description":"O maior portal de Economia da Bahia","publisher":{"@id":"https:\/\/bahiaeconomica.com.br\/wp\/#organization"},"potentialAction":[{"@type":"SearchAction","target":{"@type":"EntryPoint","urlTemplate":"https:\/\/bahiaeconomica.com.br\/wp\/?s={search_term_string}"},"query-input":"required name=search_term_string"}],"inLanguage":"pt-BR"},{"@type":"Organization","@id":"https:\/\/bahiaeconomica.com.br\/wp\/#organization","name":"Bahia Econ\u00f4mica","url":"https:\/\/bahiaeconomica.com.br\/wp\/","logo":{"@type":"ImageObject","inLanguage":"pt-BR","@id":"https:\/\/bahiaeconomica.com.br\/wp\/#\/schema\/logo\/image\/","url":"https:\/\/bahiaeconomica.com.br\/wp\/wp-content\/uploads\/2020\/12\/cropped-BE.png","contentUrl":"https:\/\/bahiaeconomica.com.br\/wp\/wp-content\/uploads\/2020\/12\/cropped-BE.png","width":512,"height":512,"caption":"Bahia Econ\u00f4mica"},"image":{"@id":"https:\/\/bahiaeconomica.com.br\/wp\/#\/schema\/logo\/image\/"},"sameAs":["https:\/\/www.facebook.com\/bahiaeconomica"]},{"@type":"Person","@id":"https:\/\/bahiaeconomica.com.br\/wp\/#\/schema\/person\/c86d3a3f8960425a0f9d0e5245991f4e","name":"JP","sameAs":["https:\/\/bahiaeconomica.com.br\/wp\/beta\/"],"url":"https:\/\/bahiaeconomica.com.br\/wp\/author\/jp\/"}]}},"views":25,"_links":{"self":[{"href":"https:\/\/bahiaeconomica.com.br\/wp\/wp-json\/wp\/v2\/posts\/787124"}],"collection":[{"href":"https:\/\/bahiaeconomica.com.br\/wp\/wp-json\/wp\/v2\/posts"}],"about":[{"href":"https:\/\/bahiaeconomica.com.br\/wp\/wp-json\/wp\/v2\/types\/post"}],"author":[{"embeddable":true,"href":"https:\/\/bahiaeconomica.com.br\/wp\/wp-json\/wp\/v2\/users\/8"}],"replies":[{"embeddable":true,"href":"https:\/\/bahiaeconomica.com.br\/wp\/wp-json\/wp\/v2\/comments?post=787124"}],"version-history":[{"count":1,"href":"https:\/\/bahiaeconomica.com.br\/wp\/wp-json\/wp\/v2\/posts\/787124\/revisions"}],"predecessor-version":[{"id":787126,"href":"https:\/\/bahiaeconomica.com.br\/wp\/wp-json\/wp\/v2\/posts\/787124\/revisions\/787126"}],"wp:featuredmedia":[{"embeddable":true,"href":"https:\/\/bahiaeconomica.com.br\/wp\/wp-json\/wp\/v2\/media\/787125"}],"wp:attachment":[{"href":"https:\/\/bahiaeconomica.com.br\/wp\/wp-json\/wp\/v2\/media?parent=787124"}],"wp:term":[{"taxonomy":"category","embeddable":true,"href":"https:\/\/bahiaeconomica.com.br\/wp\/wp-json\/wp\/v2\/categories?post=787124"},{"taxonomy":"post_tag","embeddable":true,"href":"https:\/\/bahiaeconomica.com.br\/wp\/wp-json\/wp\/v2\/tags?post=787124"}],"curies":[{"name":"wp","href":"https:\/\/api.w.org\/{rel}","templated":true}]}}