{"id":786952,"date":"2023-12-27T16:30:14","date_gmt":"2023-12-27T19:30:14","guid":{"rendered":"https:\/\/bahiaeconomica.com.br\/wp\/?p=786952"},"modified":"2023-12-27T16:33:14","modified_gmt":"2023-12-27T19:33:14","slug":"ccz-realiza-acao-de-combate-ao-aedes-no-festival-virada-salvador","status":"publish","type":"post","link":"https:\/\/bahiaeconomica.com.br\/wp\/2023\/12\/27\/ccz-realiza-acao-de-combate-ao-aedes-no-festival-virada-salvador\/","title":{"rendered":"CCZ REALIZA A\u00c7\u00c3O DE COMBATE AO AEDES AEGYPTI NO FESTIVAL VIRADA SALVADOR"},"content":{"rendered":"<p>O Festival Virada Salvador come\u00e7a nesta quinta-feira (28) com diversas atra\u00e7\u00f5es musicais e op\u00e7\u00f5es de lazer e entretenimento na Arena Daniela Mercury, na Boca do Rio. Para garantir a seguran\u00e7a das milhares de pessoas que ir\u00e3o curtir cinco dias de muita festa no local, o Centro de Controle de Zoonoses (CCZ) iniciou, nesta quarta-feira (27), uma opera\u00e7\u00e3o de preven\u00e7\u00e3o e combate ao mosquito Aedes aegypti.<\/p>\n<p>As equipes percorreram toda a extens\u00e3o da \u00e1rea do evento, observando e tratando locais que poderiam ser prop\u00edcios para a prolifera\u00e7\u00e3o do vetor. Uma inspe\u00e7\u00e3o tamb\u00e9m foi realizada no palco, nas estruturas dos camarotes, bem como no local onde est\u00e1 instalada a vila gastron\u00f4mica.<\/p>\n<p>A coordenadora do \u00f3rg\u00e3o, Isolina Miguez, refor\u00e7ou a import\u00e2ncia desta a\u00e7\u00e3o preventiva. &#8220;Teremos muitas pessoas aqui nos pr\u00f3ximos dias e vamos garantir que elas festejem a passagem do ano com seguran\u00e7a e sem riscos \u00e0 sa\u00fade. Estamos tratando os poss\u00edveis focos, orientando o pessoal que est\u00e1 trabalhando por aqui, al\u00e9m de realizar a aplica\u00e7\u00e3o do inseticida Ultra Baixo Volume em \u00e1reas espec\u00edficas&#8221;, pontuou.<\/p>\n<p>A gestora ressalta ainda que a popula\u00e7\u00e3o pode contribuir com as a\u00e7\u00f5es de forma simples e eficaz. &#8220;A prolifera\u00e7\u00e3o do mosquito acontece de forma r\u00e1pida e locais como copos pl\u00e1sticos, garrafas e vasilhames s\u00e3o o cen\u00e1rio ideal para isso. Ent\u00e3o, pedimos \u00e0 popula\u00e7\u00e3o que contribua com esse combate, procurando a lixeira para o descarte correto do lixo e evitando deixar esses objetos que s\u00e3o facilitadores da reprodu\u00e7\u00e3o do mosquito espalhados pelo ch\u00e3o&#8221;, finalizou.<\/p>\n<p>Outros cuidados tamb\u00e9m devem ser tomados pela sociedade civil no combate \u00e0 prolifera\u00e7\u00e3o do mosquito, como a elimina\u00e7\u00e3o de \u00e1gua parada e limpeza de \u00e1reas abertas. Os focos de Aedes aegypti podem ser denunciados atrav\u00e9s do Fala Salvador, no n\u00famero 156 ou site www.falasalvador.ba.gov.br.<\/p>\n<p>Fotos: Jefferson Peixoto\/Secom PMS<\/p>\n","protected":false},"excerpt":{"rendered":"<p>O Festival Virada Salvador come\u00e7a nesta quinta-feira (28) com diversas atra\u00e7\u00f5es musicais e op\u00e7\u00f5es de lazer e entretenimento na Arena Daniela Mercury, na Boca do Rio. Para garantir a seguran\u00e7a das milhares de pessoas que ir\u00e3o curtir cinco dias de muita festa no local, o Centro de Controle de Zoonoses (CCZ) iniciou, nesta quarta-feira (27), [&hellip;]<\/p>\n","protected":false},"author":16,"featured_media":786958,"comment_status":"closed","ping_status":"closed","sticky":false,"template":"","format":"standard","meta":[],"categories":[21],"tags":[10691,4096,2279,10402],"acf":[],"yoast_head":"<!-- This site is optimized with the Yoast SEO plugin v20.8 - https:\/\/yoast.com\/wordpress\/plugins\/seo\/ -->\n<title>CCZ REALIZA A\u00c7\u00c3O DE COMBATE AO AEDES AEGYPTI NO FESTIVAL VIRADA SALVADOR - Bahia Economica<\/title>\n<meta name=\"description\" content=\"O maior portal de Economia da Bahia Sa\u00fade \/ Educa\u00e7\u00e3o Bahia Economica\" \/>\n<meta name=\"robots\" content=\"index, follow, max-snippet:-1, max-image-preview:large, max-video-preview:-1\" \/>\n<link rel=\"canonical\" href=\"https:\/\/bahiaeconomica.com.br\/wp\/2023\/12\/27\/ccz-realiza-acao-de-combate-ao-aedes-no-festival-virada-salvador\/\" \/>\n<meta property=\"og:locale\" content=\"pt_BR\" \/>\n<meta property=\"og:type\" content=\"article\" \/>\n<meta property=\"og:title\" content=\"CCZ REALIZA A\u00c7\u00c3O DE COMBATE AO AEDES AEGYPTI NO FESTIVAL VIRADA SALVADOR - Bahia Economica\" \/>\n<meta property=\"og:description\" content=\"O maior portal de Economia da Bahia Sa\u00fade \/ Educa\u00e7\u00e3o Bahia Economica\" \/>\n<meta property=\"og:url\" content=\"https:\/\/bahiaeconomica.com.br\/wp\/2023\/12\/27\/ccz-realiza-acao-de-combate-ao-aedes-no-festival-virada-salvador\/\" \/>\n<meta property=\"og:site_name\" content=\"Bahia Economica\" \/>\n<meta property=\"article:publisher\" content=\"https:\/\/www.facebook.com\/bahiaeconomica\" \/>\n<meta property=\"article:published_time\" content=\"2023-12-27T19:30:14+00:00\" \/>\n<meta property=\"article:modified_time\" content=\"2023-12-27T19:33:14+00:00\" \/>\n<meta property=\"og:image\" content=\"https:\/\/bahiaeconomica.com.br\/wp\/wp-content\/uploads\/2023\/12\/27_12_2023_Combate-ao-Aedes-na-Arena-da-Virada-Salvador_Foto_Jefferson-Peixoto_Secom_Pms-13-scaled.jpg\" \/>\n\t<meta property=\"og:image:width\" content=\"2560\" \/>\n\t<meta property=\"og:image:height\" content=\"1709\" \/>\n\t<meta property=\"og:image:type\" content=\"image\/jpeg\" \/>\n<meta name=\"author\" content=\"LUIZA NASCIMENTO\" \/>\n<meta name=\"twitter:card\" content=\"summary_large_image\" \/>\n<meta name=\"twitter:label1\" content=\"Escrito por\" \/>\n\t<meta name=\"twitter:data1\" content=\"LUIZA NASCIMENTO\" \/>\n\t<meta name=\"twitter:label2\" content=\"Est. tempo de leitura\" \/>\n\t<meta name=\"twitter:data2\" content=\"2 minutos\" \/>\n<script type=\"application\/ld+json\" class=\"yoast-schema-graph\">{\"@context\":\"https:\/\/schema.org\",\"@graph\":[{\"@type\":\"Article\",\"@id\":\"https:\/\/bahiaeconomica.com.br\/wp\/2023\/12\/27\/ccz-realiza-acao-de-combate-ao-aedes-no-festival-virada-salvador\/#article\",\"isPartOf\":{\"@id\":\"https:\/\/bahiaeconomica.com.br\/wp\/2023\/12\/27\/ccz-realiza-acao-de-combate-ao-aedes-no-festival-virada-salvador\/\"},\"author\":{\"name\":\"LUIZA NASCIMENTO\",\"@id\":\"https:\/\/bahiaeconomica.com.br\/wp\/#\/schema\/person\/18273ac0fe04bfd4e7b101bf17d40152\"},\"headline\":\"CCZ REALIZA A\u00c7\u00c3O DE COMBATE AO AEDES AEGYPTI NO FESTIVAL VIRADA SALVADOR\",\"datePublished\":\"2023-12-27T19:30:14+00:00\",\"dateModified\":\"2023-12-27T19:33:14+00:00\",\"mainEntityOfPage\":{\"@id\":\"https:\/\/bahiaeconomica.com.br\/wp\/2023\/12\/27\/ccz-realiza-acao-de-combate-ao-aedes-no-festival-virada-salvador\/\"},\"wordCount\":346,\"publisher\":{\"@id\":\"https:\/\/bahiaeconomica.com.br\/wp\/#organization\"},\"keywords\":[\"Aedes Aegypti\",\"CCZ\",\"dengue\",\"Festival Virada Salvador\"],\"articleSection\":[\"Sa\u00fade \/ Educa\u00e7\u00e3o\"],\"inLanguage\":\"pt-BR\"},{\"@type\":\"WebPage\",\"@id\":\"https:\/\/bahiaeconomica.com.br\/wp\/2023\/12\/27\/ccz-realiza-acao-de-combate-ao-aedes-no-festival-virada-salvador\/\",\"url\":\"https:\/\/bahiaeconomica.com.br\/wp\/2023\/12\/27\/ccz-realiza-acao-de-combate-ao-aedes-no-festival-virada-salvador\/\",\"name\":\"CCZ REALIZA A\u00c7\u00c3O DE COMBATE AO AEDES AEGYPTI NO FESTIVAL VIRADA SALVADOR - Bahia Economica\",\"isPartOf\":{\"@id\":\"https:\/\/bahiaeconomica.com.br\/wp\/#website\"},\"datePublished\":\"2023-12-27T19:30:14+00:00\",\"dateModified\":\"2023-12-27T19:33:14+00:00\",\"description\":\"O maior portal de Economia da Bahia Sa\u00fade \/ Educa\u00e7\u00e3o Bahia Economica\",\"breadcrumb\":{\"@id\":\"https:\/\/bahiaeconomica.com.br\/wp\/2023\/12\/27\/ccz-realiza-acao-de-combate-ao-aedes-no-festival-virada-salvador\/#breadcrumb\"},\"inLanguage\":\"pt-BR\",\"potentialAction\":[{\"@type\":\"ReadAction\",\"target\":[\"https:\/\/bahiaeconomica.com.br\/wp\/2023\/12\/27\/ccz-realiza-acao-de-combate-ao-aedes-no-festival-virada-salvador\/\"]}]},{\"@type\":\"BreadcrumbList\",\"@id\":\"https:\/\/bahiaeconomica.com.br\/wp\/2023\/12\/27\/ccz-realiza-acao-de-combate-ao-aedes-no-festival-virada-salvador\/#breadcrumb\",\"itemListElement\":[{\"@type\":\"ListItem\",\"position\":1,\"name\":\"In\u00edcio\",\"item\":\"https:\/\/bahiaeconomica.com.br\/wp\/\"},{\"@type\":\"ListItem\",\"position\":2,\"name\":\"CCZ REALIZA A\u00c7\u00c3O DE COMBATE AO AEDES AEGYPTI NO FESTIVAL VIRADA SALVADOR\"}]},{\"@type\":\"WebSite\",\"@id\":\"https:\/\/bahiaeconomica.com.br\/wp\/#website\",\"url\":\"https:\/\/bahiaeconomica.com.br\/wp\/\",\"name\":\"Bahia Economica\",\"description\":\"O maior portal de Economia da Bahia\",\"publisher\":{\"@id\":\"https:\/\/bahiaeconomica.com.br\/wp\/#organization\"},\"potentialAction\":[{\"@type\":\"SearchAction\",\"target\":{\"@type\":\"EntryPoint\",\"urlTemplate\":\"https:\/\/bahiaeconomica.com.br\/wp\/?s={search_term_string}\"},\"query-input\":\"required name=search_term_string\"}],\"inLanguage\":\"pt-BR\"},{\"@type\":\"Organization\",\"@id\":\"https:\/\/bahiaeconomica.com.br\/wp\/#organization\",\"name\":\"Bahia Econ\u00f4mica\",\"url\":\"https:\/\/bahiaeconomica.com.br\/wp\/\",\"logo\":{\"@type\":\"ImageObject\",\"inLanguage\":\"pt-BR\",\"@id\":\"https:\/\/bahiaeconomica.com.br\/wp\/#\/schema\/logo\/image\/\",\"url\":\"https:\/\/bahiaeconomica.com.br\/wp\/wp-content\/uploads\/2020\/12\/cropped-BE.png\",\"contentUrl\":\"https:\/\/bahiaeconomica.com.br\/wp\/wp-content\/uploads\/2020\/12\/cropped-BE.png\",\"width\":512,\"height\":512,\"caption\":\"Bahia Econ\u00f4mica\"},\"image\":{\"@id\":\"https:\/\/bahiaeconomica.com.br\/wp\/#\/schema\/logo\/image\/\"},\"sameAs\":[\"https:\/\/www.facebook.com\/bahiaeconomica\"]},{\"@type\":\"Person\",\"@id\":\"https:\/\/bahiaeconomica.com.br\/wp\/#\/schema\/person\/18273ac0fe04bfd4e7b101bf17d40152\",\"name\":\"LUIZA NASCIMENTO\",\"sameAs\":[\"http:\/\/www.bahiaeconomica.com.br\"],\"url\":\"https:\/\/bahiaeconomica.com.br\/wp\/author\/luiza-nascimento\/\"}]}<\/script>\n<!-- \/ Yoast SEO plugin. -->","yoast_head_json":{"title":"CCZ REALIZA A\u00c7\u00c3O DE COMBATE AO AEDES AEGYPTI NO FESTIVAL VIRADA SALVADOR - Bahia Economica","description":"O maior portal de Economia da Bahia Sa\u00fade \/ Educa\u00e7\u00e3o Bahia Economica","robots":{"index":"index","follow":"follow","max-snippet":"max-snippet:-1","max-image-preview":"max-image-preview:large","max-video-preview":"max-video-preview:-1"},"canonical":"https:\/\/bahiaeconomica.com.br\/wp\/2023\/12\/27\/ccz-realiza-acao-de-combate-ao-aedes-no-festival-virada-salvador\/","og_locale":"pt_BR","og_type":"article","og_title":"CCZ REALIZA A\u00c7\u00c3O DE COMBATE AO AEDES AEGYPTI NO FESTIVAL VIRADA SALVADOR - Bahia Economica","og_description":"O maior portal de Economia da Bahia Sa\u00fade \/ Educa\u00e7\u00e3o Bahia Economica","og_url":"https:\/\/bahiaeconomica.com.br\/wp\/2023\/12\/27\/ccz-realiza-acao-de-combate-ao-aedes-no-festival-virada-salvador\/","og_site_name":"Bahia Economica","article_publisher":"https:\/\/www.facebook.com\/bahiaeconomica","article_published_time":"2023-12-27T19:30:14+00:00","article_modified_time":"2023-12-27T19:33:14+00:00","og_image":[{"width":2560,"height":1709,"url":"https:\/\/bahiaeconomica.com.br\/wp\/wp-content\/uploads\/2023\/12\/27_12_2023_Combate-ao-Aedes-na-Arena-da-Virada-Salvador_Foto_Jefferson-Peixoto_Secom_Pms-13-scaled.jpg","type":"image\/jpeg"}],"author":"LUIZA NASCIMENTO","twitter_card":"summary_large_image","twitter_misc":{"Escrito por":"LUIZA NASCIMENTO","Est. tempo de leitura":"2 minutos"},"schema":{"@context":"https:\/\/schema.org","@graph":[{"@type":"Article","@id":"https:\/\/bahiaeconomica.com.br\/wp\/2023\/12\/27\/ccz-realiza-acao-de-combate-ao-aedes-no-festival-virada-salvador\/#article","isPartOf":{"@id":"https:\/\/bahiaeconomica.com.br\/wp\/2023\/12\/27\/ccz-realiza-acao-de-combate-ao-aedes-no-festival-virada-salvador\/"},"author":{"name":"LUIZA NASCIMENTO","@id":"https:\/\/bahiaeconomica.com.br\/wp\/#\/schema\/person\/18273ac0fe04bfd4e7b101bf17d40152"},"headline":"CCZ REALIZA A\u00c7\u00c3O DE COMBATE AO AEDES AEGYPTI NO FESTIVAL VIRADA SALVADOR","datePublished":"2023-12-27T19:30:14+00:00","dateModified":"2023-12-27T19:33:14+00:00","mainEntityOfPage":{"@id":"https:\/\/bahiaeconomica.com.br\/wp\/2023\/12\/27\/ccz-realiza-acao-de-combate-ao-aedes-no-festival-virada-salvador\/"},"wordCount":346,"publisher":{"@id":"https:\/\/bahiaeconomica.com.br\/wp\/#organization"},"keywords":["Aedes Aegypti","CCZ","dengue","Festival Virada Salvador"],"articleSection":["Sa\u00fade \/ Educa\u00e7\u00e3o"],"inLanguage":"pt-BR"},{"@type":"WebPage","@id":"https:\/\/bahiaeconomica.com.br\/wp\/2023\/12\/27\/ccz-realiza-acao-de-combate-ao-aedes-no-festival-virada-salvador\/","url":"https:\/\/bahiaeconomica.com.br\/wp\/2023\/12\/27\/ccz-realiza-acao-de-combate-ao-aedes-no-festival-virada-salvador\/","name":"CCZ REALIZA A\u00c7\u00c3O DE COMBATE AO AEDES AEGYPTI NO FESTIVAL VIRADA SALVADOR - Bahia Economica","isPartOf":{"@id":"https:\/\/bahiaeconomica.com.br\/wp\/#website"},"datePublished":"2023-12-27T19:30:14+00:00","dateModified":"2023-12-27T19:33:14+00:00","description":"O maior portal de Economia da Bahia Sa\u00fade \/ Educa\u00e7\u00e3o Bahia Economica","breadcrumb":{"@id":"https:\/\/bahiaeconomica.com.br\/wp\/2023\/12\/27\/ccz-realiza-acao-de-combate-ao-aedes-no-festival-virada-salvador\/#breadcrumb"},"inLanguage":"pt-BR","potentialAction":[{"@type":"ReadAction","target":["https:\/\/bahiaeconomica.com.br\/wp\/2023\/12\/27\/ccz-realiza-acao-de-combate-ao-aedes-no-festival-virada-salvador\/"]}]},{"@type":"BreadcrumbList","@id":"https:\/\/bahiaeconomica.com.br\/wp\/2023\/12\/27\/ccz-realiza-acao-de-combate-ao-aedes-no-festival-virada-salvador\/#breadcrumb","itemListElement":[{"@type":"ListItem","position":1,"name":"In\u00edcio","item":"https:\/\/bahiaeconomica.com.br\/wp\/"},{"@type":"ListItem","position":2,"name":"CCZ REALIZA A\u00c7\u00c3O DE COMBATE AO AEDES AEGYPTI NO FESTIVAL VIRADA SALVADOR"}]},{"@type":"WebSite","@id":"https:\/\/bahiaeconomica.com.br\/wp\/#website","url":"https:\/\/bahiaeconomica.com.br\/wp\/","name":"Bahia Economica","description":"O maior portal de Economia da Bahia","publisher":{"@id":"https:\/\/bahiaeconomica.com.br\/wp\/#organization"},"potentialAction":[{"@type":"SearchAction","target":{"@type":"EntryPoint","urlTemplate":"https:\/\/bahiaeconomica.com.br\/wp\/?s={search_term_string}"},"query-input":"required name=search_term_string"}],"inLanguage":"pt-BR"},{"@type":"Organization","@id":"https:\/\/bahiaeconomica.com.br\/wp\/#organization","name":"Bahia Econ\u00f4mica","url":"https:\/\/bahiaeconomica.com.br\/wp\/","logo":{"@type":"ImageObject","inLanguage":"pt-BR","@id":"https:\/\/bahiaeconomica.com.br\/wp\/#\/schema\/logo\/image\/","url":"https:\/\/bahiaeconomica.com.br\/wp\/wp-content\/uploads\/2020\/12\/cropped-BE.png","contentUrl":"https:\/\/bahiaeconomica.com.br\/wp\/wp-content\/uploads\/2020\/12\/cropped-BE.png","width":512,"height":512,"caption":"Bahia Econ\u00f4mica"},"image":{"@id":"https:\/\/bahiaeconomica.com.br\/wp\/#\/schema\/logo\/image\/"},"sameAs":["https:\/\/www.facebook.com\/bahiaeconomica"]},{"@type":"Person","@id":"https:\/\/bahiaeconomica.com.br\/wp\/#\/schema\/person\/18273ac0fe04bfd4e7b101bf17d40152","name":"LUIZA NASCIMENTO","sameAs":["http:\/\/www.bahiaeconomica.com.br"],"url":"https:\/\/bahiaeconomica.com.br\/wp\/author\/luiza-nascimento\/"}]}},"views":4,"_links":{"self":[{"href":"https:\/\/bahiaeconomica.com.br\/wp\/wp-json\/wp\/v2\/posts\/786952"}],"collection":[{"href":"https:\/\/bahiaeconomica.com.br\/wp\/wp-json\/wp\/v2\/posts"}],"about":[{"href":"https:\/\/bahiaeconomica.com.br\/wp\/wp-json\/wp\/v2\/types\/post"}],"author":[{"embeddable":true,"href":"https:\/\/bahiaeconomica.com.br\/wp\/wp-json\/wp\/v2\/users\/16"}],"replies":[{"embeddable":true,"href":"https:\/\/bahiaeconomica.com.br\/wp\/wp-json\/wp\/v2\/comments?post=786952"}],"version-history":[{"count":2,"href":"https:\/\/bahiaeconomica.com.br\/wp\/wp-json\/wp\/v2\/posts\/786952\/revisions"}],"predecessor-version":[{"id":786960,"href":"https:\/\/bahiaeconomica.com.br\/wp\/wp-json\/wp\/v2\/posts\/786952\/revisions\/786960"}],"wp:featuredmedia":[{"embeddable":true,"href":"https:\/\/bahiaeconomica.com.br\/wp\/wp-json\/wp\/v2\/media\/786958"}],"wp:attachment":[{"href":"https:\/\/bahiaeconomica.com.br\/wp\/wp-json\/wp\/v2\/media?parent=786952"}],"wp:term":[{"taxonomy":"category","embeddable":true,"href":"https:\/\/bahiaeconomica.com.br\/wp\/wp-json\/wp\/v2\/categories?post=786952"},{"taxonomy":"post_tag","embeddable":true,"href":"https:\/\/bahiaeconomica.com.br\/wp\/wp-json\/wp\/v2\/tags?post=786952"}],"curies":[{"name":"wp","href":"https:\/\/api.w.org\/{rel}","templated":true}]}}