{"id":786374,"date":"2023-12-23T09:00:06","date_gmt":"2023-12-23T12:00:06","guid":{"rendered":"https:\/\/bahiaeconomica.com.br\/wp\/?p=786374"},"modified":"2023-12-23T07:30:46","modified_gmt":"2023-12-23T10:30:46","slug":"com-crescimento-de-oswaldinho-cupula-do-mdb-reforca-apoio-e-aposta-no-aliado-em-camacari","status":"publish","type":"post","link":"https:\/\/bahiaeconomica.com.br\/wp\/2023\/12\/23\/com-crescimento-de-oswaldinho-cupula-do-mdb-reforca-apoio-e-aposta-no-aliado-em-camacari\/","title":{"rendered":"COM CRESCIMENTO DE OSWALDINHO, C\u00daPULA DO MDB REFOR\u00c7A APOIO E APOSTA NO ALIADO EM CAMA\u00c7ARI"},"content":{"rendered":"<p>Uma reuni\u00e3o realizada na sede do MDB Bahia, em Salvador, ratificou o radialista e empres\u00e1rio Oswaldinho Marcolino como representante do partido para concorrer as elei\u00e7\u00f5es municipais, em Cama\u00e7ari, em outubro do pr\u00f3ximo ano. Al\u00e9m do pr\u00e9-candidato, estiveram presentes na tratativa o ex-ministro Geddel Vieira Lima e o membro da Executiva Estadual do MDB, Ricardo Grey.<\/p>\n<p>O an\u00fancio surge acompanhado de algumas movimenta\u00e7\u00f5es importantes do partido nesse cen\u00e1rio que antecede a campanha eleitoral, como a confirma\u00e7\u00e3o de Geraldo J\u00fanior (MDB) como pr\u00e9-candidato a prefeito de Salvador e a alian\u00e7a com o PT em Feira de Santana, que refletiu no apoio \u00e0 Z\u00e9 Neto para disputar a vaga no executivo municipal.<\/p>\n<p>Em Cama\u00e7ari, os emedebistas ainda consideram que Oswaldinho \u00e9 a melhor estrat\u00e9gia para derrotar o Uni\u00e3o Brasil de Elinaldo Ara\u00fajo, que tentar\u00e1 transferir o mandato para o correligion\u00e1rio Fl\u00e1vio Matos. O radialista, que \u00e9 estreante na disputa, segue sendo um dos nomes mais promissores da oposi\u00e7\u00e3o, diante da indecis\u00e3o do Partido dos Trabalhadores em cravar seu pr\u00e9-candidato.<\/p>\n<p>&#8220;Meu partido, o MDB, \u00e9 da base do governador Jer\u00f4nimo. E no in\u00edcio do ano, o conselho pol\u00edtico do governador vai se reunir para tentar definir a nossa estrat\u00e9gia pol\u00edtica, para buscar a vit\u00f3ria do nosso grupo aqui em Cama\u00e7ari. Mas numa elei\u00e7\u00e3o em dois turnos, como ser\u00e1 em Cama\u00e7ari em 2024, ter duas candidaturas da base do governador, ser\u00e1 imprescind\u00edvel para impedir uma poss\u00edvel vit\u00f3ria dos nossos advers\u00e1rios no primeiro turno.<\/p>\n<p>De modo que, seja a minha candidatura ou a do PT que passe para o segundo turno, receber\u00e1 o apoio decisivo daquela que n\u00e3o passar. \u00a0Dessa forma, temos chances de assegurar nossa vit\u00f3ria no segundo turno das pr\u00f3ximas elei\u00e7\u00f5es&#8221;, ressaltou Oswaldinho.<\/p>\n<p>Foto: Philippe Andrews<\/p>\n","protected":false},"excerpt":{"rendered":"<p>Uma reuni\u00e3o realizada na sede do MDB Bahia, em Salvador, ratificou o radialista e empres\u00e1rio Oswaldinho Marcolino como representante do partido para concorrer as elei\u00e7\u00f5es municipais, em Cama\u00e7ari, em outubro do pr\u00f3ximo ano. Al\u00e9m do pr\u00e9-candidato, estiveram presentes na tratativa o ex-ministro Geddel Vieira Lima e o membro da Executiva Estadual do MDB, Ricardo Grey. [&hellip;]<\/p>\n","protected":false},"author":8,"featured_media":786375,"comment_status":"closed","ping_status":"closed","sticky":false,"template":"","format":"standard","meta":[],"categories":[14601],"tags":[52,3554,16462,100],"acf":[],"yoast_head":"<!-- This site is optimized with the Yoast SEO plugin v20.8 - https:\/\/yoast.com\/wordpress\/plugins\/seo\/ -->\n<title>COM CRESCIMENTO DE OSWALDINHO, C\u00daPULA DO MDB REFOR\u00c7A APOIO E APOSTA NO ALIADO EM CAMA\u00c7ARI - Bahia Economica<\/title>\n<meta name=\"description\" content=\"O maior portal de Economia da Bahia Pol\u00edtica Bahia Economica Uma reuni\u00e3o realizada na sede do MDB Bahia, em Salvador,\" \/>\n<meta name=\"robots\" content=\"index, follow, max-snippet:-1, max-image-preview:large, max-video-preview:-1\" \/>\n<link rel=\"canonical\" href=\"https:\/\/bahiaeconomica.com.br\/wp\/2023\/12\/23\/com-crescimento-de-oswaldinho-cupula-do-mdb-reforca-apoio-e-aposta-no-aliado-em-camacari\/\" \/>\n<meta property=\"og:locale\" content=\"pt_BR\" \/>\n<meta property=\"og:type\" content=\"article\" \/>\n<meta property=\"og:title\" content=\"COM CRESCIMENTO DE OSWALDINHO, C\u00daPULA DO MDB REFOR\u00c7A APOIO E APOSTA NO ALIADO EM CAMA\u00c7ARI - Bahia Economica\" \/>\n<meta property=\"og:description\" content=\"O maior portal de Economia da Bahia Pol\u00edtica Bahia Economica Uma reuni\u00e3o realizada na sede do MDB Bahia, em Salvador,\" \/>\n<meta property=\"og:url\" content=\"https:\/\/bahiaeconomica.com.br\/wp\/2023\/12\/23\/com-crescimento-de-oswaldinho-cupula-do-mdb-reforca-apoio-e-aposta-no-aliado-em-camacari\/\" \/>\n<meta property=\"og:site_name\" content=\"Bahia Economica\" \/>\n<meta property=\"article:publisher\" content=\"https:\/\/www.facebook.com\/bahiaeconomica\" \/>\n<meta property=\"article:published_time\" content=\"2023-12-23T12:00:06+00:00\" \/>\n<meta property=\"article:modified_time\" content=\"2023-12-23T10:30:46+00:00\" \/>\n<meta property=\"og:image\" content=\"https:\/\/bahiaeconomica.com.br\/wp\/wp-content\/uploads\/2023\/12\/WhatsApp-Image-2023-12-22-at-14.46.41dddddddddd.jpg\" \/>\n\t<meta property=\"og:image:width\" content=\"939\" \/>\n\t<meta property=\"og:image:height\" content=\"551\" \/>\n\t<meta property=\"og:image:type\" content=\"image\/jpeg\" \/>\n<meta name=\"author\" content=\"JP\" \/>\n<meta name=\"twitter:card\" content=\"summary_large_image\" \/>\n<meta name=\"twitter:label1\" content=\"Escrito por\" \/>\n\t<meta name=\"twitter:data1\" content=\"JP\" \/>\n\t<meta name=\"twitter:label2\" content=\"Est. tempo de leitura\" \/>\n\t<meta name=\"twitter:data2\" content=\"2 minutos\" \/>\n<script type=\"application\/ld+json\" class=\"yoast-schema-graph\">{\"@context\":\"https:\/\/schema.org\",\"@graph\":[{\"@type\":\"Article\",\"@id\":\"https:\/\/bahiaeconomica.com.br\/wp\/2023\/12\/23\/com-crescimento-de-oswaldinho-cupula-do-mdb-reforca-apoio-e-aposta-no-aliado-em-camacari\/#article\",\"isPartOf\":{\"@id\":\"https:\/\/bahiaeconomica.com.br\/wp\/2023\/12\/23\/com-crescimento-de-oswaldinho-cupula-do-mdb-reforca-apoio-e-aposta-no-aliado-em-camacari\/\"},\"author\":{\"name\":\"JP\",\"@id\":\"https:\/\/bahiaeconomica.com.br\/wp\/#\/schema\/person\/c86d3a3f8960425a0f9d0e5245991f4e\"},\"headline\":\"COM CRESCIMENTO DE OSWALDINHO, C\u00daPULA DO MDB REFOR\u00c7A APOIO E APOSTA NO ALIADO EM CAMA\u00c7ARI\",\"datePublished\":\"2023-12-23T12:00:06+00:00\",\"dateModified\":\"2023-12-23T10:30:46+00:00\",\"mainEntityOfPage\":{\"@id\":\"https:\/\/bahiaeconomica.com.br\/wp\/2023\/12\/23\/com-crescimento-de-oswaldinho-cupula-do-mdb-reforca-apoio-e-aposta-no-aliado-em-camacari\/\"},\"wordCount\":335,\"publisher\":{\"@id\":\"https:\/\/bahiaeconomica.com.br\/wp\/#organization\"},\"keywords\":[\"Brasil\",\"Geddel\",\"lucio\",\"Pol\u00edtica\"],\"articleSection\":[\"Pol\u00edtica\"],\"inLanguage\":\"pt-BR\"},{\"@type\":\"WebPage\",\"@id\":\"https:\/\/bahiaeconomica.com.br\/wp\/2023\/12\/23\/com-crescimento-de-oswaldinho-cupula-do-mdb-reforca-apoio-e-aposta-no-aliado-em-camacari\/\",\"url\":\"https:\/\/bahiaeconomica.com.br\/wp\/2023\/12\/23\/com-crescimento-de-oswaldinho-cupula-do-mdb-reforca-apoio-e-aposta-no-aliado-em-camacari\/\",\"name\":\"COM CRESCIMENTO DE OSWALDINHO, C\u00daPULA DO MDB REFOR\u00c7A APOIO E APOSTA NO ALIADO EM CAMA\u00c7ARI - Bahia Economica\",\"isPartOf\":{\"@id\":\"https:\/\/bahiaeconomica.com.br\/wp\/#website\"},\"datePublished\":\"2023-12-23T12:00:06+00:00\",\"dateModified\":\"2023-12-23T10:30:46+00:00\",\"description\":\"O maior portal de Economia da Bahia Pol\u00edtica Bahia Economica Uma reuni\u00e3o realizada na sede do MDB Bahia, em Salvador,\",\"breadcrumb\":{\"@id\":\"https:\/\/bahiaeconomica.com.br\/wp\/2023\/12\/23\/com-crescimento-de-oswaldinho-cupula-do-mdb-reforca-apoio-e-aposta-no-aliado-em-camacari\/#breadcrumb\"},\"inLanguage\":\"pt-BR\",\"potentialAction\":[{\"@type\":\"ReadAction\",\"target\":[\"https:\/\/bahiaeconomica.com.br\/wp\/2023\/12\/23\/com-crescimento-de-oswaldinho-cupula-do-mdb-reforca-apoio-e-aposta-no-aliado-em-camacari\/\"]}]},{\"@type\":\"BreadcrumbList\",\"@id\":\"https:\/\/bahiaeconomica.com.br\/wp\/2023\/12\/23\/com-crescimento-de-oswaldinho-cupula-do-mdb-reforca-apoio-e-aposta-no-aliado-em-camacari\/#breadcrumb\",\"itemListElement\":[{\"@type\":\"ListItem\",\"position\":1,\"name\":\"In\u00edcio\",\"item\":\"https:\/\/bahiaeconomica.com.br\/wp\/\"},{\"@type\":\"ListItem\",\"position\":2,\"name\":\"COM CRESCIMENTO DE OSWALDINHO, C\u00daPULA DO MDB REFOR\u00c7A APOIO E APOSTA NO ALIADO EM CAMA\u00c7ARI\"}]},{\"@type\":\"WebSite\",\"@id\":\"https:\/\/bahiaeconomica.com.br\/wp\/#website\",\"url\":\"https:\/\/bahiaeconomica.com.br\/wp\/\",\"name\":\"Bahia Economica\",\"description\":\"O maior portal de Economia da Bahia\",\"publisher\":{\"@id\":\"https:\/\/bahiaeconomica.com.br\/wp\/#organization\"},\"potentialAction\":[{\"@type\":\"SearchAction\",\"target\":{\"@type\":\"EntryPoint\",\"urlTemplate\":\"https:\/\/bahiaeconomica.com.br\/wp\/?s={search_term_string}\"},\"query-input\":\"required name=search_term_string\"}],\"inLanguage\":\"pt-BR\"},{\"@type\":\"Organization\",\"@id\":\"https:\/\/bahiaeconomica.com.br\/wp\/#organization\",\"name\":\"Bahia Econ\u00f4mica\",\"url\":\"https:\/\/bahiaeconomica.com.br\/wp\/\",\"logo\":{\"@type\":\"ImageObject\",\"inLanguage\":\"pt-BR\",\"@id\":\"https:\/\/bahiaeconomica.com.br\/wp\/#\/schema\/logo\/image\/\",\"url\":\"https:\/\/bahiaeconomica.com.br\/wp\/wp-content\/uploads\/2020\/12\/cropped-BE.png\",\"contentUrl\":\"https:\/\/bahiaeconomica.com.br\/wp\/wp-content\/uploads\/2020\/12\/cropped-BE.png\",\"width\":512,\"height\":512,\"caption\":\"Bahia Econ\u00f4mica\"},\"image\":{\"@id\":\"https:\/\/bahiaeconomica.com.br\/wp\/#\/schema\/logo\/image\/\"},\"sameAs\":[\"https:\/\/www.facebook.com\/bahiaeconomica\"]},{\"@type\":\"Person\",\"@id\":\"https:\/\/bahiaeconomica.com.br\/wp\/#\/schema\/person\/c86d3a3f8960425a0f9d0e5245991f4e\",\"name\":\"JP\",\"sameAs\":[\"https:\/\/bahiaeconomica.com.br\/wp\/beta\/\"],\"url\":\"https:\/\/bahiaeconomica.com.br\/wp\/author\/jp\/\"}]}<\/script>\n<!-- \/ Yoast SEO plugin. -->","yoast_head_json":{"title":"COM CRESCIMENTO DE OSWALDINHO, C\u00daPULA DO MDB REFOR\u00c7A APOIO E APOSTA NO ALIADO EM CAMA\u00c7ARI - Bahia Economica","description":"O maior portal de Economia da Bahia Pol\u00edtica Bahia Economica Uma reuni\u00e3o realizada na sede do MDB Bahia, em Salvador,","robots":{"index":"index","follow":"follow","max-snippet":"max-snippet:-1","max-image-preview":"max-image-preview:large","max-video-preview":"max-video-preview:-1"},"canonical":"https:\/\/bahiaeconomica.com.br\/wp\/2023\/12\/23\/com-crescimento-de-oswaldinho-cupula-do-mdb-reforca-apoio-e-aposta-no-aliado-em-camacari\/","og_locale":"pt_BR","og_type":"article","og_title":"COM CRESCIMENTO DE OSWALDINHO, C\u00daPULA DO MDB REFOR\u00c7A APOIO E APOSTA NO ALIADO EM CAMA\u00c7ARI - Bahia Economica","og_description":"O maior portal de Economia da Bahia Pol\u00edtica Bahia Economica Uma reuni\u00e3o realizada na sede do MDB Bahia, em Salvador,","og_url":"https:\/\/bahiaeconomica.com.br\/wp\/2023\/12\/23\/com-crescimento-de-oswaldinho-cupula-do-mdb-reforca-apoio-e-aposta-no-aliado-em-camacari\/","og_site_name":"Bahia Economica","article_publisher":"https:\/\/www.facebook.com\/bahiaeconomica","article_published_time":"2023-12-23T12:00:06+00:00","article_modified_time":"2023-12-23T10:30:46+00:00","og_image":[{"width":939,"height":551,"url":"https:\/\/bahiaeconomica.com.br\/wp\/wp-content\/uploads\/2023\/12\/WhatsApp-Image-2023-12-22-at-14.46.41dddddddddd.jpg","type":"image\/jpeg"}],"author":"JP","twitter_card":"summary_large_image","twitter_misc":{"Escrito por":"JP","Est. tempo de leitura":"2 minutos"},"schema":{"@context":"https:\/\/schema.org","@graph":[{"@type":"Article","@id":"https:\/\/bahiaeconomica.com.br\/wp\/2023\/12\/23\/com-crescimento-de-oswaldinho-cupula-do-mdb-reforca-apoio-e-aposta-no-aliado-em-camacari\/#article","isPartOf":{"@id":"https:\/\/bahiaeconomica.com.br\/wp\/2023\/12\/23\/com-crescimento-de-oswaldinho-cupula-do-mdb-reforca-apoio-e-aposta-no-aliado-em-camacari\/"},"author":{"name":"JP","@id":"https:\/\/bahiaeconomica.com.br\/wp\/#\/schema\/person\/c86d3a3f8960425a0f9d0e5245991f4e"},"headline":"COM CRESCIMENTO DE OSWALDINHO, C\u00daPULA DO MDB REFOR\u00c7A APOIO E APOSTA NO ALIADO EM CAMA\u00c7ARI","datePublished":"2023-12-23T12:00:06+00:00","dateModified":"2023-12-23T10:30:46+00:00","mainEntityOfPage":{"@id":"https:\/\/bahiaeconomica.com.br\/wp\/2023\/12\/23\/com-crescimento-de-oswaldinho-cupula-do-mdb-reforca-apoio-e-aposta-no-aliado-em-camacari\/"},"wordCount":335,"publisher":{"@id":"https:\/\/bahiaeconomica.com.br\/wp\/#organization"},"keywords":["Brasil","Geddel","lucio","Pol\u00edtica"],"articleSection":["Pol\u00edtica"],"inLanguage":"pt-BR"},{"@type":"WebPage","@id":"https:\/\/bahiaeconomica.com.br\/wp\/2023\/12\/23\/com-crescimento-de-oswaldinho-cupula-do-mdb-reforca-apoio-e-aposta-no-aliado-em-camacari\/","url":"https:\/\/bahiaeconomica.com.br\/wp\/2023\/12\/23\/com-crescimento-de-oswaldinho-cupula-do-mdb-reforca-apoio-e-aposta-no-aliado-em-camacari\/","name":"COM CRESCIMENTO DE OSWALDINHO, C\u00daPULA DO MDB REFOR\u00c7A APOIO E APOSTA NO ALIADO EM CAMA\u00c7ARI - Bahia Economica","isPartOf":{"@id":"https:\/\/bahiaeconomica.com.br\/wp\/#website"},"datePublished":"2023-12-23T12:00:06+00:00","dateModified":"2023-12-23T10:30:46+00:00","description":"O maior portal de Economia da Bahia Pol\u00edtica Bahia Economica Uma reuni\u00e3o realizada na sede do MDB Bahia, em Salvador,","breadcrumb":{"@id":"https:\/\/bahiaeconomica.com.br\/wp\/2023\/12\/23\/com-crescimento-de-oswaldinho-cupula-do-mdb-reforca-apoio-e-aposta-no-aliado-em-camacari\/#breadcrumb"},"inLanguage":"pt-BR","potentialAction":[{"@type":"ReadAction","target":["https:\/\/bahiaeconomica.com.br\/wp\/2023\/12\/23\/com-crescimento-de-oswaldinho-cupula-do-mdb-reforca-apoio-e-aposta-no-aliado-em-camacari\/"]}]},{"@type":"BreadcrumbList","@id":"https:\/\/bahiaeconomica.com.br\/wp\/2023\/12\/23\/com-crescimento-de-oswaldinho-cupula-do-mdb-reforca-apoio-e-aposta-no-aliado-em-camacari\/#breadcrumb","itemListElement":[{"@type":"ListItem","position":1,"name":"In\u00edcio","item":"https:\/\/bahiaeconomica.com.br\/wp\/"},{"@type":"ListItem","position":2,"name":"COM CRESCIMENTO DE OSWALDINHO, C\u00daPULA DO MDB REFOR\u00c7A APOIO E APOSTA NO ALIADO EM CAMA\u00c7ARI"}]},{"@type":"WebSite","@id":"https:\/\/bahiaeconomica.com.br\/wp\/#website","url":"https:\/\/bahiaeconomica.com.br\/wp\/","name":"Bahia Economica","description":"O maior portal de Economia da Bahia","publisher":{"@id":"https:\/\/bahiaeconomica.com.br\/wp\/#organization"},"potentialAction":[{"@type":"SearchAction","target":{"@type":"EntryPoint","urlTemplate":"https:\/\/bahiaeconomica.com.br\/wp\/?s={search_term_string}"},"query-input":"required name=search_term_string"}],"inLanguage":"pt-BR"},{"@type":"Organization","@id":"https:\/\/bahiaeconomica.com.br\/wp\/#organization","name":"Bahia Econ\u00f4mica","url":"https:\/\/bahiaeconomica.com.br\/wp\/","logo":{"@type":"ImageObject","inLanguage":"pt-BR","@id":"https:\/\/bahiaeconomica.com.br\/wp\/#\/schema\/logo\/image\/","url":"https:\/\/bahiaeconomica.com.br\/wp\/wp-content\/uploads\/2020\/12\/cropped-BE.png","contentUrl":"https:\/\/bahiaeconomica.com.br\/wp\/wp-content\/uploads\/2020\/12\/cropped-BE.png","width":512,"height":512,"caption":"Bahia Econ\u00f4mica"},"image":{"@id":"https:\/\/bahiaeconomica.com.br\/wp\/#\/schema\/logo\/image\/"},"sameAs":["https:\/\/www.facebook.com\/bahiaeconomica"]},{"@type":"Person","@id":"https:\/\/bahiaeconomica.com.br\/wp\/#\/schema\/person\/c86d3a3f8960425a0f9d0e5245991f4e","name":"JP","sameAs":["https:\/\/bahiaeconomica.com.br\/wp\/beta\/"],"url":"https:\/\/bahiaeconomica.com.br\/wp\/author\/jp\/"}]}},"views":109,"_links":{"self":[{"href":"https:\/\/bahiaeconomica.com.br\/wp\/wp-json\/wp\/v2\/posts\/786374"}],"collection":[{"href":"https:\/\/bahiaeconomica.com.br\/wp\/wp-json\/wp\/v2\/posts"}],"about":[{"href":"https:\/\/bahiaeconomica.com.br\/wp\/wp-json\/wp\/v2\/types\/post"}],"author":[{"embeddable":true,"href":"https:\/\/bahiaeconomica.com.br\/wp\/wp-json\/wp\/v2\/users\/8"}],"replies":[{"embeddable":true,"href":"https:\/\/bahiaeconomica.com.br\/wp\/wp-json\/wp\/v2\/comments?post=786374"}],"version-history":[{"count":1,"href":"https:\/\/bahiaeconomica.com.br\/wp\/wp-json\/wp\/v2\/posts\/786374\/revisions"}],"predecessor-version":[{"id":786376,"href":"https:\/\/bahiaeconomica.com.br\/wp\/wp-json\/wp\/v2\/posts\/786374\/revisions\/786376"}],"wp:featuredmedia":[{"embeddable":true,"href":"https:\/\/bahiaeconomica.com.br\/wp\/wp-json\/wp\/v2\/media\/786375"}],"wp:attachment":[{"href":"https:\/\/bahiaeconomica.com.br\/wp\/wp-json\/wp\/v2\/media?parent=786374"}],"wp:term":[{"taxonomy":"category","embeddable":true,"href":"https:\/\/bahiaeconomica.com.br\/wp\/wp-json\/wp\/v2\/categories?post=786374"},{"taxonomy":"post_tag","embeddable":true,"href":"https:\/\/bahiaeconomica.com.br\/wp\/wp-json\/wp\/v2\/tags?post=786374"}],"curies":[{"name":"wp","href":"https:\/\/api.w.org\/{rel}","templated":true}]}}