{"id":785820,"date":"2023-12-20T19:45:17","date_gmt":"2023-12-20T22:45:17","guid":{"rendered":"https:\/\/bahiaeconomica.com.br\/wp\/?p=785820"},"modified":"2023-12-20T19:33:51","modified_gmt":"2023-12-20T22:33:51","slug":"vereadores-aprovam-proibicao-de-cardapios-digitais-em-bares-e-restaurantes-de-salvador","status":"publish","type":"post","link":"https:\/\/bahiaeconomica.com.br\/wp\/2023\/12\/20\/vereadores-aprovam-proibicao-de-cardapios-digitais-em-bares-e-restaurantes-de-salvador\/","title":{"rendered":"VEREADORES APROVAM PROIBI\u00c7\u00c3O DE CARD\u00c1PIOS DIGITAIS EM BARES E RESTAURANTES DE SALVADOR"},"content":{"rendered":"<p>Na ter\u00e7a-feira (19), a C\u00e2mara Municipal de Salvador (CMS) aprovou a proibi\u00e7\u00e3o de card\u00e1pios exclusivamente digitais em bares e restaurantes da capital. A iniciativa, proposta pelo vereador Duda Sanches (Uni\u00e3o Brasil), estabelece a obrigatoriedade de pelo menos um card\u00e1pio f\u00edsico por estabelecimento, atendendo assim aos requisitos da lei. O texto agora aguarda a san\u00e7\u00e3o do prefeito Bruno Reis (UB).<\/p>\n<p>Duda Sanches justificou sua proposta destacando que Salvador \u00e9 uma cidade &#8220;composta por pessoas de diversas idades e realidades&#8221; e que &#8220;nem todos os cidad\u00e3os possuem acesso \u00e0 internet, ou disp\u00f5em de dispositivos eletr\u00f4nicos&#8221;.<\/p>\n<p>O vereador argumenta que a presen\u00e7a exclusiva de card\u00e1pios digitais ou via QR Code &#8220;impede o acesso da popula\u00e7\u00e3o, desconsiderando as quest\u00f5es sociais das diversas realidades existentes no munic\u00edpio&#8221;.<\/p>\n<p><strong>Foto: Ismael Soares \/ SVM<\/strong><\/p>\n","protected":false},"excerpt":{"rendered":"<p>Na ter\u00e7a-feira (19), a C\u00e2mara Municipal de Salvador (CMS) aprovou a proibi\u00e7\u00e3o de card\u00e1pios exclusivamente digitais em bares e restaurantes da capital. A iniciativa, proposta pelo vereador Duda Sanches (Uni\u00e3o Brasil), estabelece a obrigatoriedade de pelo menos um card\u00e1pio f\u00edsico por estabelecimento, atendendo assim aos requisitos da lei. O texto agora aguarda a san\u00e7\u00e3o do [&hellip;]<\/p>\n","protected":false},"author":18,"featured_media":785821,"comment_status":"closed","ping_status":"closed","sticky":false,"template":"","format":"standard","meta":[],"categories":[14601],"tags":[973,24483,24484,73],"acf":[],"yoast_head":"<!-- This site is optimized with the Yoast SEO plugin v20.8 - https:\/\/yoast.com\/wordpress\/plugins\/seo\/ -->\n<title>VEREADORES APROVAM PROIBI\u00c7\u00c3O DE CARD\u00c1PIOS DIGITAIS EM BARES E RESTAURANTES DE SALVADOR - Bahia Economica<\/title>\n<meta name=\"description\" content=\"O maior portal de Economia da Bahia Pol\u00edtica Bahia Economica Na ter\u00e7a-feira (19), a C\u00e2mara Municipal de Salvador (CMS) aprovou a proibi\u00e7\u00e3o\" \/>\n<meta name=\"robots\" content=\"index, follow, max-snippet:-1, max-image-preview:large, max-video-preview:-1\" \/>\n<link rel=\"canonical\" href=\"https:\/\/bahiaeconomica.com.br\/wp\/2023\/12\/20\/vereadores-aprovam-proibicao-de-cardapios-digitais-em-bares-e-restaurantes-de-salvador\/\" \/>\n<meta property=\"og:locale\" content=\"pt_BR\" \/>\n<meta property=\"og:type\" content=\"article\" \/>\n<meta property=\"og:title\" content=\"VEREADORES APROVAM PROIBI\u00c7\u00c3O DE CARD\u00c1PIOS DIGITAIS EM BARES E RESTAURANTES DE SALVADOR - Bahia Economica\" \/>\n<meta property=\"og:description\" content=\"O maior portal de Economia da Bahia Pol\u00edtica Bahia Economica Na ter\u00e7a-feira (19), a C\u00e2mara Municipal de Salvador (CMS) aprovou a proibi\u00e7\u00e3o\" \/>\n<meta property=\"og:url\" content=\"https:\/\/bahiaeconomica.com.br\/wp\/2023\/12\/20\/vereadores-aprovam-proibicao-de-cardapios-digitais-em-bares-e-restaurantes-de-salvador\/\" \/>\n<meta property=\"og:site_name\" content=\"Bahia Economica\" \/>\n<meta property=\"article:publisher\" content=\"https:\/\/www.facebook.com\/bahiaeconomica\" \/>\n<meta property=\"article:published_time\" content=\"2023-12-20T22:45:17+00:00\" \/>\n<meta property=\"article:modified_time\" content=\"2023-12-20T22:33:51+00:00\" \/>\n<meta property=\"og:image\" content=\"https:\/\/bahiaeconomica.com.br\/wp\/wp-content\/uploads\/2023\/12\/cardapiofisico_alo_alo_Bahia.jpg\" \/>\n\t<meta property=\"og:image:width\" content=\"1280\" \/>\n\t<meta property=\"og:image:height\" content=\"720\" \/>\n\t<meta property=\"og:image:type\" content=\"image\/jpeg\" \/>\n<meta name=\"author\" content=\"Emily Oliveira\" \/>\n<meta name=\"twitter:card\" content=\"summary_large_image\" \/>\n<meta name=\"twitter:label1\" content=\"Escrito por\" \/>\n\t<meta name=\"twitter:data1\" content=\"Emily Oliveira\" \/>\n\t<meta name=\"twitter:label2\" content=\"Est. tempo de leitura\" \/>\n\t<meta name=\"twitter:data2\" content=\"1 minuto\" \/>\n<script type=\"application\/ld+json\" class=\"yoast-schema-graph\">{\"@context\":\"https:\/\/schema.org\",\"@graph\":[{\"@type\":\"Article\",\"@id\":\"https:\/\/bahiaeconomica.com.br\/wp\/2023\/12\/20\/vereadores-aprovam-proibicao-de-cardapios-digitais-em-bares-e-restaurantes-de-salvador\/#article\",\"isPartOf\":{\"@id\":\"https:\/\/bahiaeconomica.com.br\/wp\/2023\/12\/20\/vereadores-aprovam-proibicao-de-cardapios-digitais-em-bares-e-restaurantes-de-salvador\/\"},\"author\":{\"name\":\"Emily Oliveira\",\"@id\":\"https:\/\/bahiaeconomica.com.br\/wp\/#\/schema\/person\/547396bb3b39ebb828ab5807d982c42f\"},\"headline\":\"VEREADORES APROVAM PROIBI\u00c7\u00c3O DE CARD\u00c1PIOS DIGITAIS EM BARES E RESTAURANTES DE SALVADOR\",\"datePublished\":\"2023-12-20T22:45:17+00:00\",\"dateModified\":\"2023-12-20T22:33:51+00:00\",\"mainEntityOfPage\":{\"@id\":\"https:\/\/bahiaeconomica.com.br\/wp\/2023\/12\/20\/vereadores-aprovam-proibicao-de-cardapios-digitais-em-bares-e-restaurantes-de-salvador\/\"},\"wordCount\":153,\"publisher\":{\"@id\":\"https:\/\/bahiaeconomica.com.br\/wp\/#organization\"},\"keywords\":[\"Camara de Salvador\",\"cardapio fisica\",\"duda sanches\",\"Salvador\"],\"articleSection\":[\"Pol\u00edtica\"],\"inLanguage\":\"pt-BR\"},{\"@type\":\"WebPage\",\"@id\":\"https:\/\/bahiaeconomica.com.br\/wp\/2023\/12\/20\/vereadores-aprovam-proibicao-de-cardapios-digitais-em-bares-e-restaurantes-de-salvador\/\",\"url\":\"https:\/\/bahiaeconomica.com.br\/wp\/2023\/12\/20\/vereadores-aprovam-proibicao-de-cardapios-digitais-em-bares-e-restaurantes-de-salvador\/\",\"name\":\"VEREADORES APROVAM PROIBI\u00c7\u00c3O DE CARD\u00c1PIOS DIGITAIS EM BARES E RESTAURANTES DE SALVADOR - Bahia Economica\",\"isPartOf\":{\"@id\":\"https:\/\/bahiaeconomica.com.br\/wp\/#website\"},\"datePublished\":\"2023-12-20T22:45:17+00:00\",\"dateModified\":\"2023-12-20T22:33:51+00:00\",\"description\":\"O maior portal de Economia da Bahia Pol\u00edtica Bahia Economica Na ter\u00e7a-feira (19), a C\u00e2mara Municipal de Salvador (CMS) aprovou a proibi\u00e7\u00e3o\",\"breadcrumb\":{\"@id\":\"https:\/\/bahiaeconomica.com.br\/wp\/2023\/12\/20\/vereadores-aprovam-proibicao-de-cardapios-digitais-em-bares-e-restaurantes-de-salvador\/#breadcrumb\"},\"inLanguage\":\"pt-BR\",\"potentialAction\":[{\"@type\":\"ReadAction\",\"target\":[\"https:\/\/bahiaeconomica.com.br\/wp\/2023\/12\/20\/vereadores-aprovam-proibicao-de-cardapios-digitais-em-bares-e-restaurantes-de-salvador\/\"]}]},{\"@type\":\"BreadcrumbList\",\"@id\":\"https:\/\/bahiaeconomica.com.br\/wp\/2023\/12\/20\/vereadores-aprovam-proibicao-de-cardapios-digitais-em-bares-e-restaurantes-de-salvador\/#breadcrumb\",\"itemListElement\":[{\"@type\":\"ListItem\",\"position\":1,\"name\":\"In\u00edcio\",\"item\":\"https:\/\/bahiaeconomica.com.br\/wp\/\"},{\"@type\":\"ListItem\",\"position\":2,\"name\":\"VEREADORES APROVAM PROIBI\u00c7\u00c3O DE CARD\u00c1PIOS DIGITAIS EM BARES E RESTAURANTES DE SALVADOR\"}]},{\"@type\":\"WebSite\",\"@id\":\"https:\/\/bahiaeconomica.com.br\/wp\/#website\",\"url\":\"https:\/\/bahiaeconomica.com.br\/wp\/\",\"name\":\"Bahia Economica\",\"description\":\"O maior portal de Economia da Bahia\",\"publisher\":{\"@id\":\"https:\/\/bahiaeconomica.com.br\/wp\/#organization\"},\"potentialAction\":[{\"@type\":\"SearchAction\",\"target\":{\"@type\":\"EntryPoint\",\"urlTemplate\":\"https:\/\/bahiaeconomica.com.br\/wp\/?s={search_term_string}\"},\"query-input\":\"required name=search_term_string\"}],\"inLanguage\":\"pt-BR\"},{\"@type\":\"Organization\",\"@id\":\"https:\/\/bahiaeconomica.com.br\/wp\/#organization\",\"name\":\"Bahia Econ\u00f4mica\",\"url\":\"https:\/\/bahiaeconomica.com.br\/wp\/\",\"logo\":{\"@type\":\"ImageObject\",\"inLanguage\":\"pt-BR\",\"@id\":\"https:\/\/bahiaeconomica.com.br\/wp\/#\/schema\/logo\/image\/\",\"url\":\"https:\/\/bahiaeconomica.com.br\/wp\/wp-content\/uploads\/2020\/12\/cropped-BE.png\",\"contentUrl\":\"https:\/\/bahiaeconomica.com.br\/wp\/wp-content\/uploads\/2020\/12\/cropped-BE.png\",\"width\":512,\"height\":512,\"caption\":\"Bahia Econ\u00f4mica\"},\"image\":{\"@id\":\"https:\/\/bahiaeconomica.com.br\/wp\/#\/schema\/logo\/image\/\"},\"sameAs\":[\"https:\/\/www.facebook.com\/bahiaeconomica\"]},{\"@type\":\"Person\",\"@id\":\"https:\/\/bahiaeconomica.com.br\/wp\/#\/schema\/person\/547396bb3b39ebb828ab5807d982c42f\",\"name\":\"Emily Oliveira\",\"sameAs\":[\"https:\/\/bahiaeconomica.com.br\/wp\/\"],\"url\":\"https:\/\/bahiaeconomica.com.br\/wp\/author\/emily-oliveira\/\"}]}<\/script>\n<!-- \/ Yoast SEO plugin. -->","yoast_head_json":{"title":"VEREADORES APROVAM PROIBI\u00c7\u00c3O DE CARD\u00c1PIOS DIGITAIS EM BARES E RESTAURANTES DE SALVADOR - Bahia Economica","description":"O maior portal de Economia da Bahia Pol\u00edtica Bahia Economica Na ter\u00e7a-feira (19), a C\u00e2mara Municipal de Salvador (CMS) aprovou a proibi\u00e7\u00e3o","robots":{"index":"index","follow":"follow","max-snippet":"max-snippet:-1","max-image-preview":"max-image-preview:large","max-video-preview":"max-video-preview:-1"},"canonical":"https:\/\/bahiaeconomica.com.br\/wp\/2023\/12\/20\/vereadores-aprovam-proibicao-de-cardapios-digitais-em-bares-e-restaurantes-de-salvador\/","og_locale":"pt_BR","og_type":"article","og_title":"VEREADORES APROVAM PROIBI\u00c7\u00c3O DE CARD\u00c1PIOS DIGITAIS EM BARES E RESTAURANTES DE SALVADOR - Bahia Economica","og_description":"O maior portal de Economia da Bahia Pol\u00edtica Bahia Economica Na ter\u00e7a-feira (19), a C\u00e2mara Municipal de Salvador (CMS) aprovou a proibi\u00e7\u00e3o","og_url":"https:\/\/bahiaeconomica.com.br\/wp\/2023\/12\/20\/vereadores-aprovam-proibicao-de-cardapios-digitais-em-bares-e-restaurantes-de-salvador\/","og_site_name":"Bahia Economica","article_publisher":"https:\/\/www.facebook.com\/bahiaeconomica","article_published_time":"2023-12-20T22:45:17+00:00","article_modified_time":"2023-12-20T22:33:51+00:00","og_image":[{"width":1280,"height":720,"url":"https:\/\/bahiaeconomica.com.br\/wp\/wp-content\/uploads\/2023\/12\/cardapiofisico_alo_alo_Bahia.jpg","type":"image\/jpeg"}],"author":"Emily Oliveira","twitter_card":"summary_large_image","twitter_misc":{"Escrito por":"Emily Oliveira","Est. tempo de leitura":"1 minuto"},"schema":{"@context":"https:\/\/schema.org","@graph":[{"@type":"Article","@id":"https:\/\/bahiaeconomica.com.br\/wp\/2023\/12\/20\/vereadores-aprovam-proibicao-de-cardapios-digitais-em-bares-e-restaurantes-de-salvador\/#article","isPartOf":{"@id":"https:\/\/bahiaeconomica.com.br\/wp\/2023\/12\/20\/vereadores-aprovam-proibicao-de-cardapios-digitais-em-bares-e-restaurantes-de-salvador\/"},"author":{"name":"Emily Oliveira","@id":"https:\/\/bahiaeconomica.com.br\/wp\/#\/schema\/person\/547396bb3b39ebb828ab5807d982c42f"},"headline":"VEREADORES APROVAM PROIBI\u00c7\u00c3O DE CARD\u00c1PIOS DIGITAIS EM BARES E RESTAURANTES DE SALVADOR","datePublished":"2023-12-20T22:45:17+00:00","dateModified":"2023-12-20T22:33:51+00:00","mainEntityOfPage":{"@id":"https:\/\/bahiaeconomica.com.br\/wp\/2023\/12\/20\/vereadores-aprovam-proibicao-de-cardapios-digitais-em-bares-e-restaurantes-de-salvador\/"},"wordCount":153,"publisher":{"@id":"https:\/\/bahiaeconomica.com.br\/wp\/#organization"},"keywords":["Camara de Salvador","cardapio fisica","duda sanches","Salvador"],"articleSection":["Pol\u00edtica"],"inLanguage":"pt-BR"},{"@type":"WebPage","@id":"https:\/\/bahiaeconomica.com.br\/wp\/2023\/12\/20\/vereadores-aprovam-proibicao-de-cardapios-digitais-em-bares-e-restaurantes-de-salvador\/","url":"https:\/\/bahiaeconomica.com.br\/wp\/2023\/12\/20\/vereadores-aprovam-proibicao-de-cardapios-digitais-em-bares-e-restaurantes-de-salvador\/","name":"VEREADORES APROVAM PROIBI\u00c7\u00c3O DE CARD\u00c1PIOS DIGITAIS EM BARES E RESTAURANTES DE SALVADOR - Bahia Economica","isPartOf":{"@id":"https:\/\/bahiaeconomica.com.br\/wp\/#website"},"datePublished":"2023-12-20T22:45:17+00:00","dateModified":"2023-12-20T22:33:51+00:00","description":"O maior portal de Economia da Bahia Pol\u00edtica Bahia Economica Na ter\u00e7a-feira (19), a C\u00e2mara Municipal de Salvador (CMS) aprovou a proibi\u00e7\u00e3o","breadcrumb":{"@id":"https:\/\/bahiaeconomica.com.br\/wp\/2023\/12\/20\/vereadores-aprovam-proibicao-de-cardapios-digitais-em-bares-e-restaurantes-de-salvador\/#breadcrumb"},"inLanguage":"pt-BR","potentialAction":[{"@type":"ReadAction","target":["https:\/\/bahiaeconomica.com.br\/wp\/2023\/12\/20\/vereadores-aprovam-proibicao-de-cardapios-digitais-em-bares-e-restaurantes-de-salvador\/"]}]},{"@type":"BreadcrumbList","@id":"https:\/\/bahiaeconomica.com.br\/wp\/2023\/12\/20\/vereadores-aprovam-proibicao-de-cardapios-digitais-em-bares-e-restaurantes-de-salvador\/#breadcrumb","itemListElement":[{"@type":"ListItem","position":1,"name":"In\u00edcio","item":"https:\/\/bahiaeconomica.com.br\/wp\/"},{"@type":"ListItem","position":2,"name":"VEREADORES APROVAM PROIBI\u00c7\u00c3O DE CARD\u00c1PIOS DIGITAIS EM BARES E RESTAURANTES DE SALVADOR"}]},{"@type":"WebSite","@id":"https:\/\/bahiaeconomica.com.br\/wp\/#website","url":"https:\/\/bahiaeconomica.com.br\/wp\/","name":"Bahia Economica","description":"O maior portal de Economia da Bahia","publisher":{"@id":"https:\/\/bahiaeconomica.com.br\/wp\/#organization"},"potentialAction":[{"@type":"SearchAction","target":{"@type":"EntryPoint","urlTemplate":"https:\/\/bahiaeconomica.com.br\/wp\/?s={search_term_string}"},"query-input":"required name=search_term_string"}],"inLanguage":"pt-BR"},{"@type":"Organization","@id":"https:\/\/bahiaeconomica.com.br\/wp\/#organization","name":"Bahia Econ\u00f4mica","url":"https:\/\/bahiaeconomica.com.br\/wp\/","logo":{"@type":"ImageObject","inLanguage":"pt-BR","@id":"https:\/\/bahiaeconomica.com.br\/wp\/#\/schema\/logo\/image\/","url":"https:\/\/bahiaeconomica.com.br\/wp\/wp-content\/uploads\/2020\/12\/cropped-BE.png","contentUrl":"https:\/\/bahiaeconomica.com.br\/wp\/wp-content\/uploads\/2020\/12\/cropped-BE.png","width":512,"height":512,"caption":"Bahia Econ\u00f4mica"},"image":{"@id":"https:\/\/bahiaeconomica.com.br\/wp\/#\/schema\/logo\/image\/"},"sameAs":["https:\/\/www.facebook.com\/bahiaeconomica"]},{"@type":"Person","@id":"https:\/\/bahiaeconomica.com.br\/wp\/#\/schema\/person\/547396bb3b39ebb828ab5807d982c42f","name":"Emily Oliveira","sameAs":["https:\/\/bahiaeconomica.com.br\/wp\/"],"url":"https:\/\/bahiaeconomica.com.br\/wp\/author\/emily-oliveira\/"}]}},"views":27,"_links":{"self":[{"href":"https:\/\/bahiaeconomica.com.br\/wp\/wp-json\/wp\/v2\/posts\/785820"}],"collection":[{"href":"https:\/\/bahiaeconomica.com.br\/wp\/wp-json\/wp\/v2\/posts"}],"about":[{"href":"https:\/\/bahiaeconomica.com.br\/wp\/wp-json\/wp\/v2\/types\/post"}],"author":[{"embeddable":true,"href":"https:\/\/bahiaeconomica.com.br\/wp\/wp-json\/wp\/v2\/users\/18"}],"replies":[{"embeddable":true,"href":"https:\/\/bahiaeconomica.com.br\/wp\/wp-json\/wp\/v2\/comments?post=785820"}],"version-history":[{"count":1,"href":"https:\/\/bahiaeconomica.com.br\/wp\/wp-json\/wp\/v2\/posts\/785820\/revisions"}],"predecessor-version":[{"id":785824,"href":"https:\/\/bahiaeconomica.com.br\/wp\/wp-json\/wp\/v2\/posts\/785820\/revisions\/785824"}],"wp:featuredmedia":[{"embeddable":true,"href":"https:\/\/bahiaeconomica.com.br\/wp\/wp-json\/wp\/v2\/media\/785821"}],"wp:attachment":[{"href":"https:\/\/bahiaeconomica.com.br\/wp\/wp-json\/wp\/v2\/media?parent=785820"}],"wp:term":[{"taxonomy":"category","embeddable":true,"href":"https:\/\/bahiaeconomica.com.br\/wp\/wp-json\/wp\/v2\/categories?post=785820"},{"taxonomy":"post_tag","embeddable":true,"href":"https:\/\/bahiaeconomica.com.br\/wp\/wp-json\/wp\/v2\/tags?post=785820"}],"curies":[{"name":"wp","href":"https:\/\/api.w.org\/{rel}","templated":true}]}}