{"id":785684,"date":"2023-12-20T15:19:55","date_gmt":"2023-12-20T18:19:55","guid":{"rendered":"https:\/\/bahiaeconomica.com.br\/wp\/?p=785684"},"modified":"2023-12-20T15:19:55","modified_gmt":"2023-12-20T18:19:55","slug":"lauro-de-freitas-adia-inauguracao-luzes-de-natal-devido-as-fortes-chuvas","status":"publish","type":"post","link":"https:\/\/bahiaeconomica.com.br\/wp\/2023\/12\/20\/lauro-de-freitas-adia-inauguracao-luzes-de-natal-devido-as-fortes-chuvas\/","title":{"rendered":"LAURO DE FREITAS ADIA INAUGURA\u00c7\u00c3O \u2018LUZES DE NATAL\u2019 DEVIDO \u00c0S FORTES CHUVAS"},"content":{"rendered":"<p>A Prefeitura de Lauro de Freitas informa que por causa da chuva que atinge o munic\u00edpio nesta quarta-feira (20), o evento de inaugura\u00e7\u00e3o &#8216;Luzes de Natal&#8217;, foi adiado para s\u00e1bado (23), \u00e0s 18h, na Pra\u00e7a da Matriz, no Centro. A programa\u00e7\u00e3o vai contar com a apresenta\u00e7\u00e3o do Coral Criando Asas.<\/p>\n<p>O evento de inaugura\u00e7\u00e3o, em Itinga, por sua vez, est\u00e1 mantido para sexta-feira (22). A abertura do &#8216;Luzes de Natal&#8217; no bairro ser\u00e1 a partir das 18h, no Largo do Caranguejo e vai contar com a apresenta\u00e7\u00e3o da Filarm\u00f4nica da Escola Olavina Calazans.<\/p>\n<p>A Prefeitura iluminou avenidas e pra\u00e7as. Neste ano a decora\u00e7\u00e3o ganhou o refor\u00e7o de mais de 100 mil microl\u00e2mpadas em LED, al\u00e9m de uma ornamenta\u00e7\u00e3o especial no solo, real\u00e7ando ainda mais a beleza da cidade.<\/p>\n<p>Foto \u2013 Lucas Lins<\/p>\n","protected":false},"excerpt":{"rendered":"<p>A Prefeitura de Lauro de Freitas informa que por causa da chuva que atinge o munic\u00edpio nesta quarta-feira (20), o evento de inaugura\u00e7\u00e3o &#8216;Luzes de Natal&#8217;, foi adiado para s\u00e1bado (23), \u00e0s 18h, na Pra\u00e7a da Matriz, no Centro. A programa\u00e7\u00e3o vai contar com a apresenta\u00e7\u00e3o do Coral Criando Asas. O evento de inaugura\u00e7\u00e3o, em [&hellip;]<\/p>\n","protected":false},"author":16,"featured_media":785685,"comment_status":"closed","ping_status":"closed","sticky":false,"template":"","format":"standard","meta":[],"categories":[5],"tags":[85,330,24436],"acf":[],"yoast_head":"<!-- This site is optimized with the Yoast SEO plugin v20.8 - https:\/\/yoast.com\/wordpress\/plugins\/seo\/ -->\n<title>LAURO DE FREITAS ADIA INAUGURA\u00c7\u00c3O \u2018LUZES DE NATAL\u2019 DEVIDO \u00c0S FORTES CHUVAS - Bahia Economica<\/title>\n<meta name=\"description\" content=\"O maior portal de Economia da Bahia MUNIC\u00cdPIOS Bahia Economica\" \/>\n<meta name=\"robots\" content=\"index, follow, max-snippet:-1, max-image-preview:large, max-video-preview:-1\" \/>\n<link rel=\"canonical\" href=\"https:\/\/bahiaeconomica.com.br\/wp\/2023\/12\/20\/lauro-de-freitas-adia-inauguracao-luzes-de-natal-devido-as-fortes-chuvas\/\" \/>\n<meta property=\"og:locale\" content=\"pt_BR\" \/>\n<meta property=\"og:type\" content=\"article\" \/>\n<meta property=\"og:title\" content=\"LAURO DE FREITAS ADIA INAUGURA\u00c7\u00c3O \u2018LUZES DE NATAL\u2019 DEVIDO \u00c0S FORTES CHUVAS - Bahia Economica\" \/>\n<meta property=\"og:description\" content=\"O maior portal de Economia da Bahia MUNIC\u00cdPIOS Bahia Economica\" \/>\n<meta property=\"og:url\" content=\"https:\/\/bahiaeconomica.com.br\/wp\/2023\/12\/20\/lauro-de-freitas-adia-inauguracao-luzes-de-natal-devido-as-fortes-chuvas\/\" \/>\n<meta property=\"og:site_name\" content=\"Bahia Economica\" \/>\n<meta property=\"article:publisher\" content=\"https:\/\/www.facebook.com\/bahiaeconomica\" \/>\n<meta property=\"article:published_time\" content=\"2023-12-20T18:19:55+00:00\" \/>\n<meta property=\"og:image\" content=\"https:\/\/bahiaeconomica.com.br\/wp\/wp-content\/uploads\/2023\/12\/Foto-Lucas-Lins.jpg\" \/>\n\t<meta property=\"og:image:width\" content=\"2048\" \/>\n\t<meta property=\"og:image:height\" content=\"1365\" \/>\n\t<meta property=\"og:image:type\" content=\"image\/jpeg\" \/>\n<meta name=\"author\" content=\"LUIZA NASCIMENTO\" \/>\n<meta name=\"twitter:card\" content=\"summary_large_image\" \/>\n<meta name=\"twitter:label1\" content=\"Escrito por\" \/>\n\t<meta name=\"twitter:data1\" content=\"LUIZA NASCIMENTO\" \/>\n\t<meta name=\"twitter:label2\" content=\"Est. tempo de leitura\" \/>\n\t<meta name=\"twitter:data2\" content=\"1 minuto\" \/>\n<script type=\"application\/ld+json\" class=\"yoast-schema-graph\">{\"@context\":\"https:\/\/schema.org\",\"@graph\":[{\"@type\":\"Article\",\"@id\":\"https:\/\/bahiaeconomica.com.br\/wp\/2023\/12\/20\/lauro-de-freitas-adia-inauguracao-luzes-de-natal-devido-as-fortes-chuvas\/#article\",\"isPartOf\":{\"@id\":\"https:\/\/bahiaeconomica.com.br\/wp\/2023\/12\/20\/lauro-de-freitas-adia-inauguracao-luzes-de-natal-devido-as-fortes-chuvas\/\"},\"author\":{\"name\":\"LUIZA NASCIMENTO\",\"@id\":\"https:\/\/bahiaeconomica.com.br\/wp\/#\/schema\/person\/18273ac0fe04bfd4e7b101bf17d40152\"},\"headline\":\"LAURO DE FREITAS ADIA INAUGURA\u00c7\u00c3O \u2018LUZES DE NATAL\u2019 DEVIDO \u00c0S FORTES CHUVAS\",\"datePublished\":\"2023-12-20T18:19:55+00:00\",\"dateModified\":\"2023-12-20T18:19:55+00:00\",\"mainEntityOfPage\":{\"@id\":\"https:\/\/bahiaeconomica.com.br\/wp\/2023\/12\/20\/lauro-de-freitas-adia-inauguracao-luzes-de-natal-devido-as-fortes-chuvas\/\"},\"wordCount\":156,\"publisher\":{\"@id\":\"https:\/\/bahiaeconomica.com.br\/wp\/#organization\"},\"keywords\":[\"Bahia\",\"Lauro de Freitas\",\"Luzes de Natal\"],\"articleSection\":[\"MUNIC\u00cdPIOS\"],\"inLanguage\":\"pt-BR\"},{\"@type\":\"WebPage\",\"@id\":\"https:\/\/bahiaeconomica.com.br\/wp\/2023\/12\/20\/lauro-de-freitas-adia-inauguracao-luzes-de-natal-devido-as-fortes-chuvas\/\",\"url\":\"https:\/\/bahiaeconomica.com.br\/wp\/2023\/12\/20\/lauro-de-freitas-adia-inauguracao-luzes-de-natal-devido-as-fortes-chuvas\/\",\"name\":\"LAURO DE FREITAS ADIA INAUGURA\u00c7\u00c3O \u2018LUZES DE NATAL\u2019 DEVIDO \u00c0S FORTES CHUVAS - Bahia Economica\",\"isPartOf\":{\"@id\":\"https:\/\/bahiaeconomica.com.br\/wp\/#website\"},\"datePublished\":\"2023-12-20T18:19:55+00:00\",\"dateModified\":\"2023-12-20T18:19:55+00:00\",\"description\":\"O maior portal de Economia da Bahia MUNIC\u00cdPIOS Bahia Economica\",\"breadcrumb\":{\"@id\":\"https:\/\/bahiaeconomica.com.br\/wp\/2023\/12\/20\/lauro-de-freitas-adia-inauguracao-luzes-de-natal-devido-as-fortes-chuvas\/#breadcrumb\"},\"inLanguage\":\"pt-BR\",\"potentialAction\":[{\"@type\":\"ReadAction\",\"target\":[\"https:\/\/bahiaeconomica.com.br\/wp\/2023\/12\/20\/lauro-de-freitas-adia-inauguracao-luzes-de-natal-devido-as-fortes-chuvas\/\"]}]},{\"@type\":\"BreadcrumbList\",\"@id\":\"https:\/\/bahiaeconomica.com.br\/wp\/2023\/12\/20\/lauro-de-freitas-adia-inauguracao-luzes-de-natal-devido-as-fortes-chuvas\/#breadcrumb\",\"itemListElement\":[{\"@type\":\"ListItem\",\"position\":1,\"name\":\"In\u00edcio\",\"item\":\"https:\/\/bahiaeconomica.com.br\/wp\/\"},{\"@type\":\"ListItem\",\"position\":2,\"name\":\"LAURO DE FREITAS ADIA INAUGURA\u00c7\u00c3O \u2018LUZES DE NATAL\u2019 DEVIDO \u00c0S FORTES CHUVAS\"}]},{\"@type\":\"WebSite\",\"@id\":\"https:\/\/bahiaeconomica.com.br\/wp\/#website\",\"url\":\"https:\/\/bahiaeconomica.com.br\/wp\/\",\"name\":\"Bahia Economica\",\"description\":\"O maior portal de Economia da Bahia\",\"publisher\":{\"@id\":\"https:\/\/bahiaeconomica.com.br\/wp\/#organization\"},\"potentialAction\":[{\"@type\":\"SearchAction\",\"target\":{\"@type\":\"EntryPoint\",\"urlTemplate\":\"https:\/\/bahiaeconomica.com.br\/wp\/?s={search_term_string}\"},\"query-input\":\"required name=search_term_string\"}],\"inLanguage\":\"pt-BR\"},{\"@type\":\"Organization\",\"@id\":\"https:\/\/bahiaeconomica.com.br\/wp\/#organization\",\"name\":\"Bahia Econ\u00f4mica\",\"url\":\"https:\/\/bahiaeconomica.com.br\/wp\/\",\"logo\":{\"@type\":\"ImageObject\",\"inLanguage\":\"pt-BR\",\"@id\":\"https:\/\/bahiaeconomica.com.br\/wp\/#\/schema\/logo\/image\/\",\"url\":\"https:\/\/bahiaeconomica.com.br\/wp\/wp-content\/uploads\/2020\/12\/cropped-BE.png\",\"contentUrl\":\"https:\/\/bahiaeconomica.com.br\/wp\/wp-content\/uploads\/2020\/12\/cropped-BE.png\",\"width\":512,\"height\":512,\"caption\":\"Bahia Econ\u00f4mica\"},\"image\":{\"@id\":\"https:\/\/bahiaeconomica.com.br\/wp\/#\/schema\/logo\/image\/\"},\"sameAs\":[\"https:\/\/www.facebook.com\/bahiaeconomica\"]},{\"@type\":\"Person\",\"@id\":\"https:\/\/bahiaeconomica.com.br\/wp\/#\/schema\/person\/18273ac0fe04bfd4e7b101bf17d40152\",\"name\":\"LUIZA NASCIMENTO\",\"sameAs\":[\"http:\/\/www.bahiaeconomica.com.br\"],\"url\":\"https:\/\/bahiaeconomica.com.br\/wp\/author\/luiza-nascimento\/\"}]}<\/script>\n<!-- \/ Yoast SEO plugin. -->","yoast_head_json":{"title":"LAURO DE FREITAS ADIA INAUGURA\u00c7\u00c3O \u2018LUZES DE NATAL\u2019 DEVIDO \u00c0S FORTES CHUVAS - Bahia Economica","description":"O maior portal de Economia da Bahia MUNIC\u00cdPIOS Bahia Economica","robots":{"index":"index","follow":"follow","max-snippet":"max-snippet:-1","max-image-preview":"max-image-preview:large","max-video-preview":"max-video-preview:-1"},"canonical":"https:\/\/bahiaeconomica.com.br\/wp\/2023\/12\/20\/lauro-de-freitas-adia-inauguracao-luzes-de-natal-devido-as-fortes-chuvas\/","og_locale":"pt_BR","og_type":"article","og_title":"LAURO DE FREITAS ADIA INAUGURA\u00c7\u00c3O \u2018LUZES DE NATAL\u2019 DEVIDO \u00c0S FORTES CHUVAS - Bahia Economica","og_description":"O maior portal de Economia da Bahia MUNIC\u00cdPIOS Bahia Economica","og_url":"https:\/\/bahiaeconomica.com.br\/wp\/2023\/12\/20\/lauro-de-freitas-adia-inauguracao-luzes-de-natal-devido-as-fortes-chuvas\/","og_site_name":"Bahia Economica","article_publisher":"https:\/\/www.facebook.com\/bahiaeconomica","article_published_time":"2023-12-20T18:19:55+00:00","og_image":[{"width":2048,"height":1365,"url":"https:\/\/bahiaeconomica.com.br\/wp\/wp-content\/uploads\/2023\/12\/Foto-Lucas-Lins.jpg","type":"image\/jpeg"}],"author":"LUIZA NASCIMENTO","twitter_card":"summary_large_image","twitter_misc":{"Escrito por":"LUIZA NASCIMENTO","Est. tempo de leitura":"1 minuto"},"schema":{"@context":"https:\/\/schema.org","@graph":[{"@type":"Article","@id":"https:\/\/bahiaeconomica.com.br\/wp\/2023\/12\/20\/lauro-de-freitas-adia-inauguracao-luzes-de-natal-devido-as-fortes-chuvas\/#article","isPartOf":{"@id":"https:\/\/bahiaeconomica.com.br\/wp\/2023\/12\/20\/lauro-de-freitas-adia-inauguracao-luzes-de-natal-devido-as-fortes-chuvas\/"},"author":{"name":"LUIZA NASCIMENTO","@id":"https:\/\/bahiaeconomica.com.br\/wp\/#\/schema\/person\/18273ac0fe04bfd4e7b101bf17d40152"},"headline":"LAURO DE FREITAS ADIA INAUGURA\u00c7\u00c3O \u2018LUZES DE NATAL\u2019 DEVIDO \u00c0S FORTES CHUVAS","datePublished":"2023-12-20T18:19:55+00:00","dateModified":"2023-12-20T18:19:55+00:00","mainEntityOfPage":{"@id":"https:\/\/bahiaeconomica.com.br\/wp\/2023\/12\/20\/lauro-de-freitas-adia-inauguracao-luzes-de-natal-devido-as-fortes-chuvas\/"},"wordCount":156,"publisher":{"@id":"https:\/\/bahiaeconomica.com.br\/wp\/#organization"},"keywords":["Bahia","Lauro de Freitas","Luzes de Natal"],"articleSection":["MUNIC\u00cdPIOS"],"inLanguage":"pt-BR"},{"@type":"WebPage","@id":"https:\/\/bahiaeconomica.com.br\/wp\/2023\/12\/20\/lauro-de-freitas-adia-inauguracao-luzes-de-natal-devido-as-fortes-chuvas\/","url":"https:\/\/bahiaeconomica.com.br\/wp\/2023\/12\/20\/lauro-de-freitas-adia-inauguracao-luzes-de-natal-devido-as-fortes-chuvas\/","name":"LAURO DE FREITAS ADIA INAUGURA\u00c7\u00c3O \u2018LUZES DE NATAL\u2019 DEVIDO \u00c0S FORTES CHUVAS - Bahia Economica","isPartOf":{"@id":"https:\/\/bahiaeconomica.com.br\/wp\/#website"},"datePublished":"2023-12-20T18:19:55+00:00","dateModified":"2023-12-20T18:19:55+00:00","description":"O maior portal de Economia da Bahia MUNIC\u00cdPIOS Bahia Economica","breadcrumb":{"@id":"https:\/\/bahiaeconomica.com.br\/wp\/2023\/12\/20\/lauro-de-freitas-adia-inauguracao-luzes-de-natal-devido-as-fortes-chuvas\/#breadcrumb"},"inLanguage":"pt-BR","potentialAction":[{"@type":"ReadAction","target":["https:\/\/bahiaeconomica.com.br\/wp\/2023\/12\/20\/lauro-de-freitas-adia-inauguracao-luzes-de-natal-devido-as-fortes-chuvas\/"]}]},{"@type":"BreadcrumbList","@id":"https:\/\/bahiaeconomica.com.br\/wp\/2023\/12\/20\/lauro-de-freitas-adia-inauguracao-luzes-de-natal-devido-as-fortes-chuvas\/#breadcrumb","itemListElement":[{"@type":"ListItem","position":1,"name":"In\u00edcio","item":"https:\/\/bahiaeconomica.com.br\/wp\/"},{"@type":"ListItem","position":2,"name":"LAURO DE FREITAS ADIA INAUGURA\u00c7\u00c3O \u2018LUZES DE NATAL\u2019 DEVIDO \u00c0S FORTES CHUVAS"}]},{"@type":"WebSite","@id":"https:\/\/bahiaeconomica.com.br\/wp\/#website","url":"https:\/\/bahiaeconomica.com.br\/wp\/","name":"Bahia Economica","description":"O maior portal de Economia da Bahia","publisher":{"@id":"https:\/\/bahiaeconomica.com.br\/wp\/#organization"},"potentialAction":[{"@type":"SearchAction","target":{"@type":"EntryPoint","urlTemplate":"https:\/\/bahiaeconomica.com.br\/wp\/?s={search_term_string}"},"query-input":"required name=search_term_string"}],"inLanguage":"pt-BR"},{"@type":"Organization","@id":"https:\/\/bahiaeconomica.com.br\/wp\/#organization","name":"Bahia Econ\u00f4mica","url":"https:\/\/bahiaeconomica.com.br\/wp\/","logo":{"@type":"ImageObject","inLanguage":"pt-BR","@id":"https:\/\/bahiaeconomica.com.br\/wp\/#\/schema\/logo\/image\/","url":"https:\/\/bahiaeconomica.com.br\/wp\/wp-content\/uploads\/2020\/12\/cropped-BE.png","contentUrl":"https:\/\/bahiaeconomica.com.br\/wp\/wp-content\/uploads\/2020\/12\/cropped-BE.png","width":512,"height":512,"caption":"Bahia Econ\u00f4mica"},"image":{"@id":"https:\/\/bahiaeconomica.com.br\/wp\/#\/schema\/logo\/image\/"},"sameAs":["https:\/\/www.facebook.com\/bahiaeconomica"]},{"@type":"Person","@id":"https:\/\/bahiaeconomica.com.br\/wp\/#\/schema\/person\/18273ac0fe04bfd4e7b101bf17d40152","name":"LUIZA NASCIMENTO","sameAs":["http:\/\/www.bahiaeconomica.com.br"],"url":"https:\/\/bahiaeconomica.com.br\/wp\/author\/luiza-nascimento\/"}]}},"views":57,"_links":{"self":[{"href":"https:\/\/bahiaeconomica.com.br\/wp\/wp-json\/wp\/v2\/posts\/785684"}],"collection":[{"href":"https:\/\/bahiaeconomica.com.br\/wp\/wp-json\/wp\/v2\/posts"}],"about":[{"href":"https:\/\/bahiaeconomica.com.br\/wp\/wp-json\/wp\/v2\/types\/post"}],"author":[{"embeddable":true,"href":"https:\/\/bahiaeconomica.com.br\/wp\/wp-json\/wp\/v2\/users\/16"}],"replies":[{"embeddable":true,"href":"https:\/\/bahiaeconomica.com.br\/wp\/wp-json\/wp\/v2\/comments?post=785684"}],"version-history":[{"count":1,"href":"https:\/\/bahiaeconomica.com.br\/wp\/wp-json\/wp\/v2\/posts\/785684\/revisions"}],"predecessor-version":[{"id":785686,"href":"https:\/\/bahiaeconomica.com.br\/wp\/wp-json\/wp\/v2\/posts\/785684\/revisions\/785686"}],"wp:featuredmedia":[{"embeddable":true,"href":"https:\/\/bahiaeconomica.com.br\/wp\/wp-json\/wp\/v2\/media\/785685"}],"wp:attachment":[{"href":"https:\/\/bahiaeconomica.com.br\/wp\/wp-json\/wp\/v2\/media?parent=785684"}],"wp:term":[{"taxonomy":"category","embeddable":true,"href":"https:\/\/bahiaeconomica.com.br\/wp\/wp-json\/wp\/v2\/categories?post=785684"},{"taxonomy":"post_tag","embeddable":true,"href":"https:\/\/bahiaeconomica.com.br\/wp\/wp-json\/wp\/v2\/tags?post=785684"}],"curies":[{"name":"wp","href":"https:\/\/api.w.org\/{rel}","templated":true}]}}