{"id":785350,"date":"2023-12-19T13:40:31","date_gmt":"2023-12-19T16:40:31","guid":{"rendered":"https:\/\/bahiaeconomica.com.br\/wp\/?p=785350"},"modified":"2023-12-19T14:12:28","modified_gmt":"2023-12-19T17:12:28","slug":"celula-sociodinamica-promove-melhoria-da-relacao-entre-empresas-e-comunidade","status":"publish","type":"post","link":"https:\/\/bahiaeconomica.com.br\/wp\/2023\/12\/19\/celula-sociodinamica-promove-melhoria-da-relacao-entre-empresas-e-comunidade\/","title":{"rendered":"C\u00c9LULA SOCIODIN\u00c2MICA PROMOVE MELHORIA DA RELA\u00c7\u00c3O ENTRE EMPRESAS E COMUNIDADE"},"content":{"rendered":"<p>O fortalecimento de talentos individuais e coletivos pode contribuir para obten\u00e7\u00e3o de resultados positivos, seja em uma empresa ou em comunidades. Visando uma gest\u00e3o social mais eficaz, a Rede Matriz Criativa criou a C\u00e9lula Sociodin\u00e2mica, uma metodologia exclusiva que j\u00e1 alcan\u00e7ou 85 mil pessoas somente em 2023 na regi\u00e3o Nordeste do pa\u00eds. O trabalho \u00e9 focado em estimular uma melhor gest\u00e3o e tem como base valores universais como coopera\u00e7\u00e3o, solidariedade e cidadania, favorecendo a constru\u00e7\u00e3o de redes comunit\u00e1rias. A metodologia j\u00e1 vem sendo aplicada em diversos setores, e tamb\u00e9m em empresas de energia, sider\u00fargicas e universidades.<\/p>\n<p>As atividades realizadas na C\u00e9lula Sociodin\u00e2mica valorizam a import\u00e2ncia dos v\u00ednculos, do afeto e do protagonismo das pessoas e est\u00e3o alinhadas \u00e0s recomenda\u00e7\u00f5es globais de desenvolvimento sustent\u00e1vel, como os Objetivos de Desenvolvimento Sustent\u00e1vel (ODS) da Organiza\u00e7\u00e3o das Na\u00e7\u00f5es Unidas (ONU). Para as empresas, isso resulta em uma imagem positiva e agrega o fortalecimento de v\u00ednculos com a comunidade. Entre os principais benef\u00edcios: valoriza\u00e7\u00e3o da imagem; empatia; redu\u00e7\u00e3o de conflitos; diminui\u00e7\u00e3o de custos e melhores condi\u00e7\u00f5es de financiamentos.<\/p>\n<p>\u00c9 um trabalho de gest\u00e3o social voltado para empresas p\u00fablicas ou privadas que desenvolvem programas e projetos de sustentabilidade. Durante os encontros, as abordagens com os facilitadores, profissionais capacitados pela Rede Matriz, s\u00e3o pautadas na afetividade, na efetividade e no fortalecimento das rela\u00e7\u00f5es humanas ajudando na aproxima\u00e7\u00e3o entre pessoas e empresas.<\/p>\n<p>O gestor da Rede Matriz Criativa, Jorge Artur Queiroz da Silva refor\u00e7a o benef\u00edcio tanto para a comunidade, quanto para as empresas aderentes, destacando a economia de cerca de R$ 200 mil reais alcan\u00e7ada numa empresa do setor energ\u00e9tico por meio de projeto de energia sustent\u00e1vel desenvolvido na C\u00e9lula Sociodin\u00e2mica. \u201c\u00c9 uma tecnologia social em que qualificamos as discuss\u00f5es e debatemos as pautas conforme a escuta e o reconhecimento m\u00fatuo. Promovemos a inclus\u00e3o dos diversos n\u00facleos sociais ao universo corporativo por meio de a\u00e7\u00f5es estruturadas. Contribu\u00edmos para a melhoria de vida das pessoas e o fortalecimento do compromisso das organiza\u00e7\u00f5es com o desenvolvimento sustent\u00e1vel&#8221;, refor\u00e7a o psic\u00f3logo e gestor da Rede.<\/p>\n<p>Fotos: Divulga\u00e7\u00e3o \/ Rede Matriz Criativ<\/p>\n","protected":false},"excerpt":{"rendered":"<p>O fortalecimento de talentos individuais e coletivos pode contribuir para obten\u00e7\u00e3o de resultados positivos, seja em uma empresa ou em comunidades. Visando uma gest\u00e3o social mais eficaz, a Rede Matriz Criativa criou a C\u00e9lula Sociodin\u00e2mica, uma metodologia exclusiva que j\u00e1 alcan\u00e7ou 85 mil pessoas somente em 2023 na regi\u00e3o Nordeste do pa\u00eds. O trabalho \u00e9 [&hellip;]<\/p>\n","protected":false},"author":8,"featured_media":785351,"comment_status":"closed","ping_status":"closed","sticky":false,"template":"","format":"standard","meta":[],"categories":[3],"tags":[85,213,1012,1905],"acf":[],"yoast_head":"<!-- This site is optimized with the Yoast SEO plugin v20.8 - https:\/\/yoast.com\/wordpress\/plugins\/seo\/ -->\n<title>C\u00c9LULA SOCIODIN\u00c2MICA PROMOVE MELHORIA DA RELA\u00c7\u00c3O ENTRE EMPRESAS E COMUNIDADE - Bahia Economica<\/title>\n<meta name=\"description\" content=\"O maior portal de Economia da Bahia ECONOMIA \/ POL\u00cdTICA Bahia Economica O fortalecimento de talentos individuais e coletivos pode contribuir\" \/>\n<meta name=\"robots\" content=\"index, follow, max-snippet:-1, max-image-preview:large, max-video-preview:-1\" \/>\n<link rel=\"canonical\" href=\"https:\/\/bahiaeconomica.com.br\/wp\/2023\/12\/19\/celula-sociodinamica-promove-melhoria-da-relacao-entre-empresas-e-comunidade\/\" \/>\n<meta property=\"og:locale\" content=\"pt_BR\" \/>\n<meta property=\"og:type\" content=\"article\" \/>\n<meta property=\"og:title\" content=\"C\u00c9LULA SOCIODIN\u00c2MICA PROMOVE MELHORIA DA RELA\u00c7\u00c3O ENTRE EMPRESAS E COMUNIDADE - Bahia Economica\" \/>\n<meta property=\"og:description\" content=\"O maior portal de Economia da Bahia ECONOMIA \/ POL\u00cdTICA Bahia Economica O fortalecimento de talentos individuais e coletivos pode contribuir\" \/>\n<meta property=\"og:url\" content=\"https:\/\/bahiaeconomica.com.br\/wp\/2023\/12\/19\/celula-sociodinamica-promove-melhoria-da-relacao-entre-empresas-e-comunidade\/\" \/>\n<meta property=\"og:site_name\" content=\"Bahia Economica\" \/>\n<meta property=\"article:publisher\" content=\"https:\/\/www.facebook.com\/bahiaeconomica\" \/>\n<meta property=\"article:published_time\" content=\"2023-12-19T16:40:31+00:00\" \/>\n<meta property=\"article:modified_time\" content=\"2023-12-19T17:12:28+00:00\" \/>\n<meta property=\"og:image\" content=\"https:\/\/bahiaeconomica.com.br\/wp\/wp-content\/uploads\/2023\/12\/WhatsApp-Image-2023-12-19-at-11.57.02-1.jpeg\" \/>\n\t<meta property=\"og:image:width\" content=\"1280\" \/>\n\t<meta property=\"og:image:height\" content=\"960\" \/>\n\t<meta property=\"og:image:type\" content=\"image\/jpeg\" \/>\n<meta name=\"author\" content=\"JP\" \/>\n<meta name=\"twitter:card\" content=\"summary_large_image\" \/>\n<meta name=\"twitter:label1\" content=\"Escrito por\" \/>\n\t<meta name=\"twitter:data1\" content=\"JP\" \/>\n\t<meta name=\"twitter:label2\" content=\"Est. tempo de leitura\" \/>\n\t<meta name=\"twitter:data2\" content=\"2 minutos\" \/>\n<script type=\"application\/ld+json\" class=\"yoast-schema-graph\">{\"@context\":\"https:\/\/schema.org\",\"@graph\":[{\"@type\":\"Article\",\"@id\":\"https:\/\/bahiaeconomica.com.br\/wp\/2023\/12\/19\/celula-sociodinamica-promove-melhoria-da-relacao-entre-empresas-e-comunidade\/#article\",\"isPartOf\":{\"@id\":\"https:\/\/bahiaeconomica.com.br\/wp\/2023\/12\/19\/celula-sociodinamica-promove-melhoria-da-relacao-entre-empresas-e-comunidade\/\"},\"author\":{\"name\":\"JP\",\"@id\":\"https:\/\/bahiaeconomica.com.br\/wp\/#\/schema\/person\/c86d3a3f8960425a0f9d0e5245991f4e\"},\"headline\":\"C\u00c9LULA SOCIODIN\u00c2MICA PROMOVE MELHORIA DA RELA\u00c7\u00c3O ENTRE EMPRESAS E COMUNIDADE\",\"datePublished\":\"2023-12-19T16:40:31+00:00\",\"dateModified\":\"2023-12-19T17:12:28+00:00\",\"mainEntityOfPage\":{\"@id\":\"https:\/\/bahiaeconomica.com.br\/wp\/2023\/12\/19\/celula-sociodinamica-promove-melhoria-da-relacao-entre-empresas-e-comunidade\/\"},\"wordCount\":399,\"publisher\":{\"@id\":\"https:\/\/bahiaeconomica.com.br\/wp\/#organization\"},\"keywords\":[\"Bahia\",\"Economia\",\"empregos\",\"esg\"],\"articleSection\":[\"ECONOMIA \/ POL\u00cdTICA\"],\"inLanguage\":\"pt-BR\"},{\"@type\":\"WebPage\",\"@id\":\"https:\/\/bahiaeconomica.com.br\/wp\/2023\/12\/19\/celula-sociodinamica-promove-melhoria-da-relacao-entre-empresas-e-comunidade\/\",\"url\":\"https:\/\/bahiaeconomica.com.br\/wp\/2023\/12\/19\/celula-sociodinamica-promove-melhoria-da-relacao-entre-empresas-e-comunidade\/\",\"name\":\"C\u00c9LULA SOCIODIN\u00c2MICA PROMOVE MELHORIA DA RELA\u00c7\u00c3O ENTRE EMPRESAS E COMUNIDADE - Bahia Economica\",\"isPartOf\":{\"@id\":\"https:\/\/bahiaeconomica.com.br\/wp\/#website\"},\"datePublished\":\"2023-12-19T16:40:31+00:00\",\"dateModified\":\"2023-12-19T17:12:28+00:00\",\"description\":\"O maior portal de Economia da Bahia ECONOMIA \/ POL\u00cdTICA Bahia Economica O fortalecimento de talentos individuais e coletivos pode contribuir\",\"breadcrumb\":{\"@id\":\"https:\/\/bahiaeconomica.com.br\/wp\/2023\/12\/19\/celula-sociodinamica-promove-melhoria-da-relacao-entre-empresas-e-comunidade\/#breadcrumb\"},\"inLanguage\":\"pt-BR\",\"potentialAction\":[{\"@type\":\"ReadAction\",\"target\":[\"https:\/\/bahiaeconomica.com.br\/wp\/2023\/12\/19\/celula-sociodinamica-promove-melhoria-da-relacao-entre-empresas-e-comunidade\/\"]}]},{\"@type\":\"BreadcrumbList\",\"@id\":\"https:\/\/bahiaeconomica.com.br\/wp\/2023\/12\/19\/celula-sociodinamica-promove-melhoria-da-relacao-entre-empresas-e-comunidade\/#breadcrumb\",\"itemListElement\":[{\"@type\":\"ListItem\",\"position\":1,\"name\":\"In\u00edcio\",\"item\":\"https:\/\/bahiaeconomica.com.br\/wp\/\"},{\"@type\":\"ListItem\",\"position\":2,\"name\":\"C\u00c9LULA SOCIODIN\u00c2MICA PROMOVE MELHORIA DA RELA\u00c7\u00c3O ENTRE EMPRESAS E COMUNIDADE\"}]},{\"@type\":\"WebSite\",\"@id\":\"https:\/\/bahiaeconomica.com.br\/wp\/#website\",\"url\":\"https:\/\/bahiaeconomica.com.br\/wp\/\",\"name\":\"Bahia Economica\",\"description\":\"O maior portal de Economia da Bahia\",\"publisher\":{\"@id\":\"https:\/\/bahiaeconomica.com.br\/wp\/#organization\"},\"potentialAction\":[{\"@type\":\"SearchAction\",\"target\":{\"@type\":\"EntryPoint\",\"urlTemplate\":\"https:\/\/bahiaeconomica.com.br\/wp\/?s={search_term_string}\"},\"query-input\":\"required name=search_term_string\"}],\"inLanguage\":\"pt-BR\"},{\"@type\":\"Organization\",\"@id\":\"https:\/\/bahiaeconomica.com.br\/wp\/#organization\",\"name\":\"Bahia Econ\u00f4mica\",\"url\":\"https:\/\/bahiaeconomica.com.br\/wp\/\",\"logo\":{\"@type\":\"ImageObject\",\"inLanguage\":\"pt-BR\",\"@id\":\"https:\/\/bahiaeconomica.com.br\/wp\/#\/schema\/logo\/image\/\",\"url\":\"https:\/\/bahiaeconomica.com.br\/wp\/wp-content\/uploads\/2020\/12\/cropped-BE.png\",\"contentUrl\":\"https:\/\/bahiaeconomica.com.br\/wp\/wp-content\/uploads\/2020\/12\/cropped-BE.png\",\"width\":512,\"height\":512,\"caption\":\"Bahia Econ\u00f4mica\"},\"image\":{\"@id\":\"https:\/\/bahiaeconomica.com.br\/wp\/#\/schema\/logo\/image\/\"},\"sameAs\":[\"https:\/\/www.facebook.com\/bahiaeconomica\"]},{\"@type\":\"Person\",\"@id\":\"https:\/\/bahiaeconomica.com.br\/wp\/#\/schema\/person\/c86d3a3f8960425a0f9d0e5245991f4e\",\"name\":\"JP\",\"sameAs\":[\"https:\/\/bahiaeconomica.com.br\/wp\/beta\/\"],\"url\":\"https:\/\/bahiaeconomica.com.br\/wp\/author\/jp\/\"}]}<\/script>\n<!-- \/ Yoast SEO plugin. -->","yoast_head_json":{"title":"C\u00c9LULA SOCIODIN\u00c2MICA PROMOVE MELHORIA DA RELA\u00c7\u00c3O ENTRE EMPRESAS E COMUNIDADE - Bahia Economica","description":"O maior portal de Economia da Bahia ECONOMIA \/ POL\u00cdTICA Bahia Economica O fortalecimento de talentos individuais e coletivos pode contribuir","robots":{"index":"index","follow":"follow","max-snippet":"max-snippet:-1","max-image-preview":"max-image-preview:large","max-video-preview":"max-video-preview:-1"},"canonical":"https:\/\/bahiaeconomica.com.br\/wp\/2023\/12\/19\/celula-sociodinamica-promove-melhoria-da-relacao-entre-empresas-e-comunidade\/","og_locale":"pt_BR","og_type":"article","og_title":"C\u00c9LULA SOCIODIN\u00c2MICA PROMOVE MELHORIA DA RELA\u00c7\u00c3O ENTRE EMPRESAS E COMUNIDADE - Bahia Economica","og_description":"O maior portal de Economia da Bahia ECONOMIA \/ POL\u00cdTICA Bahia Economica O fortalecimento de talentos individuais e coletivos pode contribuir","og_url":"https:\/\/bahiaeconomica.com.br\/wp\/2023\/12\/19\/celula-sociodinamica-promove-melhoria-da-relacao-entre-empresas-e-comunidade\/","og_site_name":"Bahia Economica","article_publisher":"https:\/\/www.facebook.com\/bahiaeconomica","article_published_time":"2023-12-19T16:40:31+00:00","article_modified_time":"2023-12-19T17:12:28+00:00","og_image":[{"width":1280,"height":960,"url":"https:\/\/bahiaeconomica.com.br\/wp\/wp-content\/uploads\/2023\/12\/WhatsApp-Image-2023-12-19-at-11.57.02-1.jpeg","type":"image\/jpeg"}],"author":"JP","twitter_card":"summary_large_image","twitter_misc":{"Escrito por":"JP","Est. tempo de leitura":"2 minutos"},"schema":{"@context":"https:\/\/schema.org","@graph":[{"@type":"Article","@id":"https:\/\/bahiaeconomica.com.br\/wp\/2023\/12\/19\/celula-sociodinamica-promove-melhoria-da-relacao-entre-empresas-e-comunidade\/#article","isPartOf":{"@id":"https:\/\/bahiaeconomica.com.br\/wp\/2023\/12\/19\/celula-sociodinamica-promove-melhoria-da-relacao-entre-empresas-e-comunidade\/"},"author":{"name":"JP","@id":"https:\/\/bahiaeconomica.com.br\/wp\/#\/schema\/person\/c86d3a3f8960425a0f9d0e5245991f4e"},"headline":"C\u00c9LULA SOCIODIN\u00c2MICA PROMOVE MELHORIA DA RELA\u00c7\u00c3O ENTRE EMPRESAS E COMUNIDADE","datePublished":"2023-12-19T16:40:31+00:00","dateModified":"2023-12-19T17:12:28+00:00","mainEntityOfPage":{"@id":"https:\/\/bahiaeconomica.com.br\/wp\/2023\/12\/19\/celula-sociodinamica-promove-melhoria-da-relacao-entre-empresas-e-comunidade\/"},"wordCount":399,"publisher":{"@id":"https:\/\/bahiaeconomica.com.br\/wp\/#organization"},"keywords":["Bahia","Economia","empregos","esg"],"articleSection":["ECONOMIA \/ POL\u00cdTICA"],"inLanguage":"pt-BR"},{"@type":"WebPage","@id":"https:\/\/bahiaeconomica.com.br\/wp\/2023\/12\/19\/celula-sociodinamica-promove-melhoria-da-relacao-entre-empresas-e-comunidade\/","url":"https:\/\/bahiaeconomica.com.br\/wp\/2023\/12\/19\/celula-sociodinamica-promove-melhoria-da-relacao-entre-empresas-e-comunidade\/","name":"C\u00c9LULA SOCIODIN\u00c2MICA PROMOVE MELHORIA DA RELA\u00c7\u00c3O ENTRE EMPRESAS E COMUNIDADE - Bahia Economica","isPartOf":{"@id":"https:\/\/bahiaeconomica.com.br\/wp\/#website"},"datePublished":"2023-12-19T16:40:31+00:00","dateModified":"2023-12-19T17:12:28+00:00","description":"O maior portal de Economia da Bahia ECONOMIA \/ POL\u00cdTICA Bahia Economica O fortalecimento de talentos individuais e coletivos pode contribuir","breadcrumb":{"@id":"https:\/\/bahiaeconomica.com.br\/wp\/2023\/12\/19\/celula-sociodinamica-promove-melhoria-da-relacao-entre-empresas-e-comunidade\/#breadcrumb"},"inLanguage":"pt-BR","potentialAction":[{"@type":"ReadAction","target":["https:\/\/bahiaeconomica.com.br\/wp\/2023\/12\/19\/celula-sociodinamica-promove-melhoria-da-relacao-entre-empresas-e-comunidade\/"]}]},{"@type":"BreadcrumbList","@id":"https:\/\/bahiaeconomica.com.br\/wp\/2023\/12\/19\/celula-sociodinamica-promove-melhoria-da-relacao-entre-empresas-e-comunidade\/#breadcrumb","itemListElement":[{"@type":"ListItem","position":1,"name":"In\u00edcio","item":"https:\/\/bahiaeconomica.com.br\/wp\/"},{"@type":"ListItem","position":2,"name":"C\u00c9LULA SOCIODIN\u00c2MICA PROMOVE MELHORIA DA RELA\u00c7\u00c3O ENTRE EMPRESAS E COMUNIDADE"}]},{"@type":"WebSite","@id":"https:\/\/bahiaeconomica.com.br\/wp\/#website","url":"https:\/\/bahiaeconomica.com.br\/wp\/","name":"Bahia Economica","description":"O maior portal de Economia da Bahia","publisher":{"@id":"https:\/\/bahiaeconomica.com.br\/wp\/#organization"},"potentialAction":[{"@type":"SearchAction","target":{"@type":"EntryPoint","urlTemplate":"https:\/\/bahiaeconomica.com.br\/wp\/?s={search_term_string}"},"query-input":"required name=search_term_string"}],"inLanguage":"pt-BR"},{"@type":"Organization","@id":"https:\/\/bahiaeconomica.com.br\/wp\/#organization","name":"Bahia Econ\u00f4mica","url":"https:\/\/bahiaeconomica.com.br\/wp\/","logo":{"@type":"ImageObject","inLanguage":"pt-BR","@id":"https:\/\/bahiaeconomica.com.br\/wp\/#\/schema\/logo\/image\/","url":"https:\/\/bahiaeconomica.com.br\/wp\/wp-content\/uploads\/2020\/12\/cropped-BE.png","contentUrl":"https:\/\/bahiaeconomica.com.br\/wp\/wp-content\/uploads\/2020\/12\/cropped-BE.png","width":512,"height":512,"caption":"Bahia Econ\u00f4mica"},"image":{"@id":"https:\/\/bahiaeconomica.com.br\/wp\/#\/schema\/logo\/image\/"},"sameAs":["https:\/\/www.facebook.com\/bahiaeconomica"]},{"@type":"Person","@id":"https:\/\/bahiaeconomica.com.br\/wp\/#\/schema\/person\/c86d3a3f8960425a0f9d0e5245991f4e","name":"JP","sameAs":["https:\/\/bahiaeconomica.com.br\/wp\/beta\/"],"url":"https:\/\/bahiaeconomica.com.br\/wp\/author\/jp\/"}]}},"views":9,"_links":{"self":[{"href":"https:\/\/bahiaeconomica.com.br\/wp\/wp-json\/wp\/v2\/posts\/785350"}],"collection":[{"href":"https:\/\/bahiaeconomica.com.br\/wp\/wp-json\/wp\/v2\/posts"}],"about":[{"href":"https:\/\/bahiaeconomica.com.br\/wp\/wp-json\/wp\/v2\/types\/post"}],"author":[{"embeddable":true,"href":"https:\/\/bahiaeconomica.com.br\/wp\/wp-json\/wp\/v2\/users\/8"}],"replies":[{"embeddable":true,"href":"https:\/\/bahiaeconomica.com.br\/wp\/wp-json\/wp\/v2\/comments?post=785350"}],"version-history":[{"count":1,"href":"https:\/\/bahiaeconomica.com.br\/wp\/wp-json\/wp\/v2\/posts\/785350\/revisions"}],"predecessor-version":[{"id":785352,"href":"https:\/\/bahiaeconomica.com.br\/wp\/wp-json\/wp\/v2\/posts\/785350\/revisions\/785352"}],"wp:featuredmedia":[{"embeddable":true,"href":"https:\/\/bahiaeconomica.com.br\/wp\/wp-json\/wp\/v2\/media\/785351"}],"wp:attachment":[{"href":"https:\/\/bahiaeconomica.com.br\/wp\/wp-json\/wp\/v2\/media?parent=785350"}],"wp:term":[{"taxonomy":"category","embeddable":true,"href":"https:\/\/bahiaeconomica.com.br\/wp\/wp-json\/wp\/v2\/categories?post=785350"},{"taxonomy":"post_tag","embeddable":true,"href":"https:\/\/bahiaeconomica.com.br\/wp\/wp-json\/wp\/v2\/tags?post=785350"}],"curies":[{"name":"wp","href":"https:\/\/api.w.org\/{rel}","templated":true}]}}