{"id":785332,"date":"2023-12-19T12:07:46","date_gmt":"2023-12-19T15:07:46","guid":{"rendered":"https:\/\/bahiaeconomica.com.br\/wp\/?p=785332"},"modified":"2023-12-19T12:07:46","modified_gmt":"2023-12-19T15:07:46","slug":"obra-de-duplicacao-de-via-que-facilita-acesso-ao-estadio-barradao-e-iniciada","status":"publish","type":"post","link":"https:\/\/bahiaeconomica.com.br\/wp\/2023\/12\/19\/obra-de-duplicacao-de-via-que-facilita-acesso-ao-estadio-barradao-e-iniciada\/","title":{"rendered":"OBRA DE DUPLICA\u00c7\u00c3O DE VIA QUE FACILITA ACESSO AO EST\u00c1DIO BARRAD\u00c3O \u00c9 INICIADA"},"content":{"rendered":"<p>Na manh\u00e3 desta ter\u00e7a-feira (19), o governador Jer\u00f4nimo Rodrigues assinou a ordem de servi\u00e7o que marca o in\u00edcio das obras de duplica\u00e7\u00e3o da Rua Art\u00eamio Valente, situada no bairro de Canabrava, em Salvador. Com um investimento de R$ 11,8 milh\u00f5es e extens\u00e3o de 1,2 quil\u00f4metros, a obra contemplar\u00e1 o trecho entre a Avenida M\u00e1rio S\u00e9rgio Pontes de Paiva (Via Barrad\u00e3o) e a Pra\u00e7a J\u00falio R\u00eago, localizada no acesso ao Est\u00e1dio Manoel Barradas (Barrad\u00e3o).<\/p>\n<p>A interven\u00e7\u00e3o, que ser\u00e1 realizada pela Companhia de Desenvolvimento Urbano do Estado da Bahia (Conder), vai melhorar o fluxo de ve\u00edculos na regi\u00e3o, garantindo mais qualidade de vida aos moradores dos bairros de Canabrava, Trobogy, Pau da Lima e toda a regi\u00e3o vizinha. A interven\u00e7\u00e3o tamb\u00e9m facilitar\u00e1 o acesso dos torcedores em dias de jogos no est\u00e1dio.<\/p>\n<p>Conforme Jer\u00f4nimo, o Governo do Estado investiu de forma determinante na mobilidade urbana da capital baiana com obras para o desenvolvimento da cidade, a exemplo da constru\u00e7\u00e3o do metr\u00f4, viadutos, duplica\u00e7\u00f5es e abertura de avenidas e sistemas vi\u00e1rios. &#8220;Essa obra \u00e9 de continuidade ao que j\u00e1 foi feito na regi\u00e3o e considera dois objetivos: atender a demanda de toda esta comunidade que mora na regi\u00e3o e viabilizar mais agilidade e conforto aos torcedores em dias de jogos&#8221;.<\/p>\n<p>O contrato prev\u00ea a entrega da obra para julho de 2024, mas o governador destacou a inten\u00e7\u00e3o de antecipar a conclus\u00e3o dos servi\u00e7os para coincidir com a data de anivers\u00e1rio do Esporte Clube Vit\u00f3ria, no dia 13 de maio.<\/p>\n<p>Ser\u00e3o duas faixas por sentido, al\u00e9m da constru\u00e7\u00e3o de canteiro central, ilumina\u00e7\u00e3o, drenagem, sinaliza\u00e7\u00e3o, paisagismo e urbaniza\u00e7\u00e3o. &#8220;Quando a gente pensa em mobilidade urbana em Salvador, a gente pensa no Governo do Estado. Nos \u00faltimos anos, realizamos uma s\u00e9rie de interven\u00e7\u00f5es que garantiram mais qualidade de vida e menos tempo no tr\u00e2nsito em nossa capital&#8221;, afirmou o presidente da Conder, Jos\u00e9 Trindade.<\/p>\n<p><strong>Via Barrad\u00e3o<\/strong><\/p>\n<p>A Avenida M\u00e1rio S\u00e9rgio Pontes de Paiva, mais conhecida como Via Barrad\u00e3o, foi implantada pelo Governo do Estado, por meio da Conder, em 2018, com investimento de R$ 40 milh\u00f5es. S\u00e3o duas faixas em cada sentido, ciclofaixa e passeio em ambos os lados, al\u00e9m de ilumina\u00e7\u00e3o p\u00fablica, sinaliza\u00e7\u00e3o vi\u00e1ria horizontal e vertical.<\/p>\n<p>A via possui quatro quil\u00f4metros de extens\u00e3o, largura de sete metros e desafogou o tr\u00e2nsito no trecho que liga a Avenida Luis Viana Filho (Paralela) \u00e0 Rua Art\u00eamio Castro Valente, que agora ser\u00e1 duplicada pela Conder. Mais de 500 mil pessoas ser\u00e3o contempladas, direta e indiretamente, pelo projeto do Governo do Estado.<\/p>\n<p>Mateus Pereira\/GOVBA<\/p>\n","protected":false},"excerpt":{"rendered":"<p>Na manh\u00e3 desta ter\u00e7a-feira (19), o governador Jer\u00f4nimo Rodrigues assinou a ordem de servi\u00e7o que marca o in\u00edcio das obras de duplica\u00e7\u00e3o da Rua Art\u00eamio Valente, situada no bairro de Canabrava, em Salvador. Com um investimento de R$ 11,8 milh\u00f5es e extens\u00e3o de 1,2 quil\u00f4metros, a obra contemplar\u00e1 o trecho entre a Avenida M\u00e1rio S\u00e9rgio [&hellip;]<\/p>\n","protected":false},"author":15,"featured_media":785336,"comment_status":"closed","ping_status":"closed","sticky":false,"template":"","format":"standard","meta":[],"categories":[5],"tags":[2056,4701,1147,10003],"acf":[],"yoast_head":"<!-- This site is optimized with the Yoast SEO plugin v20.8 - https:\/\/yoast.com\/wordpress\/plugins\/seo\/ -->\n<title>OBRA DE DUPLICA\u00c7\u00c3O DE VIA QUE FACILITA ACESSO AO EST\u00c1DIO BARRAD\u00c3O \u00c9 INICIADA - Bahia Economica<\/title>\n<meta name=\"description\" content=\"O maior portal de Economia da Bahia MUNIC\u00cdPIOS Bahia Economica Na manh\u00e3 desta ter\u00e7a-feira (19), o governador\" \/>\n<meta name=\"robots\" content=\"index, follow, max-snippet:-1, max-image-preview:large, max-video-preview:-1\" \/>\n<link rel=\"canonical\" href=\"https:\/\/bahiaeconomica.com.br\/wp\/2023\/12\/19\/obra-de-duplicacao-de-via-que-facilita-acesso-ao-estadio-barradao-e-iniciada\/\" \/>\n<meta property=\"og:locale\" content=\"pt_BR\" \/>\n<meta property=\"og:type\" content=\"article\" \/>\n<meta property=\"og:title\" content=\"OBRA DE DUPLICA\u00c7\u00c3O DE VIA QUE FACILITA ACESSO AO EST\u00c1DIO BARRAD\u00c3O \u00c9 INICIADA - Bahia Economica\" \/>\n<meta property=\"og:description\" content=\"O maior portal de Economia da Bahia MUNIC\u00cdPIOS Bahia Economica Na manh\u00e3 desta ter\u00e7a-feira (19), o governador\" \/>\n<meta property=\"og:url\" content=\"https:\/\/bahiaeconomica.com.br\/wp\/2023\/12\/19\/obra-de-duplicacao-de-via-que-facilita-acesso-ao-estadio-barradao-e-iniciada\/\" \/>\n<meta property=\"og:site_name\" content=\"Bahia Economica\" \/>\n<meta property=\"article:publisher\" content=\"https:\/\/www.facebook.com\/bahiaeconomica\" \/>\n<meta property=\"article:published_time\" content=\"2023-12-19T15:07:46+00:00\" \/>\n<meta property=\"og:image\" content=\"https:\/\/bahiaeconomica.com.br\/wp\/wp-content\/uploads\/2023\/12\/b2ap3_large_WhatsApp-Image-2023-12-19-at-09.57.36.jpeg\" \/>\n\t<meta property=\"og:image:width\" content=\"600\" \/>\n\t<meta property=\"og:image:height\" content=\"420\" \/>\n\t<meta property=\"og:image:type\" content=\"image\/jpeg\" \/>\n<meta name=\"author\" content=\"VICTORIA ISABEL\" \/>\n<meta name=\"twitter:card\" content=\"summary_large_image\" \/>\n<meta name=\"twitter:label1\" content=\"Escrito por\" \/>\n\t<meta name=\"twitter:data1\" content=\"VICTORIA ISABEL\" \/>\n\t<meta name=\"twitter:label2\" content=\"Est. tempo de leitura\" \/>\n\t<meta name=\"twitter:data2\" content=\"3 minutos\" \/>\n<script type=\"application\/ld+json\" class=\"yoast-schema-graph\">{\"@context\":\"https:\/\/schema.org\",\"@graph\":[{\"@type\":\"Article\",\"@id\":\"https:\/\/bahiaeconomica.com.br\/wp\/2023\/12\/19\/obra-de-duplicacao-de-via-que-facilita-acesso-ao-estadio-barradao-e-iniciada\/#article\",\"isPartOf\":{\"@id\":\"https:\/\/bahiaeconomica.com.br\/wp\/2023\/12\/19\/obra-de-duplicacao-de-via-que-facilita-acesso-ao-estadio-barradao-e-iniciada\/\"},\"author\":{\"name\":\"VICTORIA ISABEL\",\"@id\":\"https:\/\/bahiaeconomica.com.br\/wp\/#\/schema\/person\/b719ce0fb1c09f3c7a00d9243ced4a6f\"},\"headline\":\"OBRA DE DUPLICA\u00c7\u00c3O DE VIA QUE FACILITA ACESSO AO EST\u00c1DIO BARRAD\u00c3O \u00c9 INICIADA\",\"datePublished\":\"2023-12-19T15:07:46+00:00\",\"dateModified\":\"2023-12-19T15:07:46+00:00\",\"mainEntityOfPage\":{\"@id\":\"https:\/\/bahiaeconomica.com.br\/wp\/2023\/12\/19\/obra-de-duplicacao-de-via-que-facilita-acesso-ao-estadio-barradao-e-iniciada\/\"},\"wordCount\":482,\"publisher\":{\"@id\":\"https:\/\/bahiaeconomica.com.br\/wp\/#organization\"},\"keywords\":[\"barrad\u00e3o\",\"jer\u00f4nimo rodrigues\",\"obra\",\"Vias\"],\"articleSection\":[\"MUNIC\u00cdPIOS\"],\"inLanguage\":\"pt-BR\"},{\"@type\":\"WebPage\",\"@id\":\"https:\/\/bahiaeconomica.com.br\/wp\/2023\/12\/19\/obra-de-duplicacao-de-via-que-facilita-acesso-ao-estadio-barradao-e-iniciada\/\",\"url\":\"https:\/\/bahiaeconomica.com.br\/wp\/2023\/12\/19\/obra-de-duplicacao-de-via-que-facilita-acesso-ao-estadio-barradao-e-iniciada\/\",\"name\":\"OBRA DE DUPLICA\u00c7\u00c3O DE VIA QUE FACILITA ACESSO AO EST\u00c1DIO BARRAD\u00c3O \u00c9 INICIADA - Bahia Economica\",\"isPartOf\":{\"@id\":\"https:\/\/bahiaeconomica.com.br\/wp\/#website\"},\"datePublished\":\"2023-12-19T15:07:46+00:00\",\"dateModified\":\"2023-12-19T15:07:46+00:00\",\"description\":\"O maior portal de Economia da Bahia MUNIC\u00cdPIOS Bahia Economica Na manh\u00e3 desta ter\u00e7a-feira (19), o governador\",\"breadcrumb\":{\"@id\":\"https:\/\/bahiaeconomica.com.br\/wp\/2023\/12\/19\/obra-de-duplicacao-de-via-que-facilita-acesso-ao-estadio-barradao-e-iniciada\/#breadcrumb\"},\"inLanguage\":\"pt-BR\",\"potentialAction\":[{\"@type\":\"ReadAction\",\"target\":[\"https:\/\/bahiaeconomica.com.br\/wp\/2023\/12\/19\/obra-de-duplicacao-de-via-que-facilita-acesso-ao-estadio-barradao-e-iniciada\/\"]}]},{\"@type\":\"BreadcrumbList\",\"@id\":\"https:\/\/bahiaeconomica.com.br\/wp\/2023\/12\/19\/obra-de-duplicacao-de-via-que-facilita-acesso-ao-estadio-barradao-e-iniciada\/#breadcrumb\",\"itemListElement\":[{\"@type\":\"ListItem\",\"position\":1,\"name\":\"In\u00edcio\",\"item\":\"https:\/\/bahiaeconomica.com.br\/wp\/\"},{\"@type\":\"ListItem\",\"position\":2,\"name\":\"OBRA DE DUPLICA\u00c7\u00c3O DE VIA QUE FACILITA ACESSO AO EST\u00c1DIO BARRAD\u00c3O \u00c9 INICIADA\"}]},{\"@type\":\"WebSite\",\"@id\":\"https:\/\/bahiaeconomica.com.br\/wp\/#website\",\"url\":\"https:\/\/bahiaeconomica.com.br\/wp\/\",\"name\":\"Bahia Economica\",\"description\":\"O maior portal de Economia da Bahia\",\"publisher\":{\"@id\":\"https:\/\/bahiaeconomica.com.br\/wp\/#organization\"},\"potentialAction\":[{\"@type\":\"SearchAction\",\"target\":{\"@type\":\"EntryPoint\",\"urlTemplate\":\"https:\/\/bahiaeconomica.com.br\/wp\/?s={search_term_string}\"},\"query-input\":\"required name=search_term_string\"}],\"inLanguage\":\"pt-BR\"},{\"@type\":\"Organization\",\"@id\":\"https:\/\/bahiaeconomica.com.br\/wp\/#organization\",\"name\":\"Bahia Econ\u00f4mica\",\"url\":\"https:\/\/bahiaeconomica.com.br\/wp\/\",\"logo\":{\"@type\":\"ImageObject\",\"inLanguage\":\"pt-BR\",\"@id\":\"https:\/\/bahiaeconomica.com.br\/wp\/#\/schema\/logo\/image\/\",\"url\":\"https:\/\/bahiaeconomica.com.br\/wp\/wp-content\/uploads\/2020\/12\/cropped-BE.png\",\"contentUrl\":\"https:\/\/bahiaeconomica.com.br\/wp\/wp-content\/uploads\/2020\/12\/cropped-BE.png\",\"width\":512,\"height\":512,\"caption\":\"Bahia Econ\u00f4mica\"},\"image\":{\"@id\":\"https:\/\/bahiaeconomica.com.br\/wp\/#\/schema\/logo\/image\/\"},\"sameAs\":[\"https:\/\/www.facebook.com\/bahiaeconomica\"]},{\"@type\":\"Person\",\"@id\":\"https:\/\/bahiaeconomica.com.br\/wp\/#\/schema\/person\/b719ce0fb1c09f3c7a00d9243ced4a6f\",\"name\":\"VICTORIA ISABEL\",\"sameAs\":[\"http:\/\/www.bahiaeconomica.com.br\"],\"url\":\"https:\/\/bahiaeconomica.com.br\/wp\/author\/victoria-isabel\/\"}]}<\/script>\n<!-- \/ Yoast SEO plugin. -->","yoast_head_json":{"title":"OBRA DE DUPLICA\u00c7\u00c3O DE VIA QUE FACILITA ACESSO AO EST\u00c1DIO BARRAD\u00c3O \u00c9 INICIADA - Bahia Economica","description":"O maior portal de Economia da Bahia MUNIC\u00cdPIOS Bahia Economica Na manh\u00e3 desta ter\u00e7a-feira (19), o governador","robots":{"index":"index","follow":"follow","max-snippet":"max-snippet:-1","max-image-preview":"max-image-preview:large","max-video-preview":"max-video-preview:-1"},"canonical":"https:\/\/bahiaeconomica.com.br\/wp\/2023\/12\/19\/obra-de-duplicacao-de-via-que-facilita-acesso-ao-estadio-barradao-e-iniciada\/","og_locale":"pt_BR","og_type":"article","og_title":"OBRA DE DUPLICA\u00c7\u00c3O DE VIA QUE FACILITA ACESSO AO EST\u00c1DIO BARRAD\u00c3O \u00c9 INICIADA - Bahia Economica","og_description":"O maior portal de Economia da Bahia MUNIC\u00cdPIOS Bahia Economica Na manh\u00e3 desta ter\u00e7a-feira (19), o governador","og_url":"https:\/\/bahiaeconomica.com.br\/wp\/2023\/12\/19\/obra-de-duplicacao-de-via-que-facilita-acesso-ao-estadio-barradao-e-iniciada\/","og_site_name":"Bahia Economica","article_publisher":"https:\/\/www.facebook.com\/bahiaeconomica","article_published_time":"2023-12-19T15:07:46+00:00","og_image":[{"width":600,"height":420,"url":"https:\/\/bahiaeconomica.com.br\/wp\/wp-content\/uploads\/2023\/12\/b2ap3_large_WhatsApp-Image-2023-12-19-at-09.57.36.jpeg","type":"image\/jpeg"}],"author":"VICTORIA ISABEL","twitter_card":"summary_large_image","twitter_misc":{"Escrito por":"VICTORIA ISABEL","Est. tempo de leitura":"3 minutos"},"schema":{"@context":"https:\/\/schema.org","@graph":[{"@type":"Article","@id":"https:\/\/bahiaeconomica.com.br\/wp\/2023\/12\/19\/obra-de-duplicacao-de-via-que-facilita-acesso-ao-estadio-barradao-e-iniciada\/#article","isPartOf":{"@id":"https:\/\/bahiaeconomica.com.br\/wp\/2023\/12\/19\/obra-de-duplicacao-de-via-que-facilita-acesso-ao-estadio-barradao-e-iniciada\/"},"author":{"name":"VICTORIA ISABEL","@id":"https:\/\/bahiaeconomica.com.br\/wp\/#\/schema\/person\/b719ce0fb1c09f3c7a00d9243ced4a6f"},"headline":"OBRA DE DUPLICA\u00c7\u00c3O DE VIA QUE FACILITA ACESSO AO EST\u00c1DIO BARRAD\u00c3O \u00c9 INICIADA","datePublished":"2023-12-19T15:07:46+00:00","dateModified":"2023-12-19T15:07:46+00:00","mainEntityOfPage":{"@id":"https:\/\/bahiaeconomica.com.br\/wp\/2023\/12\/19\/obra-de-duplicacao-de-via-que-facilita-acesso-ao-estadio-barradao-e-iniciada\/"},"wordCount":482,"publisher":{"@id":"https:\/\/bahiaeconomica.com.br\/wp\/#organization"},"keywords":["barrad\u00e3o","jer\u00f4nimo rodrigues","obra","Vias"],"articleSection":["MUNIC\u00cdPIOS"],"inLanguage":"pt-BR"},{"@type":"WebPage","@id":"https:\/\/bahiaeconomica.com.br\/wp\/2023\/12\/19\/obra-de-duplicacao-de-via-que-facilita-acesso-ao-estadio-barradao-e-iniciada\/","url":"https:\/\/bahiaeconomica.com.br\/wp\/2023\/12\/19\/obra-de-duplicacao-de-via-que-facilita-acesso-ao-estadio-barradao-e-iniciada\/","name":"OBRA DE DUPLICA\u00c7\u00c3O DE VIA QUE FACILITA ACESSO AO EST\u00c1DIO BARRAD\u00c3O \u00c9 INICIADA - Bahia Economica","isPartOf":{"@id":"https:\/\/bahiaeconomica.com.br\/wp\/#website"},"datePublished":"2023-12-19T15:07:46+00:00","dateModified":"2023-12-19T15:07:46+00:00","description":"O maior portal de Economia da Bahia MUNIC\u00cdPIOS Bahia Economica Na manh\u00e3 desta ter\u00e7a-feira (19), o governador","breadcrumb":{"@id":"https:\/\/bahiaeconomica.com.br\/wp\/2023\/12\/19\/obra-de-duplicacao-de-via-que-facilita-acesso-ao-estadio-barradao-e-iniciada\/#breadcrumb"},"inLanguage":"pt-BR","potentialAction":[{"@type":"ReadAction","target":["https:\/\/bahiaeconomica.com.br\/wp\/2023\/12\/19\/obra-de-duplicacao-de-via-que-facilita-acesso-ao-estadio-barradao-e-iniciada\/"]}]},{"@type":"BreadcrumbList","@id":"https:\/\/bahiaeconomica.com.br\/wp\/2023\/12\/19\/obra-de-duplicacao-de-via-que-facilita-acesso-ao-estadio-barradao-e-iniciada\/#breadcrumb","itemListElement":[{"@type":"ListItem","position":1,"name":"In\u00edcio","item":"https:\/\/bahiaeconomica.com.br\/wp\/"},{"@type":"ListItem","position":2,"name":"OBRA DE DUPLICA\u00c7\u00c3O DE VIA QUE FACILITA ACESSO AO EST\u00c1DIO BARRAD\u00c3O \u00c9 INICIADA"}]},{"@type":"WebSite","@id":"https:\/\/bahiaeconomica.com.br\/wp\/#website","url":"https:\/\/bahiaeconomica.com.br\/wp\/","name":"Bahia Economica","description":"O maior portal de Economia da Bahia","publisher":{"@id":"https:\/\/bahiaeconomica.com.br\/wp\/#organization"},"potentialAction":[{"@type":"SearchAction","target":{"@type":"EntryPoint","urlTemplate":"https:\/\/bahiaeconomica.com.br\/wp\/?s={search_term_string}"},"query-input":"required name=search_term_string"}],"inLanguage":"pt-BR"},{"@type":"Organization","@id":"https:\/\/bahiaeconomica.com.br\/wp\/#organization","name":"Bahia Econ\u00f4mica","url":"https:\/\/bahiaeconomica.com.br\/wp\/","logo":{"@type":"ImageObject","inLanguage":"pt-BR","@id":"https:\/\/bahiaeconomica.com.br\/wp\/#\/schema\/logo\/image\/","url":"https:\/\/bahiaeconomica.com.br\/wp\/wp-content\/uploads\/2020\/12\/cropped-BE.png","contentUrl":"https:\/\/bahiaeconomica.com.br\/wp\/wp-content\/uploads\/2020\/12\/cropped-BE.png","width":512,"height":512,"caption":"Bahia Econ\u00f4mica"},"image":{"@id":"https:\/\/bahiaeconomica.com.br\/wp\/#\/schema\/logo\/image\/"},"sameAs":["https:\/\/www.facebook.com\/bahiaeconomica"]},{"@type":"Person","@id":"https:\/\/bahiaeconomica.com.br\/wp\/#\/schema\/person\/b719ce0fb1c09f3c7a00d9243ced4a6f","name":"VICTORIA ISABEL","sameAs":["http:\/\/www.bahiaeconomica.com.br"],"url":"https:\/\/bahiaeconomica.com.br\/wp\/author\/victoria-isabel\/"}]}},"views":17,"_links":{"self":[{"href":"https:\/\/bahiaeconomica.com.br\/wp\/wp-json\/wp\/v2\/posts\/785332"}],"collection":[{"href":"https:\/\/bahiaeconomica.com.br\/wp\/wp-json\/wp\/v2\/posts"}],"about":[{"href":"https:\/\/bahiaeconomica.com.br\/wp\/wp-json\/wp\/v2\/types\/post"}],"author":[{"embeddable":true,"href":"https:\/\/bahiaeconomica.com.br\/wp\/wp-json\/wp\/v2\/users\/15"}],"replies":[{"embeddable":true,"href":"https:\/\/bahiaeconomica.com.br\/wp\/wp-json\/wp\/v2\/comments?post=785332"}],"version-history":[{"count":1,"href":"https:\/\/bahiaeconomica.com.br\/wp\/wp-json\/wp\/v2\/posts\/785332\/revisions"}],"predecessor-version":[{"id":785337,"href":"https:\/\/bahiaeconomica.com.br\/wp\/wp-json\/wp\/v2\/posts\/785332\/revisions\/785337"}],"wp:featuredmedia":[{"embeddable":true,"href":"https:\/\/bahiaeconomica.com.br\/wp\/wp-json\/wp\/v2\/media\/785336"}],"wp:attachment":[{"href":"https:\/\/bahiaeconomica.com.br\/wp\/wp-json\/wp\/v2\/media?parent=785332"}],"wp:term":[{"taxonomy":"category","embeddable":true,"href":"https:\/\/bahiaeconomica.com.br\/wp\/wp-json\/wp\/v2\/categories?post=785332"},{"taxonomy":"post_tag","embeddable":true,"href":"https:\/\/bahiaeconomica.com.br\/wp\/wp-json\/wp\/v2\/tags?post=785332"}],"curies":[{"name":"wp","href":"https:\/\/api.w.org\/{rel}","templated":true}]}}