{"id":785294,"date":"2023-12-19T10:15:18","date_gmt":"2023-12-19T13:15:18","guid":{"rendered":"https:\/\/bahiaeconomica.com.br\/wp\/?p=785294"},"modified":"2023-12-19T10:15:48","modified_gmt":"2023-12-19T13:15:48","slug":"stf-mantem-44-horas-semanais-e-regionalizacao-do-piso-da-enfermagem","status":"publish","type":"post","link":"https:\/\/bahiaeconomica.com.br\/wp\/2023\/12\/19\/stf-mantem-44-horas-semanais-e-regionalizacao-do-piso-da-enfermagem\/","title":{"rendered":"STF MANT\u00c9M 44 HORAS SEMANAIS E REGIONALIZA\u00c7\u00c3O DO PISO DA ENFERMAGEM"},"content":{"rendered":"<p>Por maioria, o plen\u00e1rio do Supremo Tribunal Federal (STF) decidiu manter as 44 horas semanais trabalhadas como refer\u00eancia para o pagamento do piso salarial nacional da enfermagem, bem como determinou a negocia\u00e7\u00e3o coletiva regionalizada sobre o pagamento do piso no setor privado. As informa\u00e7\u00f5es s\u00e3o da Ag\u00eancia Brasil.<\/p>\n<p>Os ministros encerraram \u00e0s 23h59 desta segunda-feira (18) o julgamento de sete recursos sobre o assunto no plen\u00e1rio virtual, em que eles registram seus votos de forma remota.<\/p>\n<p>Ao final, prevaleceu o entendimento do ministro Dias Toffoli, que defendeu 44 horas semanais como refer\u00eancia e tamb\u00e9m autorizou a redu\u00e7\u00e3o salarial, com pagamento proporcional do piso em caso de redu\u00e7\u00e3o de jornada.<\/p>\n<p>O julgamento tem impacto sobretudo sobre o pagamento dos profissionais celetistas, que trabalham em hospitais privados. No caso de profissionais de enfermagem do setor p\u00fablico, o Supremo validou, em ocasi\u00e3o anterior, o pagamento imediato do piso.<\/p>\n<p>No caso dos profissionais celetistas, a maioria dos ministros votou, no julgamento encerrado nesta segunda-feira, que seja realizada negocia\u00e7\u00e3o coletiva para definir o pagamento do piso com preval\u00eancia do negociado sobre o legislado.<\/p>\n<p>Diss\u00eddio coletivo<br \/>\nA maioria dos ministros entendeu ainda que, caso as negocia\u00e7\u00f5es coletivas n\u00e3o avancem, fica autorizada a abertura de diss\u00eddio coletivo \u2013 processo judicial trabalhista que visa dirimir impasses. Esta foi uma mudan\u00e7a em rela\u00e7\u00e3o a entendimento anterior. Antes, o Supremo havia entendido que, em caso de n\u00e3o se conseguir acordo, o piso deveria ser pago na forma da lei.<\/p>\n<p>Toffoli foi acompanhado pelos ministros Alexandre de Moraes, Cristiano Zanin, Gilmar Mendes, Luiz Fux e Nunes Marques. Ficaram vencidos o relator, ministro Lu\u00eds Roberto Barroso, e os que o acompanharam, ministros Edson Fachin, C\u00e1rmen L\u00facia e Andr\u00e9 Mendon\u00e7a.<\/p>\n<p>Em seu voto vencido, Barroso defendia a redu\u00e7\u00e3o da carga hor\u00e1ria semanal para 40 horas, bem como a nacionaliza\u00e7\u00e3o da regra, em oposi\u00e7\u00e3o \u00e0 regionaliza\u00e7\u00e3o.<\/p>\n<p>Pela lei, o novo piso para enfermeiros do setor p\u00fablico ou privado &#8211; contratados sob o regime da Consolida\u00e7\u00e3o das Leis do Trabalho (CLT) &#8211; \u00e9 de R$ 4.750. T\u00e9cnicos de enfermagem recebem, no m\u00ednimo, 70% desse valor (R$ 3.325) e auxiliares de enfermagem e parteiras, 50% (R$ 2.375).<\/p>\n<p>Em 2022, o pagamento do piso havia sido suspenso pelo STF devido \u00e0 falta de previs\u00e3o de recursos para garantir a quita\u00e7\u00e3o dos profissionais da rede p\u00fablica, mas foi liberado em maio ap\u00f3s o governo federal abrir cr\u00e9dito especial para o repasse de R$ 7,3 bilh\u00f5es para estados e munic\u00edpios pagarem o piso.<\/p>\n<p>Foto: Fabio Rodrigues-Pozzebom\/ Ag\u00eancia Brasil\/Arquivo<\/p>\n","protected":false},"excerpt":{"rendered":"<p>Por maioria, o plen\u00e1rio do Supremo Tribunal Federal (STF) decidiu manter as 44 horas semanais trabalhadas como refer\u00eancia para o pagamento do piso salarial nacional da enfermagem, bem como determinou a negocia\u00e7\u00e3o coletiva regionalizada sobre o pagamento do piso no setor privado. As informa\u00e7\u00f5es s\u00e3o da Ag\u00eancia Brasil. Os ministros encerraram \u00e0s 23h59 desta segunda-feira [&hellip;]<\/p>\n","protected":false},"author":15,"featured_media":785301,"comment_status":"closed","ping_status":"closed","sticky":false,"template":"","format":"standard","meta":[],"categories":[3],"tags":[3929,8184,93],"acf":[],"yoast_head":"<!-- This site is optimized with the Yoast SEO plugin v20.8 - https:\/\/yoast.com\/wordpress\/plugins\/seo\/ -->\n<title>STF MANT\u00c9M 44 HORAS SEMANAIS E REGIONALIZA\u00c7\u00c3O DO PISO DA ENFERMAGEM - Bahia Economica<\/title>\n<meta name=\"description\" content=\"O maior portal de Economia da Bahia ECONOMIA \/ POL\u00cdTICA Bahia Economica Por maioria, o plen\u00e1rio do Supremo Tribunal Federal (STF)\" \/>\n<meta name=\"robots\" content=\"index, follow, max-snippet:-1, max-image-preview:large, max-video-preview:-1\" \/>\n<link rel=\"canonical\" href=\"https:\/\/bahiaeconomica.com.br\/wp\/2023\/12\/19\/stf-mantem-44-horas-semanais-e-regionalizacao-do-piso-da-enfermagem\/\" \/>\n<meta property=\"og:locale\" content=\"pt_BR\" \/>\n<meta property=\"og:type\" content=\"article\" \/>\n<meta property=\"og:title\" content=\"STF MANT\u00c9M 44 HORAS SEMANAIS E REGIONALIZA\u00c7\u00c3O DO PISO DA ENFERMAGEM - Bahia Economica\" \/>\n<meta property=\"og:description\" content=\"O maior portal de Economia da Bahia ECONOMIA \/ POL\u00cdTICA Bahia Economica Por maioria, o plen\u00e1rio do Supremo Tribunal Federal (STF)\" \/>\n<meta property=\"og:url\" content=\"https:\/\/bahiaeconomica.com.br\/wp\/2023\/12\/19\/stf-mantem-44-horas-semanais-e-regionalizacao-do-piso-da-enfermagem\/\" \/>\n<meta property=\"og:site_name\" content=\"Bahia Economica\" \/>\n<meta property=\"article:publisher\" content=\"https:\/\/www.facebook.com\/bahiaeconomica\" \/>\n<meta property=\"article:published_time\" content=\"2023-12-19T13:15:18+00:00\" \/>\n<meta property=\"article:modified_time\" content=\"2023-12-19T13:15:48+00:00\" \/>\n<meta property=\"og:image\" content=\"https:\/\/bahiaeconomica.com.br\/wp\/wp-content\/uploads\/2023\/12\/11042023-pzzb9223.webp\" \/>\n\t<meta property=\"og:image:width\" content=\"1170\" \/>\n\t<meta property=\"og:image:height\" content=\"700\" \/>\n\t<meta property=\"og:image:type\" content=\"image\/webp\" \/>\n<meta name=\"author\" content=\"VICTORIA ISABEL\" \/>\n<meta name=\"twitter:card\" content=\"summary_large_image\" \/>\n<meta name=\"twitter:label1\" content=\"Escrito por\" \/>\n\t<meta name=\"twitter:data1\" content=\"VICTORIA ISABEL\" \/>\n\t<meta name=\"twitter:label2\" content=\"Est. tempo de leitura\" \/>\n\t<meta name=\"twitter:data2\" content=\"3 minutos\" \/>\n<script type=\"application\/ld+json\" class=\"yoast-schema-graph\">{\"@context\":\"https:\/\/schema.org\",\"@graph\":[{\"@type\":\"Article\",\"@id\":\"https:\/\/bahiaeconomica.com.br\/wp\/2023\/12\/19\/stf-mantem-44-horas-semanais-e-regionalizacao-do-piso-da-enfermagem\/#article\",\"isPartOf\":{\"@id\":\"https:\/\/bahiaeconomica.com.br\/wp\/2023\/12\/19\/stf-mantem-44-horas-semanais-e-regionalizacao-do-piso-da-enfermagem\/\"},\"author\":{\"name\":\"VICTORIA ISABEL\",\"@id\":\"https:\/\/bahiaeconomica.com.br\/wp\/#\/schema\/person\/b719ce0fb1c09f3c7a00d9243ced4a6f\"},\"headline\":\"STF MANT\u00c9M 44 HORAS SEMANAIS E REGIONALIZA\u00c7\u00c3O DO PISO DA ENFERMAGEM\",\"datePublished\":\"2023-12-19T13:15:18+00:00\",\"dateModified\":\"2023-12-19T13:15:48+00:00\",\"mainEntityOfPage\":{\"@id\":\"https:\/\/bahiaeconomica.com.br\/wp\/2023\/12\/19\/stf-mantem-44-horas-semanais-e-regionalizacao-do-piso-da-enfermagem\/\"},\"wordCount\":450,\"publisher\":{\"@id\":\"https:\/\/bahiaeconomica.com.br\/wp\/#organization\"},\"keywords\":[\"Enfermagem\",\"piso salarial\",\"STF\"],\"articleSection\":[\"ECONOMIA \/ POL\u00cdTICA\"],\"inLanguage\":\"pt-BR\"},{\"@type\":\"WebPage\",\"@id\":\"https:\/\/bahiaeconomica.com.br\/wp\/2023\/12\/19\/stf-mantem-44-horas-semanais-e-regionalizacao-do-piso-da-enfermagem\/\",\"url\":\"https:\/\/bahiaeconomica.com.br\/wp\/2023\/12\/19\/stf-mantem-44-horas-semanais-e-regionalizacao-do-piso-da-enfermagem\/\",\"name\":\"STF MANT\u00c9M 44 HORAS SEMANAIS E REGIONALIZA\u00c7\u00c3O DO PISO DA ENFERMAGEM - Bahia Economica\",\"isPartOf\":{\"@id\":\"https:\/\/bahiaeconomica.com.br\/wp\/#website\"},\"datePublished\":\"2023-12-19T13:15:18+00:00\",\"dateModified\":\"2023-12-19T13:15:48+00:00\",\"description\":\"O maior portal de Economia da Bahia ECONOMIA \/ POL\u00cdTICA Bahia Economica Por maioria, o plen\u00e1rio do Supremo Tribunal Federal (STF)\",\"breadcrumb\":{\"@id\":\"https:\/\/bahiaeconomica.com.br\/wp\/2023\/12\/19\/stf-mantem-44-horas-semanais-e-regionalizacao-do-piso-da-enfermagem\/#breadcrumb\"},\"inLanguage\":\"pt-BR\",\"potentialAction\":[{\"@type\":\"ReadAction\",\"target\":[\"https:\/\/bahiaeconomica.com.br\/wp\/2023\/12\/19\/stf-mantem-44-horas-semanais-e-regionalizacao-do-piso-da-enfermagem\/\"]}]},{\"@type\":\"BreadcrumbList\",\"@id\":\"https:\/\/bahiaeconomica.com.br\/wp\/2023\/12\/19\/stf-mantem-44-horas-semanais-e-regionalizacao-do-piso-da-enfermagem\/#breadcrumb\",\"itemListElement\":[{\"@type\":\"ListItem\",\"position\":1,\"name\":\"In\u00edcio\",\"item\":\"https:\/\/bahiaeconomica.com.br\/wp\/\"},{\"@type\":\"ListItem\",\"position\":2,\"name\":\"STF MANT\u00c9M 44 HORAS SEMANAIS E REGIONALIZA\u00c7\u00c3O DO PISO DA ENFERMAGEM\"}]},{\"@type\":\"WebSite\",\"@id\":\"https:\/\/bahiaeconomica.com.br\/wp\/#website\",\"url\":\"https:\/\/bahiaeconomica.com.br\/wp\/\",\"name\":\"Bahia Economica\",\"description\":\"O maior portal de Economia da Bahia\",\"publisher\":{\"@id\":\"https:\/\/bahiaeconomica.com.br\/wp\/#organization\"},\"potentialAction\":[{\"@type\":\"SearchAction\",\"target\":{\"@type\":\"EntryPoint\",\"urlTemplate\":\"https:\/\/bahiaeconomica.com.br\/wp\/?s={search_term_string}\"},\"query-input\":\"required name=search_term_string\"}],\"inLanguage\":\"pt-BR\"},{\"@type\":\"Organization\",\"@id\":\"https:\/\/bahiaeconomica.com.br\/wp\/#organization\",\"name\":\"Bahia Econ\u00f4mica\",\"url\":\"https:\/\/bahiaeconomica.com.br\/wp\/\",\"logo\":{\"@type\":\"ImageObject\",\"inLanguage\":\"pt-BR\",\"@id\":\"https:\/\/bahiaeconomica.com.br\/wp\/#\/schema\/logo\/image\/\",\"url\":\"https:\/\/bahiaeconomica.com.br\/wp\/wp-content\/uploads\/2020\/12\/cropped-BE.png\",\"contentUrl\":\"https:\/\/bahiaeconomica.com.br\/wp\/wp-content\/uploads\/2020\/12\/cropped-BE.png\",\"width\":512,\"height\":512,\"caption\":\"Bahia Econ\u00f4mica\"},\"image\":{\"@id\":\"https:\/\/bahiaeconomica.com.br\/wp\/#\/schema\/logo\/image\/\"},\"sameAs\":[\"https:\/\/www.facebook.com\/bahiaeconomica\"]},{\"@type\":\"Person\",\"@id\":\"https:\/\/bahiaeconomica.com.br\/wp\/#\/schema\/person\/b719ce0fb1c09f3c7a00d9243ced4a6f\",\"name\":\"VICTORIA ISABEL\",\"sameAs\":[\"http:\/\/www.bahiaeconomica.com.br\"],\"url\":\"https:\/\/bahiaeconomica.com.br\/wp\/author\/victoria-isabel\/\"}]}<\/script>\n<!-- \/ Yoast SEO plugin. -->","yoast_head_json":{"title":"STF MANT\u00c9M 44 HORAS SEMANAIS E REGIONALIZA\u00c7\u00c3O DO PISO DA ENFERMAGEM - Bahia Economica","description":"O maior portal de Economia da Bahia ECONOMIA \/ POL\u00cdTICA Bahia Economica Por maioria, o plen\u00e1rio do Supremo Tribunal Federal (STF)","robots":{"index":"index","follow":"follow","max-snippet":"max-snippet:-1","max-image-preview":"max-image-preview:large","max-video-preview":"max-video-preview:-1"},"canonical":"https:\/\/bahiaeconomica.com.br\/wp\/2023\/12\/19\/stf-mantem-44-horas-semanais-e-regionalizacao-do-piso-da-enfermagem\/","og_locale":"pt_BR","og_type":"article","og_title":"STF MANT\u00c9M 44 HORAS SEMANAIS E REGIONALIZA\u00c7\u00c3O DO PISO DA ENFERMAGEM - Bahia Economica","og_description":"O maior portal de Economia da Bahia ECONOMIA \/ POL\u00cdTICA Bahia Economica Por maioria, o plen\u00e1rio do Supremo Tribunal Federal (STF)","og_url":"https:\/\/bahiaeconomica.com.br\/wp\/2023\/12\/19\/stf-mantem-44-horas-semanais-e-regionalizacao-do-piso-da-enfermagem\/","og_site_name":"Bahia Economica","article_publisher":"https:\/\/www.facebook.com\/bahiaeconomica","article_published_time":"2023-12-19T13:15:18+00:00","article_modified_time":"2023-12-19T13:15:48+00:00","og_image":[{"width":1170,"height":700,"url":"https:\/\/bahiaeconomica.com.br\/wp\/wp-content\/uploads\/2023\/12\/11042023-pzzb9223.webp","type":"image\/webp"}],"author":"VICTORIA ISABEL","twitter_card":"summary_large_image","twitter_misc":{"Escrito por":"VICTORIA ISABEL","Est. tempo de leitura":"3 minutos"},"schema":{"@context":"https:\/\/schema.org","@graph":[{"@type":"Article","@id":"https:\/\/bahiaeconomica.com.br\/wp\/2023\/12\/19\/stf-mantem-44-horas-semanais-e-regionalizacao-do-piso-da-enfermagem\/#article","isPartOf":{"@id":"https:\/\/bahiaeconomica.com.br\/wp\/2023\/12\/19\/stf-mantem-44-horas-semanais-e-regionalizacao-do-piso-da-enfermagem\/"},"author":{"name":"VICTORIA ISABEL","@id":"https:\/\/bahiaeconomica.com.br\/wp\/#\/schema\/person\/b719ce0fb1c09f3c7a00d9243ced4a6f"},"headline":"STF MANT\u00c9M 44 HORAS SEMANAIS E REGIONALIZA\u00c7\u00c3O DO PISO DA ENFERMAGEM","datePublished":"2023-12-19T13:15:18+00:00","dateModified":"2023-12-19T13:15:48+00:00","mainEntityOfPage":{"@id":"https:\/\/bahiaeconomica.com.br\/wp\/2023\/12\/19\/stf-mantem-44-horas-semanais-e-regionalizacao-do-piso-da-enfermagem\/"},"wordCount":450,"publisher":{"@id":"https:\/\/bahiaeconomica.com.br\/wp\/#organization"},"keywords":["Enfermagem","piso salarial","STF"],"articleSection":["ECONOMIA \/ POL\u00cdTICA"],"inLanguage":"pt-BR"},{"@type":"WebPage","@id":"https:\/\/bahiaeconomica.com.br\/wp\/2023\/12\/19\/stf-mantem-44-horas-semanais-e-regionalizacao-do-piso-da-enfermagem\/","url":"https:\/\/bahiaeconomica.com.br\/wp\/2023\/12\/19\/stf-mantem-44-horas-semanais-e-regionalizacao-do-piso-da-enfermagem\/","name":"STF MANT\u00c9M 44 HORAS SEMANAIS E REGIONALIZA\u00c7\u00c3O DO PISO DA ENFERMAGEM - Bahia Economica","isPartOf":{"@id":"https:\/\/bahiaeconomica.com.br\/wp\/#website"},"datePublished":"2023-12-19T13:15:18+00:00","dateModified":"2023-12-19T13:15:48+00:00","description":"O maior portal de Economia da Bahia ECONOMIA \/ POL\u00cdTICA Bahia Economica Por maioria, o plen\u00e1rio do Supremo Tribunal Federal (STF)","breadcrumb":{"@id":"https:\/\/bahiaeconomica.com.br\/wp\/2023\/12\/19\/stf-mantem-44-horas-semanais-e-regionalizacao-do-piso-da-enfermagem\/#breadcrumb"},"inLanguage":"pt-BR","potentialAction":[{"@type":"ReadAction","target":["https:\/\/bahiaeconomica.com.br\/wp\/2023\/12\/19\/stf-mantem-44-horas-semanais-e-regionalizacao-do-piso-da-enfermagem\/"]}]},{"@type":"BreadcrumbList","@id":"https:\/\/bahiaeconomica.com.br\/wp\/2023\/12\/19\/stf-mantem-44-horas-semanais-e-regionalizacao-do-piso-da-enfermagem\/#breadcrumb","itemListElement":[{"@type":"ListItem","position":1,"name":"In\u00edcio","item":"https:\/\/bahiaeconomica.com.br\/wp\/"},{"@type":"ListItem","position":2,"name":"STF MANT\u00c9M 44 HORAS SEMANAIS E REGIONALIZA\u00c7\u00c3O DO PISO DA ENFERMAGEM"}]},{"@type":"WebSite","@id":"https:\/\/bahiaeconomica.com.br\/wp\/#website","url":"https:\/\/bahiaeconomica.com.br\/wp\/","name":"Bahia Economica","description":"O maior portal de Economia da Bahia","publisher":{"@id":"https:\/\/bahiaeconomica.com.br\/wp\/#organization"},"potentialAction":[{"@type":"SearchAction","target":{"@type":"EntryPoint","urlTemplate":"https:\/\/bahiaeconomica.com.br\/wp\/?s={search_term_string}"},"query-input":"required name=search_term_string"}],"inLanguage":"pt-BR"},{"@type":"Organization","@id":"https:\/\/bahiaeconomica.com.br\/wp\/#organization","name":"Bahia Econ\u00f4mica","url":"https:\/\/bahiaeconomica.com.br\/wp\/","logo":{"@type":"ImageObject","inLanguage":"pt-BR","@id":"https:\/\/bahiaeconomica.com.br\/wp\/#\/schema\/logo\/image\/","url":"https:\/\/bahiaeconomica.com.br\/wp\/wp-content\/uploads\/2020\/12\/cropped-BE.png","contentUrl":"https:\/\/bahiaeconomica.com.br\/wp\/wp-content\/uploads\/2020\/12\/cropped-BE.png","width":512,"height":512,"caption":"Bahia Econ\u00f4mica"},"image":{"@id":"https:\/\/bahiaeconomica.com.br\/wp\/#\/schema\/logo\/image\/"},"sameAs":["https:\/\/www.facebook.com\/bahiaeconomica"]},{"@type":"Person","@id":"https:\/\/bahiaeconomica.com.br\/wp\/#\/schema\/person\/b719ce0fb1c09f3c7a00d9243ced4a6f","name":"VICTORIA ISABEL","sameAs":["http:\/\/www.bahiaeconomica.com.br"],"url":"https:\/\/bahiaeconomica.com.br\/wp\/author\/victoria-isabel\/"}]}},"views":9,"_links":{"self":[{"href":"https:\/\/bahiaeconomica.com.br\/wp\/wp-json\/wp\/v2\/posts\/785294"}],"collection":[{"href":"https:\/\/bahiaeconomica.com.br\/wp\/wp-json\/wp\/v2\/posts"}],"about":[{"href":"https:\/\/bahiaeconomica.com.br\/wp\/wp-json\/wp\/v2\/types\/post"}],"author":[{"embeddable":true,"href":"https:\/\/bahiaeconomica.com.br\/wp\/wp-json\/wp\/v2\/users\/15"}],"replies":[{"embeddable":true,"href":"https:\/\/bahiaeconomica.com.br\/wp\/wp-json\/wp\/v2\/comments?post=785294"}],"version-history":[{"count":2,"href":"https:\/\/bahiaeconomica.com.br\/wp\/wp-json\/wp\/v2\/posts\/785294\/revisions"}],"predecessor-version":[{"id":785304,"href":"https:\/\/bahiaeconomica.com.br\/wp\/wp-json\/wp\/v2\/posts\/785294\/revisions\/785304"}],"wp:featuredmedia":[{"embeddable":true,"href":"https:\/\/bahiaeconomica.com.br\/wp\/wp-json\/wp\/v2\/media\/785301"}],"wp:attachment":[{"href":"https:\/\/bahiaeconomica.com.br\/wp\/wp-json\/wp\/v2\/media?parent=785294"}],"wp:term":[{"taxonomy":"category","embeddable":true,"href":"https:\/\/bahiaeconomica.com.br\/wp\/wp-json\/wp\/v2\/categories?post=785294"},{"taxonomy":"post_tag","embeddable":true,"href":"https:\/\/bahiaeconomica.com.br\/wp\/wp-json\/wp\/v2\/tags?post=785294"}],"curies":[{"name":"wp","href":"https:\/\/api.w.org\/{rel}","templated":true}]}}