{"id":785288,"date":"2023-12-19T10:05:48","date_gmt":"2023-12-19T13:05:48","guid":{"rendered":"https:\/\/bahiaeconomica.com.br\/wp\/?p=785288"},"modified":"2023-12-19T10:05:48","modified_gmt":"2023-12-19T13:05:48","slug":"governo-propoe-a-servidores-aumento-em-auxilios-sem-reajuste-salarial","status":"publish","type":"post","link":"https:\/\/bahiaeconomica.com.br\/wp\/2023\/12\/19\/governo-propoe-a-servidores-aumento-em-auxilios-sem-reajuste-salarial\/","title":{"rendered":"GOVERNO PROP\u00d5E A SERVIDORES AUMENTO EM AUX\u00cdLIOS, SEM REAJUSTE SALARIAL"},"content":{"rendered":"<p>O governo federal prop\u00f4s aumentos em aux\u00edlios, como alimenta\u00e7\u00e3o e sa\u00fade, sem apresentar proposta de reajuste salarial em 2024 para os servidores do Executivo. Nesta segunda-feira (18), ocorreu a \u00faltima reuni\u00e3o do ano da Mesa Nacional de Negocia\u00e7\u00e3o Permanente, do Minist\u00e9rio da Gest\u00e3o e da Inova\u00e7\u00e3o em Servi\u00e7os P\u00fablicos (MGI). As informa\u00e7\u00f5es s\u00e3o da Ag\u00eancia Brasil.<\/p>\n<p>O secret\u00e1rio de Rela\u00e7\u00f5es de Trabalho da pasta, Jos\u00e9 Lopez Feij\u00f3o, explicou, em comunicado, que as limita\u00e7\u00f5es or\u00e7ament\u00e1rias n\u00e3o permitem avan\u00e7ar na recomposi\u00e7\u00e3o salarial. Segundo ele, a proposta apresentada j\u00e1 \u00e9 resultado de \u201cenorme esfor\u00e7o\u201d de negocia\u00e7\u00e3o da ministra Esther Dweck para abrir espa\u00e7o no Or\u00e7amento da Uni\u00e3o.<\/p>\n<p>Feij\u00f3o tamb\u00e9m ressaltou que, em 2023, o governo concedeu um reajuste salarial linear de 9% aos servidores do Executivo. O aux\u00edlio-alimenta\u00e7\u00e3o tamb\u00e9m aumentou em 43%, passando de R$ 458 para R$ 658 mensais.<\/p>\n<p>A proposta apresentada ontem \u00e9 de reajuste de 52% no aux\u00edlio-alimenta\u00e7\u00e3o a partir de maio de 2024, passando de R$ 658 para R$ 1 mil. Tamb\u00e9m foi proposto aumento na assist\u00eancia \u00e0 sa\u00fade complementar per capita m\u00e9dia (aux\u00edlio-sa\u00fade), que hoje \u00e9 de R$ 144,38, para em torno de R$ 215 (aproximadamente 49%). E, ainda, acr\u00e9scimo na assist\u00eancia pr\u00e9-escolar (aux\u00edlio-creche), que passando de R$ 321 para R$ 484,90 (cerca de 51% a mais).<\/p>\n<p>De acordo com o governo, com a medida, o benef\u00edcio do Executivo passa a se aproximar ao dos demais Poderes, em atendimento \u00e0 demanda dos servidores. O secret\u00e1rio Jos\u00e9 Feij\u00f3o informou que a preocupa\u00e7\u00e3o central do governo \u00e9 uma maior isonomia remunerat\u00f3ria. Como o aumento \u00e9 sobre benef\u00edcios e n\u00e3o sobre o pr\u00f3prio sal\u00e1rio, o impacto \u00e9 maior em que ganha menos.<\/p>\n<p>\u201c\u00c9 uma proposta que busca maior equil\u00edbrio entre os menores e as maiores remunera\u00e7\u00f5es. Estamos em busca de maior proporcionalidade, ao atuarmos contra as disparidades existentes\u201d, esclareceu.<\/p>\n<p>Os novos valores foram propostos na Lei Or\u00e7ament\u00e1ria do ano que vem e est\u00e3o para aprova\u00e7\u00e3o do Congresso Nacional.<\/p>\n<p>Foto: Marcelo Camargo\/Ag\u00eancia Brasil<\/p>\n","protected":false},"excerpt":{"rendered":"<p>O governo federal prop\u00f4s aumentos em aux\u00edlios, como alimenta\u00e7\u00e3o e sa\u00fade, sem apresentar proposta de reajuste salarial em 2024 para os servidores do Executivo. Nesta segunda-feira (18), ocorreu a \u00faltima reuni\u00e3o do ano da Mesa Nacional de Negocia\u00e7\u00e3o Permanente, do Minist\u00e9rio da Gest\u00e3o e da Inova\u00e7\u00e3o em Servi\u00e7os P\u00fablicos (MGI). As informa\u00e7\u00f5es s\u00e3o da Ag\u00eancia [&hellip;]<\/p>\n","protected":false},"author":15,"featured_media":785291,"comment_status":"closed","ping_status":"closed","sticky":false,"template":"","format":"standard","meta":[],"categories":[14601],"tags":[5059,24368,99,58],"acf":[],"yoast_head":"<!-- This site is optimized with the Yoast SEO plugin v20.8 - https:\/\/yoast.com\/wordpress\/plugins\/seo\/ -->\n<title>GOVERNO PROP\u00d5E A SERVIDORES AUMENTO EM AUX\u00cdLIOS, SEM REAJUSTE SALARIAL - Bahia Economica<\/title>\n<meta name=\"description\" content=\"O maior portal de Economia da Bahia Pol\u00edtica Bahia Economica O governo federal prop\u00f4s aumentos em aux\u00edlios,\" \/>\n<meta name=\"robots\" content=\"index, follow, max-snippet:-1, max-image-preview:large, max-video-preview:-1\" \/>\n<link rel=\"canonical\" href=\"https:\/\/bahiaeconomica.com.br\/wp\/2023\/12\/19\/governo-propoe-a-servidores-aumento-em-auxilios-sem-reajuste-salarial\/\" \/>\n<meta property=\"og:locale\" content=\"pt_BR\" \/>\n<meta property=\"og:type\" content=\"article\" \/>\n<meta property=\"og:title\" content=\"GOVERNO PROP\u00d5E A SERVIDORES AUMENTO EM AUX\u00cdLIOS, SEM REAJUSTE SALARIAL - Bahia Economica\" \/>\n<meta property=\"og:description\" content=\"O maior portal de Economia da Bahia Pol\u00edtica Bahia Economica O governo federal prop\u00f4s aumentos em aux\u00edlios,\" \/>\n<meta property=\"og:url\" content=\"https:\/\/bahiaeconomica.com.br\/wp\/2023\/12\/19\/governo-propoe-a-servidores-aumento-em-auxilios-sem-reajuste-salarial\/\" \/>\n<meta property=\"og:site_name\" content=\"Bahia Economica\" \/>\n<meta property=\"article:publisher\" content=\"https:\/\/www.facebook.com\/bahiaeconomica\" \/>\n<meta property=\"article:published_time\" content=\"2023-12-19T13:05:48+00:00\" \/>\n<meta property=\"og:image\" content=\"https:\/\/bahiaeconomica.com.br\/wp\/wp-content\/uploads\/2023\/12\/fachada-ministerio_mcamgo_abr_100420231818-10.webp\" \/>\n\t<meta property=\"og:image:width\" content=\"1170\" \/>\n\t<meta property=\"og:image:height\" content=\"700\" \/>\n\t<meta property=\"og:image:type\" content=\"image\/webp\" \/>\n<meta name=\"author\" content=\"VICTORIA ISABEL\" \/>\n<meta name=\"twitter:card\" content=\"summary_large_image\" \/>\n<meta name=\"twitter:label1\" content=\"Escrito por\" \/>\n\t<meta name=\"twitter:data1\" content=\"VICTORIA ISABEL\" \/>\n\t<meta name=\"twitter:label2\" content=\"Est. tempo de leitura\" \/>\n\t<meta name=\"twitter:data2\" content=\"2 minutos\" \/>\n<script type=\"application\/ld+json\" class=\"yoast-schema-graph\">{\"@context\":\"https:\/\/schema.org\",\"@graph\":[{\"@type\":\"Article\",\"@id\":\"https:\/\/bahiaeconomica.com.br\/wp\/2023\/12\/19\/governo-propoe-a-servidores-aumento-em-auxilios-sem-reajuste-salarial\/#article\",\"isPartOf\":{\"@id\":\"https:\/\/bahiaeconomica.com.br\/wp\/2023\/12\/19\/governo-propoe-a-servidores-aumento-em-auxilios-sem-reajuste-salarial\/\"},\"author\":{\"name\":\"VICTORIA ISABEL\",\"@id\":\"https:\/\/bahiaeconomica.com.br\/wp\/#\/schema\/person\/b719ce0fb1c09f3c7a00d9243ced4a6f\"},\"headline\":\"GOVERNO PROP\u00d5E A SERVIDORES AUMENTO EM AUX\u00cdLIOS, SEM REAJUSTE SALARIAL\",\"datePublished\":\"2023-12-19T13:05:48+00:00\",\"dateModified\":\"2023-12-19T13:05:48+00:00\",\"mainEntityOfPage\":{\"@id\":\"https:\/\/bahiaeconomica.com.br\/wp\/2023\/12\/19\/governo-propoe-a-servidores-aumento-em-auxilios-sem-reajuste-salarial\/\"},\"wordCount\":369,\"publisher\":{\"@id\":\"https:\/\/bahiaeconomica.com.br\/wp\/#organization\"},\"keywords\":[\"alimenta\u00e7\u00e3o\",\"aux\u00edlios\",\"Governo Federal\",\"sa\u00fade\"],\"articleSection\":[\"Pol\u00edtica\"],\"inLanguage\":\"pt-BR\"},{\"@type\":\"WebPage\",\"@id\":\"https:\/\/bahiaeconomica.com.br\/wp\/2023\/12\/19\/governo-propoe-a-servidores-aumento-em-auxilios-sem-reajuste-salarial\/\",\"url\":\"https:\/\/bahiaeconomica.com.br\/wp\/2023\/12\/19\/governo-propoe-a-servidores-aumento-em-auxilios-sem-reajuste-salarial\/\",\"name\":\"GOVERNO PROP\u00d5E A SERVIDORES AUMENTO EM AUX\u00cdLIOS, SEM REAJUSTE SALARIAL - Bahia Economica\",\"isPartOf\":{\"@id\":\"https:\/\/bahiaeconomica.com.br\/wp\/#website\"},\"datePublished\":\"2023-12-19T13:05:48+00:00\",\"dateModified\":\"2023-12-19T13:05:48+00:00\",\"description\":\"O maior portal de Economia da Bahia Pol\u00edtica Bahia Economica O governo federal prop\u00f4s aumentos em aux\u00edlios,\",\"breadcrumb\":{\"@id\":\"https:\/\/bahiaeconomica.com.br\/wp\/2023\/12\/19\/governo-propoe-a-servidores-aumento-em-auxilios-sem-reajuste-salarial\/#breadcrumb\"},\"inLanguage\":\"pt-BR\",\"potentialAction\":[{\"@type\":\"ReadAction\",\"target\":[\"https:\/\/bahiaeconomica.com.br\/wp\/2023\/12\/19\/governo-propoe-a-servidores-aumento-em-auxilios-sem-reajuste-salarial\/\"]}]},{\"@type\":\"BreadcrumbList\",\"@id\":\"https:\/\/bahiaeconomica.com.br\/wp\/2023\/12\/19\/governo-propoe-a-servidores-aumento-em-auxilios-sem-reajuste-salarial\/#breadcrumb\",\"itemListElement\":[{\"@type\":\"ListItem\",\"position\":1,\"name\":\"In\u00edcio\",\"item\":\"https:\/\/bahiaeconomica.com.br\/wp\/\"},{\"@type\":\"ListItem\",\"position\":2,\"name\":\"GOVERNO PROP\u00d5E A SERVIDORES AUMENTO EM AUX\u00cdLIOS, SEM REAJUSTE SALARIAL\"}]},{\"@type\":\"WebSite\",\"@id\":\"https:\/\/bahiaeconomica.com.br\/wp\/#website\",\"url\":\"https:\/\/bahiaeconomica.com.br\/wp\/\",\"name\":\"Bahia Economica\",\"description\":\"O maior portal de Economia da Bahia\",\"publisher\":{\"@id\":\"https:\/\/bahiaeconomica.com.br\/wp\/#organization\"},\"potentialAction\":[{\"@type\":\"SearchAction\",\"target\":{\"@type\":\"EntryPoint\",\"urlTemplate\":\"https:\/\/bahiaeconomica.com.br\/wp\/?s={search_term_string}\"},\"query-input\":\"required name=search_term_string\"}],\"inLanguage\":\"pt-BR\"},{\"@type\":\"Organization\",\"@id\":\"https:\/\/bahiaeconomica.com.br\/wp\/#organization\",\"name\":\"Bahia Econ\u00f4mica\",\"url\":\"https:\/\/bahiaeconomica.com.br\/wp\/\",\"logo\":{\"@type\":\"ImageObject\",\"inLanguage\":\"pt-BR\",\"@id\":\"https:\/\/bahiaeconomica.com.br\/wp\/#\/schema\/logo\/image\/\",\"url\":\"https:\/\/bahiaeconomica.com.br\/wp\/wp-content\/uploads\/2020\/12\/cropped-BE.png\",\"contentUrl\":\"https:\/\/bahiaeconomica.com.br\/wp\/wp-content\/uploads\/2020\/12\/cropped-BE.png\",\"width\":512,\"height\":512,\"caption\":\"Bahia Econ\u00f4mica\"},\"image\":{\"@id\":\"https:\/\/bahiaeconomica.com.br\/wp\/#\/schema\/logo\/image\/\"},\"sameAs\":[\"https:\/\/www.facebook.com\/bahiaeconomica\"]},{\"@type\":\"Person\",\"@id\":\"https:\/\/bahiaeconomica.com.br\/wp\/#\/schema\/person\/b719ce0fb1c09f3c7a00d9243ced4a6f\",\"name\":\"VICTORIA ISABEL\",\"sameAs\":[\"http:\/\/www.bahiaeconomica.com.br\"],\"url\":\"https:\/\/bahiaeconomica.com.br\/wp\/author\/victoria-isabel\/\"}]}<\/script>\n<!-- \/ Yoast SEO plugin. -->","yoast_head_json":{"title":"GOVERNO PROP\u00d5E A SERVIDORES AUMENTO EM AUX\u00cdLIOS, SEM REAJUSTE SALARIAL - Bahia Economica","description":"O maior portal de Economia da Bahia Pol\u00edtica Bahia Economica O governo federal prop\u00f4s aumentos em aux\u00edlios,","robots":{"index":"index","follow":"follow","max-snippet":"max-snippet:-1","max-image-preview":"max-image-preview:large","max-video-preview":"max-video-preview:-1"},"canonical":"https:\/\/bahiaeconomica.com.br\/wp\/2023\/12\/19\/governo-propoe-a-servidores-aumento-em-auxilios-sem-reajuste-salarial\/","og_locale":"pt_BR","og_type":"article","og_title":"GOVERNO PROP\u00d5E A SERVIDORES AUMENTO EM AUX\u00cdLIOS, SEM REAJUSTE SALARIAL - Bahia Economica","og_description":"O maior portal de Economia da Bahia Pol\u00edtica Bahia Economica O governo federal prop\u00f4s aumentos em aux\u00edlios,","og_url":"https:\/\/bahiaeconomica.com.br\/wp\/2023\/12\/19\/governo-propoe-a-servidores-aumento-em-auxilios-sem-reajuste-salarial\/","og_site_name":"Bahia Economica","article_publisher":"https:\/\/www.facebook.com\/bahiaeconomica","article_published_time":"2023-12-19T13:05:48+00:00","og_image":[{"width":1170,"height":700,"url":"https:\/\/bahiaeconomica.com.br\/wp\/wp-content\/uploads\/2023\/12\/fachada-ministerio_mcamgo_abr_100420231818-10.webp","type":"image\/webp"}],"author":"VICTORIA ISABEL","twitter_card":"summary_large_image","twitter_misc":{"Escrito por":"VICTORIA ISABEL","Est. tempo de leitura":"2 minutos"},"schema":{"@context":"https:\/\/schema.org","@graph":[{"@type":"Article","@id":"https:\/\/bahiaeconomica.com.br\/wp\/2023\/12\/19\/governo-propoe-a-servidores-aumento-em-auxilios-sem-reajuste-salarial\/#article","isPartOf":{"@id":"https:\/\/bahiaeconomica.com.br\/wp\/2023\/12\/19\/governo-propoe-a-servidores-aumento-em-auxilios-sem-reajuste-salarial\/"},"author":{"name":"VICTORIA ISABEL","@id":"https:\/\/bahiaeconomica.com.br\/wp\/#\/schema\/person\/b719ce0fb1c09f3c7a00d9243ced4a6f"},"headline":"GOVERNO PROP\u00d5E A SERVIDORES AUMENTO EM AUX\u00cdLIOS, SEM REAJUSTE SALARIAL","datePublished":"2023-12-19T13:05:48+00:00","dateModified":"2023-12-19T13:05:48+00:00","mainEntityOfPage":{"@id":"https:\/\/bahiaeconomica.com.br\/wp\/2023\/12\/19\/governo-propoe-a-servidores-aumento-em-auxilios-sem-reajuste-salarial\/"},"wordCount":369,"publisher":{"@id":"https:\/\/bahiaeconomica.com.br\/wp\/#organization"},"keywords":["alimenta\u00e7\u00e3o","aux\u00edlios","Governo Federal","sa\u00fade"],"articleSection":["Pol\u00edtica"],"inLanguage":"pt-BR"},{"@type":"WebPage","@id":"https:\/\/bahiaeconomica.com.br\/wp\/2023\/12\/19\/governo-propoe-a-servidores-aumento-em-auxilios-sem-reajuste-salarial\/","url":"https:\/\/bahiaeconomica.com.br\/wp\/2023\/12\/19\/governo-propoe-a-servidores-aumento-em-auxilios-sem-reajuste-salarial\/","name":"GOVERNO PROP\u00d5E A SERVIDORES AUMENTO EM AUX\u00cdLIOS, SEM REAJUSTE SALARIAL - Bahia Economica","isPartOf":{"@id":"https:\/\/bahiaeconomica.com.br\/wp\/#website"},"datePublished":"2023-12-19T13:05:48+00:00","dateModified":"2023-12-19T13:05:48+00:00","description":"O maior portal de Economia da Bahia Pol\u00edtica Bahia Economica O governo federal prop\u00f4s aumentos em aux\u00edlios,","breadcrumb":{"@id":"https:\/\/bahiaeconomica.com.br\/wp\/2023\/12\/19\/governo-propoe-a-servidores-aumento-em-auxilios-sem-reajuste-salarial\/#breadcrumb"},"inLanguage":"pt-BR","potentialAction":[{"@type":"ReadAction","target":["https:\/\/bahiaeconomica.com.br\/wp\/2023\/12\/19\/governo-propoe-a-servidores-aumento-em-auxilios-sem-reajuste-salarial\/"]}]},{"@type":"BreadcrumbList","@id":"https:\/\/bahiaeconomica.com.br\/wp\/2023\/12\/19\/governo-propoe-a-servidores-aumento-em-auxilios-sem-reajuste-salarial\/#breadcrumb","itemListElement":[{"@type":"ListItem","position":1,"name":"In\u00edcio","item":"https:\/\/bahiaeconomica.com.br\/wp\/"},{"@type":"ListItem","position":2,"name":"GOVERNO PROP\u00d5E A SERVIDORES AUMENTO EM AUX\u00cdLIOS, SEM REAJUSTE SALARIAL"}]},{"@type":"WebSite","@id":"https:\/\/bahiaeconomica.com.br\/wp\/#website","url":"https:\/\/bahiaeconomica.com.br\/wp\/","name":"Bahia Economica","description":"O maior portal de Economia da Bahia","publisher":{"@id":"https:\/\/bahiaeconomica.com.br\/wp\/#organization"},"potentialAction":[{"@type":"SearchAction","target":{"@type":"EntryPoint","urlTemplate":"https:\/\/bahiaeconomica.com.br\/wp\/?s={search_term_string}"},"query-input":"required name=search_term_string"}],"inLanguage":"pt-BR"},{"@type":"Organization","@id":"https:\/\/bahiaeconomica.com.br\/wp\/#organization","name":"Bahia Econ\u00f4mica","url":"https:\/\/bahiaeconomica.com.br\/wp\/","logo":{"@type":"ImageObject","inLanguage":"pt-BR","@id":"https:\/\/bahiaeconomica.com.br\/wp\/#\/schema\/logo\/image\/","url":"https:\/\/bahiaeconomica.com.br\/wp\/wp-content\/uploads\/2020\/12\/cropped-BE.png","contentUrl":"https:\/\/bahiaeconomica.com.br\/wp\/wp-content\/uploads\/2020\/12\/cropped-BE.png","width":512,"height":512,"caption":"Bahia Econ\u00f4mica"},"image":{"@id":"https:\/\/bahiaeconomica.com.br\/wp\/#\/schema\/logo\/image\/"},"sameAs":["https:\/\/www.facebook.com\/bahiaeconomica"]},{"@type":"Person","@id":"https:\/\/bahiaeconomica.com.br\/wp\/#\/schema\/person\/b719ce0fb1c09f3c7a00d9243ced4a6f","name":"VICTORIA ISABEL","sameAs":["http:\/\/www.bahiaeconomica.com.br"],"url":"https:\/\/bahiaeconomica.com.br\/wp\/author\/victoria-isabel\/"}]}},"views":456,"_links":{"self":[{"href":"https:\/\/bahiaeconomica.com.br\/wp\/wp-json\/wp\/v2\/posts\/785288"}],"collection":[{"href":"https:\/\/bahiaeconomica.com.br\/wp\/wp-json\/wp\/v2\/posts"}],"about":[{"href":"https:\/\/bahiaeconomica.com.br\/wp\/wp-json\/wp\/v2\/types\/post"}],"author":[{"embeddable":true,"href":"https:\/\/bahiaeconomica.com.br\/wp\/wp-json\/wp\/v2\/users\/15"}],"replies":[{"embeddable":true,"href":"https:\/\/bahiaeconomica.com.br\/wp\/wp-json\/wp\/v2\/comments?post=785288"}],"version-history":[{"count":1,"href":"https:\/\/bahiaeconomica.com.br\/wp\/wp-json\/wp\/v2\/posts\/785288\/revisions"}],"predecessor-version":[{"id":785292,"href":"https:\/\/bahiaeconomica.com.br\/wp\/wp-json\/wp\/v2\/posts\/785288\/revisions\/785292"}],"wp:featuredmedia":[{"embeddable":true,"href":"https:\/\/bahiaeconomica.com.br\/wp\/wp-json\/wp\/v2\/media\/785291"}],"wp:attachment":[{"href":"https:\/\/bahiaeconomica.com.br\/wp\/wp-json\/wp\/v2\/media?parent=785288"}],"wp:term":[{"taxonomy":"category","embeddable":true,"href":"https:\/\/bahiaeconomica.com.br\/wp\/wp-json\/wp\/v2\/categories?post=785288"},{"taxonomy":"post_tag","embeddable":true,"href":"https:\/\/bahiaeconomica.com.br\/wp\/wp-json\/wp\/v2\/tags?post=785288"}],"curies":[{"name":"wp","href":"https:\/\/api.w.org\/{rel}","templated":true}]}}