{"id":784399,"date":"2023-12-14T16:17:48","date_gmt":"2023-12-14T19:17:48","guid":{"rendered":"https:\/\/bahiaeconomica.com.br\/wp\/?p=784399"},"modified":"2023-12-14T16:17:48","modified_gmt":"2023-12-14T19:17:48","slug":"lauro-de-freitas-recebe-a-feira-artesanato-da-bahia","status":"publish","type":"post","link":"https:\/\/bahiaeconomica.com.br\/wp\/2023\/12\/14\/lauro-de-freitas-recebe-a-feira-artesanato-da-bahia\/","title":{"rendered":"LAURO DE FREITAS RECEBE A FEIRA ARTESANATO DA BAHIA"},"content":{"rendered":"<p>O clima de confraterniza\u00e7\u00e3o que contagia as pessoas nesta \u00e9poca, estar\u00e1 muito presente na Feira Artesanato da Bahia, nesta sexta-feira (15\/12) e no s\u00e1bado (16), das 14h \u00e0s 20h, e no domingo (17\/12), das 10h \u00e0s 18h, na Pra\u00e7a da Matriz, em Lauro de Freitas. Nesta atmosfera, o evento vai reunir produtos de moda, acess\u00f3rios e decora\u00e7\u00f5es, criados por artes\u00e3s e artes\u00e3os da cidade. A Feira tamb\u00e9m vai contar com uma programa\u00e7\u00e3o musical diversificada.<\/p>\n<p>Na ocasi\u00e3o, ser\u00e1 realizada a entrega das Carteiras Nacionais do Artes\u00e3o pela Coordena\u00e7\u00e3o de Fomento ao Artesanato. Esta a\u00e7\u00e3o integra o conjunto de atividades da CFA, vinculada \u00e0 Secretaria de Trabalho, Emprego, Renda e Esporte (Setre-Ba).<\/p>\n<p>Esta edi\u00e7\u00e3o da Feira vai reunir 20 expositores, artes\u00e3s e artes\u00e3os, que trazem sugest\u00f5es de produtos originais e com qualidade para presentear no Natal ou uso pr\u00f3prio, principalmente nas festas de fim de ano.<\/p>\n<p>S\u00e3o pe\u00e7as feitas \u00e0 m\u00e3o atrav\u00e9s de t\u00e9cnica diversificadas, como redendel, cer\u00e2micas figurativas e utilit\u00e1rias, tran\u00e7ados de fibras, croch\u00ea, arte em tecidos, bordados em richelieu, renda de bilro, macram\u00ea e biscuit.<\/p>\n<p>FOTO: Divulga\u00e7\u00e3o<\/p>\n","protected":false},"excerpt":{"rendered":"<p>O clima de confraterniza\u00e7\u00e3o que contagia as pessoas nesta \u00e9poca, estar\u00e1 muito presente na Feira Artesanato da Bahia, nesta sexta-feira (15\/12) e no s\u00e1bado (16), das 14h \u00e0s 20h, e no domingo (17\/12), das 10h \u00e0s 18h, na Pra\u00e7a da Matriz, em Lauro de Freitas. Nesta atmosfera, o evento vai reunir produtos de moda, acess\u00f3rios [&hellip;]<\/p>\n","protected":false},"author":16,"featured_media":784402,"comment_status":"closed","ping_status":"closed","sticky":false,"template":"","format":"standard","meta":[],"categories":[5],"tags":[10248,24199,330],"acf":[],"yoast_head":"<!-- This site is optimized with the Yoast SEO plugin v20.8 - https:\/\/yoast.com\/wordpress\/plugins\/seo\/ -->\n<title>LAURO DE FREITAS RECEBE A FEIRA ARTESANATO DA BAHIA - Bahia Economica<\/title>\n<meta name=\"description\" content=\"O maior portal de Economia da Bahia MUNIC\u00cdPIOS Bahia Economica\" \/>\n<meta name=\"robots\" content=\"index, follow, max-snippet:-1, max-image-preview:large, max-video-preview:-1\" \/>\n<link rel=\"canonical\" href=\"https:\/\/bahiaeconomica.com.br\/wp\/2023\/12\/14\/lauro-de-freitas-recebe-a-feira-artesanato-da-bahia\/\" \/>\n<meta property=\"og:locale\" content=\"pt_BR\" \/>\n<meta property=\"og:type\" content=\"article\" \/>\n<meta property=\"og:title\" content=\"LAURO DE FREITAS RECEBE A FEIRA ARTESANATO DA BAHIA - Bahia Economica\" \/>\n<meta property=\"og:description\" content=\"O maior portal de Economia da Bahia MUNIC\u00cdPIOS Bahia Economica\" \/>\n<meta property=\"og:url\" content=\"https:\/\/bahiaeconomica.com.br\/wp\/2023\/12\/14\/lauro-de-freitas-recebe-a-feira-artesanato-da-bahia\/\" \/>\n<meta property=\"og:site_name\" content=\"Bahia Economica\" \/>\n<meta property=\"article:publisher\" content=\"https:\/\/www.facebook.com\/bahiaeconomica\" \/>\n<meta property=\"article:published_time\" content=\"2023-12-14T19:17:48+00:00\" \/>\n<meta property=\"og:image\" content=\"https:\/\/bahiaeconomica.com.br\/wp\/wp-content\/uploads\/2023\/12\/DSC_8788-1024x684.jpg\" \/>\n\t<meta property=\"og:image:width\" content=\"1024\" \/>\n\t<meta property=\"og:image:height\" content=\"684\" \/>\n\t<meta property=\"og:image:type\" content=\"image\/jpeg\" \/>\n<meta name=\"author\" content=\"LUIZA NASCIMENTO\" \/>\n<meta name=\"twitter:card\" content=\"summary_large_image\" \/>\n<meta name=\"twitter:label1\" content=\"Escrito por\" \/>\n\t<meta name=\"twitter:data1\" content=\"LUIZA NASCIMENTO\" \/>\n\t<meta name=\"twitter:label2\" content=\"Est. tempo de leitura\" \/>\n\t<meta name=\"twitter:data2\" content=\"1 minuto\" \/>\n<script type=\"application\/ld+json\" class=\"yoast-schema-graph\">{\"@context\":\"https:\/\/schema.org\",\"@graph\":[{\"@type\":\"Article\",\"@id\":\"https:\/\/bahiaeconomica.com.br\/wp\/2023\/12\/14\/lauro-de-freitas-recebe-a-feira-artesanato-da-bahia\/#article\",\"isPartOf\":{\"@id\":\"https:\/\/bahiaeconomica.com.br\/wp\/2023\/12\/14\/lauro-de-freitas-recebe-a-feira-artesanato-da-bahia\/\"},\"author\":{\"name\":\"LUIZA NASCIMENTO\",\"@id\":\"https:\/\/bahiaeconomica.com.br\/wp\/#\/schema\/person\/18273ac0fe04bfd4e7b101bf17d40152\"},\"headline\":\"LAURO DE FREITAS RECEBE A FEIRA ARTESANATO DA BAHIA\",\"datePublished\":\"2023-12-14T19:17:48+00:00\",\"dateModified\":\"2023-12-14T19:17:48+00:00\",\"mainEntityOfPage\":{\"@id\":\"https:\/\/bahiaeconomica.com.br\/wp\/2023\/12\/14\/lauro-de-freitas-recebe-a-feira-artesanato-da-bahia\/\"},\"wordCount\":207,\"publisher\":{\"@id\":\"https:\/\/bahiaeconomica.com.br\/wp\/#organization\"},\"keywords\":[\"artesanato\",\"Feira de artesanato\",\"Lauro de Freitas\"],\"articleSection\":[\"MUNIC\u00cdPIOS\"],\"inLanguage\":\"pt-BR\"},{\"@type\":\"WebPage\",\"@id\":\"https:\/\/bahiaeconomica.com.br\/wp\/2023\/12\/14\/lauro-de-freitas-recebe-a-feira-artesanato-da-bahia\/\",\"url\":\"https:\/\/bahiaeconomica.com.br\/wp\/2023\/12\/14\/lauro-de-freitas-recebe-a-feira-artesanato-da-bahia\/\",\"name\":\"LAURO DE FREITAS RECEBE A FEIRA ARTESANATO DA BAHIA - Bahia Economica\",\"isPartOf\":{\"@id\":\"https:\/\/bahiaeconomica.com.br\/wp\/#website\"},\"datePublished\":\"2023-12-14T19:17:48+00:00\",\"dateModified\":\"2023-12-14T19:17:48+00:00\",\"description\":\"O maior portal de Economia da Bahia MUNIC\u00cdPIOS Bahia Economica\",\"breadcrumb\":{\"@id\":\"https:\/\/bahiaeconomica.com.br\/wp\/2023\/12\/14\/lauro-de-freitas-recebe-a-feira-artesanato-da-bahia\/#breadcrumb\"},\"inLanguage\":\"pt-BR\",\"potentialAction\":[{\"@type\":\"ReadAction\",\"target\":[\"https:\/\/bahiaeconomica.com.br\/wp\/2023\/12\/14\/lauro-de-freitas-recebe-a-feira-artesanato-da-bahia\/\"]}]},{\"@type\":\"BreadcrumbList\",\"@id\":\"https:\/\/bahiaeconomica.com.br\/wp\/2023\/12\/14\/lauro-de-freitas-recebe-a-feira-artesanato-da-bahia\/#breadcrumb\",\"itemListElement\":[{\"@type\":\"ListItem\",\"position\":1,\"name\":\"In\u00edcio\",\"item\":\"https:\/\/bahiaeconomica.com.br\/wp\/\"},{\"@type\":\"ListItem\",\"position\":2,\"name\":\"LAURO DE FREITAS RECEBE A FEIRA ARTESANATO DA BAHIA\"}]},{\"@type\":\"WebSite\",\"@id\":\"https:\/\/bahiaeconomica.com.br\/wp\/#website\",\"url\":\"https:\/\/bahiaeconomica.com.br\/wp\/\",\"name\":\"Bahia Economica\",\"description\":\"O maior portal de Economia da Bahia\",\"publisher\":{\"@id\":\"https:\/\/bahiaeconomica.com.br\/wp\/#organization\"},\"potentialAction\":[{\"@type\":\"SearchAction\",\"target\":{\"@type\":\"EntryPoint\",\"urlTemplate\":\"https:\/\/bahiaeconomica.com.br\/wp\/?s={search_term_string}\"},\"query-input\":\"required name=search_term_string\"}],\"inLanguage\":\"pt-BR\"},{\"@type\":\"Organization\",\"@id\":\"https:\/\/bahiaeconomica.com.br\/wp\/#organization\",\"name\":\"Bahia Econ\u00f4mica\",\"url\":\"https:\/\/bahiaeconomica.com.br\/wp\/\",\"logo\":{\"@type\":\"ImageObject\",\"inLanguage\":\"pt-BR\",\"@id\":\"https:\/\/bahiaeconomica.com.br\/wp\/#\/schema\/logo\/image\/\",\"url\":\"https:\/\/bahiaeconomica.com.br\/wp\/wp-content\/uploads\/2020\/12\/cropped-BE.png\",\"contentUrl\":\"https:\/\/bahiaeconomica.com.br\/wp\/wp-content\/uploads\/2020\/12\/cropped-BE.png\",\"width\":512,\"height\":512,\"caption\":\"Bahia Econ\u00f4mica\"},\"image\":{\"@id\":\"https:\/\/bahiaeconomica.com.br\/wp\/#\/schema\/logo\/image\/\"},\"sameAs\":[\"https:\/\/www.facebook.com\/bahiaeconomica\"]},{\"@type\":\"Person\",\"@id\":\"https:\/\/bahiaeconomica.com.br\/wp\/#\/schema\/person\/18273ac0fe04bfd4e7b101bf17d40152\",\"name\":\"LUIZA NASCIMENTO\",\"sameAs\":[\"http:\/\/www.bahiaeconomica.com.br\"],\"url\":\"https:\/\/bahiaeconomica.com.br\/wp\/author\/luiza-nascimento\/\"}]}<\/script>\n<!-- \/ Yoast SEO plugin. -->","yoast_head_json":{"title":"LAURO DE FREITAS RECEBE A FEIRA ARTESANATO DA BAHIA - Bahia Economica","description":"O maior portal de Economia da Bahia MUNIC\u00cdPIOS Bahia Economica","robots":{"index":"index","follow":"follow","max-snippet":"max-snippet:-1","max-image-preview":"max-image-preview:large","max-video-preview":"max-video-preview:-1"},"canonical":"https:\/\/bahiaeconomica.com.br\/wp\/2023\/12\/14\/lauro-de-freitas-recebe-a-feira-artesanato-da-bahia\/","og_locale":"pt_BR","og_type":"article","og_title":"LAURO DE FREITAS RECEBE A FEIRA ARTESANATO DA BAHIA - Bahia Economica","og_description":"O maior portal de Economia da Bahia MUNIC\u00cdPIOS Bahia Economica","og_url":"https:\/\/bahiaeconomica.com.br\/wp\/2023\/12\/14\/lauro-de-freitas-recebe-a-feira-artesanato-da-bahia\/","og_site_name":"Bahia Economica","article_publisher":"https:\/\/www.facebook.com\/bahiaeconomica","article_published_time":"2023-12-14T19:17:48+00:00","og_image":[{"width":1024,"height":684,"url":"https:\/\/bahiaeconomica.com.br\/wp\/wp-content\/uploads\/2023\/12\/DSC_8788-1024x684.jpg","type":"image\/jpeg"}],"author":"LUIZA NASCIMENTO","twitter_card":"summary_large_image","twitter_misc":{"Escrito por":"LUIZA NASCIMENTO","Est. tempo de leitura":"1 minuto"},"schema":{"@context":"https:\/\/schema.org","@graph":[{"@type":"Article","@id":"https:\/\/bahiaeconomica.com.br\/wp\/2023\/12\/14\/lauro-de-freitas-recebe-a-feira-artesanato-da-bahia\/#article","isPartOf":{"@id":"https:\/\/bahiaeconomica.com.br\/wp\/2023\/12\/14\/lauro-de-freitas-recebe-a-feira-artesanato-da-bahia\/"},"author":{"name":"LUIZA NASCIMENTO","@id":"https:\/\/bahiaeconomica.com.br\/wp\/#\/schema\/person\/18273ac0fe04bfd4e7b101bf17d40152"},"headline":"LAURO DE FREITAS RECEBE A FEIRA ARTESANATO DA BAHIA","datePublished":"2023-12-14T19:17:48+00:00","dateModified":"2023-12-14T19:17:48+00:00","mainEntityOfPage":{"@id":"https:\/\/bahiaeconomica.com.br\/wp\/2023\/12\/14\/lauro-de-freitas-recebe-a-feira-artesanato-da-bahia\/"},"wordCount":207,"publisher":{"@id":"https:\/\/bahiaeconomica.com.br\/wp\/#organization"},"keywords":["artesanato","Feira de artesanato","Lauro de Freitas"],"articleSection":["MUNIC\u00cdPIOS"],"inLanguage":"pt-BR"},{"@type":"WebPage","@id":"https:\/\/bahiaeconomica.com.br\/wp\/2023\/12\/14\/lauro-de-freitas-recebe-a-feira-artesanato-da-bahia\/","url":"https:\/\/bahiaeconomica.com.br\/wp\/2023\/12\/14\/lauro-de-freitas-recebe-a-feira-artesanato-da-bahia\/","name":"LAURO DE FREITAS RECEBE A FEIRA ARTESANATO DA BAHIA - Bahia Economica","isPartOf":{"@id":"https:\/\/bahiaeconomica.com.br\/wp\/#website"},"datePublished":"2023-12-14T19:17:48+00:00","dateModified":"2023-12-14T19:17:48+00:00","description":"O maior portal de Economia da Bahia MUNIC\u00cdPIOS Bahia Economica","breadcrumb":{"@id":"https:\/\/bahiaeconomica.com.br\/wp\/2023\/12\/14\/lauro-de-freitas-recebe-a-feira-artesanato-da-bahia\/#breadcrumb"},"inLanguage":"pt-BR","potentialAction":[{"@type":"ReadAction","target":["https:\/\/bahiaeconomica.com.br\/wp\/2023\/12\/14\/lauro-de-freitas-recebe-a-feira-artesanato-da-bahia\/"]}]},{"@type":"BreadcrumbList","@id":"https:\/\/bahiaeconomica.com.br\/wp\/2023\/12\/14\/lauro-de-freitas-recebe-a-feira-artesanato-da-bahia\/#breadcrumb","itemListElement":[{"@type":"ListItem","position":1,"name":"In\u00edcio","item":"https:\/\/bahiaeconomica.com.br\/wp\/"},{"@type":"ListItem","position":2,"name":"LAURO DE FREITAS RECEBE A FEIRA ARTESANATO DA BAHIA"}]},{"@type":"WebSite","@id":"https:\/\/bahiaeconomica.com.br\/wp\/#website","url":"https:\/\/bahiaeconomica.com.br\/wp\/","name":"Bahia Economica","description":"O maior portal de Economia da Bahia","publisher":{"@id":"https:\/\/bahiaeconomica.com.br\/wp\/#organization"},"potentialAction":[{"@type":"SearchAction","target":{"@type":"EntryPoint","urlTemplate":"https:\/\/bahiaeconomica.com.br\/wp\/?s={search_term_string}"},"query-input":"required name=search_term_string"}],"inLanguage":"pt-BR"},{"@type":"Organization","@id":"https:\/\/bahiaeconomica.com.br\/wp\/#organization","name":"Bahia Econ\u00f4mica","url":"https:\/\/bahiaeconomica.com.br\/wp\/","logo":{"@type":"ImageObject","inLanguage":"pt-BR","@id":"https:\/\/bahiaeconomica.com.br\/wp\/#\/schema\/logo\/image\/","url":"https:\/\/bahiaeconomica.com.br\/wp\/wp-content\/uploads\/2020\/12\/cropped-BE.png","contentUrl":"https:\/\/bahiaeconomica.com.br\/wp\/wp-content\/uploads\/2020\/12\/cropped-BE.png","width":512,"height":512,"caption":"Bahia Econ\u00f4mica"},"image":{"@id":"https:\/\/bahiaeconomica.com.br\/wp\/#\/schema\/logo\/image\/"},"sameAs":["https:\/\/www.facebook.com\/bahiaeconomica"]},{"@type":"Person","@id":"https:\/\/bahiaeconomica.com.br\/wp\/#\/schema\/person\/18273ac0fe04bfd4e7b101bf17d40152","name":"LUIZA NASCIMENTO","sameAs":["http:\/\/www.bahiaeconomica.com.br"],"url":"https:\/\/bahiaeconomica.com.br\/wp\/author\/luiza-nascimento\/"}]}},"views":93,"_links":{"self":[{"href":"https:\/\/bahiaeconomica.com.br\/wp\/wp-json\/wp\/v2\/posts\/784399"}],"collection":[{"href":"https:\/\/bahiaeconomica.com.br\/wp\/wp-json\/wp\/v2\/posts"}],"about":[{"href":"https:\/\/bahiaeconomica.com.br\/wp\/wp-json\/wp\/v2\/types\/post"}],"author":[{"embeddable":true,"href":"https:\/\/bahiaeconomica.com.br\/wp\/wp-json\/wp\/v2\/users\/16"}],"replies":[{"embeddable":true,"href":"https:\/\/bahiaeconomica.com.br\/wp\/wp-json\/wp\/v2\/comments?post=784399"}],"version-history":[{"count":1,"href":"https:\/\/bahiaeconomica.com.br\/wp\/wp-json\/wp\/v2\/posts\/784399\/revisions"}],"predecessor-version":[{"id":784403,"href":"https:\/\/bahiaeconomica.com.br\/wp\/wp-json\/wp\/v2\/posts\/784399\/revisions\/784403"}],"wp:featuredmedia":[{"embeddable":true,"href":"https:\/\/bahiaeconomica.com.br\/wp\/wp-json\/wp\/v2\/media\/784402"}],"wp:attachment":[{"href":"https:\/\/bahiaeconomica.com.br\/wp\/wp-json\/wp\/v2\/media?parent=784399"}],"wp:term":[{"taxonomy":"category","embeddable":true,"href":"https:\/\/bahiaeconomica.com.br\/wp\/wp-json\/wp\/v2\/categories?post=784399"},{"taxonomy":"post_tag","embeddable":true,"href":"https:\/\/bahiaeconomica.com.br\/wp\/wp-json\/wp\/v2\/tags?post=784399"}],"curies":[{"name":"wp","href":"https:\/\/api.w.org\/{rel}","templated":true}]}}