{"id":784129,"date":"2023-12-13T18:55:11","date_gmt":"2023-12-13T21:55:11","guid":{"rendered":"https:\/\/bahiaeconomica.com.br\/wp\/?p=784129"},"modified":"2023-12-13T18:55:11","modified_gmt":"2023-12-13T21:55:11","slug":"na-vespera-de-possivel-votacao-parlamentares-e-entidades-protestam-para-derrubar-veto-a-desoneracao-da-folha","status":"publish","type":"post","link":"https:\/\/bahiaeconomica.com.br\/wp\/2023\/12\/13\/na-vespera-de-possivel-votacao-parlamentares-e-entidades-protestam-para-derrubar-veto-a-desoneracao-da-folha\/","title":{"rendered":"NA V\u00c9SPERA DE POSS\u00cdVEL VOTA\u00c7\u00c3O, PARLAMENTARES E ENTIDADES PROTESTAM PARA DERRUBAR VETO \u00c0 DESONERA\u00c7\u00c3O DA FOLHA"},"content":{"rendered":"<p>Deputados, senadores e representantes dos 17 setores da economia que necessitam de m\u00e3o de obra defenderam nesta quarta-feira (13), na C\u00e2mara dos Deputados,\u00a0a derrubada integral do veto presidencial ao projeto que estende a isen\u00e7\u00e3o da folha de pagamento de empresas desses setores, at\u00e9 2027.<\/p>\n<p>Em novembro, o presidente Luiz In\u00e1cio Lula da Silva (PT)\u00a0revogou a proposta completamente. Em sua argumenta\u00e7\u00e3o, o petista sustentou que o texto era inconstitucional.<\/p>\n<p>O projeto permite que empresas de diversos setores substituam a contribui\u00e7\u00e3o previdenci\u00e1ria, que \u00e9 de 20% sobre os sal\u00e1rios dos funcion\u00e1rios, por uma al\u00edquota sobre a receita bruta do empreendimento, que varia de 1% a 4,5%, conforme o setor e servi\u00e7o prestado.<\/p>\n<p>A sess\u00e3o conjunta do Congresso Nacional, agendada para esta quinta-feira (14),\u00a0dever\u00e1 analisar v\u00e1rios vetos presidenciais a propostas aprovadas pela C\u00e2mara e pelo Senado.<\/p>\n<p>(G1)<\/p>\n<p>&nbsp;<\/p>\n<p>&nbsp;<\/p>\n<p>Foto: Kevin Lima<\/p>\n","protected":false},"excerpt":{"rendered":"<p>Deputados, senadores e representantes dos 17 setores da economia que necessitam de m\u00e3o de obra defenderam nesta quarta-feira (13), na C\u00e2mara dos Deputados,\u00a0a derrubada integral do veto presidencial ao projeto que estende a isen\u00e7\u00e3o da folha de pagamento de empresas desses setores, at\u00e9 2027. Em novembro, o presidente Luiz In\u00e1cio Lula da Silva (PT)\u00a0revogou a [&hellip;]<\/p>\n","protected":false},"author":19,"featured_media":784135,"comment_status":"closed","ping_status":"closed","sticky":false,"template":"","format":"standard","meta":[],"categories":[14601],"tags":[52,242,430,24136,100,142],"acf":[],"yoast_head":"<!-- This site is optimized with the Yoast SEO plugin v20.8 - https:\/\/yoast.com\/wordpress\/plugins\/seo\/ -->\n<title>NA V\u00c9SPERA DE POSS\u00cdVEL VOTA\u00c7\u00c3O, PARLAMENTARES E ENTIDADES PROTESTAM PARA DERRUBAR VETO \u00c0 DESONERA\u00c7\u00c3O DA FOLHA - Bahia Economica<\/title>\n<meta name=\"description\" content=\"O maior portal de Economia da Bahia Pol\u00edtica Bahia Economica Deputados, senadores e representantes dos 17 setores da economia\" \/>\n<meta name=\"robots\" content=\"index, follow, max-snippet:-1, max-image-preview:large, max-video-preview:-1\" \/>\n<link rel=\"canonical\" href=\"https:\/\/bahiaeconomica.com.br\/wp\/2023\/12\/13\/na-vespera-de-possivel-votacao-parlamentares-e-entidades-protestam-para-derrubar-veto-a-desoneracao-da-folha\/\" \/>\n<meta property=\"og:locale\" content=\"pt_BR\" \/>\n<meta property=\"og:type\" content=\"article\" \/>\n<meta property=\"og:title\" content=\"NA V\u00c9SPERA DE POSS\u00cdVEL VOTA\u00c7\u00c3O, PARLAMENTARES E ENTIDADES PROTESTAM PARA DERRUBAR VETO \u00c0 DESONERA\u00c7\u00c3O DA FOLHA - Bahia Economica\" \/>\n<meta property=\"og:description\" content=\"O maior portal de Economia da Bahia Pol\u00edtica Bahia Economica Deputados, senadores e representantes dos 17 setores da economia\" \/>\n<meta property=\"og:url\" content=\"https:\/\/bahiaeconomica.com.br\/wp\/2023\/12\/13\/na-vespera-de-possivel-votacao-parlamentares-e-entidades-protestam-para-derrubar-veto-a-desoneracao-da-folha\/\" \/>\n<meta property=\"og:site_name\" content=\"Bahia Economica\" \/>\n<meta property=\"article:publisher\" content=\"https:\/\/www.facebook.com\/bahiaeconomica\" \/>\n<meta property=\"article:published_time\" content=\"2023-12-13T21:55:11+00:00\" \/>\n<meta property=\"og:image\" content=\"https:\/\/bahiaeconomica.com.br\/wp\/wp-content\/uploads\/2023\/12\/Parlamentares.jpg\" \/>\n\t<meta property=\"og:image:width\" content=\"984\" \/>\n\t<meta property=\"og:image:height\" content=\"738\" \/>\n\t<meta property=\"og:image:type\" content=\"image\/jpeg\" \/>\n<meta name=\"author\" content=\"LIZANDRA MUNIZ\" \/>\n<meta name=\"twitter:card\" content=\"summary_large_image\" \/>\n<meta name=\"twitter:label1\" content=\"Escrito por\" \/>\n\t<meta name=\"twitter:data1\" content=\"LIZANDRA MUNIZ\" \/>\n\t<meta name=\"twitter:label2\" content=\"Est. tempo de leitura\" \/>\n\t<meta name=\"twitter:data2\" content=\"1 minuto\" \/>\n<script type=\"application\/ld+json\" class=\"yoast-schema-graph\">{\"@context\":\"https:\/\/schema.org\",\"@graph\":[{\"@type\":\"Article\",\"@id\":\"https:\/\/bahiaeconomica.com.br\/wp\/2023\/12\/13\/na-vespera-de-possivel-votacao-parlamentares-e-entidades-protestam-para-derrubar-veto-a-desoneracao-da-folha\/#article\",\"isPartOf\":{\"@id\":\"https:\/\/bahiaeconomica.com.br\/wp\/2023\/12\/13\/na-vespera-de-possivel-votacao-parlamentares-e-entidades-protestam-para-derrubar-veto-a-desoneracao-da-folha\/\"},\"author\":{\"name\":\"LIZANDRA MUNIZ\",\"@id\":\"https:\/\/bahiaeconomica.com.br\/wp\/#\/schema\/person\/0868b18bbfdd29723e44135140f35148\"},\"headline\":\"NA V\u00c9SPERA DE POSS\u00cdVEL VOTA\u00c7\u00c3O, PARLAMENTARES E ENTIDADES PROTESTAM PARA DERRUBAR VETO \u00c0 DESONERA\u00c7\u00c3O DA FOLHA\",\"datePublished\":\"2023-12-13T21:55:11+00:00\",\"dateModified\":\"2023-12-13T21:55:11+00:00\",\"mainEntityOfPage\":{\"@id\":\"https:\/\/bahiaeconomica.com.br\/wp\/2023\/12\/13\/na-vespera-de-possivel-votacao-parlamentares-e-entidades-protestam-para-derrubar-veto-a-desoneracao-da-folha\/\"},\"wordCount\":167,\"publisher\":{\"@id\":\"https:\/\/bahiaeconomica.com.br\/wp\/#organization\"},\"keywords\":[\"Brasil\",\"C\u00e2mara dos Deputados\",\"Congresso Nacional\",\"isen\u00e7\u00e3o da folha\",\"Pol\u00edtica\",\"PT\"],\"articleSection\":[\"Pol\u00edtica\"],\"inLanguage\":\"pt-BR\"},{\"@type\":\"WebPage\",\"@id\":\"https:\/\/bahiaeconomica.com.br\/wp\/2023\/12\/13\/na-vespera-de-possivel-votacao-parlamentares-e-entidades-protestam-para-derrubar-veto-a-desoneracao-da-folha\/\",\"url\":\"https:\/\/bahiaeconomica.com.br\/wp\/2023\/12\/13\/na-vespera-de-possivel-votacao-parlamentares-e-entidades-protestam-para-derrubar-veto-a-desoneracao-da-folha\/\",\"name\":\"NA V\u00c9SPERA DE POSS\u00cdVEL VOTA\u00c7\u00c3O, PARLAMENTARES E ENTIDADES PROTESTAM PARA DERRUBAR VETO \u00c0 DESONERA\u00c7\u00c3O DA FOLHA - Bahia Economica\",\"isPartOf\":{\"@id\":\"https:\/\/bahiaeconomica.com.br\/wp\/#website\"},\"datePublished\":\"2023-12-13T21:55:11+00:00\",\"dateModified\":\"2023-12-13T21:55:11+00:00\",\"description\":\"O maior portal de Economia da Bahia Pol\u00edtica Bahia Economica Deputados, senadores e representantes dos 17 setores da economia\",\"breadcrumb\":{\"@id\":\"https:\/\/bahiaeconomica.com.br\/wp\/2023\/12\/13\/na-vespera-de-possivel-votacao-parlamentares-e-entidades-protestam-para-derrubar-veto-a-desoneracao-da-folha\/#breadcrumb\"},\"inLanguage\":\"pt-BR\",\"potentialAction\":[{\"@type\":\"ReadAction\",\"target\":[\"https:\/\/bahiaeconomica.com.br\/wp\/2023\/12\/13\/na-vespera-de-possivel-votacao-parlamentares-e-entidades-protestam-para-derrubar-veto-a-desoneracao-da-folha\/\"]}]},{\"@type\":\"BreadcrumbList\",\"@id\":\"https:\/\/bahiaeconomica.com.br\/wp\/2023\/12\/13\/na-vespera-de-possivel-votacao-parlamentares-e-entidades-protestam-para-derrubar-veto-a-desoneracao-da-folha\/#breadcrumb\",\"itemListElement\":[{\"@type\":\"ListItem\",\"position\":1,\"name\":\"In\u00edcio\",\"item\":\"https:\/\/bahiaeconomica.com.br\/wp\/\"},{\"@type\":\"ListItem\",\"position\":2,\"name\":\"NA V\u00c9SPERA DE POSS\u00cdVEL VOTA\u00c7\u00c3O, PARLAMENTARES E ENTIDADES PROTESTAM PARA DERRUBAR VETO \u00c0 DESONERA\u00c7\u00c3O DA FOLHA\"}]},{\"@type\":\"WebSite\",\"@id\":\"https:\/\/bahiaeconomica.com.br\/wp\/#website\",\"url\":\"https:\/\/bahiaeconomica.com.br\/wp\/\",\"name\":\"Bahia Economica\",\"description\":\"O maior portal de Economia da Bahia\",\"publisher\":{\"@id\":\"https:\/\/bahiaeconomica.com.br\/wp\/#organization\"},\"potentialAction\":[{\"@type\":\"SearchAction\",\"target\":{\"@type\":\"EntryPoint\",\"urlTemplate\":\"https:\/\/bahiaeconomica.com.br\/wp\/?s={search_term_string}\"},\"query-input\":\"required name=search_term_string\"}],\"inLanguage\":\"pt-BR\"},{\"@type\":\"Organization\",\"@id\":\"https:\/\/bahiaeconomica.com.br\/wp\/#organization\",\"name\":\"Bahia Econ\u00f4mica\",\"url\":\"https:\/\/bahiaeconomica.com.br\/wp\/\",\"logo\":{\"@type\":\"ImageObject\",\"inLanguage\":\"pt-BR\",\"@id\":\"https:\/\/bahiaeconomica.com.br\/wp\/#\/schema\/logo\/image\/\",\"url\":\"https:\/\/bahiaeconomica.com.br\/wp\/wp-content\/uploads\/2020\/12\/cropped-BE.png\",\"contentUrl\":\"https:\/\/bahiaeconomica.com.br\/wp\/wp-content\/uploads\/2020\/12\/cropped-BE.png\",\"width\":512,\"height\":512,\"caption\":\"Bahia Econ\u00f4mica\"},\"image\":{\"@id\":\"https:\/\/bahiaeconomica.com.br\/wp\/#\/schema\/logo\/image\/\"},\"sameAs\":[\"https:\/\/www.facebook.com\/bahiaeconomica\"]},{\"@type\":\"Person\",\"@id\":\"https:\/\/bahiaeconomica.com.br\/wp\/#\/schema\/person\/0868b18bbfdd29723e44135140f35148\",\"name\":\"LIZANDRA MUNIZ\",\"sameAs\":[\"http:\/\/www.bahiaeconomica.com.br\"],\"url\":\"https:\/\/bahiaeconomica.com.br\/wp\/author\/lizandra-muniz\/\"}]}<\/script>\n<!-- \/ Yoast SEO plugin. -->","yoast_head_json":{"title":"NA V\u00c9SPERA DE POSS\u00cdVEL VOTA\u00c7\u00c3O, PARLAMENTARES E ENTIDADES PROTESTAM PARA DERRUBAR VETO \u00c0 DESONERA\u00c7\u00c3O DA FOLHA - Bahia Economica","description":"O maior portal de Economia da Bahia Pol\u00edtica Bahia Economica Deputados, senadores e representantes dos 17 setores da economia","robots":{"index":"index","follow":"follow","max-snippet":"max-snippet:-1","max-image-preview":"max-image-preview:large","max-video-preview":"max-video-preview:-1"},"canonical":"https:\/\/bahiaeconomica.com.br\/wp\/2023\/12\/13\/na-vespera-de-possivel-votacao-parlamentares-e-entidades-protestam-para-derrubar-veto-a-desoneracao-da-folha\/","og_locale":"pt_BR","og_type":"article","og_title":"NA V\u00c9SPERA DE POSS\u00cdVEL VOTA\u00c7\u00c3O, PARLAMENTARES E ENTIDADES PROTESTAM PARA DERRUBAR VETO \u00c0 DESONERA\u00c7\u00c3O DA FOLHA - Bahia Economica","og_description":"O maior portal de Economia da Bahia Pol\u00edtica Bahia Economica Deputados, senadores e representantes dos 17 setores da economia","og_url":"https:\/\/bahiaeconomica.com.br\/wp\/2023\/12\/13\/na-vespera-de-possivel-votacao-parlamentares-e-entidades-protestam-para-derrubar-veto-a-desoneracao-da-folha\/","og_site_name":"Bahia Economica","article_publisher":"https:\/\/www.facebook.com\/bahiaeconomica","article_published_time":"2023-12-13T21:55:11+00:00","og_image":[{"width":984,"height":738,"url":"https:\/\/bahiaeconomica.com.br\/wp\/wp-content\/uploads\/2023\/12\/Parlamentares.jpg","type":"image\/jpeg"}],"author":"LIZANDRA MUNIZ","twitter_card":"summary_large_image","twitter_misc":{"Escrito por":"LIZANDRA MUNIZ","Est. tempo de leitura":"1 minuto"},"schema":{"@context":"https:\/\/schema.org","@graph":[{"@type":"Article","@id":"https:\/\/bahiaeconomica.com.br\/wp\/2023\/12\/13\/na-vespera-de-possivel-votacao-parlamentares-e-entidades-protestam-para-derrubar-veto-a-desoneracao-da-folha\/#article","isPartOf":{"@id":"https:\/\/bahiaeconomica.com.br\/wp\/2023\/12\/13\/na-vespera-de-possivel-votacao-parlamentares-e-entidades-protestam-para-derrubar-veto-a-desoneracao-da-folha\/"},"author":{"name":"LIZANDRA MUNIZ","@id":"https:\/\/bahiaeconomica.com.br\/wp\/#\/schema\/person\/0868b18bbfdd29723e44135140f35148"},"headline":"NA V\u00c9SPERA DE POSS\u00cdVEL VOTA\u00c7\u00c3O, PARLAMENTARES E ENTIDADES PROTESTAM PARA DERRUBAR VETO \u00c0 DESONERA\u00c7\u00c3O DA FOLHA","datePublished":"2023-12-13T21:55:11+00:00","dateModified":"2023-12-13T21:55:11+00:00","mainEntityOfPage":{"@id":"https:\/\/bahiaeconomica.com.br\/wp\/2023\/12\/13\/na-vespera-de-possivel-votacao-parlamentares-e-entidades-protestam-para-derrubar-veto-a-desoneracao-da-folha\/"},"wordCount":167,"publisher":{"@id":"https:\/\/bahiaeconomica.com.br\/wp\/#organization"},"keywords":["Brasil","C\u00e2mara dos Deputados","Congresso Nacional","isen\u00e7\u00e3o da folha","Pol\u00edtica","PT"],"articleSection":["Pol\u00edtica"],"inLanguage":"pt-BR"},{"@type":"WebPage","@id":"https:\/\/bahiaeconomica.com.br\/wp\/2023\/12\/13\/na-vespera-de-possivel-votacao-parlamentares-e-entidades-protestam-para-derrubar-veto-a-desoneracao-da-folha\/","url":"https:\/\/bahiaeconomica.com.br\/wp\/2023\/12\/13\/na-vespera-de-possivel-votacao-parlamentares-e-entidades-protestam-para-derrubar-veto-a-desoneracao-da-folha\/","name":"NA V\u00c9SPERA DE POSS\u00cdVEL VOTA\u00c7\u00c3O, PARLAMENTARES E ENTIDADES PROTESTAM PARA DERRUBAR VETO \u00c0 DESONERA\u00c7\u00c3O DA FOLHA - Bahia Economica","isPartOf":{"@id":"https:\/\/bahiaeconomica.com.br\/wp\/#website"},"datePublished":"2023-12-13T21:55:11+00:00","dateModified":"2023-12-13T21:55:11+00:00","description":"O maior portal de Economia da Bahia Pol\u00edtica Bahia Economica Deputados, senadores e representantes dos 17 setores da economia","breadcrumb":{"@id":"https:\/\/bahiaeconomica.com.br\/wp\/2023\/12\/13\/na-vespera-de-possivel-votacao-parlamentares-e-entidades-protestam-para-derrubar-veto-a-desoneracao-da-folha\/#breadcrumb"},"inLanguage":"pt-BR","potentialAction":[{"@type":"ReadAction","target":["https:\/\/bahiaeconomica.com.br\/wp\/2023\/12\/13\/na-vespera-de-possivel-votacao-parlamentares-e-entidades-protestam-para-derrubar-veto-a-desoneracao-da-folha\/"]}]},{"@type":"BreadcrumbList","@id":"https:\/\/bahiaeconomica.com.br\/wp\/2023\/12\/13\/na-vespera-de-possivel-votacao-parlamentares-e-entidades-protestam-para-derrubar-veto-a-desoneracao-da-folha\/#breadcrumb","itemListElement":[{"@type":"ListItem","position":1,"name":"In\u00edcio","item":"https:\/\/bahiaeconomica.com.br\/wp\/"},{"@type":"ListItem","position":2,"name":"NA V\u00c9SPERA DE POSS\u00cdVEL VOTA\u00c7\u00c3O, PARLAMENTARES E ENTIDADES PROTESTAM PARA DERRUBAR VETO \u00c0 DESONERA\u00c7\u00c3O DA FOLHA"}]},{"@type":"WebSite","@id":"https:\/\/bahiaeconomica.com.br\/wp\/#website","url":"https:\/\/bahiaeconomica.com.br\/wp\/","name":"Bahia Economica","description":"O maior portal de Economia da Bahia","publisher":{"@id":"https:\/\/bahiaeconomica.com.br\/wp\/#organization"},"potentialAction":[{"@type":"SearchAction","target":{"@type":"EntryPoint","urlTemplate":"https:\/\/bahiaeconomica.com.br\/wp\/?s={search_term_string}"},"query-input":"required name=search_term_string"}],"inLanguage":"pt-BR"},{"@type":"Organization","@id":"https:\/\/bahiaeconomica.com.br\/wp\/#organization","name":"Bahia Econ\u00f4mica","url":"https:\/\/bahiaeconomica.com.br\/wp\/","logo":{"@type":"ImageObject","inLanguage":"pt-BR","@id":"https:\/\/bahiaeconomica.com.br\/wp\/#\/schema\/logo\/image\/","url":"https:\/\/bahiaeconomica.com.br\/wp\/wp-content\/uploads\/2020\/12\/cropped-BE.png","contentUrl":"https:\/\/bahiaeconomica.com.br\/wp\/wp-content\/uploads\/2020\/12\/cropped-BE.png","width":512,"height":512,"caption":"Bahia Econ\u00f4mica"},"image":{"@id":"https:\/\/bahiaeconomica.com.br\/wp\/#\/schema\/logo\/image\/"},"sameAs":["https:\/\/www.facebook.com\/bahiaeconomica"]},{"@type":"Person","@id":"https:\/\/bahiaeconomica.com.br\/wp\/#\/schema\/person\/0868b18bbfdd29723e44135140f35148","name":"LIZANDRA MUNIZ","sameAs":["http:\/\/www.bahiaeconomica.com.br"],"url":"https:\/\/bahiaeconomica.com.br\/wp\/author\/lizandra-muniz\/"}]}},"views":7,"_links":{"self":[{"href":"https:\/\/bahiaeconomica.com.br\/wp\/wp-json\/wp\/v2\/posts\/784129"}],"collection":[{"href":"https:\/\/bahiaeconomica.com.br\/wp\/wp-json\/wp\/v2\/posts"}],"about":[{"href":"https:\/\/bahiaeconomica.com.br\/wp\/wp-json\/wp\/v2\/types\/post"}],"author":[{"embeddable":true,"href":"https:\/\/bahiaeconomica.com.br\/wp\/wp-json\/wp\/v2\/users\/19"}],"replies":[{"embeddable":true,"href":"https:\/\/bahiaeconomica.com.br\/wp\/wp-json\/wp\/v2\/comments?post=784129"}],"version-history":[{"count":1,"href":"https:\/\/bahiaeconomica.com.br\/wp\/wp-json\/wp\/v2\/posts\/784129\/revisions"}],"predecessor-version":[{"id":784136,"href":"https:\/\/bahiaeconomica.com.br\/wp\/wp-json\/wp\/v2\/posts\/784129\/revisions\/784136"}],"wp:featuredmedia":[{"embeddable":true,"href":"https:\/\/bahiaeconomica.com.br\/wp\/wp-json\/wp\/v2\/media\/784135"}],"wp:attachment":[{"href":"https:\/\/bahiaeconomica.com.br\/wp\/wp-json\/wp\/v2\/media?parent=784129"}],"wp:term":[{"taxonomy":"category","embeddable":true,"href":"https:\/\/bahiaeconomica.com.br\/wp\/wp-json\/wp\/v2\/categories?post=784129"},{"taxonomy":"post_tag","embeddable":true,"href":"https:\/\/bahiaeconomica.com.br\/wp\/wp-json\/wp\/v2\/tags?post=784129"}],"curies":[{"name":"wp","href":"https:\/\/api.w.org\/{rel}","templated":true}]}}