{"id":784008,"date":"2023-12-13T13:55:43","date_gmt":"2023-12-13T16:55:43","guid":{"rendered":"https:\/\/bahiaeconomica.com.br\/wp\/?p=784008"},"modified":"2023-12-13T13:52:19","modified_gmt":"2023-12-13T16:52:19","slug":"stj-nega-recurso-da-cbf-para-manter-ednaldo-rodrigues-na-presidencia","status":"publish","type":"post","link":"https:\/\/bahiaeconomica.com.br\/wp\/2023\/12\/13\/stj-nega-recurso-da-cbf-para-manter-ednaldo-rodrigues-na-presidencia\/","title":{"rendered":"STJ NEGA RECURSO DA CBF PARA MANTER EDNALDO RODRIGUES NA PRESID\u00caNCIA"},"content":{"rendered":"<p>A ministra Maria Thereza de Assis Moura, presidente do Superior Tribunal de Justi\u00e7a (STJ), negou hoje (13) um recurso por meio do qual a Confedera\u00e7\u00e3o Brasileira de Futebol (CBF) buscava reverter o afastamento de presidente da entidade, Ednaldo Rodrigues. As informa\u00e7\u00f5e s\u00e3o da Ag\u00eancia Brasil.<\/p>\n<p>A apela\u00e7\u00e3o foi rejeitada por motivos processuais e n\u00e3o teve o m\u00e9rito analisado. Assis Moura destacou que a CBF \u00e9 uma entidade privada, motivo pelo qual n\u00e3o estaria apta a pedir a suspens\u00e3o de senten\u00e7as judiciais.<\/p>\n<p>A ministra destacou que o direito de requerer uma suspens\u00e3o de liminar ou senten\u00e7a (SLS) \u00e9 exclusiva para casos em que o poder p\u00fablico figura como parte. Ela frisou ainda que a CBF recorreu ao STJ por meio de um pedido de SLS paralelamente a outro recurso, ainda n\u00e3o julgado, impetrado pelo pr\u00f3prio Ednaldo Rodrigues e relatado pelo ministro Ricardo Villas B\u00f4as Cueva.<\/p>\n<p>H\u00e1 de se aguardar as vias recursais regulares, n\u00e3o cabendo SLS no caso, ressaltou a presidente do STJ. &#8220;Como \u00e9 cedi\u00e7o, n\u00e3o \u00e9 vi\u00e1vel o emprego deste instituto como suced\u00e2neo recursal apto a propiciar o exame do acerto ou do desacerto da decis\u00e3o impugnada\u201d, escreveu a ministra.<\/p>\n<p><strong>Entenda<br \/>\n<\/strong><br \/>\nRodrigues foi afastado da presid\u00eancia da CBF na semana passada, por decis\u00e3o do Tribunal de Justi\u00e7a do Rio de Janeiro (TJRJ), que determinou a realiza\u00e7\u00e3o em 30 dias de novas elei\u00e7\u00f5es para a dire\u00e7\u00e3o da entidade.<\/p>\n<p>O afastamento ocorreu depois que a Justi\u00e7a fluminense arquivou uma a\u00e7\u00e3o civil p\u00fablica aberta em 2017, na qual o Minist\u00e9rio P\u00fablico do Rio de Janeiro (MPRJ) havia conseguido anular as elei\u00e7\u00f5es daquele ano, abrindo caminho para Rodrigues conseguir se eleger presidente da CBF.<\/p>\n<p>Agora, o TJRJ reconheceu que o MPRJ n\u00e3o poderia ter atuado no caso, o que anula a elei\u00e7\u00e3o extraordin\u00e1ria que elegeu Rodrigues.<\/p>\n<p>Ao STJ, os advogados da CBF alegaram que a interfer\u00eancia judicial nos cargos de dire\u00e7\u00e3o da entidade coloca em risco o interesse p\u00fablico, por amea\u00e7ar a explora\u00e7\u00e3o econ\u00f4mica e a gest\u00e3o do futebol no Brasil.<\/p>\n<p>Segundo a CBF, o caso pode levar a Federa\u00e7\u00e3o Internacional de Futebol (Fifa) a suspender a entidade brasileira, o que tiraria o Brasil da pr\u00f3xima Copa do Mundo. Isso porque a Fifa, por seu regimento interno, n\u00e3o permite a atua\u00e7\u00e3o regular de entidades nacionais que n\u00e3o demonstrem ter autonomia administrativa.<\/p>\n","protected":false},"excerpt":{"rendered":"<p>A ministra Maria Thereza de Assis Moura, presidente do Superior Tribunal de Justi\u00e7a (STJ), negou hoje (13) um recurso por meio do qual a Confedera\u00e7\u00e3o Brasileira de Futebol (CBF) buscava reverter o afastamento de presidente da entidade, Ednaldo Rodrigues. As informa\u00e7\u00f5e s\u00e3o da Ag\u00eancia Brasil. A apela\u00e7\u00e3o foi rejeitada por motivos processuais e n\u00e3o teve [&hellip;]<\/p>\n","protected":false},"author":15,"featured_media":784010,"comment_status":"closed","ping_status":"closed","sticky":false,"template":"","format":"standard","meta":[],"categories":[4486],"tags":[2121,8127,276],"acf":[],"yoast_head":"<!-- This site is optimized with the Yoast SEO plugin v20.8 - https:\/\/yoast.com\/wordpress\/plugins\/seo\/ -->\n<title>STJ NEGA RECURSO DA CBF PARA MANTER EDNALDO RODRIGUES NA PRESID\u00caNCIA - Bahia Economica<\/title>\n<meta name=\"description\" content=\"O maior portal de Economia da Bahia Esporte Bahia Economica A ministra Maria Thereza de Assis Moura, presidente do\" \/>\n<meta name=\"robots\" content=\"index, follow, max-snippet:-1, max-image-preview:large, max-video-preview:-1\" \/>\n<link rel=\"canonical\" href=\"https:\/\/bahiaeconomica.com.br\/wp\/2023\/12\/13\/stj-nega-recurso-da-cbf-para-manter-ednaldo-rodrigues-na-presidencia\/\" \/>\n<meta property=\"og:locale\" content=\"pt_BR\" \/>\n<meta property=\"og:type\" content=\"article\" \/>\n<meta property=\"og:title\" content=\"STJ NEGA RECURSO DA CBF PARA MANTER EDNALDO RODRIGUES NA PRESID\u00caNCIA - Bahia Economica\" \/>\n<meta property=\"og:description\" content=\"O maior portal de Economia da Bahia Esporte Bahia Economica A ministra Maria Thereza de Assis Moura, presidente do\" \/>\n<meta property=\"og:url\" content=\"https:\/\/bahiaeconomica.com.br\/wp\/2023\/12\/13\/stj-nega-recurso-da-cbf-para-manter-ednaldo-rodrigues-na-presidencia\/\" \/>\n<meta property=\"og:site_name\" content=\"Bahia Economica\" \/>\n<meta property=\"article:publisher\" content=\"https:\/\/www.facebook.com\/bahiaeconomica\" \/>\n<meta property=\"article:published_time\" content=\"2023-12-13T16:55:43+00:00\" \/>\n<meta property=\"article:modified_time\" content=\"2023-12-13T16:52:19+00:00\" \/>\n<meta property=\"og:image\" content=\"https:\/\/bahiaeconomica.com.br\/wp\/wp-content\/uploads\/2023\/12\/ja_0661.webp\" \/>\n\t<meta property=\"og:image:width\" content=\"1170\" \/>\n\t<meta property=\"og:image:height\" content=\"700\" \/>\n\t<meta property=\"og:image:type\" content=\"image\/webp\" \/>\n<meta name=\"author\" content=\"VICTORIA ISABEL\" \/>\n<meta name=\"twitter:card\" content=\"summary_large_image\" \/>\n<meta name=\"twitter:label1\" content=\"Escrito por\" \/>\n\t<meta name=\"twitter:data1\" content=\"VICTORIA ISABEL\" \/>\n\t<meta name=\"twitter:label2\" content=\"Est. tempo de leitura\" \/>\n\t<meta name=\"twitter:data2\" content=\"3 minutos\" \/>\n<script type=\"application\/ld+json\" class=\"yoast-schema-graph\">{\"@context\":\"https:\/\/schema.org\",\"@graph\":[{\"@type\":\"Article\",\"@id\":\"https:\/\/bahiaeconomica.com.br\/wp\/2023\/12\/13\/stj-nega-recurso-da-cbf-para-manter-ednaldo-rodrigues-na-presidencia\/#article\",\"isPartOf\":{\"@id\":\"https:\/\/bahiaeconomica.com.br\/wp\/2023\/12\/13\/stj-nega-recurso-da-cbf-para-manter-ednaldo-rodrigues-na-presidencia\/\"},\"author\":{\"name\":\"VICTORIA ISABEL\",\"@id\":\"https:\/\/bahiaeconomica.com.br\/wp\/#\/schema\/person\/b719ce0fb1c09f3c7a00d9243ced4a6f\"},\"headline\":\"STJ NEGA RECURSO DA CBF PARA MANTER EDNALDO RODRIGUES NA PRESID\u00caNCIA\",\"datePublished\":\"2023-12-13T16:55:43+00:00\",\"dateModified\":\"2023-12-13T16:52:19+00:00\",\"mainEntityOfPage\":{\"@id\":\"https:\/\/bahiaeconomica.com.br\/wp\/2023\/12\/13\/stj-nega-recurso-da-cbf-para-manter-ednaldo-rodrigues-na-presidencia\/\"},\"wordCount\":433,\"publisher\":{\"@id\":\"https:\/\/bahiaeconomica.com.br\/wp\/#organization\"},\"keywords\":[\"cbf\",\"Ednaldo Rodrigues\",\"STJ\"],\"articleSection\":[\"Esporte\"],\"inLanguage\":\"pt-BR\"},{\"@type\":\"WebPage\",\"@id\":\"https:\/\/bahiaeconomica.com.br\/wp\/2023\/12\/13\/stj-nega-recurso-da-cbf-para-manter-ednaldo-rodrigues-na-presidencia\/\",\"url\":\"https:\/\/bahiaeconomica.com.br\/wp\/2023\/12\/13\/stj-nega-recurso-da-cbf-para-manter-ednaldo-rodrigues-na-presidencia\/\",\"name\":\"STJ NEGA RECURSO DA CBF PARA MANTER EDNALDO RODRIGUES NA PRESID\u00caNCIA - Bahia Economica\",\"isPartOf\":{\"@id\":\"https:\/\/bahiaeconomica.com.br\/wp\/#website\"},\"datePublished\":\"2023-12-13T16:55:43+00:00\",\"dateModified\":\"2023-12-13T16:52:19+00:00\",\"description\":\"O maior portal de Economia da Bahia Esporte Bahia Economica A ministra Maria Thereza de Assis Moura, presidente do\",\"breadcrumb\":{\"@id\":\"https:\/\/bahiaeconomica.com.br\/wp\/2023\/12\/13\/stj-nega-recurso-da-cbf-para-manter-ednaldo-rodrigues-na-presidencia\/#breadcrumb\"},\"inLanguage\":\"pt-BR\",\"potentialAction\":[{\"@type\":\"ReadAction\",\"target\":[\"https:\/\/bahiaeconomica.com.br\/wp\/2023\/12\/13\/stj-nega-recurso-da-cbf-para-manter-ednaldo-rodrigues-na-presidencia\/\"]}]},{\"@type\":\"BreadcrumbList\",\"@id\":\"https:\/\/bahiaeconomica.com.br\/wp\/2023\/12\/13\/stj-nega-recurso-da-cbf-para-manter-ednaldo-rodrigues-na-presidencia\/#breadcrumb\",\"itemListElement\":[{\"@type\":\"ListItem\",\"position\":1,\"name\":\"In\u00edcio\",\"item\":\"https:\/\/bahiaeconomica.com.br\/wp\/\"},{\"@type\":\"ListItem\",\"position\":2,\"name\":\"STJ NEGA RECURSO DA CBF PARA MANTER EDNALDO RODRIGUES NA PRESID\u00caNCIA\"}]},{\"@type\":\"WebSite\",\"@id\":\"https:\/\/bahiaeconomica.com.br\/wp\/#website\",\"url\":\"https:\/\/bahiaeconomica.com.br\/wp\/\",\"name\":\"Bahia Economica\",\"description\":\"O maior portal de Economia da Bahia\",\"publisher\":{\"@id\":\"https:\/\/bahiaeconomica.com.br\/wp\/#organization\"},\"potentialAction\":[{\"@type\":\"SearchAction\",\"target\":{\"@type\":\"EntryPoint\",\"urlTemplate\":\"https:\/\/bahiaeconomica.com.br\/wp\/?s={search_term_string}\"},\"query-input\":\"required name=search_term_string\"}],\"inLanguage\":\"pt-BR\"},{\"@type\":\"Organization\",\"@id\":\"https:\/\/bahiaeconomica.com.br\/wp\/#organization\",\"name\":\"Bahia Econ\u00f4mica\",\"url\":\"https:\/\/bahiaeconomica.com.br\/wp\/\",\"logo\":{\"@type\":\"ImageObject\",\"inLanguage\":\"pt-BR\",\"@id\":\"https:\/\/bahiaeconomica.com.br\/wp\/#\/schema\/logo\/image\/\",\"url\":\"https:\/\/bahiaeconomica.com.br\/wp\/wp-content\/uploads\/2020\/12\/cropped-BE.png\",\"contentUrl\":\"https:\/\/bahiaeconomica.com.br\/wp\/wp-content\/uploads\/2020\/12\/cropped-BE.png\",\"width\":512,\"height\":512,\"caption\":\"Bahia Econ\u00f4mica\"},\"image\":{\"@id\":\"https:\/\/bahiaeconomica.com.br\/wp\/#\/schema\/logo\/image\/\"},\"sameAs\":[\"https:\/\/www.facebook.com\/bahiaeconomica\"]},{\"@type\":\"Person\",\"@id\":\"https:\/\/bahiaeconomica.com.br\/wp\/#\/schema\/person\/b719ce0fb1c09f3c7a00d9243ced4a6f\",\"name\":\"VICTORIA ISABEL\",\"sameAs\":[\"http:\/\/www.bahiaeconomica.com.br\"],\"url\":\"https:\/\/bahiaeconomica.com.br\/wp\/author\/victoria-isabel\/\"}]}<\/script>\n<!-- \/ Yoast SEO plugin. -->","yoast_head_json":{"title":"STJ NEGA RECURSO DA CBF PARA MANTER EDNALDO RODRIGUES NA PRESID\u00caNCIA - Bahia Economica","description":"O maior portal de Economia da Bahia Esporte Bahia Economica A ministra Maria Thereza de Assis Moura, presidente do","robots":{"index":"index","follow":"follow","max-snippet":"max-snippet:-1","max-image-preview":"max-image-preview:large","max-video-preview":"max-video-preview:-1"},"canonical":"https:\/\/bahiaeconomica.com.br\/wp\/2023\/12\/13\/stj-nega-recurso-da-cbf-para-manter-ednaldo-rodrigues-na-presidencia\/","og_locale":"pt_BR","og_type":"article","og_title":"STJ NEGA RECURSO DA CBF PARA MANTER EDNALDO RODRIGUES NA PRESID\u00caNCIA - Bahia Economica","og_description":"O maior portal de Economia da Bahia Esporte Bahia Economica A ministra Maria Thereza de Assis Moura, presidente do","og_url":"https:\/\/bahiaeconomica.com.br\/wp\/2023\/12\/13\/stj-nega-recurso-da-cbf-para-manter-ednaldo-rodrigues-na-presidencia\/","og_site_name":"Bahia Economica","article_publisher":"https:\/\/www.facebook.com\/bahiaeconomica","article_published_time":"2023-12-13T16:55:43+00:00","article_modified_time":"2023-12-13T16:52:19+00:00","og_image":[{"width":1170,"height":700,"url":"https:\/\/bahiaeconomica.com.br\/wp\/wp-content\/uploads\/2023\/12\/ja_0661.webp","type":"image\/webp"}],"author":"VICTORIA ISABEL","twitter_card":"summary_large_image","twitter_misc":{"Escrito por":"VICTORIA ISABEL","Est. tempo de leitura":"3 minutos"},"schema":{"@context":"https:\/\/schema.org","@graph":[{"@type":"Article","@id":"https:\/\/bahiaeconomica.com.br\/wp\/2023\/12\/13\/stj-nega-recurso-da-cbf-para-manter-ednaldo-rodrigues-na-presidencia\/#article","isPartOf":{"@id":"https:\/\/bahiaeconomica.com.br\/wp\/2023\/12\/13\/stj-nega-recurso-da-cbf-para-manter-ednaldo-rodrigues-na-presidencia\/"},"author":{"name":"VICTORIA ISABEL","@id":"https:\/\/bahiaeconomica.com.br\/wp\/#\/schema\/person\/b719ce0fb1c09f3c7a00d9243ced4a6f"},"headline":"STJ NEGA RECURSO DA CBF PARA MANTER EDNALDO RODRIGUES NA PRESID\u00caNCIA","datePublished":"2023-12-13T16:55:43+00:00","dateModified":"2023-12-13T16:52:19+00:00","mainEntityOfPage":{"@id":"https:\/\/bahiaeconomica.com.br\/wp\/2023\/12\/13\/stj-nega-recurso-da-cbf-para-manter-ednaldo-rodrigues-na-presidencia\/"},"wordCount":433,"publisher":{"@id":"https:\/\/bahiaeconomica.com.br\/wp\/#organization"},"keywords":["cbf","Ednaldo Rodrigues","STJ"],"articleSection":["Esporte"],"inLanguage":"pt-BR"},{"@type":"WebPage","@id":"https:\/\/bahiaeconomica.com.br\/wp\/2023\/12\/13\/stj-nega-recurso-da-cbf-para-manter-ednaldo-rodrigues-na-presidencia\/","url":"https:\/\/bahiaeconomica.com.br\/wp\/2023\/12\/13\/stj-nega-recurso-da-cbf-para-manter-ednaldo-rodrigues-na-presidencia\/","name":"STJ NEGA RECURSO DA CBF PARA MANTER EDNALDO RODRIGUES NA PRESID\u00caNCIA - Bahia Economica","isPartOf":{"@id":"https:\/\/bahiaeconomica.com.br\/wp\/#website"},"datePublished":"2023-12-13T16:55:43+00:00","dateModified":"2023-12-13T16:52:19+00:00","description":"O maior portal de Economia da Bahia Esporte Bahia Economica A ministra Maria Thereza de Assis Moura, presidente do","breadcrumb":{"@id":"https:\/\/bahiaeconomica.com.br\/wp\/2023\/12\/13\/stj-nega-recurso-da-cbf-para-manter-ednaldo-rodrigues-na-presidencia\/#breadcrumb"},"inLanguage":"pt-BR","potentialAction":[{"@type":"ReadAction","target":["https:\/\/bahiaeconomica.com.br\/wp\/2023\/12\/13\/stj-nega-recurso-da-cbf-para-manter-ednaldo-rodrigues-na-presidencia\/"]}]},{"@type":"BreadcrumbList","@id":"https:\/\/bahiaeconomica.com.br\/wp\/2023\/12\/13\/stj-nega-recurso-da-cbf-para-manter-ednaldo-rodrigues-na-presidencia\/#breadcrumb","itemListElement":[{"@type":"ListItem","position":1,"name":"In\u00edcio","item":"https:\/\/bahiaeconomica.com.br\/wp\/"},{"@type":"ListItem","position":2,"name":"STJ NEGA RECURSO DA CBF PARA MANTER EDNALDO RODRIGUES NA PRESID\u00caNCIA"}]},{"@type":"WebSite","@id":"https:\/\/bahiaeconomica.com.br\/wp\/#website","url":"https:\/\/bahiaeconomica.com.br\/wp\/","name":"Bahia Economica","description":"O maior portal de Economia da Bahia","publisher":{"@id":"https:\/\/bahiaeconomica.com.br\/wp\/#organization"},"potentialAction":[{"@type":"SearchAction","target":{"@type":"EntryPoint","urlTemplate":"https:\/\/bahiaeconomica.com.br\/wp\/?s={search_term_string}"},"query-input":"required name=search_term_string"}],"inLanguage":"pt-BR"},{"@type":"Organization","@id":"https:\/\/bahiaeconomica.com.br\/wp\/#organization","name":"Bahia Econ\u00f4mica","url":"https:\/\/bahiaeconomica.com.br\/wp\/","logo":{"@type":"ImageObject","inLanguage":"pt-BR","@id":"https:\/\/bahiaeconomica.com.br\/wp\/#\/schema\/logo\/image\/","url":"https:\/\/bahiaeconomica.com.br\/wp\/wp-content\/uploads\/2020\/12\/cropped-BE.png","contentUrl":"https:\/\/bahiaeconomica.com.br\/wp\/wp-content\/uploads\/2020\/12\/cropped-BE.png","width":512,"height":512,"caption":"Bahia Econ\u00f4mica"},"image":{"@id":"https:\/\/bahiaeconomica.com.br\/wp\/#\/schema\/logo\/image\/"},"sameAs":["https:\/\/www.facebook.com\/bahiaeconomica"]},{"@type":"Person","@id":"https:\/\/bahiaeconomica.com.br\/wp\/#\/schema\/person\/b719ce0fb1c09f3c7a00d9243ced4a6f","name":"VICTORIA ISABEL","sameAs":["http:\/\/www.bahiaeconomica.com.br"],"url":"https:\/\/bahiaeconomica.com.br\/wp\/author\/victoria-isabel\/"}]}},"views":6,"_links":{"self":[{"href":"https:\/\/bahiaeconomica.com.br\/wp\/wp-json\/wp\/v2\/posts\/784008"}],"collection":[{"href":"https:\/\/bahiaeconomica.com.br\/wp\/wp-json\/wp\/v2\/posts"}],"about":[{"href":"https:\/\/bahiaeconomica.com.br\/wp\/wp-json\/wp\/v2\/types\/post"}],"author":[{"embeddable":true,"href":"https:\/\/bahiaeconomica.com.br\/wp\/wp-json\/wp\/v2\/users\/15"}],"replies":[{"embeddable":true,"href":"https:\/\/bahiaeconomica.com.br\/wp\/wp-json\/wp\/v2\/comments?post=784008"}],"version-history":[{"count":1,"href":"https:\/\/bahiaeconomica.com.br\/wp\/wp-json\/wp\/v2\/posts\/784008\/revisions"}],"predecessor-version":[{"id":784011,"href":"https:\/\/bahiaeconomica.com.br\/wp\/wp-json\/wp\/v2\/posts\/784008\/revisions\/784011"}],"wp:featuredmedia":[{"embeddable":true,"href":"https:\/\/bahiaeconomica.com.br\/wp\/wp-json\/wp\/v2\/media\/784010"}],"wp:attachment":[{"href":"https:\/\/bahiaeconomica.com.br\/wp\/wp-json\/wp\/v2\/media?parent=784008"}],"wp:term":[{"taxonomy":"category","embeddable":true,"href":"https:\/\/bahiaeconomica.com.br\/wp\/wp-json\/wp\/v2\/categories?post=784008"},{"taxonomy":"post_tag","embeddable":true,"href":"https:\/\/bahiaeconomica.com.br\/wp\/wp-json\/wp\/v2\/tags?post=784008"}],"curies":[{"name":"wp","href":"https:\/\/api.w.org\/{rel}","templated":true}]}}