{"id":783467,"date":"2023-12-11T19:25:23","date_gmt":"2023-12-11T22:25:23","guid":{"rendered":"https:\/\/bahiaeconomica.com.br\/wp\/?p=783467"},"modified":"2023-12-11T19:40:29","modified_gmt":"2023-12-11T22:40:29","slug":"acm-neto-garante-participar-ativamente-da-campanha-eleitoral-dos-candidatos-do-uniao-brasil-em-2024","status":"publish","type":"post","link":"https:\/\/bahiaeconomica.com.br\/wp\/2023\/12\/11\/acm-neto-garante-participar-ativamente-da-campanha-eleitoral-dos-candidatos-do-uniao-brasil-em-2024\/","title":{"rendered":"ACM NETO GARANTE \u2018PARTICIPAR ATIVAMENTE\u2019 DA CAMPANHA ELEITORAL DOS CANDIDATOS DO UNI\u00c3O BRASIL EM 2024"},"content":{"rendered":"<p>Ex-prefeito de Salvador e secret\u00e1rio-geral do Uni\u00e3o Brasil, ACM Neto est\u00e1 se preparando para viajar pelo interior apoiando as candidaturas municipais ao redor da Bahia em 2024. Ele ter\u00e1 que se dividir entre as demandas da sigla e a Funda\u00e7\u00e3o \u00cdndigo, bra\u00e7o de capacita\u00e7\u00e3o, estudos sobre governan\u00e7a e pol\u00edticas p\u00fablicas do partido.<\/p>\n<p>\u201cS\u00e3o duas coisas que v\u00e3o caminhar paralelas, n\u00f3s j\u00e1 fizemos alguns eventos no interior esse ano. Ano que vem n\u00f3s vamos intensificar, sendo que no primeiro semestre tem um foco maior no trabalho da funda\u00e7\u00e3o, nesse debate sobre o futuro, as contribui\u00e7\u00f5es que cada regi\u00e3o da Bahia pode dar para discutir o futuro do nosso estado e do pa\u00eds. E \u00e9 claro que \u00e0 medida que o calend\u00e1rio eleitoral se aproxima, a gente come\u00e7a a dedicar um tempo maior para essa agenda propriamente eleitoral\u201d, disse ACM em entrevista coletiva, realizada na noite desta segunda-feira (11).<\/p>\n<p>No local, o ex-chefe do Executivo municipal afirmou que apenas no segundo semestre seu foco maior deve ser as elei\u00e7\u00f5es e que n\u00e3o h\u00e1 objetivo do partido em antecipar as datas.<\/p>\n<p>\u201cA partir da virada de um semestre pro outro do ano que vem, as aten\u00e7\u00f5es ficam todas voltadas para a elei\u00e7\u00e3o. N\u00f3s n\u00e3o temos porque antecipar esse calend\u00e1rio, mas vamos participar ativamente dele quando ele come\u00e7ar. Agora \u00e9 uma fase de prepara\u00e7\u00e3o e organiza\u00e7\u00e3o, at\u00e9 porque at\u00e9 6 de abril, os partidos devem estar todos montados, n\u00e3o s\u00f3 em Salvador, como tamb\u00e9m no interior. Ent\u00e3o a aten\u00e7\u00e3o principal que a gente dedica agora \u00e9 pra isso, com um olhar especial para o Uni\u00e3o Brasil, que \u00e9 a nossa casa, e a\u00ed claro, a medida que o ano de 2024 avan\u00e7a, eu estarei \u00e0 disposi\u00e7\u00e3o para atender as demandas que v\u00e3o surgir no interior pela minha participa\u00e7\u00e3o em agendas por todo o estado\u201d, concluiu.<\/p>\n<p>FOTO: Emily Lima\/Bahia Econ\u00f4mica<\/p>\n","protected":false},"excerpt":{"rendered":"<p>Ex-prefeito de Salvador e secret\u00e1rio-geral do Uni\u00e3o Brasil, ACM Neto est\u00e1 se preparando para viajar pelo interior apoiando as candidaturas municipais ao redor da Bahia em 2024. Ele ter\u00e1 que se dividir entre as demandas da sigla e a Funda\u00e7\u00e3o \u00cdndigo, bra\u00e7o de capacita\u00e7\u00e3o, estudos sobre governan\u00e7a e pol\u00edticas p\u00fablicas do partido. \u201cS\u00e3o duas coisas [&hellip;]<\/p>\n","protected":false},"author":16,"featured_media":783488,"comment_status":"closed","ping_status":"closed","sticky":false,"template":"","format":"standard","meta":[],"categories":[14,14601],"tags":[167,85,166,700,73],"acf":[],"yoast_head":"<!-- This site is optimized with the Yoast SEO plugin v20.8 - https:\/\/yoast.com\/wordpress\/plugins\/seo\/ -->\n<title>ACM NETO GARANTE \u2018PARTICIPAR ATIVAMENTE\u2019 DA CAMPANHA ELEITORAL DOS CANDIDATOS DO UNI\u00c3O BRASIL EM 2024 - Bahia Economica<\/title>\n<meta name=\"description\" content=\"O maior portal de Economia da Bahia DESTAQUE DO DIA, Pol\u00edtica Bahia Economica\" \/>\n<meta name=\"robots\" content=\"index, follow, max-snippet:-1, max-image-preview:large, max-video-preview:-1\" \/>\n<link rel=\"canonical\" href=\"https:\/\/bahiaeconomica.com.br\/wp\/2023\/12\/11\/acm-neto-garante-participar-ativamente-da-campanha-eleitoral-dos-candidatos-do-uniao-brasil-em-2024\/\" \/>\n<meta property=\"og:locale\" content=\"pt_BR\" \/>\n<meta property=\"og:type\" content=\"article\" \/>\n<meta property=\"og:title\" content=\"ACM NETO GARANTE \u2018PARTICIPAR ATIVAMENTE\u2019 DA CAMPANHA ELEITORAL DOS CANDIDATOS DO UNI\u00c3O BRASIL EM 2024 - Bahia Economica\" \/>\n<meta property=\"og:description\" content=\"O maior portal de Economia da Bahia DESTAQUE DO DIA, Pol\u00edtica Bahia Economica\" \/>\n<meta property=\"og:url\" content=\"https:\/\/bahiaeconomica.com.br\/wp\/2023\/12\/11\/acm-neto-garante-participar-ativamente-da-campanha-eleitoral-dos-candidatos-do-uniao-brasil-em-2024\/\" \/>\n<meta property=\"og:site_name\" content=\"Bahia Economica\" \/>\n<meta property=\"article:publisher\" content=\"https:\/\/www.facebook.com\/bahiaeconomica\" \/>\n<meta property=\"article:published_time\" content=\"2023-12-11T22:25:23+00:00\" \/>\n<meta property=\"article:modified_time\" content=\"2023-12-11T22:40:29+00:00\" \/>\n<meta property=\"og:image\" content=\"https:\/\/bahiaeconomica.com.br\/wp\/wp-content\/uploads\/2023\/12\/WhatsApp-Image-2023-12-11-at-18.49.21-e1702334418736.jpeg\" \/>\n\t<meta property=\"og:image:width\" content=\"697\" \/>\n\t<meta property=\"og:image:height\" content=\"752\" \/>\n\t<meta property=\"og:image:type\" content=\"image\/jpeg\" \/>\n<meta name=\"author\" content=\"LUIZA NASCIMENTO\" \/>\n<meta name=\"twitter:card\" content=\"summary_large_image\" \/>\n<meta name=\"twitter:label1\" content=\"Escrito por\" \/>\n\t<meta name=\"twitter:data1\" content=\"LUIZA NASCIMENTO\" \/>\n\t<meta name=\"twitter:label2\" content=\"Est. tempo de leitura\" \/>\n\t<meta name=\"twitter:data2\" content=\"2 minutos\" \/>\n<script type=\"application\/ld+json\" class=\"yoast-schema-graph\">{\"@context\":\"https:\/\/schema.org\",\"@graph\":[{\"@type\":\"Article\",\"@id\":\"https:\/\/bahiaeconomica.com.br\/wp\/2023\/12\/11\/acm-neto-garante-participar-ativamente-da-campanha-eleitoral-dos-candidatos-do-uniao-brasil-em-2024\/#article\",\"isPartOf\":{\"@id\":\"https:\/\/bahiaeconomica.com.br\/wp\/2023\/12\/11\/acm-neto-garante-participar-ativamente-da-campanha-eleitoral-dos-candidatos-do-uniao-brasil-em-2024\/\"},\"author\":{\"name\":\"LUIZA NASCIMENTO\",\"@id\":\"https:\/\/bahiaeconomica.com.br\/wp\/#\/schema\/person\/18273ac0fe04bfd4e7b101bf17d40152\"},\"headline\":\"ACM NETO GARANTE \u2018PARTICIPAR ATIVAMENTE\u2019 DA CAMPANHA ELEITORAL DOS CANDIDATOS DO UNI\u00c3O BRASIL EM 2024\",\"datePublished\":\"2023-12-11T22:25:23+00:00\",\"dateModified\":\"2023-12-11T22:40:29+00:00\",\"mainEntityOfPage\":{\"@id\":\"https:\/\/bahiaeconomica.com.br\/wp\/2023\/12\/11\/acm-neto-garante-participar-ativamente-da-campanha-eleitoral-dos-candidatos-do-uniao-brasil-em-2024\/\"},\"wordCount\":349,\"publisher\":{\"@id\":\"https:\/\/bahiaeconomica.com.br\/wp\/#organization\"},\"keywords\":[\"ACM Neto\",\"Bahia\",\"Bruno Reis\",\"eleicoes\",\"Salvador\"],\"articleSection\":[\"DESTAQUE DO DIA\",\"Pol\u00edtica\"],\"inLanguage\":\"pt-BR\"},{\"@type\":\"WebPage\",\"@id\":\"https:\/\/bahiaeconomica.com.br\/wp\/2023\/12\/11\/acm-neto-garante-participar-ativamente-da-campanha-eleitoral-dos-candidatos-do-uniao-brasil-em-2024\/\",\"url\":\"https:\/\/bahiaeconomica.com.br\/wp\/2023\/12\/11\/acm-neto-garante-participar-ativamente-da-campanha-eleitoral-dos-candidatos-do-uniao-brasil-em-2024\/\",\"name\":\"ACM NETO GARANTE \u2018PARTICIPAR ATIVAMENTE\u2019 DA CAMPANHA ELEITORAL DOS CANDIDATOS DO UNI\u00c3O BRASIL EM 2024 - Bahia Economica\",\"isPartOf\":{\"@id\":\"https:\/\/bahiaeconomica.com.br\/wp\/#website\"},\"datePublished\":\"2023-12-11T22:25:23+00:00\",\"dateModified\":\"2023-12-11T22:40:29+00:00\",\"description\":\"O maior portal de Economia da Bahia DESTAQUE DO DIA, Pol\u00edtica Bahia Economica\",\"breadcrumb\":{\"@id\":\"https:\/\/bahiaeconomica.com.br\/wp\/2023\/12\/11\/acm-neto-garante-participar-ativamente-da-campanha-eleitoral-dos-candidatos-do-uniao-brasil-em-2024\/#breadcrumb\"},\"inLanguage\":\"pt-BR\",\"potentialAction\":[{\"@type\":\"ReadAction\",\"target\":[\"https:\/\/bahiaeconomica.com.br\/wp\/2023\/12\/11\/acm-neto-garante-participar-ativamente-da-campanha-eleitoral-dos-candidatos-do-uniao-brasil-em-2024\/\"]}]},{\"@type\":\"BreadcrumbList\",\"@id\":\"https:\/\/bahiaeconomica.com.br\/wp\/2023\/12\/11\/acm-neto-garante-participar-ativamente-da-campanha-eleitoral-dos-candidatos-do-uniao-brasil-em-2024\/#breadcrumb\",\"itemListElement\":[{\"@type\":\"ListItem\",\"position\":1,\"name\":\"In\u00edcio\",\"item\":\"https:\/\/bahiaeconomica.com.br\/wp\/\"},{\"@type\":\"ListItem\",\"position\":2,\"name\":\"ACM NETO GARANTE \u2018PARTICIPAR ATIVAMENTE\u2019 DA CAMPANHA ELEITORAL DOS CANDIDATOS DO UNI\u00c3O BRASIL EM 2024\"}]},{\"@type\":\"WebSite\",\"@id\":\"https:\/\/bahiaeconomica.com.br\/wp\/#website\",\"url\":\"https:\/\/bahiaeconomica.com.br\/wp\/\",\"name\":\"Bahia Economica\",\"description\":\"O maior portal de Economia da Bahia\",\"publisher\":{\"@id\":\"https:\/\/bahiaeconomica.com.br\/wp\/#organization\"},\"potentialAction\":[{\"@type\":\"SearchAction\",\"target\":{\"@type\":\"EntryPoint\",\"urlTemplate\":\"https:\/\/bahiaeconomica.com.br\/wp\/?s={search_term_string}\"},\"query-input\":\"required name=search_term_string\"}],\"inLanguage\":\"pt-BR\"},{\"@type\":\"Organization\",\"@id\":\"https:\/\/bahiaeconomica.com.br\/wp\/#organization\",\"name\":\"Bahia Econ\u00f4mica\",\"url\":\"https:\/\/bahiaeconomica.com.br\/wp\/\",\"logo\":{\"@type\":\"ImageObject\",\"inLanguage\":\"pt-BR\",\"@id\":\"https:\/\/bahiaeconomica.com.br\/wp\/#\/schema\/logo\/image\/\",\"url\":\"https:\/\/bahiaeconomica.com.br\/wp\/wp-content\/uploads\/2020\/12\/cropped-BE.png\",\"contentUrl\":\"https:\/\/bahiaeconomica.com.br\/wp\/wp-content\/uploads\/2020\/12\/cropped-BE.png\",\"width\":512,\"height\":512,\"caption\":\"Bahia Econ\u00f4mica\"},\"image\":{\"@id\":\"https:\/\/bahiaeconomica.com.br\/wp\/#\/schema\/logo\/image\/\"},\"sameAs\":[\"https:\/\/www.facebook.com\/bahiaeconomica\"]},{\"@type\":\"Person\",\"@id\":\"https:\/\/bahiaeconomica.com.br\/wp\/#\/schema\/person\/18273ac0fe04bfd4e7b101bf17d40152\",\"name\":\"LUIZA NASCIMENTO\",\"sameAs\":[\"http:\/\/www.bahiaeconomica.com.br\"],\"url\":\"https:\/\/bahiaeconomica.com.br\/wp\/author\/luiza-nascimento\/\"}]}<\/script>\n<!-- \/ Yoast SEO plugin. -->","yoast_head_json":{"title":"ACM NETO GARANTE \u2018PARTICIPAR ATIVAMENTE\u2019 DA CAMPANHA ELEITORAL DOS CANDIDATOS DO UNI\u00c3O BRASIL EM 2024 - Bahia Economica","description":"O maior portal de Economia da Bahia DESTAQUE DO DIA, Pol\u00edtica Bahia Economica","robots":{"index":"index","follow":"follow","max-snippet":"max-snippet:-1","max-image-preview":"max-image-preview:large","max-video-preview":"max-video-preview:-1"},"canonical":"https:\/\/bahiaeconomica.com.br\/wp\/2023\/12\/11\/acm-neto-garante-participar-ativamente-da-campanha-eleitoral-dos-candidatos-do-uniao-brasil-em-2024\/","og_locale":"pt_BR","og_type":"article","og_title":"ACM NETO GARANTE \u2018PARTICIPAR ATIVAMENTE\u2019 DA CAMPANHA ELEITORAL DOS CANDIDATOS DO UNI\u00c3O BRASIL EM 2024 - Bahia Economica","og_description":"O maior portal de Economia da Bahia DESTAQUE DO DIA, Pol\u00edtica Bahia Economica","og_url":"https:\/\/bahiaeconomica.com.br\/wp\/2023\/12\/11\/acm-neto-garante-participar-ativamente-da-campanha-eleitoral-dos-candidatos-do-uniao-brasil-em-2024\/","og_site_name":"Bahia Economica","article_publisher":"https:\/\/www.facebook.com\/bahiaeconomica","article_published_time":"2023-12-11T22:25:23+00:00","article_modified_time":"2023-12-11T22:40:29+00:00","og_image":[{"width":697,"height":752,"url":"https:\/\/bahiaeconomica.com.br\/wp\/wp-content\/uploads\/2023\/12\/WhatsApp-Image-2023-12-11-at-18.49.21-e1702334418736.jpeg","type":"image\/jpeg"}],"author":"LUIZA NASCIMENTO","twitter_card":"summary_large_image","twitter_misc":{"Escrito por":"LUIZA NASCIMENTO","Est. tempo de leitura":"2 minutos"},"schema":{"@context":"https:\/\/schema.org","@graph":[{"@type":"Article","@id":"https:\/\/bahiaeconomica.com.br\/wp\/2023\/12\/11\/acm-neto-garante-participar-ativamente-da-campanha-eleitoral-dos-candidatos-do-uniao-brasil-em-2024\/#article","isPartOf":{"@id":"https:\/\/bahiaeconomica.com.br\/wp\/2023\/12\/11\/acm-neto-garante-participar-ativamente-da-campanha-eleitoral-dos-candidatos-do-uniao-brasil-em-2024\/"},"author":{"name":"LUIZA NASCIMENTO","@id":"https:\/\/bahiaeconomica.com.br\/wp\/#\/schema\/person\/18273ac0fe04bfd4e7b101bf17d40152"},"headline":"ACM NETO GARANTE \u2018PARTICIPAR ATIVAMENTE\u2019 DA CAMPANHA ELEITORAL DOS CANDIDATOS DO UNI\u00c3O BRASIL EM 2024","datePublished":"2023-12-11T22:25:23+00:00","dateModified":"2023-12-11T22:40:29+00:00","mainEntityOfPage":{"@id":"https:\/\/bahiaeconomica.com.br\/wp\/2023\/12\/11\/acm-neto-garante-participar-ativamente-da-campanha-eleitoral-dos-candidatos-do-uniao-brasil-em-2024\/"},"wordCount":349,"publisher":{"@id":"https:\/\/bahiaeconomica.com.br\/wp\/#organization"},"keywords":["ACM Neto","Bahia","Bruno Reis","eleicoes","Salvador"],"articleSection":["DESTAQUE DO DIA","Pol\u00edtica"],"inLanguage":"pt-BR"},{"@type":"WebPage","@id":"https:\/\/bahiaeconomica.com.br\/wp\/2023\/12\/11\/acm-neto-garante-participar-ativamente-da-campanha-eleitoral-dos-candidatos-do-uniao-brasil-em-2024\/","url":"https:\/\/bahiaeconomica.com.br\/wp\/2023\/12\/11\/acm-neto-garante-participar-ativamente-da-campanha-eleitoral-dos-candidatos-do-uniao-brasil-em-2024\/","name":"ACM NETO GARANTE \u2018PARTICIPAR ATIVAMENTE\u2019 DA CAMPANHA ELEITORAL DOS CANDIDATOS DO UNI\u00c3O BRASIL EM 2024 - Bahia Economica","isPartOf":{"@id":"https:\/\/bahiaeconomica.com.br\/wp\/#website"},"datePublished":"2023-12-11T22:25:23+00:00","dateModified":"2023-12-11T22:40:29+00:00","description":"O maior portal de Economia da Bahia DESTAQUE DO DIA, Pol\u00edtica Bahia Economica","breadcrumb":{"@id":"https:\/\/bahiaeconomica.com.br\/wp\/2023\/12\/11\/acm-neto-garante-participar-ativamente-da-campanha-eleitoral-dos-candidatos-do-uniao-brasil-em-2024\/#breadcrumb"},"inLanguage":"pt-BR","potentialAction":[{"@type":"ReadAction","target":["https:\/\/bahiaeconomica.com.br\/wp\/2023\/12\/11\/acm-neto-garante-participar-ativamente-da-campanha-eleitoral-dos-candidatos-do-uniao-brasil-em-2024\/"]}]},{"@type":"BreadcrumbList","@id":"https:\/\/bahiaeconomica.com.br\/wp\/2023\/12\/11\/acm-neto-garante-participar-ativamente-da-campanha-eleitoral-dos-candidatos-do-uniao-brasil-em-2024\/#breadcrumb","itemListElement":[{"@type":"ListItem","position":1,"name":"In\u00edcio","item":"https:\/\/bahiaeconomica.com.br\/wp\/"},{"@type":"ListItem","position":2,"name":"ACM NETO GARANTE \u2018PARTICIPAR ATIVAMENTE\u2019 DA CAMPANHA ELEITORAL DOS CANDIDATOS DO UNI\u00c3O BRASIL EM 2024"}]},{"@type":"WebSite","@id":"https:\/\/bahiaeconomica.com.br\/wp\/#website","url":"https:\/\/bahiaeconomica.com.br\/wp\/","name":"Bahia Economica","description":"O maior portal de Economia da Bahia","publisher":{"@id":"https:\/\/bahiaeconomica.com.br\/wp\/#organization"},"potentialAction":[{"@type":"SearchAction","target":{"@type":"EntryPoint","urlTemplate":"https:\/\/bahiaeconomica.com.br\/wp\/?s={search_term_string}"},"query-input":"required name=search_term_string"}],"inLanguage":"pt-BR"},{"@type":"Organization","@id":"https:\/\/bahiaeconomica.com.br\/wp\/#organization","name":"Bahia Econ\u00f4mica","url":"https:\/\/bahiaeconomica.com.br\/wp\/","logo":{"@type":"ImageObject","inLanguage":"pt-BR","@id":"https:\/\/bahiaeconomica.com.br\/wp\/#\/schema\/logo\/image\/","url":"https:\/\/bahiaeconomica.com.br\/wp\/wp-content\/uploads\/2020\/12\/cropped-BE.png","contentUrl":"https:\/\/bahiaeconomica.com.br\/wp\/wp-content\/uploads\/2020\/12\/cropped-BE.png","width":512,"height":512,"caption":"Bahia Econ\u00f4mica"},"image":{"@id":"https:\/\/bahiaeconomica.com.br\/wp\/#\/schema\/logo\/image\/"},"sameAs":["https:\/\/www.facebook.com\/bahiaeconomica"]},{"@type":"Person","@id":"https:\/\/bahiaeconomica.com.br\/wp\/#\/schema\/person\/18273ac0fe04bfd4e7b101bf17d40152","name":"LUIZA NASCIMENTO","sameAs":["http:\/\/www.bahiaeconomica.com.br"],"url":"https:\/\/bahiaeconomica.com.br\/wp\/author\/luiza-nascimento\/"}]}},"views":53,"_links":{"self":[{"href":"https:\/\/bahiaeconomica.com.br\/wp\/wp-json\/wp\/v2\/posts\/783467"}],"collection":[{"href":"https:\/\/bahiaeconomica.com.br\/wp\/wp-json\/wp\/v2\/posts"}],"about":[{"href":"https:\/\/bahiaeconomica.com.br\/wp\/wp-json\/wp\/v2\/types\/post"}],"author":[{"embeddable":true,"href":"https:\/\/bahiaeconomica.com.br\/wp\/wp-json\/wp\/v2\/users\/16"}],"replies":[{"embeddable":true,"href":"https:\/\/bahiaeconomica.com.br\/wp\/wp-json\/wp\/v2\/comments?post=783467"}],"version-history":[{"count":1,"href":"https:\/\/bahiaeconomica.com.br\/wp\/wp-json\/wp\/v2\/posts\/783467\/revisions"}],"predecessor-version":[{"id":783490,"href":"https:\/\/bahiaeconomica.com.br\/wp\/wp-json\/wp\/v2\/posts\/783467\/revisions\/783490"}],"wp:featuredmedia":[{"embeddable":true,"href":"https:\/\/bahiaeconomica.com.br\/wp\/wp-json\/wp\/v2\/media\/783488"}],"wp:attachment":[{"href":"https:\/\/bahiaeconomica.com.br\/wp\/wp-json\/wp\/v2\/media?parent=783467"}],"wp:term":[{"taxonomy":"category","embeddable":true,"href":"https:\/\/bahiaeconomica.com.br\/wp\/wp-json\/wp\/v2\/categories?post=783467"},{"taxonomy":"post_tag","embeddable":true,"href":"https:\/\/bahiaeconomica.com.br\/wp\/wp-json\/wp\/v2\/tags?post=783467"}],"curies":[{"name":"wp","href":"https:\/\/api.w.org\/{rel}","templated":true}]}}