{"id":782905,"date":"2023-12-07T15:14:52","date_gmt":"2023-12-07T18:14:52","guid":{"rendered":"https:\/\/bahiaeconomica.com.br\/wp\/?p=782905"},"modified":"2023-12-07T15:14:52","modified_gmt":"2023-12-07T18:14:52","slug":"alvo-da-pf-binho-galinha-se-pronuncia-sobre-suspeita-de-liderar-uma-organizacao-criminosa","status":"publish","type":"post","link":"https:\/\/bahiaeconomica.com.br\/wp\/2023\/12\/07\/alvo-da-pf-binho-galinha-se-pronuncia-sobre-suspeita-de-liderar-uma-organizacao-criminosa\/","title":{"rendered":"ALVO DA PF, BINHO GALINHA SE PRONUNCIA SOBRE SUSPEITA DE LIDERAR UMA ORGANIZA\u00c7\u00c3O CRIMINOSA"},"content":{"rendered":"<p>Alvo da opera\u00e7\u00e3o &#8216;El Patron&#8217;, deflagrada pela Pol\u00edcia Federal nesta quinta-feira (7), o deputado estadual Binho Galinha (PRD) se pronunciou sobre o fato de ser suspeito de liderar uma organiza\u00e7\u00e3o criminosa especializada na lavagem de dinheiro oriundos de jogo do bicho, agiotagem, extors\u00e3o, recepta\u00e7\u00e3o qualificada, desmanche de ve\u00edculos e outras infra\u00e7\u00f5es penais.<\/p>\n<p>Segundo o parlamentar, ele est\u00e1 &#8220;a inteira disposi\u00e7\u00e3o da Justi\u00e7a da Bahia&#8221; para esclarecer o assunto no momento pr\u00f3prio.<\/p>\n<p>&#8220;Mantemos nossas atividades pessoais e legislativas sem altera\u00e7\u00e3o. Confio na Justi\u00e7a e estou \u00e0 disposi\u00e7\u00e3o para dirimir d\u00favidas e contribuir quanto a transpar\u00eancia dos fatos. No mais, dizer que nosso jur\u00eddico est\u00e1 tomando as devidas provid\u00eancias para junto \u00e0 Justi\u00e7a prestar os esclarecimentos&#8221;, disse o deputado em nota.<\/p>\n<p>A opera\u00e7\u00e3o da PF, junto \u00e0 Receita Federal, o Minist\u00e9rio P\u00fablico Estadual e a For\u00e7a Correcional Integrada FORCE\/COGER\/SSP\/BA, focada na desarticula\u00e7\u00e3o da organiza\u00e7\u00e3o criminosa especializada na lavagem de capitais advindos de jogo do bicho, agiotagem, extors\u00e3o, recepta\u00e7\u00e3o qualificada, entre outras infra\u00e7\u00f5es penais, em Feira de Santana e cidades vizinhas.<\/p>\n<p><strong>Foto: Ascom\/C\u00e2mara Municipal de Feira de Santana<\/strong><\/p>\n","protected":false},"excerpt":{"rendered":"<p>Alvo da opera\u00e7\u00e3o &#8216;El Patron&#8217;, deflagrada pela Pol\u00edcia Federal nesta quinta-feira (7), o deputado estadual Binho Galinha (PRD) se pronunciou sobre o fato de ser suspeito de liderar uma organiza\u00e7\u00e3o criminosa especializada na lavagem de dinheiro oriundos de jogo do bicho, agiotagem, extors\u00e3o, recepta\u00e7\u00e3o qualificada, desmanche de ve\u00edculos e outras infra\u00e7\u00f5es penais. Segundo o parlamentar, [&hellip;]<\/p>\n","protected":false},"author":18,"featured_media":782908,"comment_status":"closed","ping_status":"closed","sticky":false,"template":"","format":"standard","meta":[],"categories":[14601],"tags":[23879,85,23880,469,23882,102,23881],"acf":[],"yoast_head":"<!-- This site is optimized with the Yoast SEO plugin v20.8 - https:\/\/yoast.com\/wordpress\/plugins\/seo\/ -->\n<title>ALVO DA PF, BINHO GALINHA SE PRONUNCIA SOBRE SUSPEITA DE LIDERAR UMA ORGANIZA\u00c7\u00c3O CRIMINOSA - Bahia Economica<\/title>\n<meta name=\"description\" content=\"O maior portal de Economia da Bahia Pol\u00edtica Bahia Economica Alvo da opera\u00e7\u00e3o &#039;El Patron&#039;, deflagrada pela Pol\u00edcia Federal nesta\" \/>\n<meta name=\"robots\" content=\"index, follow, max-snippet:-1, max-image-preview:large, max-video-preview:-1\" \/>\n<link rel=\"canonical\" href=\"https:\/\/bahiaeconomica.com.br\/wp\/2023\/12\/07\/alvo-da-pf-binho-galinha-se-pronuncia-sobre-suspeita-de-liderar-uma-organizacao-criminosa\/\" \/>\n<meta property=\"og:locale\" content=\"pt_BR\" \/>\n<meta property=\"og:type\" content=\"article\" \/>\n<meta property=\"og:title\" content=\"ALVO DA PF, BINHO GALINHA SE PRONUNCIA SOBRE SUSPEITA DE LIDERAR UMA ORGANIZA\u00c7\u00c3O CRIMINOSA - Bahia Economica\" \/>\n<meta property=\"og:description\" content=\"O maior portal de Economia da Bahia Pol\u00edtica Bahia Economica Alvo da opera\u00e7\u00e3o &#039;El Patron&#039;, deflagrada pela Pol\u00edcia Federal nesta\" \/>\n<meta property=\"og:url\" content=\"https:\/\/bahiaeconomica.com.br\/wp\/2023\/12\/07\/alvo-da-pf-binho-galinha-se-pronuncia-sobre-suspeita-de-liderar-uma-organizacao-criminosa\/\" \/>\n<meta property=\"og:site_name\" content=\"Bahia Economica\" \/>\n<meta property=\"article:publisher\" content=\"https:\/\/www.facebook.com\/bahiaeconomica\" \/>\n<meta property=\"article:published_time\" content=\"2023-12-07T18:14:52+00:00\" \/>\n<meta property=\"og:image\" content=\"https:\/\/bahiaeconomica.com.br\/wp\/wp-content\/uploads\/2023\/12\/Binho-Galinha-se-pronuncia-apos-operacao-da-PF-con0125129100202312071355-ScaleDownProportional.webp\" \/>\n\t<meta property=\"og:image:width\" content=\"811\" \/>\n\t<meta property=\"og:image:height\" content=\"541\" \/>\n\t<meta property=\"og:image:type\" content=\"image\/webp\" \/>\n<meta name=\"author\" content=\"Emily Oliveira\" \/>\n<meta name=\"twitter:card\" content=\"summary_large_image\" \/>\n<meta name=\"twitter:label1\" content=\"Escrito por\" \/>\n\t<meta name=\"twitter:data1\" content=\"Emily Oliveira\" \/>\n\t<meta name=\"twitter:label2\" content=\"Est. tempo de leitura\" \/>\n\t<meta name=\"twitter:data2\" content=\"1 minuto\" \/>\n<script type=\"application\/ld+json\" class=\"yoast-schema-graph\">{\"@context\":\"https:\/\/schema.org\",\"@graph\":[{\"@type\":\"Article\",\"@id\":\"https:\/\/bahiaeconomica.com.br\/wp\/2023\/12\/07\/alvo-da-pf-binho-galinha-se-pronuncia-sobre-suspeita-de-liderar-uma-organizacao-criminosa\/#article\",\"isPartOf\":{\"@id\":\"https:\/\/bahiaeconomica.com.br\/wp\/2023\/12\/07\/alvo-da-pf-binho-galinha-se-pronuncia-sobre-suspeita-de-liderar-uma-organizacao-criminosa\/\"},\"author\":{\"name\":\"Emily Oliveira\",\"@id\":\"https:\/\/bahiaeconomica.com.br\/wp\/#\/schema\/person\/547396bb3b39ebb828ab5807d982c42f\"},\"headline\":\"ALVO DA PF, BINHO GALINHA SE PRONUNCIA SOBRE SUSPEITA DE LIDERAR UMA ORGANIZA\u00c7\u00c3O CRIMINOSA\",\"datePublished\":\"2023-12-07T18:14:52+00:00\",\"dateModified\":\"2023-12-07T18:14:52+00:00\",\"mainEntityOfPage\":{\"@id\":\"https:\/\/bahiaeconomica.com.br\/wp\/2023\/12\/07\/alvo-da-pf-binho-galinha-se-pronuncia-sobre-suspeita-de-liderar-uma-organizacao-criminosa\/\"},\"wordCount\":218,\"publisher\":{\"@id\":\"https:\/\/bahiaeconomica.com.br\/wp\/#organization\"},\"keywords\":[\"alvo da pf\",\"Bahia\",\"binho galinha\",\"deputado estadual\",\"organiza\u00e7\u00e3o criminosa\",\"Policia Federal\",\"suspeita\"],\"articleSection\":[\"Pol\u00edtica\"],\"inLanguage\":\"pt-BR\"},{\"@type\":\"WebPage\",\"@id\":\"https:\/\/bahiaeconomica.com.br\/wp\/2023\/12\/07\/alvo-da-pf-binho-galinha-se-pronuncia-sobre-suspeita-de-liderar-uma-organizacao-criminosa\/\",\"url\":\"https:\/\/bahiaeconomica.com.br\/wp\/2023\/12\/07\/alvo-da-pf-binho-galinha-se-pronuncia-sobre-suspeita-de-liderar-uma-organizacao-criminosa\/\",\"name\":\"ALVO DA PF, BINHO GALINHA SE PRONUNCIA SOBRE SUSPEITA DE LIDERAR UMA ORGANIZA\u00c7\u00c3O CRIMINOSA - Bahia Economica\",\"isPartOf\":{\"@id\":\"https:\/\/bahiaeconomica.com.br\/wp\/#website\"},\"datePublished\":\"2023-12-07T18:14:52+00:00\",\"dateModified\":\"2023-12-07T18:14:52+00:00\",\"description\":\"O maior portal de Economia da Bahia Pol\u00edtica Bahia Economica Alvo da opera\u00e7\u00e3o 'El Patron', deflagrada pela Pol\u00edcia Federal nesta\",\"breadcrumb\":{\"@id\":\"https:\/\/bahiaeconomica.com.br\/wp\/2023\/12\/07\/alvo-da-pf-binho-galinha-se-pronuncia-sobre-suspeita-de-liderar-uma-organizacao-criminosa\/#breadcrumb\"},\"inLanguage\":\"pt-BR\",\"potentialAction\":[{\"@type\":\"ReadAction\",\"target\":[\"https:\/\/bahiaeconomica.com.br\/wp\/2023\/12\/07\/alvo-da-pf-binho-galinha-se-pronuncia-sobre-suspeita-de-liderar-uma-organizacao-criminosa\/\"]}]},{\"@type\":\"BreadcrumbList\",\"@id\":\"https:\/\/bahiaeconomica.com.br\/wp\/2023\/12\/07\/alvo-da-pf-binho-galinha-se-pronuncia-sobre-suspeita-de-liderar-uma-organizacao-criminosa\/#breadcrumb\",\"itemListElement\":[{\"@type\":\"ListItem\",\"position\":1,\"name\":\"In\u00edcio\",\"item\":\"https:\/\/bahiaeconomica.com.br\/wp\/\"},{\"@type\":\"ListItem\",\"position\":2,\"name\":\"ALVO DA PF, BINHO GALINHA SE PRONUNCIA SOBRE SUSPEITA DE LIDERAR UMA ORGANIZA\u00c7\u00c3O CRIMINOSA\"}]},{\"@type\":\"WebSite\",\"@id\":\"https:\/\/bahiaeconomica.com.br\/wp\/#website\",\"url\":\"https:\/\/bahiaeconomica.com.br\/wp\/\",\"name\":\"Bahia Economica\",\"description\":\"O maior portal de Economia da Bahia\",\"publisher\":{\"@id\":\"https:\/\/bahiaeconomica.com.br\/wp\/#organization\"},\"potentialAction\":[{\"@type\":\"SearchAction\",\"target\":{\"@type\":\"EntryPoint\",\"urlTemplate\":\"https:\/\/bahiaeconomica.com.br\/wp\/?s={search_term_string}\"},\"query-input\":\"required name=search_term_string\"}],\"inLanguage\":\"pt-BR\"},{\"@type\":\"Organization\",\"@id\":\"https:\/\/bahiaeconomica.com.br\/wp\/#organization\",\"name\":\"Bahia Econ\u00f4mica\",\"url\":\"https:\/\/bahiaeconomica.com.br\/wp\/\",\"logo\":{\"@type\":\"ImageObject\",\"inLanguage\":\"pt-BR\",\"@id\":\"https:\/\/bahiaeconomica.com.br\/wp\/#\/schema\/logo\/image\/\",\"url\":\"https:\/\/bahiaeconomica.com.br\/wp\/wp-content\/uploads\/2020\/12\/cropped-BE.png\",\"contentUrl\":\"https:\/\/bahiaeconomica.com.br\/wp\/wp-content\/uploads\/2020\/12\/cropped-BE.png\",\"width\":512,\"height\":512,\"caption\":\"Bahia Econ\u00f4mica\"},\"image\":{\"@id\":\"https:\/\/bahiaeconomica.com.br\/wp\/#\/schema\/logo\/image\/\"},\"sameAs\":[\"https:\/\/www.facebook.com\/bahiaeconomica\"]},{\"@type\":\"Person\",\"@id\":\"https:\/\/bahiaeconomica.com.br\/wp\/#\/schema\/person\/547396bb3b39ebb828ab5807d982c42f\",\"name\":\"Emily Oliveira\",\"sameAs\":[\"https:\/\/bahiaeconomica.com.br\/wp\/\"],\"url\":\"https:\/\/bahiaeconomica.com.br\/wp\/author\/emily-oliveira\/\"}]}<\/script>\n<!-- \/ Yoast SEO plugin. -->","yoast_head_json":{"title":"ALVO DA PF, BINHO GALINHA SE PRONUNCIA SOBRE SUSPEITA DE LIDERAR UMA ORGANIZA\u00c7\u00c3O CRIMINOSA - Bahia Economica","description":"O maior portal de Economia da Bahia Pol\u00edtica Bahia Economica Alvo da opera\u00e7\u00e3o 'El Patron', deflagrada pela Pol\u00edcia Federal nesta","robots":{"index":"index","follow":"follow","max-snippet":"max-snippet:-1","max-image-preview":"max-image-preview:large","max-video-preview":"max-video-preview:-1"},"canonical":"https:\/\/bahiaeconomica.com.br\/wp\/2023\/12\/07\/alvo-da-pf-binho-galinha-se-pronuncia-sobre-suspeita-de-liderar-uma-organizacao-criminosa\/","og_locale":"pt_BR","og_type":"article","og_title":"ALVO DA PF, BINHO GALINHA SE PRONUNCIA SOBRE SUSPEITA DE LIDERAR UMA ORGANIZA\u00c7\u00c3O CRIMINOSA - Bahia Economica","og_description":"O maior portal de Economia da Bahia Pol\u00edtica Bahia Economica Alvo da opera\u00e7\u00e3o 'El Patron', deflagrada pela Pol\u00edcia Federal nesta","og_url":"https:\/\/bahiaeconomica.com.br\/wp\/2023\/12\/07\/alvo-da-pf-binho-galinha-se-pronuncia-sobre-suspeita-de-liderar-uma-organizacao-criminosa\/","og_site_name":"Bahia Economica","article_publisher":"https:\/\/www.facebook.com\/bahiaeconomica","article_published_time":"2023-12-07T18:14:52+00:00","og_image":[{"width":811,"height":541,"url":"https:\/\/bahiaeconomica.com.br\/wp\/wp-content\/uploads\/2023\/12\/Binho-Galinha-se-pronuncia-apos-operacao-da-PF-con0125129100202312071355-ScaleDownProportional.webp","type":"image\/webp"}],"author":"Emily Oliveira","twitter_card":"summary_large_image","twitter_misc":{"Escrito por":"Emily Oliveira","Est. tempo de leitura":"1 minuto"},"schema":{"@context":"https:\/\/schema.org","@graph":[{"@type":"Article","@id":"https:\/\/bahiaeconomica.com.br\/wp\/2023\/12\/07\/alvo-da-pf-binho-galinha-se-pronuncia-sobre-suspeita-de-liderar-uma-organizacao-criminosa\/#article","isPartOf":{"@id":"https:\/\/bahiaeconomica.com.br\/wp\/2023\/12\/07\/alvo-da-pf-binho-galinha-se-pronuncia-sobre-suspeita-de-liderar-uma-organizacao-criminosa\/"},"author":{"name":"Emily Oliveira","@id":"https:\/\/bahiaeconomica.com.br\/wp\/#\/schema\/person\/547396bb3b39ebb828ab5807d982c42f"},"headline":"ALVO DA PF, BINHO GALINHA SE PRONUNCIA SOBRE SUSPEITA DE LIDERAR UMA ORGANIZA\u00c7\u00c3O CRIMINOSA","datePublished":"2023-12-07T18:14:52+00:00","dateModified":"2023-12-07T18:14:52+00:00","mainEntityOfPage":{"@id":"https:\/\/bahiaeconomica.com.br\/wp\/2023\/12\/07\/alvo-da-pf-binho-galinha-se-pronuncia-sobre-suspeita-de-liderar-uma-organizacao-criminosa\/"},"wordCount":218,"publisher":{"@id":"https:\/\/bahiaeconomica.com.br\/wp\/#organization"},"keywords":["alvo da pf","Bahia","binho galinha","deputado estadual","organiza\u00e7\u00e3o criminosa","Policia Federal","suspeita"],"articleSection":["Pol\u00edtica"],"inLanguage":"pt-BR"},{"@type":"WebPage","@id":"https:\/\/bahiaeconomica.com.br\/wp\/2023\/12\/07\/alvo-da-pf-binho-galinha-se-pronuncia-sobre-suspeita-de-liderar-uma-organizacao-criminosa\/","url":"https:\/\/bahiaeconomica.com.br\/wp\/2023\/12\/07\/alvo-da-pf-binho-galinha-se-pronuncia-sobre-suspeita-de-liderar-uma-organizacao-criminosa\/","name":"ALVO DA PF, BINHO GALINHA SE PRONUNCIA SOBRE SUSPEITA DE LIDERAR UMA ORGANIZA\u00c7\u00c3O CRIMINOSA - Bahia Economica","isPartOf":{"@id":"https:\/\/bahiaeconomica.com.br\/wp\/#website"},"datePublished":"2023-12-07T18:14:52+00:00","dateModified":"2023-12-07T18:14:52+00:00","description":"O maior portal de Economia da Bahia Pol\u00edtica Bahia Economica Alvo da opera\u00e7\u00e3o 'El Patron', deflagrada pela Pol\u00edcia Federal nesta","breadcrumb":{"@id":"https:\/\/bahiaeconomica.com.br\/wp\/2023\/12\/07\/alvo-da-pf-binho-galinha-se-pronuncia-sobre-suspeita-de-liderar-uma-organizacao-criminosa\/#breadcrumb"},"inLanguage":"pt-BR","potentialAction":[{"@type":"ReadAction","target":["https:\/\/bahiaeconomica.com.br\/wp\/2023\/12\/07\/alvo-da-pf-binho-galinha-se-pronuncia-sobre-suspeita-de-liderar-uma-organizacao-criminosa\/"]}]},{"@type":"BreadcrumbList","@id":"https:\/\/bahiaeconomica.com.br\/wp\/2023\/12\/07\/alvo-da-pf-binho-galinha-se-pronuncia-sobre-suspeita-de-liderar-uma-organizacao-criminosa\/#breadcrumb","itemListElement":[{"@type":"ListItem","position":1,"name":"In\u00edcio","item":"https:\/\/bahiaeconomica.com.br\/wp\/"},{"@type":"ListItem","position":2,"name":"ALVO DA PF, BINHO GALINHA SE PRONUNCIA SOBRE SUSPEITA DE LIDERAR UMA ORGANIZA\u00c7\u00c3O CRIMINOSA"}]},{"@type":"WebSite","@id":"https:\/\/bahiaeconomica.com.br\/wp\/#website","url":"https:\/\/bahiaeconomica.com.br\/wp\/","name":"Bahia Economica","description":"O maior portal de Economia da Bahia","publisher":{"@id":"https:\/\/bahiaeconomica.com.br\/wp\/#organization"},"potentialAction":[{"@type":"SearchAction","target":{"@type":"EntryPoint","urlTemplate":"https:\/\/bahiaeconomica.com.br\/wp\/?s={search_term_string}"},"query-input":"required name=search_term_string"}],"inLanguage":"pt-BR"},{"@type":"Organization","@id":"https:\/\/bahiaeconomica.com.br\/wp\/#organization","name":"Bahia Econ\u00f4mica","url":"https:\/\/bahiaeconomica.com.br\/wp\/","logo":{"@type":"ImageObject","inLanguage":"pt-BR","@id":"https:\/\/bahiaeconomica.com.br\/wp\/#\/schema\/logo\/image\/","url":"https:\/\/bahiaeconomica.com.br\/wp\/wp-content\/uploads\/2020\/12\/cropped-BE.png","contentUrl":"https:\/\/bahiaeconomica.com.br\/wp\/wp-content\/uploads\/2020\/12\/cropped-BE.png","width":512,"height":512,"caption":"Bahia Econ\u00f4mica"},"image":{"@id":"https:\/\/bahiaeconomica.com.br\/wp\/#\/schema\/logo\/image\/"},"sameAs":["https:\/\/www.facebook.com\/bahiaeconomica"]},{"@type":"Person","@id":"https:\/\/bahiaeconomica.com.br\/wp\/#\/schema\/person\/547396bb3b39ebb828ab5807d982c42f","name":"Emily Oliveira","sameAs":["https:\/\/bahiaeconomica.com.br\/wp\/"],"url":"https:\/\/bahiaeconomica.com.br\/wp\/author\/emily-oliveira\/"}]}},"views":36,"_links":{"self":[{"href":"https:\/\/bahiaeconomica.com.br\/wp\/wp-json\/wp\/v2\/posts\/782905"}],"collection":[{"href":"https:\/\/bahiaeconomica.com.br\/wp\/wp-json\/wp\/v2\/posts"}],"about":[{"href":"https:\/\/bahiaeconomica.com.br\/wp\/wp-json\/wp\/v2\/types\/post"}],"author":[{"embeddable":true,"href":"https:\/\/bahiaeconomica.com.br\/wp\/wp-json\/wp\/v2\/users\/18"}],"replies":[{"embeddable":true,"href":"https:\/\/bahiaeconomica.com.br\/wp\/wp-json\/wp\/v2\/comments?post=782905"}],"version-history":[{"count":1,"href":"https:\/\/bahiaeconomica.com.br\/wp\/wp-json\/wp\/v2\/posts\/782905\/revisions"}],"predecessor-version":[{"id":782909,"href":"https:\/\/bahiaeconomica.com.br\/wp\/wp-json\/wp\/v2\/posts\/782905\/revisions\/782909"}],"wp:featuredmedia":[{"embeddable":true,"href":"https:\/\/bahiaeconomica.com.br\/wp\/wp-json\/wp\/v2\/media\/782908"}],"wp:attachment":[{"href":"https:\/\/bahiaeconomica.com.br\/wp\/wp-json\/wp\/v2\/media?parent=782905"}],"wp:term":[{"taxonomy":"category","embeddable":true,"href":"https:\/\/bahiaeconomica.com.br\/wp\/wp-json\/wp\/v2\/categories?post=782905"},{"taxonomy":"post_tag","embeddable":true,"href":"https:\/\/bahiaeconomica.com.br\/wp\/wp-json\/wp\/v2\/tags?post=782905"}],"curies":[{"name":"wp","href":"https:\/\/api.w.org\/{rel}","templated":true}]}}