{"id":782690,"date":"2023-12-06T19:52:30","date_gmt":"2023-12-06T22:52:30","guid":{"rendered":"https:\/\/bahiaeconomica.com.br\/wp\/?p=782690"},"modified":"2023-12-06T19:41:38","modified_gmt":"2023-12-06T22:41:38","slug":"bruno-reis-volta-a-evitar-responder-sobre-as-eleicoes-de-2024-so-depois-do-carnaval","status":"publish","type":"post","link":"https:\/\/bahiaeconomica.com.br\/wp\/2023\/12\/06\/bruno-reis-volta-a-evitar-responder-sobre-as-eleicoes-de-2024-so-depois-do-carnaval\/","title":{"rendered":"BRUNO REIS VOLTA A EVITAR RESPONDER SOBRE AS ELEI\u00c7\u00d5ES DE 2024: &#8216;S\u00d3 DEPOIS DO CARNAVAL&#8217;"},"content":{"rendered":"<p>O prefeito Bruno Reis (UB), que participou nesta quarta-feira (6), da abertura da programa\u00e7\u00e3o do Natal Salvador 2023, no Centro Hist\u00f3rico, voltou a evitar responder perguntas relacionadas \u00e0s elei\u00e7\u00f5es do ano que vem e destacou que s\u00f3 vai falar de pol\u00edtica ap\u00f3s o Carnaval.<\/p>\n<p>\u201cAinda estamos no Natal. Depois do Carnaval a gente vai falar de pol\u00edtica\u201d, afirmou Bruno em coletiva. Segundo o gestor da capital baiana, ele est\u00e1 focado no presente. \u201cMinha preocupa\u00e7\u00e3o \u00e9 fazer as entregas\u201d, acrescentou.<\/p>\n<p>At\u00e9 o momento, Bruno Reis n\u00e3o se confirmou como candidato \u00e0 reelei\u00e7\u00e3o no pleito, mas declarou que respeita o grupo pol\u00edtico da oposi\u00e7\u00e3o, que tamb\u00e9m n\u00e3o definiu um candidato.<\/p>\n<section><strong>Foto: Valter Pontes\/ Secom PMS<\/strong><\/p>\n<\/section>\n","protected":false},"excerpt":{"rendered":"<p>O prefeito Bruno Reis (UB), que participou nesta quarta-feira (6), da abertura da programa\u00e7\u00e3o do Natal Salvador 2023, no Centro Hist\u00f3rico, voltou a evitar responder perguntas relacionadas \u00e0s elei\u00e7\u00f5es do ano que vem e destacou que s\u00f3 vai falar de pol\u00edtica ap\u00f3s o Carnaval. \u201cAinda estamos no Natal. Depois do Carnaval a gente vai falar [&hellip;]<\/p>\n","protected":false},"author":18,"featured_media":782694,"comment_status":"closed","ping_status":"closed","sticky":false,"template":"","format":"standard","meta":[],"categories":[14601],"tags":[166,700,10948,100,75],"acf":[],"yoast_head":"<!-- This site is optimized with the Yoast SEO plugin v20.8 - https:\/\/yoast.com\/wordpress\/plugins\/seo\/ -->\n<title>BRUNO REIS VOLTA A EVITAR RESPONDER SOBRE AS ELEI\u00c7\u00d5ES DE 2024: &#039;S\u00d3 DEPOIS DO CARNAVAL&#039; - Bahia Economica<\/title>\n<meta name=\"description\" content=\"O maior portal de Economia da Bahia Pol\u00edtica Bahia Economica O prefeito Bruno Reis (UB), que participou nesta quarta-feira (6), da abertura da\" \/>\n<meta name=\"robots\" content=\"index, follow, max-snippet:-1, max-image-preview:large, max-video-preview:-1\" \/>\n<link rel=\"canonical\" href=\"https:\/\/bahiaeconomica.com.br\/wp\/2023\/12\/06\/bruno-reis-volta-a-evitar-responder-sobre-as-eleicoes-de-2024-so-depois-do-carnaval\/\" \/>\n<meta property=\"og:locale\" content=\"pt_BR\" \/>\n<meta property=\"og:type\" content=\"article\" \/>\n<meta property=\"og:title\" content=\"BRUNO REIS VOLTA A EVITAR RESPONDER SOBRE AS ELEI\u00c7\u00d5ES DE 2024: &#039;S\u00d3 DEPOIS DO CARNAVAL&#039; - Bahia Economica\" \/>\n<meta property=\"og:description\" content=\"O maior portal de Economia da Bahia Pol\u00edtica Bahia Economica O prefeito Bruno Reis (UB), que participou nesta quarta-feira (6), da abertura da\" \/>\n<meta property=\"og:url\" content=\"https:\/\/bahiaeconomica.com.br\/wp\/2023\/12\/06\/bruno-reis-volta-a-evitar-responder-sobre-as-eleicoes-de-2024-so-depois-do-carnaval\/\" \/>\n<meta property=\"og:site_name\" content=\"Bahia Economica\" \/>\n<meta property=\"article:publisher\" content=\"https:\/\/www.facebook.com\/bahiaeconomica\" \/>\n<meta property=\"article:published_time\" content=\"2023-12-06T22:52:30+00:00\" \/>\n<meta property=\"article:modified_time\" content=\"2023-12-06T22:41:38+00:00\" \/>\n<meta property=\"og:image\" content=\"https:\/\/bahiaeconomica.com.br\/wp\/wp-content\/uploads\/2023\/12\/WhatsApp-Image-2023-11-30-at-12.58.34.webp\" \/>\n\t<meta property=\"og:image:width\" content=\"1600\" \/>\n\t<meta property=\"og:image:height\" content=\"1067\" \/>\n\t<meta property=\"og:image:type\" content=\"image\/webp\" \/>\n<meta name=\"author\" content=\"Emily Oliveira\" \/>\n<meta name=\"twitter:card\" content=\"summary_large_image\" \/>\n<meta name=\"twitter:label1\" content=\"Escrito por\" \/>\n\t<meta name=\"twitter:data1\" content=\"Emily Oliveira\" \/>\n\t<meta name=\"twitter:label2\" content=\"Est. tempo de leitura\" \/>\n\t<meta name=\"twitter:data2\" content=\"1 minuto\" \/>\n<script type=\"application\/ld+json\" class=\"yoast-schema-graph\">{\"@context\":\"https:\/\/schema.org\",\"@graph\":[{\"@type\":\"Article\",\"@id\":\"https:\/\/bahiaeconomica.com.br\/wp\/2023\/12\/06\/bruno-reis-volta-a-evitar-responder-sobre-as-eleicoes-de-2024-so-depois-do-carnaval\/#article\",\"isPartOf\":{\"@id\":\"https:\/\/bahiaeconomica.com.br\/wp\/2023\/12\/06\/bruno-reis-volta-a-evitar-responder-sobre-as-eleicoes-de-2024-so-depois-do-carnaval\/\"},\"author\":{\"name\":\"Emily Oliveira\",\"@id\":\"https:\/\/bahiaeconomica.com.br\/wp\/#\/schema\/person\/547396bb3b39ebb828ab5807d982c42f\"},\"headline\":\"BRUNO REIS VOLTA A EVITAR RESPONDER SOBRE AS ELEI\u00c7\u00d5ES DE 2024: &#8216;S\u00d3 DEPOIS DO CARNAVAL&#8217;\",\"datePublished\":\"2023-12-06T22:52:30+00:00\",\"dateModified\":\"2023-12-06T22:41:38+00:00\",\"mainEntityOfPage\":{\"@id\":\"https:\/\/bahiaeconomica.com.br\/wp\/2023\/12\/06\/bruno-reis-volta-a-evitar-responder-sobre-as-eleicoes-de-2024-so-depois-do-carnaval\/\"},\"wordCount\":137,\"publisher\":{\"@id\":\"https:\/\/bahiaeconomica.com.br\/wp\/#organization\"},\"keywords\":[\"Bruno Reis\",\"eleicoes\",\"ELEI\u00c7\u00d5ES 2024\",\"Pol\u00edtica\",\"Prefeitura de Salvador\"],\"articleSection\":[\"Pol\u00edtica\"],\"inLanguage\":\"pt-BR\"},{\"@type\":\"WebPage\",\"@id\":\"https:\/\/bahiaeconomica.com.br\/wp\/2023\/12\/06\/bruno-reis-volta-a-evitar-responder-sobre-as-eleicoes-de-2024-so-depois-do-carnaval\/\",\"url\":\"https:\/\/bahiaeconomica.com.br\/wp\/2023\/12\/06\/bruno-reis-volta-a-evitar-responder-sobre-as-eleicoes-de-2024-so-depois-do-carnaval\/\",\"name\":\"BRUNO REIS VOLTA A EVITAR RESPONDER SOBRE AS ELEI\u00c7\u00d5ES DE 2024: 'S\u00d3 DEPOIS DO CARNAVAL' - Bahia Economica\",\"isPartOf\":{\"@id\":\"https:\/\/bahiaeconomica.com.br\/wp\/#website\"},\"datePublished\":\"2023-12-06T22:52:30+00:00\",\"dateModified\":\"2023-12-06T22:41:38+00:00\",\"description\":\"O maior portal de Economia da Bahia Pol\u00edtica Bahia Economica O prefeito Bruno Reis (UB), que participou nesta quarta-feira (6), da abertura da\",\"breadcrumb\":{\"@id\":\"https:\/\/bahiaeconomica.com.br\/wp\/2023\/12\/06\/bruno-reis-volta-a-evitar-responder-sobre-as-eleicoes-de-2024-so-depois-do-carnaval\/#breadcrumb\"},\"inLanguage\":\"pt-BR\",\"potentialAction\":[{\"@type\":\"ReadAction\",\"target\":[\"https:\/\/bahiaeconomica.com.br\/wp\/2023\/12\/06\/bruno-reis-volta-a-evitar-responder-sobre-as-eleicoes-de-2024-so-depois-do-carnaval\/\"]}]},{\"@type\":\"BreadcrumbList\",\"@id\":\"https:\/\/bahiaeconomica.com.br\/wp\/2023\/12\/06\/bruno-reis-volta-a-evitar-responder-sobre-as-eleicoes-de-2024-so-depois-do-carnaval\/#breadcrumb\",\"itemListElement\":[{\"@type\":\"ListItem\",\"position\":1,\"name\":\"In\u00edcio\",\"item\":\"https:\/\/bahiaeconomica.com.br\/wp\/\"},{\"@type\":\"ListItem\",\"position\":2,\"name\":\"BRUNO REIS VOLTA A EVITAR RESPONDER SOBRE AS ELEI\u00c7\u00d5ES DE 2024: &#8216;S\u00d3 DEPOIS DO CARNAVAL&#8217;\"}]},{\"@type\":\"WebSite\",\"@id\":\"https:\/\/bahiaeconomica.com.br\/wp\/#website\",\"url\":\"https:\/\/bahiaeconomica.com.br\/wp\/\",\"name\":\"Bahia Economica\",\"description\":\"O maior portal de Economia da Bahia\",\"publisher\":{\"@id\":\"https:\/\/bahiaeconomica.com.br\/wp\/#organization\"},\"potentialAction\":[{\"@type\":\"SearchAction\",\"target\":{\"@type\":\"EntryPoint\",\"urlTemplate\":\"https:\/\/bahiaeconomica.com.br\/wp\/?s={search_term_string}\"},\"query-input\":\"required name=search_term_string\"}],\"inLanguage\":\"pt-BR\"},{\"@type\":\"Organization\",\"@id\":\"https:\/\/bahiaeconomica.com.br\/wp\/#organization\",\"name\":\"Bahia Econ\u00f4mica\",\"url\":\"https:\/\/bahiaeconomica.com.br\/wp\/\",\"logo\":{\"@type\":\"ImageObject\",\"inLanguage\":\"pt-BR\",\"@id\":\"https:\/\/bahiaeconomica.com.br\/wp\/#\/schema\/logo\/image\/\",\"url\":\"https:\/\/bahiaeconomica.com.br\/wp\/wp-content\/uploads\/2020\/12\/cropped-BE.png\",\"contentUrl\":\"https:\/\/bahiaeconomica.com.br\/wp\/wp-content\/uploads\/2020\/12\/cropped-BE.png\",\"width\":512,\"height\":512,\"caption\":\"Bahia Econ\u00f4mica\"},\"image\":{\"@id\":\"https:\/\/bahiaeconomica.com.br\/wp\/#\/schema\/logo\/image\/\"},\"sameAs\":[\"https:\/\/www.facebook.com\/bahiaeconomica\"]},{\"@type\":\"Person\",\"@id\":\"https:\/\/bahiaeconomica.com.br\/wp\/#\/schema\/person\/547396bb3b39ebb828ab5807d982c42f\",\"name\":\"Emily Oliveira\",\"sameAs\":[\"https:\/\/bahiaeconomica.com.br\/wp\/\"],\"url\":\"https:\/\/bahiaeconomica.com.br\/wp\/author\/emily-oliveira\/\"}]}<\/script>\n<!-- \/ Yoast SEO plugin. -->","yoast_head_json":{"title":"BRUNO REIS VOLTA A EVITAR RESPONDER SOBRE AS ELEI\u00c7\u00d5ES DE 2024: 'S\u00d3 DEPOIS DO CARNAVAL' - Bahia Economica","description":"O maior portal de Economia da Bahia Pol\u00edtica Bahia Economica O prefeito Bruno Reis (UB), que participou nesta quarta-feira (6), da abertura da","robots":{"index":"index","follow":"follow","max-snippet":"max-snippet:-1","max-image-preview":"max-image-preview:large","max-video-preview":"max-video-preview:-1"},"canonical":"https:\/\/bahiaeconomica.com.br\/wp\/2023\/12\/06\/bruno-reis-volta-a-evitar-responder-sobre-as-eleicoes-de-2024-so-depois-do-carnaval\/","og_locale":"pt_BR","og_type":"article","og_title":"BRUNO REIS VOLTA A EVITAR RESPONDER SOBRE AS ELEI\u00c7\u00d5ES DE 2024: 'S\u00d3 DEPOIS DO CARNAVAL' - Bahia Economica","og_description":"O maior portal de Economia da Bahia Pol\u00edtica Bahia Economica O prefeito Bruno Reis (UB), que participou nesta quarta-feira (6), da abertura da","og_url":"https:\/\/bahiaeconomica.com.br\/wp\/2023\/12\/06\/bruno-reis-volta-a-evitar-responder-sobre-as-eleicoes-de-2024-so-depois-do-carnaval\/","og_site_name":"Bahia Economica","article_publisher":"https:\/\/www.facebook.com\/bahiaeconomica","article_published_time":"2023-12-06T22:52:30+00:00","article_modified_time":"2023-12-06T22:41:38+00:00","og_image":[{"width":1600,"height":1067,"url":"https:\/\/bahiaeconomica.com.br\/wp\/wp-content\/uploads\/2023\/12\/WhatsApp-Image-2023-11-30-at-12.58.34.webp","type":"image\/webp"}],"author":"Emily Oliveira","twitter_card":"summary_large_image","twitter_misc":{"Escrito por":"Emily Oliveira","Est. tempo de leitura":"1 minuto"},"schema":{"@context":"https:\/\/schema.org","@graph":[{"@type":"Article","@id":"https:\/\/bahiaeconomica.com.br\/wp\/2023\/12\/06\/bruno-reis-volta-a-evitar-responder-sobre-as-eleicoes-de-2024-so-depois-do-carnaval\/#article","isPartOf":{"@id":"https:\/\/bahiaeconomica.com.br\/wp\/2023\/12\/06\/bruno-reis-volta-a-evitar-responder-sobre-as-eleicoes-de-2024-so-depois-do-carnaval\/"},"author":{"name":"Emily Oliveira","@id":"https:\/\/bahiaeconomica.com.br\/wp\/#\/schema\/person\/547396bb3b39ebb828ab5807d982c42f"},"headline":"BRUNO REIS VOLTA A EVITAR RESPONDER SOBRE AS ELEI\u00c7\u00d5ES DE 2024: &#8216;S\u00d3 DEPOIS DO CARNAVAL&#8217;","datePublished":"2023-12-06T22:52:30+00:00","dateModified":"2023-12-06T22:41:38+00:00","mainEntityOfPage":{"@id":"https:\/\/bahiaeconomica.com.br\/wp\/2023\/12\/06\/bruno-reis-volta-a-evitar-responder-sobre-as-eleicoes-de-2024-so-depois-do-carnaval\/"},"wordCount":137,"publisher":{"@id":"https:\/\/bahiaeconomica.com.br\/wp\/#organization"},"keywords":["Bruno Reis","eleicoes","ELEI\u00c7\u00d5ES 2024","Pol\u00edtica","Prefeitura de Salvador"],"articleSection":["Pol\u00edtica"],"inLanguage":"pt-BR"},{"@type":"WebPage","@id":"https:\/\/bahiaeconomica.com.br\/wp\/2023\/12\/06\/bruno-reis-volta-a-evitar-responder-sobre-as-eleicoes-de-2024-so-depois-do-carnaval\/","url":"https:\/\/bahiaeconomica.com.br\/wp\/2023\/12\/06\/bruno-reis-volta-a-evitar-responder-sobre-as-eleicoes-de-2024-so-depois-do-carnaval\/","name":"BRUNO REIS VOLTA A EVITAR RESPONDER SOBRE AS ELEI\u00c7\u00d5ES DE 2024: 'S\u00d3 DEPOIS DO CARNAVAL' - Bahia Economica","isPartOf":{"@id":"https:\/\/bahiaeconomica.com.br\/wp\/#website"},"datePublished":"2023-12-06T22:52:30+00:00","dateModified":"2023-12-06T22:41:38+00:00","description":"O maior portal de Economia da Bahia Pol\u00edtica Bahia Economica O prefeito Bruno Reis (UB), que participou nesta quarta-feira (6), da abertura da","breadcrumb":{"@id":"https:\/\/bahiaeconomica.com.br\/wp\/2023\/12\/06\/bruno-reis-volta-a-evitar-responder-sobre-as-eleicoes-de-2024-so-depois-do-carnaval\/#breadcrumb"},"inLanguage":"pt-BR","potentialAction":[{"@type":"ReadAction","target":["https:\/\/bahiaeconomica.com.br\/wp\/2023\/12\/06\/bruno-reis-volta-a-evitar-responder-sobre-as-eleicoes-de-2024-so-depois-do-carnaval\/"]}]},{"@type":"BreadcrumbList","@id":"https:\/\/bahiaeconomica.com.br\/wp\/2023\/12\/06\/bruno-reis-volta-a-evitar-responder-sobre-as-eleicoes-de-2024-so-depois-do-carnaval\/#breadcrumb","itemListElement":[{"@type":"ListItem","position":1,"name":"In\u00edcio","item":"https:\/\/bahiaeconomica.com.br\/wp\/"},{"@type":"ListItem","position":2,"name":"BRUNO REIS VOLTA A EVITAR RESPONDER SOBRE AS ELEI\u00c7\u00d5ES DE 2024: &#8216;S\u00d3 DEPOIS DO CARNAVAL&#8217;"}]},{"@type":"WebSite","@id":"https:\/\/bahiaeconomica.com.br\/wp\/#website","url":"https:\/\/bahiaeconomica.com.br\/wp\/","name":"Bahia Economica","description":"O maior portal de Economia da Bahia","publisher":{"@id":"https:\/\/bahiaeconomica.com.br\/wp\/#organization"},"potentialAction":[{"@type":"SearchAction","target":{"@type":"EntryPoint","urlTemplate":"https:\/\/bahiaeconomica.com.br\/wp\/?s={search_term_string}"},"query-input":"required name=search_term_string"}],"inLanguage":"pt-BR"},{"@type":"Organization","@id":"https:\/\/bahiaeconomica.com.br\/wp\/#organization","name":"Bahia Econ\u00f4mica","url":"https:\/\/bahiaeconomica.com.br\/wp\/","logo":{"@type":"ImageObject","inLanguage":"pt-BR","@id":"https:\/\/bahiaeconomica.com.br\/wp\/#\/schema\/logo\/image\/","url":"https:\/\/bahiaeconomica.com.br\/wp\/wp-content\/uploads\/2020\/12\/cropped-BE.png","contentUrl":"https:\/\/bahiaeconomica.com.br\/wp\/wp-content\/uploads\/2020\/12\/cropped-BE.png","width":512,"height":512,"caption":"Bahia Econ\u00f4mica"},"image":{"@id":"https:\/\/bahiaeconomica.com.br\/wp\/#\/schema\/logo\/image\/"},"sameAs":["https:\/\/www.facebook.com\/bahiaeconomica"]},{"@type":"Person","@id":"https:\/\/bahiaeconomica.com.br\/wp\/#\/schema\/person\/547396bb3b39ebb828ab5807d982c42f","name":"Emily Oliveira","sameAs":["https:\/\/bahiaeconomica.com.br\/wp\/"],"url":"https:\/\/bahiaeconomica.com.br\/wp\/author\/emily-oliveira\/"}]}},"views":13,"_links":{"self":[{"href":"https:\/\/bahiaeconomica.com.br\/wp\/wp-json\/wp\/v2\/posts\/782690"}],"collection":[{"href":"https:\/\/bahiaeconomica.com.br\/wp\/wp-json\/wp\/v2\/posts"}],"about":[{"href":"https:\/\/bahiaeconomica.com.br\/wp\/wp-json\/wp\/v2\/types\/post"}],"author":[{"embeddable":true,"href":"https:\/\/bahiaeconomica.com.br\/wp\/wp-json\/wp\/v2\/users\/18"}],"replies":[{"embeddable":true,"href":"https:\/\/bahiaeconomica.com.br\/wp\/wp-json\/wp\/v2\/comments?post=782690"}],"version-history":[{"count":1,"href":"https:\/\/bahiaeconomica.com.br\/wp\/wp-json\/wp\/v2\/posts\/782690\/revisions"}],"predecessor-version":[{"id":782695,"href":"https:\/\/bahiaeconomica.com.br\/wp\/wp-json\/wp\/v2\/posts\/782690\/revisions\/782695"}],"wp:featuredmedia":[{"embeddable":true,"href":"https:\/\/bahiaeconomica.com.br\/wp\/wp-json\/wp\/v2\/media\/782694"}],"wp:attachment":[{"href":"https:\/\/bahiaeconomica.com.br\/wp\/wp-json\/wp\/v2\/media?parent=782690"}],"wp:term":[{"taxonomy":"category","embeddable":true,"href":"https:\/\/bahiaeconomica.com.br\/wp\/wp-json\/wp\/v2\/categories?post=782690"},{"taxonomy":"post_tag","embeddable":true,"href":"https:\/\/bahiaeconomica.com.br\/wp\/wp-json\/wp\/v2\/tags?post=782690"}],"curies":[{"name":"wp","href":"https:\/\/api.w.org\/{rel}","templated":true}]}}