{"id":782474,"date":"2023-12-06T07:19:30","date_gmt":"2023-12-06T10:19:30","guid":{"rendered":"https:\/\/bahiaeconomica.com.br\/wp\/?p=782474"},"modified":"2023-12-06T07:58:48","modified_gmt":"2023-12-06T10:58:48","slug":"calendario-2024-ganha-lancamento-e-celebra-a-fotografia-feminina-de-12-fotografas","status":"publish","type":"post","link":"https:\/\/bahiaeconomica.com.br\/wp\/2023\/12\/06\/calendario-2024-ganha-lancamento-e-celebra-a-fotografia-feminina-de-12-fotografas\/","title":{"rendered":"\u201cCALEND\u00c1RIO 2024\u201d GANHA LAN\u00c7AMENTO E CELEBRA A FOTOGRAFIA FEMININA DE 12 FOT\u00d3GRAFAS"},"content":{"rendered":"<p>Sob o olhar sens\u00edvel e afetuoso, com doses de mem\u00f3ria e afeto, surgem registros impressos assinados por 12 protagonistas da fotografia baiana &#8211;\u00a0 Alba Vasconcelos; C\u00e9lia Aguiar; Edivalma Santana; Holanda Cavalcanti; I\u00eada Marques; Isabel Gouv\u00eaa; L\u00facia Correia Lima; Lucy Lins; Maria Sampaio (em mem\u00f3ria); M\u00f4nica Sim\u00f5es; Rosa Leiro e Shirley Stolze \u2013 que s\u00e3o as fot\u00f3grafas do Calend\u00e1rio_2024. Lan\u00e7ado pela primeira vez, h\u00e1 34 anos atr\u00e1s, no ano de 1990, com o mesmo time de profissionais, revivendo a arte atrav\u00e9s das imagens, elas est\u00e3o de volta para lan\u00e7ar a nova edi\u00e7\u00e3o na noite do dia 11 de dezembro, segunda-feira, \u00e0s 19h, no novo espa\u00e7o cultural da capital baiana, Piv\u00f4 Salvador, na antiga casa do pintor Presciliano Silva, localizada no Boulevard Sui\u00e7o, 11 A, Campo da P\u00f3lvora.<\/p>\n<p>Esta casa que j\u00e1 foi cen\u00e1rio de muitas cenas culturais; nos anos 30 com seus saraus l\u00edtero-musicais; ber\u00e7o da tropic\u00e1lia nos anos 60; o lend\u00e1rio Atelier Bar, nos anos 80 e cen\u00e1rio do filme Um Casamento, em 2015; permanece no imagin\u00e1rio de quem a conhece e foi agora escolhida para sediar a filial do Piv\u00f4, institui\u00e7\u00e3o cultural que existe h\u00e1 10 anos, em franca efervesc\u00eancia, no mezzanino do ic\u00f4nico Edif\u00edcio Copan, no centro de S\u00e3o Paulo. A Proposta do Piv\u00f4 Salvador \u00e9 que a Casa siga como plataforma de pesquisa e de interc\u00e2mbio de arte e cultura nacional e internacional. Produzido e conduzido, mais uma vez, pela dupla de amigas Lucy Lins e M\u00f4nica Sim\u00f5es, o projeto tem design de Dinha Ferreiro e a parceria da Bigraf, respons\u00e1vel tamb\u00e9m pela impress\u00e3o do Calend\u00e1rio_1990. Com uma tiragem de 500 exemplares, o Calend\u00e1rio_2024 tem como um dos objetivos, atualizar as imagens e narrativas das 12 fot\u00f3grafas, com fotos em P&amp;B, estampando os 12 meses do novo ano com registros e temas variados, seguindo uma linha autoral, em tempos distintos, de ontem e hoje.<\/p>\n<p>Uma das imagens da fot\u00f3grafa, documentarista e roteirista, M\u00f4nica Sim\u00f5es, intitulada de \u2018Talism\u00e3\u2019, \u00e9 muito valiosa para a profissional. \u201cEsta fotografia tem um significado muito grande para mim. Primeiro o prazer deste encontro, ao acaso, flanando pelas ruas de Havana e depois porque se tornou meu s\u00edmbolo da sorte nesta viagem t\u00e3o cheia de significados e transforma\u00e7\u00f5es na minha vida&#8221;, destaca Sim\u00f5es. J\u00e1 Lucy Lins, fot\u00f3grafa e psic\u00f3loga, atrav\u00e9s da obra \u2018Plena\u2019, revelou que sua captura traz a plenitude da presen\u00e7a, eternizando o momento de intimidade, espontaneidade e abertura. \u201cSigo 2024 com a inspira\u00e7\u00e3o de receber e transver o mundo com esse olhar\u201d, diz. \u201cO foco do meu olhar sempre foi o bioma Caatinga. Na edi\u00e7\u00e3o de 1993 escolhi a fotografia de uma cozinha rural. Nesta segunda edi\u00e7\u00e3o, que novamente agrade\u00e7o \u00e0s produtoras Lucy Lins e M\u00f4nica Sim\u00f5es pelo convite, apresento uma imagem constru\u00edda a partir de grandes perdas.\u201d Estas s\u00e3o as palavras de I\u00eada Oliveira que continua morando e fotografando na Chapada Diamantina. Com o foco tamb\u00e9m na geografia das cidades temos o trabalho da fot\u00f3grafa Edivalma Santana: \u201cDesde quando M\u00f4nica Sim\u00f5es me fez o convite propondo nova edi\u00e7\u00e3o do Calend\u00e1rio, fui tomada de um enorme prazer. Disponibilizei o que no meu trabalho autoral, expressa o meu amor pela cidade de Salvador.\u201d<\/p>\n<p>Com bagagem fotogr\u00e1fica desde a d\u00e9cada de 1970, Isabel Gouv\u00eaa batizou sua imagem \u2018Devir\u2019, uma coreografia, como homenagem redobrada ao Bal\u00e9 do Teatro Castro Alves, o qual fotografou por tr\u00eas d\u00e9cadas. \u201cNa imagem, bailarinos na coreografia Devir traz um conceito filos\u00f3fico associado \u00e0 ideia do movimento permanente pelo qual as coisas e as pessoas passam de um estado para outro, transformando-se. O Devir \u00e9 a lan\u00e7a que \u00e9 lan\u00e7ada para outro lugar esperando que algu\u00e9m a encontre e a arremessa novamente, como o voo dos bailarinos\u201d, finaliza a fot\u00f3grafa.<\/p>\n<p>Com entrada franca, a noite do lan\u00e7amento contar\u00e1 com gastronomia assinada pelo restaurante La Taperia, do chef Jos\u00e9 Morchon e de sua companheira Juli Holler, comercializando suas del\u00edcias, embalada pela trilha sonora contagiante do DJ Pinduka e show imperd\u00edvel do grupo instrumental Garagem, formado pelo trio Rowney Scott (sax), Ivan Bastos (baixo) e Ivan Huol (bateria), com participa\u00e7\u00e3o dos amigos parceiros Mou Brasil (guitarra) e Luizinho Assis (piano).<\/p>\n<p>Foto: divulga\u00e7\u00e3o<\/p>\n","protected":false},"excerpt":{"rendered":"<p>Sob o olhar sens\u00edvel e afetuoso, com doses de mem\u00f3ria e afeto, surgem registros impressos assinados por 12 protagonistas da fotografia baiana &#8211;\u00a0 Alba Vasconcelos; C\u00e9lia Aguiar; Edivalma Santana; Holanda Cavalcanti; I\u00eada Marques; Isabel Gouv\u00eaa; L\u00facia Correia Lima; Lucy Lins; Maria Sampaio (em mem\u00f3ria); M\u00f4nica Sim\u00f5es; Rosa Leiro e Shirley Stolze \u2013 que s\u00e3o as [&hellip;]<\/p>\n","protected":false},"author":8,"featured_media":782476,"comment_status":"closed","ping_status":"closed","sticky":false,"template":"","format":"standard","meta":[],"categories":[4],"tags":[52,1286,100],"acf":[],"yoast_head":"<!-- This site is optimized with the Yoast SEO plugin v20.8 - https:\/\/yoast.com\/wordpress\/plugins\/seo\/ -->\n<title>\u201cCALEND\u00c1RIO 2024\u201d GANHA LAN\u00c7AMENTO E CELEBRA A FOTOGRAFIA FEMININA DE 12 FOT\u00d3GRAFAS - Bahia Economica<\/title>\n<meta name=\"description\" content=\"O maior portal de Economia da Bahia ENTRETENIMENTO Bahia Economica com participa\u00e7\u00e3o dos amigos parceiros Mou Brasil (guitarra) e Luizinho Assis (piano)\" \/>\n<meta name=\"robots\" content=\"index, follow, max-snippet:-1, max-image-preview:large, max-video-preview:-1\" \/>\n<link rel=\"canonical\" href=\"https:\/\/bahiaeconomica.com.br\/wp\/2023\/12\/06\/calendario-2024-ganha-lancamento-e-celebra-a-fotografia-feminina-de-12-fotografas\/\" \/>\n<meta property=\"og:locale\" content=\"pt_BR\" \/>\n<meta property=\"og:type\" content=\"article\" \/>\n<meta property=\"og:title\" content=\"\u201cCALEND\u00c1RIO 2024\u201d GANHA LAN\u00c7AMENTO E CELEBRA A FOTOGRAFIA FEMININA DE 12 FOT\u00d3GRAFAS - Bahia Economica\" \/>\n<meta property=\"og:description\" content=\"O maior portal de Economia da Bahia ENTRETENIMENTO Bahia Economica com participa\u00e7\u00e3o dos amigos parceiros Mou Brasil (guitarra) e Luizinho Assis (piano)\" \/>\n<meta property=\"og:url\" content=\"https:\/\/bahiaeconomica.com.br\/wp\/2023\/12\/06\/calendario-2024-ganha-lancamento-e-celebra-a-fotografia-feminina-de-12-fotografas\/\" \/>\n<meta property=\"og:site_name\" content=\"Bahia Economica\" \/>\n<meta property=\"article:publisher\" content=\"https:\/\/www.facebook.com\/bahiaeconomica\" \/>\n<meta property=\"article:published_time\" content=\"2023-12-06T10:19:30+00:00\" \/>\n<meta property=\"article:modified_time\" content=\"2023-12-06T10:58:48+00:00\" \/>\n<meta property=\"og:image\" content=\"https:\/\/bahiaeconomica.com.br\/wp\/wp-content\/uploads\/2023\/12\/8-Lucy-Lins-PLENA-1988-Brooklyn-NY-1024x737.jpg\" \/>\n\t<meta property=\"og:image:width\" content=\"1024\" \/>\n\t<meta property=\"og:image:height\" content=\"737\" \/>\n\t<meta property=\"og:image:type\" content=\"image\/jpeg\" \/>\n<meta name=\"author\" content=\"JP\" \/>\n<meta name=\"twitter:card\" content=\"summary_large_image\" \/>\n<meta name=\"twitter:label1\" content=\"Escrito por\" \/>\n\t<meta name=\"twitter:data1\" content=\"JP\" \/>\n\t<meta name=\"twitter:label2\" content=\"Est. tempo de leitura\" \/>\n\t<meta name=\"twitter:data2\" content=\"4 minutos\" \/>\n<script type=\"application\/ld+json\" class=\"yoast-schema-graph\">{\"@context\":\"https:\/\/schema.org\",\"@graph\":[{\"@type\":\"Article\",\"@id\":\"https:\/\/bahiaeconomica.com.br\/wp\/2023\/12\/06\/calendario-2024-ganha-lancamento-e-celebra-a-fotografia-feminina-de-12-fotografas\/#article\",\"isPartOf\":{\"@id\":\"https:\/\/bahiaeconomica.com.br\/wp\/2023\/12\/06\/calendario-2024-ganha-lancamento-e-celebra-a-fotografia-feminina-de-12-fotografas\/\"},\"author\":{\"name\":\"JP\",\"@id\":\"https:\/\/bahiaeconomica.com.br\/wp\/#\/schema\/person\/c86d3a3f8960425a0f9d0e5245991f4e\"},\"headline\":\"\u201cCALEND\u00c1RIO 2024\u201d GANHA LAN\u00c7AMENTO E CELEBRA A FOTOGRAFIA FEMININA DE 12 FOT\u00d3GRAFAS\",\"datePublished\":\"2023-12-06T10:19:30+00:00\",\"dateModified\":\"2023-12-06T10:58:48+00:00\",\"mainEntityOfPage\":{\"@id\":\"https:\/\/bahiaeconomica.com.br\/wp\/2023\/12\/06\/calendario-2024-ganha-lancamento-e-celebra-a-fotografia-feminina-de-12-fotografas\/\"},\"wordCount\":755,\"publisher\":{\"@id\":\"https:\/\/bahiaeconomica.com.br\/wp\/#organization\"},\"keywords\":[\"Brasil\",\"foto\",\"Pol\u00edtica\"],\"articleSection\":[\"ENTRETENIMENTO\"],\"inLanguage\":\"pt-BR\"},{\"@type\":\"WebPage\",\"@id\":\"https:\/\/bahiaeconomica.com.br\/wp\/2023\/12\/06\/calendario-2024-ganha-lancamento-e-celebra-a-fotografia-feminina-de-12-fotografas\/\",\"url\":\"https:\/\/bahiaeconomica.com.br\/wp\/2023\/12\/06\/calendario-2024-ganha-lancamento-e-celebra-a-fotografia-feminina-de-12-fotografas\/\",\"name\":\"\u201cCALEND\u00c1RIO 2024\u201d GANHA LAN\u00c7AMENTO E CELEBRA A FOTOGRAFIA FEMININA DE 12 FOT\u00d3GRAFAS - Bahia Economica\",\"isPartOf\":{\"@id\":\"https:\/\/bahiaeconomica.com.br\/wp\/#website\"},\"datePublished\":\"2023-12-06T10:19:30+00:00\",\"dateModified\":\"2023-12-06T10:58:48+00:00\",\"description\":\"O maior portal de Economia da Bahia ENTRETENIMENTO Bahia Economica com participa\u00e7\u00e3o dos amigos parceiros Mou Brasil (guitarra) e Luizinho Assis (piano)\",\"breadcrumb\":{\"@id\":\"https:\/\/bahiaeconomica.com.br\/wp\/2023\/12\/06\/calendario-2024-ganha-lancamento-e-celebra-a-fotografia-feminina-de-12-fotografas\/#breadcrumb\"},\"inLanguage\":\"pt-BR\",\"potentialAction\":[{\"@type\":\"ReadAction\",\"target\":[\"https:\/\/bahiaeconomica.com.br\/wp\/2023\/12\/06\/calendario-2024-ganha-lancamento-e-celebra-a-fotografia-feminina-de-12-fotografas\/\"]}]},{\"@type\":\"BreadcrumbList\",\"@id\":\"https:\/\/bahiaeconomica.com.br\/wp\/2023\/12\/06\/calendario-2024-ganha-lancamento-e-celebra-a-fotografia-feminina-de-12-fotografas\/#breadcrumb\",\"itemListElement\":[{\"@type\":\"ListItem\",\"position\":1,\"name\":\"In\u00edcio\",\"item\":\"https:\/\/bahiaeconomica.com.br\/wp\/\"},{\"@type\":\"ListItem\",\"position\":2,\"name\":\"\u201cCALEND\u00c1RIO 2024\u201d GANHA LAN\u00c7AMENTO E CELEBRA A FOTOGRAFIA FEMININA DE 12 FOT\u00d3GRAFAS\"}]},{\"@type\":\"WebSite\",\"@id\":\"https:\/\/bahiaeconomica.com.br\/wp\/#website\",\"url\":\"https:\/\/bahiaeconomica.com.br\/wp\/\",\"name\":\"Bahia Economica\",\"description\":\"O maior portal de Economia da Bahia\",\"publisher\":{\"@id\":\"https:\/\/bahiaeconomica.com.br\/wp\/#organization\"},\"potentialAction\":[{\"@type\":\"SearchAction\",\"target\":{\"@type\":\"EntryPoint\",\"urlTemplate\":\"https:\/\/bahiaeconomica.com.br\/wp\/?s={search_term_string}\"},\"query-input\":\"required name=search_term_string\"}],\"inLanguage\":\"pt-BR\"},{\"@type\":\"Organization\",\"@id\":\"https:\/\/bahiaeconomica.com.br\/wp\/#organization\",\"name\":\"Bahia Econ\u00f4mica\",\"url\":\"https:\/\/bahiaeconomica.com.br\/wp\/\",\"logo\":{\"@type\":\"ImageObject\",\"inLanguage\":\"pt-BR\",\"@id\":\"https:\/\/bahiaeconomica.com.br\/wp\/#\/schema\/logo\/image\/\",\"url\":\"https:\/\/bahiaeconomica.com.br\/wp\/wp-content\/uploads\/2020\/12\/cropped-BE.png\",\"contentUrl\":\"https:\/\/bahiaeconomica.com.br\/wp\/wp-content\/uploads\/2020\/12\/cropped-BE.png\",\"width\":512,\"height\":512,\"caption\":\"Bahia Econ\u00f4mica\"},\"image\":{\"@id\":\"https:\/\/bahiaeconomica.com.br\/wp\/#\/schema\/logo\/image\/\"},\"sameAs\":[\"https:\/\/www.facebook.com\/bahiaeconomica\"]},{\"@type\":\"Person\",\"@id\":\"https:\/\/bahiaeconomica.com.br\/wp\/#\/schema\/person\/c86d3a3f8960425a0f9d0e5245991f4e\",\"name\":\"JP\",\"sameAs\":[\"https:\/\/bahiaeconomica.com.br\/wp\/beta\/\"],\"url\":\"https:\/\/bahiaeconomica.com.br\/wp\/author\/jp\/\"}]}<\/script>\n<!-- \/ Yoast SEO plugin. -->","yoast_head_json":{"title":"\u201cCALEND\u00c1RIO 2024\u201d GANHA LAN\u00c7AMENTO E CELEBRA A FOTOGRAFIA FEMININA DE 12 FOT\u00d3GRAFAS - Bahia Economica","description":"O maior portal de Economia da Bahia ENTRETENIMENTO Bahia Economica com participa\u00e7\u00e3o dos amigos parceiros Mou Brasil (guitarra) e Luizinho Assis (piano)","robots":{"index":"index","follow":"follow","max-snippet":"max-snippet:-1","max-image-preview":"max-image-preview:large","max-video-preview":"max-video-preview:-1"},"canonical":"https:\/\/bahiaeconomica.com.br\/wp\/2023\/12\/06\/calendario-2024-ganha-lancamento-e-celebra-a-fotografia-feminina-de-12-fotografas\/","og_locale":"pt_BR","og_type":"article","og_title":"\u201cCALEND\u00c1RIO 2024\u201d GANHA LAN\u00c7AMENTO E CELEBRA A FOTOGRAFIA FEMININA DE 12 FOT\u00d3GRAFAS - Bahia Economica","og_description":"O maior portal de Economia da Bahia ENTRETENIMENTO Bahia Economica com participa\u00e7\u00e3o dos amigos parceiros Mou Brasil (guitarra) e Luizinho Assis (piano)","og_url":"https:\/\/bahiaeconomica.com.br\/wp\/2023\/12\/06\/calendario-2024-ganha-lancamento-e-celebra-a-fotografia-feminina-de-12-fotografas\/","og_site_name":"Bahia Economica","article_publisher":"https:\/\/www.facebook.com\/bahiaeconomica","article_published_time":"2023-12-06T10:19:30+00:00","article_modified_time":"2023-12-06T10:58:48+00:00","og_image":[{"width":1024,"height":737,"url":"https:\/\/bahiaeconomica.com.br\/wp\/wp-content\/uploads\/2023\/12\/8-Lucy-Lins-PLENA-1988-Brooklyn-NY-1024x737.jpg","type":"image\/jpeg"}],"author":"JP","twitter_card":"summary_large_image","twitter_misc":{"Escrito por":"JP","Est. tempo de leitura":"4 minutos"},"schema":{"@context":"https:\/\/schema.org","@graph":[{"@type":"Article","@id":"https:\/\/bahiaeconomica.com.br\/wp\/2023\/12\/06\/calendario-2024-ganha-lancamento-e-celebra-a-fotografia-feminina-de-12-fotografas\/#article","isPartOf":{"@id":"https:\/\/bahiaeconomica.com.br\/wp\/2023\/12\/06\/calendario-2024-ganha-lancamento-e-celebra-a-fotografia-feminina-de-12-fotografas\/"},"author":{"name":"JP","@id":"https:\/\/bahiaeconomica.com.br\/wp\/#\/schema\/person\/c86d3a3f8960425a0f9d0e5245991f4e"},"headline":"\u201cCALEND\u00c1RIO 2024\u201d GANHA LAN\u00c7AMENTO E CELEBRA A FOTOGRAFIA FEMININA DE 12 FOT\u00d3GRAFAS","datePublished":"2023-12-06T10:19:30+00:00","dateModified":"2023-12-06T10:58:48+00:00","mainEntityOfPage":{"@id":"https:\/\/bahiaeconomica.com.br\/wp\/2023\/12\/06\/calendario-2024-ganha-lancamento-e-celebra-a-fotografia-feminina-de-12-fotografas\/"},"wordCount":755,"publisher":{"@id":"https:\/\/bahiaeconomica.com.br\/wp\/#organization"},"keywords":["Brasil","foto","Pol\u00edtica"],"articleSection":["ENTRETENIMENTO"],"inLanguage":"pt-BR"},{"@type":"WebPage","@id":"https:\/\/bahiaeconomica.com.br\/wp\/2023\/12\/06\/calendario-2024-ganha-lancamento-e-celebra-a-fotografia-feminina-de-12-fotografas\/","url":"https:\/\/bahiaeconomica.com.br\/wp\/2023\/12\/06\/calendario-2024-ganha-lancamento-e-celebra-a-fotografia-feminina-de-12-fotografas\/","name":"\u201cCALEND\u00c1RIO 2024\u201d GANHA LAN\u00c7AMENTO E CELEBRA A FOTOGRAFIA FEMININA DE 12 FOT\u00d3GRAFAS - Bahia Economica","isPartOf":{"@id":"https:\/\/bahiaeconomica.com.br\/wp\/#website"},"datePublished":"2023-12-06T10:19:30+00:00","dateModified":"2023-12-06T10:58:48+00:00","description":"O maior portal de Economia da Bahia ENTRETENIMENTO Bahia Economica com participa\u00e7\u00e3o dos amigos parceiros Mou Brasil (guitarra) e Luizinho Assis (piano)","breadcrumb":{"@id":"https:\/\/bahiaeconomica.com.br\/wp\/2023\/12\/06\/calendario-2024-ganha-lancamento-e-celebra-a-fotografia-feminina-de-12-fotografas\/#breadcrumb"},"inLanguage":"pt-BR","potentialAction":[{"@type":"ReadAction","target":["https:\/\/bahiaeconomica.com.br\/wp\/2023\/12\/06\/calendario-2024-ganha-lancamento-e-celebra-a-fotografia-feminina-de-12-fotografas\/"]}]},{"@type":"BreadcrumbList","@id":"https:\/\/bahiaeconomica.com.br\/wp\/2023\/12\/06\/calendario-2024-ganha-lancamento-e-celebra-a-fotografia-feminina-de-12-fotografas\/#breadcrumb","itemListElement":[{"@type":"ListItem","position":1,"name":"In\u00edcio","item":"https:\/\/bahiaeconomica.com.br\/wp\/"},{"@type":"ListItem","position":2,"name":"\u201cCALEND\u00c1RIO 2024\u201d GANHA LAN\u00c7AMENTO E CELEBRA A FOTOGRAFIA FEMININA DE 12 FOT\u00d3GRAFAS"}]},{"@type":"WebSite","@id":"https:\/\/bahiaeconomica.com.br\/wp\/#website","url":"https:\/\/bahiaeconomica.com.br\/wp\/","name":"Bahia Economica","description":"O maior portal de Economia da Bahia","publisher":{"@id":"https:\/\/bahiaeconomica.com.br\/wp\/#organization"},"potentialAction":[{"@type":"SearchAction","target":{"@type":"EntryPoint","urlTemplate":"https:\/\/bahiaeconomica.com.br\/wp\/?s={search_term_string}"},"query-input":"required name=search_term_string"}],"inLanguage":"pt-BR"},{"@type":"Organization","@id":"https:\/\/bahiaeconomica.com.br\/wp\/#organization","name":"Bahia Econ\u00f4mica","url":"https:\/\/bahiaeconomica.com.br\/wp\/","logo":{"@type":"ImageObject","inLanguage":"pt-BR","@id":"https:\/\/bahiaeconomica.com.br\/wp\/#\/schema\/logo\/image\/","url":"https:\/\/bahiaeconomica.com.br\/wp\/wp-content\/uploads\/2020\/12\/cropped-BE.png","contentUrl":"https:\/\/bahiaeconomica.com.br\/wp\/wp-content\/uploads\/2020\/12\/cropped-BE.png","width":512,"height":512,"caption":"Bahia Econ\u00f4mica"},"image":{"@id":"https:\/\/bahiaeconomica.com.br\/wp\/#\/schema\/logo\/image\/"},"sameAs":["https:\/\/www.facebook.com\/bahiaeconomica"]},{"@type":"Person","@id":"https:\/\/bahiaeconomica.com.br\/wp\/#\/schema\/person\/c86d3a3f8960425a0f9d0e5245991f4e","name":"JP","sameAs":["https:\/\/bahiaeconomica.com.br\/wp\/beta\/"],"url":"https:\/\/bahiaeconomica.com.br\/wp\/author\/jp\/"}]}},"views":19,"_links":{"self":[{"href":"https:\/\/bahiaeconomica.com.br\/wp\/wp-json\/wp\/v2\/posts\/782474"}],"collection":[{"href":"https:\/\/bahiaeconomica.com.br\/wp\/wp-json\/wp\/v2\/posts"}],"about":[{"href":"https:\/\/bahiaeconomica.com.br\/wp\/wp-json\/wp\/v2\/types\/post"}],"author":[{"embeddable":true,"href":"https:\/\/bahiaeconomica.com.br\/wp\/wp-json\/wp\/v2\/users\/8"}],"replies":[{"embeddable":true,"href":"https:\/\/bahiaeconomica.com.br\/wp\/wp-json\/wp\/v2\/comments?post=782474"}],"version-history":[{"count":3,"href":"https:\/\/bahiaeconomica.com.br\/wp\/wp-json\/wp\/v2\/posts\/782474\/revisions"}],"predecessor-version":[{"id":782482,"href":"https:\/\/bahiaeconomica.com.br\/wp\/wp-json\/wp\/v2\/posts\/782474\/revisions\/782482"}],"wp:featuredmedia":[{"embeddable":true,"href":"https:\/\/bahiaeconomica.com.br\/wp\/wp-json\/wp\/v2\/media\/782476"}],"wp:attachment":[{"href":"https:\/\/bahiaeconomica.com.br\/wp\/wp-json\/wp\/v2\/media?parent=782474"}],"wp:term":[{"taxonomy":"category","embeddable":true,"href":"https:\/\/bahiaeconomica.com.br\/wp\/wp-json\/wp\/v2\/categories?post=782474"},{"taxonomy":"post_tag","embeddable":true,"href":"https:\/\/bahiaeconomica.com.br\/wp\/wp-json\/wp\/v2\/tags?post=782474"}],"curies":[{"name":"wp","href":"https:\/\/api.w.org\/{rel}","templated":true}]}}