{"id":782392,"date":"2023-12-05T19:15:12","date_gmt":"2023-12-05T22:15:12","guid":{"rendered":"https:\/\/bahiaeconomica.com.br\/wp\/?p=782392"},"modified":"2023-12-05T19:12:41","modified_gmt":"2023-12-05T22:12:41","slug":"pampa-sul-americano-perdeu-20-da-vegetacao-campestre-segundo-mapbiomas","status":"publish","type":"post","link":"https:\/\/bahiaeconomica.com.br\/wp\/2023\/12\/05\/pampa-sul-americano-perdeu-20-da-vegetacao-campestre-segundo-mapbiomas\/","title":{"rendered":"PAMPA SUL-AMERICANO PERDEU 20% DA VEGETA\u00c7\u00c3O CAMPESTRE, SEGUNDO MAPBIOMAS"},"content":{"rendered":"<p>A vegeta\u00e7\u00e3o campestre do Pampa Sul-Americano, que tem mais de 1 milh\u00e3o de quil\u00f4metros quadrados entre Brasil, Argentina e Uruguai, perdeu cerca de 20%, incluindo 9,1 milh\u00f5es de hectares de campos naturais, entre 1985 e 2022. A descoberta foi feita ap\u00f3s uma an\u00e1lise de imagens de sat\u00e9lite tiradas, pela MapBiomas Pampa, uma rede colaborativa de especialistas dos tr\u00eas pa\u00edses.<\/p>\n<p>Das \u00e1reas identificadas, 66% s\u00e3o localizadas na Argentina (72 milh\u00f5es de hectares), 18% no Brasil (19,4 milh\u00f5es de hectares), e 16% no Uruguai (17,8 milh\u00f5es de hectares). O Pampa Sul-Americano representa 6,1% da Am\u00e9rica do Sul. \u201cDe 1985 para c\u00e1, a gente mapeia ano a ano e compara o \u00faltimo ano com o primeiro da s\u00e9rie. De 85 a 2022 s\u00e3o 38 anos\u201d, afirmou o bi\u00f3logo, Eduardo V\u00e9lez, integrante da equipe MapBiomas Pampa, em entrevista \u00e0 Ag\u00eancia Brasil.<\/p>\n<p>Os espa\u00e7os de pecu\u00e1ria, contudo, est\u00e3o sendo ocupados com a produ\u00e7\u00e3o agr\u00edcola, sejam em pastagens plantadas ou \u00e0 silvicultura, o que j\u00e1 ocupa quase a metade (48,4%) da regi\u00e3o. A avalia\u00e7\u00e3o apontou que as \u00e1reas de agricultura e silvicultura cresceram 15% no per\u00edodo. O percentual \u00e9 equivalente a 8,9 milh\u00f5es de hectares.<\/p>\n<p>Apesar de ter um crescimento menor, a silvicultura avan\u00e7ou 2,1 milh\u00f5es de hectares, o que representa um aumento de 327%. A \u00e1rea da vegeta\u00e7\u00e3o campestre diminuiu de 44 milh\u00f5es de hectares em 1985 para 35 milh\u00f5es de hectares em 2022. Essa vegeta\u00e7\u00e3o \u00e9 a essencial para a produ\u00e7\u00e3o animal e voca\u00e7\u00e3o natural do bioma.<\/p>\n<p>(Correios)<\/p>\n<p>&nbsp;<\/p>\n<p>&nbsp;<\/p>\n<p>Foto: Divulga\u00e7\u00e3o<\/p>\n","protected":false},"excerpt":{"rendered":"<p>A vegeta\u00e7\u00e3o campestre do Pampa Sul-Americano, que tem mais de 1 milh\u00e3o de quil\u00f4metros quadrados entre Brasil, Argentina e Uruguai, perdeu cerca de 20%, incluindo 9,1 milh\u00f5es de hectares de campos naturais, entre 1985 e 2022. A descoberta foi feita ap\u00f3s uma an\u00e1lise de imagens de sat\u00e9lite tiradas, pela MapBiomas Pampa, uma rede colaborativa de [&hellip;]<\/p>\n","protected":false},"author":19,"featured_media":782409,"comment_status":"closed","ping_status":"closed","sticky":false,"template":"","format":"standard","meta":[],"categories":[3],"tags":[13705,52,23800,23799],"acf":[],"yoast_head":"<!-- This site is optimized with the Yoast SEO plugin v20.8 - https:\/\/yoast.com\/wordpress\/plugins\/seo\/ -->\n<title>PAMPA SUL-AMERICANO PERDEU 20% DA VEGETA\u00c7\u00c3O CAMPESTRE, SEGUNDO MAPBIOMAS - Bahia Economica<\/title>\n<meta name=\"description\" content=\"O maior portal de Economia da Bahia ECONOMIA \/ POL\u00cdTICA Bahia Economica A vegeta\u00e7\u00e3o campestre do Pampa Sul-Americano, que tem mais de 1 milh\u00e3o\" \/>\n<meta name=\"robots\" content=\"index, follow, max-snippet:-1, max-image-preview:large, max-video-preview:-1\" \/>\n<link rel=\"canonical\" href=\"https:\/\/bahiaeconomica.com.br\/wp\/2023\/12\/05\/pampa-sul-americano-perdeu-20-da-vegetacao-campestre-segundo-mapbiomas\/\" \/>\n<meta property=\"og:locale\" content=\"pt_BR\" \/>\n<meta property=\"og:type\" content=\"article\" \/>\n<meta property=\"og:title\" content=\"PAMPA SUL-AMERICANO PERDEU 20% DA VEGETA\u00c7\u00c3O CAMPESTRE, SEGUNDO MAPBIOMAS - Bahia Economica\" \/>\n<meta property=\"og:description\" content=\"O maior portal de Economia da Bahia ECONOMIA \/ POL\u00cdTICA Bahia Economica A vegeta\u00e7\u00e3o campestre do Pampa Sul-Americano, que tem mais de 1 milh\u00e3o\" \/>\n<meta property=\"og:url\" content=\"https:\/\/bahiaeconomica.com.br\/wp\/2023\/12\/05\/pampa-sul-americano-perdeu-20-da-vegetacao-campestre-segundo-mapbiomas\/\" \/>\n<meta property=\"og:site_name\" content=\"Bahia Economica\" \/>\n<meta property=\"article:publisher\" content=\"https:\/\/www.facebook.com\/bahiaeconomica\" \/>\n<meta property=\"article:published_time\" content=\"2023-12-05T22:15:12+00:00\" \/>\n<meta property=\"article:modified_time\" content=\"2023-12-05T22:12:41+00:00\" \/>\n<meta property=\"og:image\" content=\"https:\/\/bahiaeconomica.com.br\/wp\/wp-content\/uploads\/2023\/12\/Mapa.jpg\" \/>\n\t<meta property=\"og:image:width\" content=\"600\" \/>\n\t<meta property=\"og:image:height\" content=\"359\" \/>\n\t<meta property=\"og:image:type\" content=\"image\/jpeg\" \/>\n<meta name=\"author\" content=\"LIZANDRA MUNIZ\" \/>\n<meta name=\"twitter:card\" content=\"summary_large_image\" \/>\n<meta name=\"twitter:label1\" content=\"Escrito por\" \/>\n\t<meta name=\"twitter:data1\" content=\"LIZANDRA MUNIZ\" \/>\n\t<meta name=\"twitter:label2\" content=\"Est. tempo de leitura\" \/>\n\t<meta name=\"twitter:data2\" content=\"2 minutos\" \/>\n<script type=\"application\/ld+json\" class=\"yoast-schema-graph\">{\"@context\":\"https:\/\/schema.org\",\"@graph\":[{\"@type\":\"Article\",\"@id\":\"https:\/\/bahiaeconomica.com.br\/wp\/2023\/12\/05\/pampa-sul-americano-perdeu-20-da-vegetacao-campestre-segundo-mapbiomas\/#article\",\"isPartOf\":{\"@id\":\"https:\/\/bahiaeconomica.com.br\/wp\/2023\/12\/05\/pampa-sul-americano-perdeu-20-da-vegetacao-campestre-segundo-mapbiomas\/\"},\"author\":{\"name\":\"LIZANDRA MUNIZ\",\"@id\":\"https:\/\/bahiaeconomica.com.br\/wp\/#\/schema\/person\/0868b18bbfdd29723e44135140f35148\"},\"headline\":\"PAMPA SUL-AMERICANO PERDEU 20% DA VEGETA\u00c7\u00c3O CAMPESTRE, SEGUNDO MAPBIOMAS\",\"datePublished\":\"2023-12-05T22:15:12+00:00\",\"dateModified\":\"2023-12-05T22:12:41+00:00\",\"mainEntityOfPage\":{\"@id\":\"https:\/\/bahiaeconomica.com.br\/wp\/2023\/12\/05\/pampa-sul-americano-perdeu-20-da-vegetacao-campestre-segundo-mapbiomas\/\"},\"wordCount\":265,\"publisher\":{\"@id\":\"https:\/\/bahiaeconomica.com.br\/wp\/#organization\"},\"keywords\":[\"agencia brasil\",\"Brasil\",\"MapBiomas\",\"Pampa Sul-Americano\"],\"articleSection\":[\"ECONOMIA \/ POL\u00cdTICA\"],\"inLanguage\":\"pt-BR\"},{\"@type\":\"WebPage\",\"@id\":\"https:\/\/bahiaeconomica.com.br\/wp\/2023\/12\/05\/pampa-sul-americano-perdeu-20-da-vegetacao-campestre-segundo-mapbiomas\/\",\"url\":\"https:\/\/bahiaeconomica.com.br\/wp\/2023\/12\/05\/pampa-sul-americano-perdeu-20-da-vegetacao-campestre-segundo-mapbiomas\/\",\"name\":\"PAMPA SUL-AMERICANO PERDEU 20% DA VEGETA\u00c7\u00c3O CAMPESTRE, SEGUNDO MAPBIOMAS - Bahia Economica\",\"isPartOf\":{\"@id\":\"https:\/\/bahiaeconomica.com.br\/wp\/#website\"},\"datePublished\":\"2023-12-05T22:15:12+00:00\",\"dateModified\":\"2023-12-05T22:12:41+00:00\",\"description\":\"O maior portal de Economia da Bahia ECONOMIA \/ POL\u00cdTICA Bahia Economica A vegeta\u00e7\u00e3o campestre do Pampa Sul-Americano, que tem mais de 1 milh\u00e3o\",\"breadcrumb\":{\"@id\":\"https:\/\/bahiaeconomica.com.br\/wp\/2023\/12\/05\/pampa-sul-americano-perdeu-20-da-vegetacao-campestre-segundo-mapbiomas\/#breadcrumb\"},\"inLanguage\":\"pt-BR\",\"potentialAction\":[{\"@type\":\"ReadAction\",\"target\":[\"https:\/\/bahiaeconomica.com.br\/wp\/2023\/12\/05\/pampa-sul-americano-perdeu-20-da-vegetacao-campestre-segundo-mapbiomas\/\"]}]},{\"@type\":\"BreadcrumbList\",\"@id\":\"https:\/\/bahiaeconomica.com.br\/wp\/2023\/12\/05\/pampa-sul-americano-perdeu-20-da-vegetacao-campestre-segundo-mapbiomas\/#breadcrumb\",\"itemListElement\":[{\"@type\":\"ListItem\",\"position\":1,\"name\":\"In\u00edcio\",\"item\":\"https:\/\/bahiaeconomica.com.br\/wp\/\"},{\"@type\":\"ListItem\",\"position\":2,\"name\":\"PAMPA SUL-AMERICANO PERDEU 20% DA VEGETA\u00c7\u00c3O CAMPESTRE, SEGUNDO MAPBIOMAS\"}]},{\"@type\":\"WebSite\",\"@id\":\"https:\/\/bahiaeconomica.com.br\/wp\/#website\",\"url\":\"https:\/\/bahiaeconomica.com.br\/wp\/\",\"name\":\"Bahia Economica\",\"description\":\"O maior portal de Economia da Bahia\",\"publisher\":{\"@id\":\"https:\/\/bahiaeconomica.com.br\/wp\/#organization\"},\"potentialAction\":[{\"@type\":\"SearchAction\",\"target\":{\"@type\":\"EntryPoint\",\"urlTemplate\":\"https:\/\/bahiaeconomica.com.br\/wp\/?s={search_term_string}\"},\"query-input\":\"required name=search_term_string\"}],\"inLanguage\":\"pt-BR\"},{\"@type\":\"Organization\",\"@id\":\"https:\/\/bahiaeconomica.com.br\/wp\/#organization\",\"name\":\"Bahia Econ\u00f4mica\",\"url\":\"https:\/\/bahiaeconomica.com.br\/wp\/\",\"logo\":{\"@type\":\"ImageObject\",\"inLanguage\":\"pt-BR\",\"@id\":\"https:\/\/bahiaeconomica.com.br\/wp\/#\/schema\/logo\/image\/\",\"url\":\"https:\/\/bahiaeconomica.com.br\/wp\/wp-content\/uploads\/2020\/12\/cropped-BE.png\",\"contentUrl\":\"https:\/\/bahiaeconomica.com.br\/wp\/wp-content\/uploads\/2020\/12\/cropped-BE.png\",\"width\":512,\"height\":512,\"caption\":\"Bahia Econ\u00f4mica\"},\"image\":{\"@id\":\"https:\/\/bahiaeconomica.com.br\/wp\/#\/schema\/logo\/image\/\"},\"sameAs\":[\"https:\/\/www.facebook.com\/bahiaeconomica\"]},{\"@type\":\"Person\",\"@id\":\"https:\/\/bahiaeconomica.com.br\/wp\/#\/schema\/person\/0868b18bbfdd29723e44135140f35148\",\"name\":\"LIZANDRA MUNIZ\",\"sameAs\":[\"http:\/\/www.bahiaeconomica.com.br\"],\"url\":\"https:\/\/bahiaeconomica.com.br\/wp\/author\/lizandra-muniz\/\"}]}<\/script>\n<!-- \/ Yoast SEO plugin. -->","yoast_head_json":{"title":"PAMPA SUL-AMERICANO PERDEU 20% DA VEGETA\u00c7\u00c3O CAMPESTRE, SEGUNDO MAPBIOMAS - Bahia Economica","description":"O maior portal de Economia da Bahia ECONOMIA \/ POL\u00cdTICA Bahia Economica A vegeta\u00e7\u00e3o campestre do Pampa Sul-Americano, que tem mais de 1 milh\u00e3o","robots":{"index":"index","follow":"follow","max-snippet":"max-snippet:-1","max-image-preview":"max-image-preview:large","max-video-preview":"max-video-preview:-1"},"canonical":"https:\/\/bahiaeconomica.com.br\/wp\/2023\/12\/05\/pampa-sul-americano-perdeu-20-da-vegetacao-campestre-segundo-mapbiomas\/","og_locale":"pt_BR","og_type":"article","og_title":"PAMPA SUL-AMERICANO PERDEU 20% DA VEGETA\u00c7\u00c3O CAMPESTRE, SEGUNDO MAPBIOMAS - Bahia Economica","og_description":"O maior portal de Economia da Bahia ECONOMIA \/ POL\u00cdTICA Bahia Economica A vegeta\u00e7\u00e3o campestre do Pampa Sul-Americano, que tem mais de 1 milh\u00e3o","og_url":"https:\/\/bahiaeconomica.com.br\/wp\/2023\/12\/05\/pampa-sul-americano-perdeu-20-da-vegetacao-campestre-segundo-mapbiomas\/","og_site_name":"Bahia Economica","article_publisher":"https:\/\/www.facebook.com\/bahiaeconomica","article_published_time":"2023-12-05T22:15:12+00:00","article_modified_time":"2023-12-05T22:12:41+00:00","og_image":[{"width":600,"height":359,"url":"https:\/\/bahiaeconomica.com.br\/wp\/wp-content\/uploads\/2023\/12\/Mapa.jpg","type":"image\/jpeg"}],"author":"LIZANDRA MUNIZ","twitter_card":"summary_large_image","twitter_misc":{"Escrito por":"LIZANDRA MUNIZ","Est. tempo de leitura":"2 minutos"},"schema":{"@context":"https:\/\/schema.org","@graph":[{"@type":"Article","@id":"https:\/\/bahiaeconomica.com.br\/wp\/2023\/12\/05\/pampa-sul-americano-perdeu-20-da-vegetacao-campestre-segundo-mapbiomas\/#article","isPartOf":{"@id":"https:\/\/bahiaeconomica.com.br\/wp\/2023\/12\/05\/pampa-sul-americano-perdeu-20-da-vegetacao-campestre-segundo-mapbiomas\/"},"author":{"name":"LIZANDRA MUNIZ","@id":"https:\/\/bahiaeconomica.com.br\/wp\/#\/schema\/person\/0868b18bbfdd29723e44135140f35148"},"headline":"PAMPA SUL-AMERICANO PERDEU 20% DA VEGETA\u00c7\u00c3O CAMPESTRE, SEGUNDO MAPBIOMAS","datePublished":"2023-12-05T22:15:12+00:00","dateModified":"2023-12-05T22:12:41+00:00","mainEntityOfPage":{"@id":"https:\/\/bahiaeconomica.com.br\/wp\/2023\/12\/05\/pampa-sul-americano-perdeu-20-da-vegetacao-campestre-segundo-mapbiomas\/"},"wordCount":265,"publisher":{"@id":"https:\/\/bahiaeconomica.com.br\/wp\/#organization"},"keywords":["agencia brasil","Brasil","MapBiomas","Pampa Sul-Americano"],"articleSection":["ECONOMIA \/ POL\u00cdTICA"],"inLanguage":"pt-BR"},{"@type":"WebPage","@id":"https:\/\/bahiaeconomica.com.br\/wp\/2023\/12\/05\/pampa-sul-americano-perdeu-20-da-vegetacao-campestre-segundo-mapbiomas\/","url":"https:\/\/bahiaeconomica.com.br\/wp\/2023\/12\/05\/pampa-sul-americano-perdeu-20-da-vegetacao-campestre-segundo-mapbiomas\/","name":"PAMPA SUL-AMERICANO PERDEU 20% DA VEGETA\u00c7\u00c3O CAMPESTRE, SEGUNDO MAPBIOMAS - Bahia Economica","isPartOf":{"@id":"https:\/\/bahiaeconomica.com.br\/wp\/#website"},"datePublished":"2023-12-05T22:15:12+00:00","dateModified":"2023-12-05T22:12:41+00:00","description":"O maior portal de Economia da Bahia ECONOMIA \/ POL\u00cdTICA Bahia Economica A vegeta\u00e7\u00e3o campestre do Pampa Sul-Americano, que tem mais de 1 milh\u00e3o","breadcrumb":{"@id":"https:\/\/bahiaeconomica.com.br\/wp\/2023\/12\/05\/pampa-sul-americano-perdeu-20-da-vegetacao-campestre-segundo-mapbiomas\/#breadcrumb"},"inLanguage":"pt-BR","potentialAction":[{"@type":"ReadAction","target":["https:\/\/bahiaeconomica.com.br\/wp\/2023\/12\/05\/pampa-sul-americano-perdeu-20-da-vegetacao-campestre-segundo-mapbiomas\/"]}]},{"@type":"BreadcrumbList","@id":"https:\/\/bahiaeconomica.com.br\/wp\/2023\/12\/05\/pampa-sul-americano-perdeu-20-da-vegetacao-campestre-segundo-mapbiomas\/#breadcrumb","itemListElement":[{"@type":"ListItem","position":1,"name":"In\u00edcio","item":"https:\/\/bahiaeconomica.com.br\/wp\/"},{"@type":"ListItem","position":2,"name":"PAMPA SUL-AMERICANO PERDEU 20% DA VEGETA\u00c7\u00c3O CAMPESTRE, SEGUNDO MAPBIOMAS"}]},{"@type":"WebSite","@id":"https:\/\/bahiaeconomica.com.br\/wp\/#website","url":"https:\/\/bahiaeconomica.com.br\/wp\/","name":"Bahia Economica","description":"O maior portal de Economia da Bahia","publisher":{"@id":"https:\/\/bahiaeconomica.com.br\/wp\/#organization"},"potentialAction":[{"@type":"SearchAction","target":{"@type":"EntryPoint","urlTemplate":"https:\/\/bahiaeconomica.com.br\/wp\/?s={search_term_string}"},"query-input":"required name=search_term_string"}],"inLanguage":"pt-BR"},{"@type":"Organization","@id":"https:\/\/bahiaeconomica.com.br\/wp\/#organization","name":"Bahia Econ\u00f4mica","url":"https:\/\/bahiaeconomica.com.br\/wp\/","logo":{"@type":"ImageObject","inLanguage":"pt-BR","@id":"https:\/\/bahiaeconomica.com.br\/wp\/#\/schema\/logo\/image\/","url":"https:\/\/bahiaeconomica.com.br\/wp\/wp-content\/uploads\/2020\/12\/cropped-BE.png","contentUrl":"https:\/\/bahiaeconomica.com.br\/wp\/wp-content\/uploads\/2020\/12\/cropped-BE.png","width":512,"height":512,"caption":"Bahia Econ\u00f4mica"},"image":{"@id":"https:\/\/bahiaeconomica.com.br\/wp\/#\/schema\/logo\/image\/"},"sameAs":["https:\/\/www.facebook.com\/bahiaeconomica"]},{"@type":"Person","@id":"https:\/\/bahiaeconomica.com.br\/wp\/#\/schema\/person\/0868b18bbfdd29723e44135140f35148","name":"LIZANDRA MUNIZ","sameAs":["http:\/\/www.bahiaeconomica.com.br"],"url":"https:\/\/bahiaeconomica.com.br\/wp\/author\/lizandra-muniz\/"}]}},"views":6,"_links":{"self":[{"href":"https:\/\/bahiaeconomica.com.br\/wp\/wp-json\/wp\/v2\/posts\/782392"}],"collection":[{"href":"https:\/\/bahiaeconomica.com.br\/wp\/wp-json\/wp\/v2\/posts"}],"about":[{"href":"https:\/\/bahiaeconomica.com.br\/wp\/wp-json\/wp\/v2\/types\/post"}],"author":[{"embeddable":true,"href":"https:\/\/bahiaeconomica.com.br\/wp\/wp-json\/wp\/v2\/users\/19"}],"replies":[{"embeddable":true,"href":"https:\/\/bahiaeconomica.com.br\/wp\/wp-json\/wp\/v2\/comments?post=782392"}],"version-history":[{"count":1,"href":"https:\/\/bahiaeconomica.com.br\/wp\/wp-json\/wp\/v2\/posts\/782392\/revisions"}],"predecessor-version":[{"id":782410,"href":"https:\/\/bahiaeconomica.com.br\/wp\/wp-json\/wp\/v2\/posts\/782392\/revisions\/782410"}],"wp:featuredmedia":[{"embeddable":true,"href":"https:\/\/bahiaeconomica.com.br\/wp\/wp-json\/wp\/v2\/media\/782409"}],"wp:attachment":[{"href":"https:\/\/bahiaeconomica.com.br\/wp\/wp-json\/wp\/v2\/media?parent=782392"}],"wp:term":[{"taxonomy":"category","embeddable":true,"href":"https:\/\/bahiaeconomica.com.br\/wp\/wp-json\/wp\/v2\/categories?post=782392"},{"taxonomy":"post_tag","embeddable":true,"href":"https:\/\/bahiaeconomica.com.br\/wp\/wp-json\/wp\/v2\/tags?post=782392"}],"curies":[{"name":"wp","href":"https:\/\/api.w.org\/{rel}","templated":true}]}}