{"id":782275,"date":"2023-12-05T15:18:38","date_gmt":"2023-12-05T18:18:38","guid":{"rendered":"https:\/\/bahiaeconomica.com.br\/wp\/?p=782275"},"modified":"2023-12-05T15:18:38","modified_gmt":"2023-12-05T18:18:38","slug":"embarcacao-que-conecta-salvador-a-ilha-dos-frades-e-inaugurada","status":"publish","type":"post","link":"https:\/\/bahiaeconomica.com.br\/wp\/2023\/12\/05\/embarcacao-que-conecta-salvador-a-ilha-dos-frades-e-inaugurada\/","title":{"rendered":"EMBARCA\u00c7\u00c3O QUE CONECTA SALVADOR A ILHA DOS FRADES \u00c9 INAUGURADA"},"content":{"rendered":"<p>O barco Ouro Azul, que ser\u00e1 mais uma op\u00e7\u00e3o para o transporte entre Salvador e Ilha dos Frades realizou a viagem inaugural nesta ter\u00e7a-feira (5). O roteiro dura aproximadamente uma hora e liga o Terminal N\u00e1utico da Bahia, no Com\u00e9rcio, \u00e0 Ponta de Nossa Senhora.<\/p>\n<p>Com direito a dois andares, \u00e1reas climatizadas e um sistema biodigestor, uma solu\u00e7\u00e3o ecol\u00f3gica para o tratamento de esgoto, a embarca\u00e7\u00e3o tem capacidade para 240 pessoas, sendo 236 passageiros e 4 tripulantes. A previs\u00e3o \u00e9 de que a opera\u00e7\u00e3o comece em janeiro.<\/p>\n<p>Atualmente, o transportes entre os lugares podem ser realizados atrav\u00e9s de aluguel de lanchas ou escunas nos terminais de Salvador, ou a op\u00e7\u00e3o de ir de carro ou \u00f4nibus at\u00e9 Madre de Deus, munic\u00edpio situado a cerca de 65 quil\u00f4metros da capital baiana, e, a partir dali, pegar um barco no Terminal Mar\u00edtimo.<\/p>\n<p>\u201cA ideia \u00e9 que este barco impulsione o turismo na ilha e seja uma op\u00e7\u00e3o com mais efici\u00eancia, mais conforto e maior capacidade. Com isso, outros tipos de eventos podem passar a ser realizados na ilha. A embarca\u00e7\u00e3o tamb\u00e9m estar\u00e1 dispon\u00edvel como vantagem do Cerimonial Loreto. Quem alugar o espa\u00e7o pode contar com o barco, se quiser\u201d, destacou a presidente da Funda\u00e7\u00e3o Ba\u00eda Viva, Isabela Suarez.<\/p>\n<p>FOTO: Elias Dantas \/ Al\u00f4 Al\u00f4 Bahia<\/p>\n","protected":false},"excerpt":{"rendered":"<p>O barco Ouro Azul, que ser\u00e1 mais uma op\u00e7\u00e3o para o transporte entre Salvador e Ilha dos Frades realizou a viagem inaugural nesta ter\u00e7a-feira (5). O roteiro dura aproximadamente uma hora e liga o Terminal N\u00e1utico da Bahia, no Com\u00e9rcio, \u00e0 Ponta de Nossa Senhora. Com direito a dois andares, \u00e1reas climatizadas e um sistema [&hellip;]<\/p>\n","protected":false},"author":16,"featured_media":782296,"comment_status":"closed","ping_status":"closed","sticky":false,"template":"","format":"standard","meta":[],"categories":[5],"tags":[5705,22117,73],"acf":[],"yoast_head":"<!-- This site is optimized with the Yoast SEO plugin v20.8 - https:\/\/yoast.com\/wordpress\/plugins\/seo\/ -->\n<title>EMBARCA\u00c7\u00c3O QUE CONECTA SALVADOR A ILHA DOS FRADES \u00c9 INAUGURADA - Bahia Economica<\/title>\n<meta name=\"description\" content=\"O maior portal de Economia da Bahia MUNIC\u00cdPIOS Bahia Economica\" \/>\n<meta name=\"robots\" content=\"index, follow, max-snippet:-1, max-image-preview:large, max-video-preview:-1\" \/>\n<link rel=\"canonical\" href=\"https:\/\/bahiaeconomica.com.br\/wp\/2023\/12\/05\/embarcacao-que-conecta-salvador-a-ilha-dos-frades-e-inaugurada\/\" \/>\n<meta property=\"og:locale\" content=\"pt_BR\" \/>\n<meta property=\"og:type\" content=\"article\" \/>\n<meta property=\"og:title\" content=\"EMBARCA\u00c7\u00c3O QUE CONECTA SALVADOR A ILHA DOS FRADES \u00c9 INAUGURADA - Bahia Economica\" \/>\n<meta property=\"og:description\" content=\"O maior portal de Economia da Bahia MUNIC\u00cdPIOS Bahia Economica\" \/>\n<meta property=\"og:url\" content=\"https:\/\/bahiaeconomica.com.br\/wp\/2023\/12\/05\/embarcacao-que-conecta-salvador-a-ilha-dos-frades-e-inaugurada\/\" \/>\n<meta property=\"og:site_name\" content=\"Bahia Economica\" \/>\n<meta property=\"article:publisher\" content=\"https:\/\/www.facebook.com\/bahiaeconomica\" \/>\n<meta property=\"article:published_time\" content=\"2023-12-05T18:18:38+00:00\" \/>\n<meta property=\"og:image\" content=\"https:\/\/bahiaeconomica.com.br\/wp\/wp-content\/uploads\/2023\/12\/auto-upload-1944227.webp\" \/>\n\t<meta property=\"og:image:width\" content=\"1200\" \/>\n\t<meta property=\"og:image:height\" content=\"799\" \/>\n\t<meta property=\"og:image:type\" content=\"image\/webp\" \/>\n<meta name=\"author\" content=\"LUIZA NASCIMENTO\" \/>\n<meta name=\"twitter:card\" content=\"summary_large_image\" \/>\n<meta name=\"twitter:label1\" content=\"Escrito por\" \/>\n\t<meta name=\"twitter:data1\" content=\"LUIZA NASCIMENTO\" \/>\n\t<meta name=\"twitter:label2\" content=\"Est. tempo de leitura\" \/>\n\t<meta name=\"twitter:data2\" content=\"2 minutos\" \/>\n<script type=\"application\/ld+json\" class=\"yoast-schema-graph\">{\"@context\":\"https:\/\/schema.org\",\"@graph\":[{\"@type\":\"Article\",\"@id\":\"https:\/\/bahiaeconomica.com.br\/wp\/2023\/12\/05\/embarcacao-que-conecta-salvador-a-ilha-dos-frades-e-inaugurada\/#article\",\"isPartOf\":{\"@id\":\"https:\/\/bahiaeconomica.com.br\/wp\/2023\/12\/05\/embarcacao-que-conecta-salvador-a-ilha-dos-frades-e-inaugurada\/\"},\"author\":{\"name\":\"LUIZA NASCIMENTO\",\"@id\":\"https:\/\/bahiaeconomica.com.br\/wp\/#\/schema\/person\/18273ac0fe04bfd4e7b101bf17d40152\"},\"headline\":\"EMBARCA\u00c7\u00c3O QUE CONECTA SALVADOR A ILHA DOS FRADES \u00c9 INAUGURADA\",\"datePublished\":\"2023-12-05T18:18:38+00:00\",\"dateModified\":\"2023-12-05T18:18:38+00:00\",\"mainEntityOfPage\":{\"@id\":\"https:\/\/bahiaeconomica.com.br\/wp\/2023\/12\/05\/embarcacao-que-conecta-salvador-a-ilha-dos-frades-e-inaugurada\/\"},\"wordCount\":236,\"publisher\":{\"@id\":\"https:\/\/bahiaeconomica.com.br\/wp\/#organization\"},\"keywords\":[\"embarca\u00e7\u00e3o\",\"Ilha dos Frades\",\"Salvador\"],\"articleSection\":[\"MUNIC\u00cdPIOS\"],\"inLanguage\":\"pt-BR\"},{\"@type\":\"WebPage\",\"@id\":\"https:\/\/bahiaeconomica.com.br\/wp\/2023\/12\/05\/embarcacao-que-conecta-salvador-a-ilha-dos-frades-e-inaugurada\/\",\"url\":\"https:\/\/bahiaeconomica.com.br\/wp\/2023\/12\/05\/embarcacao-que-conecta-salvador-a-ilha-dos-frades-e-inaugurada\/\",\"name\":\"EMBARCA\u00c7\u00c3O QUE CONECTA SALVADOR A ILHA DOS FRADES \u00c9 INAUGURADA - Bahia Economica\",\"isPartOf\":{\"@id\":\"https:\/\/bahiaeconomica.com.br\/wp\/#website\"},\"datePublished\":\"2023-12-05T18:18:38+00:00\",\"dateModified\":\"2023-12-05T18:18:38+00:00\",\"description\":\"O maior portal de Economia da Bahia MUNIC\u00cdPIOS Bahia Economica\",\"breadcrumb\":{\"@id\":\"https:\/\/bahiaeconomica.com.br\/wp\/2023\/12\/05\/embarcacao-que-conecta-salvador-a-ilha-dos-frades-e-inaugurada\/#breadcrumb\"},\"inLanguage\":\"pt-BR\",\"potentialAction\":[{\"@type\":\"ReadAction\",\"target\":[\"https:\/\/bahiaeconomica.com.br\/wp\/2023\/12\/05\/embarcacao-que-conecta-salvador-a-ilha-dos-frades-e-inaugurada\/\"]}]},{\"@type\":\"BreadcrumbList\",\"@id\":\"https:\/\/bahiaeconomica.com.br\/wp\/2023\/12\/05\/embarcacao-que-conecta-salvador-a-ilha-dos-frades-e-inaugurada\/#breadcrumb\",\"itemListElement\":[{\"@type\":\"ListItem\",\"position\":1,\"name\":\"In\u00edcio\",\"item\":\"https:\/\/bahiaeconomica.com.br\/wp\/\"},{\"@type\":\"ListItem\",\"position\":2,\"name\":\"EMBARCA\u00c7\u00c3O QUE CONECTA SALVADOR A ILHA DOS FRADES \u00c9 INAUGURADA\"}]},{\"@type\":\"WebSite\",\"@id\":\"https:\/\/bahiaeconomica.com.br\/wp\/#website\",\"url\":\"https:\/\/bahiaeconomica.com.br\/wp\/\",\"name\":\"Bahia Economica\",\"description\":\"O maior portal de Economia da Bahia\",\"publisher\":{\"@id\":\"https:\/\/bahiaeconomica.com.br\/wp\/#organization\"},\"potentialAction\":[{\"@type\":\"SearchAction\",\"target\":{\"@type\":\"EntryPoint\",\"urlTemplate\":\"https:\/\/bahiaeconomica.com.br\/wp\/?s={search_term_string}\"},\"query-input\":\"required name=search_term_string\"}],\"inLanguage\":\"pt-BR\"},{\"@type\":\"Organization\",\"@id\":\"https:\/\/bahiaeconomica.com.br\/wp\/#organization\",\"name\":\"Bahia Econ\u00f4mica\",\"url\":\"https:\/\/bahiaeconomica.com.br\/wp\/\",\"logo\":{\"@type\":\"ImageObject\",\"inLanguage\":\"pt-BR\",\"@id\":\"https:\/\/bahiaeconomica.com.br\/wp\/#\/schema\/logo\/image\/\",\"url\":\"https:\/\/bahiaeconomica.com.br\/wp\/wp-content\/uploads\/2020\/12\/cropped-BE.png\",\"contentUrl\":\"https:\/\/bahiaeconomica.com.br\/wp\/wp-content\/uploads\/2020\/12\/cropped-BE.png\",\"width\":512,\"height\":512,\"caption\":\"Bahia Econ\u00f4mica\"},\"image\":{\"@id\":\"https:\/\/bahiaeconomica.com.br\/wp\/#\/schema\/logo\/image\/\"},\"sameAs\":[\"https:\/\/www.facebook.com\/bahiaeconomica\"]},{\"@type\":\"Person\",\"@id\":\"https:\/\/bahiaeconomica.com.br\/wp\/#\/schema\/person\/18273ac0fe04bfd4e7b101bf17d40152\",\"name\":\"LUIZA NASCIMENTO\",\"sameAs\":[\"http:\/\/www.bahiaeconomica.com.br\"],\"url\":\"https:\/\/bahiaeconomica.com.br\/wp\/author\/luiza-nascimento\/\"}]}<\/script>\n<!-- \/ Yoast SEO plugin. -->","yoast_head_json":{"title":"EMBARCA\u00c7\u00c3O QUE CONECTA SALVADOR A ILHA DOS FRADES \u00c9 INAUGURADA - Bahia Economica","description":"O maior portal de Economia da Bahia MUNIC\u00cdPIOS Bahia Economica","robots":{"index":"index","follow":"follow","max-snippet":"max-snippet:-1","max-image-preview":"max-image-preview:large","max-video-preview":"max-video-preview:-1"},"canonical":"https:\/\/bahiaeconomica.com.br\/wp\/2023\/12\/05\/embarcacao-que-conecta-salvador-a-ilha-dos-frades-e-inaugurada\/","og_locale":"pt_BR","og_type":"article","og_title":"EMBARCA\u00c7\u00c3O QUE CONECTA SALVADOR A ILHA DOS FRADES \u00c9 INAUGURADA - Bahia Economica","og_description":"O maior portal de Economia da Bahia MUNIC\u00cdPIOS Bahia Economica","og_url":"https:\/\/bahiaeconomica.com.br\/wp\/2023\/12\/05\/embarcacao-que-conecta-salvador-a-ilha-dos-frades-e-inaugurada\/","og_site_name":"Bahia Economica","article_publisher":"https:\/\/www.facebook.com\/bahiaeconomica","article_published_time":"2023-12-05T18:18:38+00:00","og_image":[{"width":1200,"height":799,"url":"https:\/\/bahiaeconomica.com.br\/wp\/wp-content\/uploads\/2023\/12\/auto-upload-1944227.webp","type":"image\/webp"}],"author":"LUIZA NASCIMENTO","twitter_card":"summary_large_image","twitter_misc":{"Escrito por":"LUIZA NASCIMENTO","Est. tempo de leitura":"2 minutos"},"schema":{"@context":"https:\/\/schema.org","@graph":[{"@type":"Article","@id":"https:\/\/bahiaeconomica.com.br\/wp\/2023\/12\/05\/embarcacao-que-conecta-salvador-a-ilha-dos-frades-e-inaugurada\/#article","isPartOf":{"@id":"https:\/\/bahiaeconomica.com.br\/wp\/2023\/12\/05\/embarcacao-que-conecta-salvador-a-ilha-dos-frades-e-inaugurada\/"},"author":{"name":"LUIZA NASCIMENTO","@id":"https:\/\/bahiaeconomica.com.br\/wp\/#\/schema\/person\/18273ac0fe04bfd4e7b101bf17d40152"},"headline":"EMBARCA\u00c7\u00c3O QUE CONECTA SALVADOR A ILHA DOS FRADES \u00c9 INAUGURADA","datePublished":"2023-12-05T18:18:38+00:00","dateModified":"2023-12-05T18:18:38+00:00","mainEntityOfPage":{"@id":"https:\/\/bahiaeconomica.com.br\/wp\/2023\/12\/05\/embarcacao-que-conecta-salvador-a-ilha-dos-frades-e-inaugurada\/"},"wordCount":236,"publisher":{"@id":"https:\/\/bahiaeconomica.com.br\/wp\/#organization"},"keywords":["embarca\u00e7\u00e3o","Ilha dos Frades","Salvador"],"articleSection":["MUNIC\u00cdPIOS"],"inLanguage":"pt-BR"},{"@type":"WebPage","@id":"https:\/\/bahiaeconomica.com.br\/wp\/2023\/12\/05\/embarcacao-que-conecta-salvador-a-ilha-dos-frades-e-inaugurada\/","url":"https:\/\/bahiaeconomica.com.br\/wp\/2023\/12\/05\/embarcacao-que-conecta-salvador-a-ilha-dos-frades-e-inaugurada\/","name":"EMBARCA\u00c7\u00c3O QUE CONECTA SALVADOR A ILHA DOS FRADES \u00c9 INAUGURADA - Bahia Economica","isPartOf":{"@id":"https:\/\/bahiaeconomica.com.br\/wp\/#website"},"datePublished":"2023-12-05T18:18:38+00:00","dateModified":"2023-12-05T18:18:38+00:00","description":"O maior portal de Economia da Bahia MUNIC\u00cdPIOS Bahia Economica","breadcrumb":{"@id":"https:\/\/bahiaeconomica.com.br\/wp\/2023\/12\/05\/embarcacao-que-conecta-salvador-a-ilha-dos-frades-e-inaugurada\/#breadcrumb"},"inLanguage":"pt-BR","potentialAction":[{"@type":"ReadAction","target":["https:\/\/bahiaeconomica.com.br\/wp\/2023\/12\/05\/embarcacao-que-conecta-salvador-a-ilha-dos-frades-e-inaugurada\/"]}]},{"@type":"BreadcrumbList","@id":"https:\/\/bahiaeconomica.com.br\/wp\/2023\/12\/05\/embarcacao-que-conecta-salvador-a-ilha-dos-frades-e-inaugurada\/#breadcrumb","itemListElement":[{"@type":"ListItem","position":1,"name":"In\u00edcio","item":"https:\/\/bahiaeconomica.com.br\/wp\/"},{"@type":"ListItem","position":2,"name":"EMBARCA\u00c7\u00c3O QUE CONECTA SALVADOR A ILHA DOS FRADES \u00c9 INAUGURADA"}]},{"@type":"WebSite","@id":"https:\/\/bahiaeconomica.com.br\/wp\/#website","url":"https:\/\/bahiaeconomica.com.br\/wp\/","name":"Bahia Economica","description":"O maior portal de Economia da Bahia","publisher":{"@id":"https:\/\/bahiaeconomica.com.br\/wp\/#organization"},"potentialAction":[{"@type":"SearchAction","target":{"@type":"EntryPoint","urlTemplate":"https:\/\/bahiaeconomica.com.br\/wp\/?s={search_term_string}"},"query-input":"required name=search_term_string"}],"inLanguage":"pt-BR"},{"@type":"Organization","@id":"https:\/\/bahiaeconomica.com.br\/wp\/#organization","name":"Bahia Econ\u00f4mica","url":"https:\/\/bahiaeconomica.com.br\/wp\/","logo":{"@type":"ImageObject","inLanguage":"pt-BR","@id":"https:\/\/bahiaeconomica.com.br\/wp\/#\/schema\/logo\/image\/","url":"https:\/\/bahiaeconomica.com.br\/wp\/wp-content\/uploads\/2020\/12\/cropped-BE.png","contentUrl":"https:\/\/bahiaeconomica.com.br\/wp\/wp-content\/uploads\/2020\/12\/cropped-BE.png","width":512,"height":512,"caption":"Bahia Econ\u00f4mica"},"image":{"@id":"https:\/\/bahiaeconomica.com.br\/wp\/#\/schema\/logo\/image\/"},"sameAs":["https:\/\/www.facebook.com\/bahiaeconomica"]},{"@type":"Person","@id":"https:\/\/bahiaeconomica.com.br\/wp\/#\/schema\/person\/18273ac0fe04bfd4e7b101bf17d40152","name":"LUIZA NASCIMENTO","sameAs":["http:\/\/www.bahiaeconomica.com.br"],"url":"https:\/\/bahiaeconomica.com.br\/wp\/author\/luiza-nascimento\/"}]}},"views":356,"_links":{"self":[{"href":"https:\/\/bahiaeconomica.com.br\/wp\/wp-json\/wp\/v2\/posts\/782275"}],"collection":[{"href":"https:\/\/bahiaeconomica.com.br\/wp\/wp-json\/wp\/v2\/posts"}],"about":[{"href":"https:\/\/bahiaeconomica.com.br\/wp\/wp-json\/wp\/v2\/types\/post"}],"author":[{"embeddable":true,"href":"https:\/\/bahiaeconomica.com.br\/wp\/wp-json\/wp\/v2\/users\/16"}],"replies":[{"embeddable":true,"href":"https:\/\/bahiaeconomica.com.br\/wp\/wp-json\/wp\/v2\/comments?post=782275"}],"version-history":[{"count":1,"href":"https:\/\/bahiaeconomica.com.br\/wp\/wp-json\/wp\/v2\/posts\/782275\/revisions"}],"predecessor-version":[{"id":782298,"href":"https:\/\/bahiaeconomica.com.br\/wp\/wp-json\/wp\/v2\/posts\/782275\/revisions\/782298"}],"wp:featuredmedia":[{"embeddable":true,"href":"https:\/\/bahiaeconomica.com.br\/wp\/wp-json\/wp\/v2\/media\/782296"}],"wp:attachment":[{"href":"https:\/\/bahiaeconomica.com.br\/wp\/wp-json\/wp\/v2\/media?parent=782275"}],"wp:term":[{"taxonomy":"category","embeddable":true,"href":"https:\/\/bahiaeconomica.com.br\/wp\/wp-json\/wp\/v2\/categories?post=782275"},{"taxonomy":"post_tag","embeddable":true,"href":"https:\/\/bahiaeconomica.com.br\/wp\/wp-json\/wp\/v2\/tags?post=782275"}],"curies":[{"name":"wp","href":"https:\/\/api.w.org\/{rel}","templated":true}]}}