{"id":782078,"date":"2023-12-04T18:55:22","date_gmt":"2023-12-04T21:55:22","guid":{"rendered":"https:\/\/bahiaeconomica.com.br\/wp\/?p=782078"},"modified":"2023-12-04T18:55:22","modified_gmt":"2023-12-04T21:55:22","slug":"empresario-glicerio-lemos-e-reeleito-presidente-da-salvador-destination","status":"publish","type":"post","link":"https:\/\/bahiaeconomica.com.br\/wp\/2023\/12\/04\/empresario-glicerio-lemos-e-reeleito-presidente-da-salvador-destination\/","title":{"rendered":"EMPRES\u00c1RIO GLIC\u00c9RIO LEMOS \u00c9 REELEITO PRESIDENTE DA SALVADOR DESTINATION"},"content":{"rendered":"<p>O empres\u00e1rio Glic\u00e9rio Lemos, propriet\u00e1rio Monte Pascoal Praia Hotel, foi reconduzido na presid\u00eancia da Salvador Destination para o per\u00edodo 2024\/2025. A elei\u00e7\u00e3o foi realizada, nesta segunda-feira (4), na sede da entidade, no Caminho das \u00c1rvores.<\/p>\n<p>Lemos ressaltou que a prioridade ser\u00e1 fortalecer a parceria com a Prefeitura de Salvador e trazer tamb\u00e9m o governo do Estado para unir for\u00e7as, fortalecendo a capta\u00e7\u00e3o de congressos para a capital baiana.<\/p>\n<p>\u201cVamos ampliar as estrat\u00e9gias de divulga\u00e7\u00e3o do destino e de capta\u00e7\u00e3o de eventos. No mercado interno, o planejamento \u00e9 fechar parcerias com empresas estrat\u00e9gicas do turismo, como a concretizada esta semana com a CVC, para trazer organizadores e operadores de eventos, jornalistas e presidentes de entidades que realizam congressos. A ideia \u00e9 dar mais visibilidade a Salvador, cidade que est\u00e1 requalificada e pronta para competir com todos os destinos do pa\u00eds\u201d, frisou Lemos.<\/p>\n<p>O atual presidente destacou ainda a import\u00e2ncia do segmento MICE (Meetings, Incentives, Conferences and Exhibitions), que fortalece os 53 segmentos da economia e que tem um turista que gasta tr\u00eas vezes mais que o visitante de sol e mar, segundo dados da Embratur.<\/p>\n<p>Demais membros \u2013 A nova diretoria da Salvador Destination \u00e9 composta ainda por Manoel Garrido (Grande Hotel da Barra), vice-presidente administrativo-financeiro; Jean Paul Gonze (Lil\u00e1s Turismo), vice-presidente de Comunica\u00e7\u00e3o e Marketing, e Soraia Machado (Quality Hot\u00e9is e Su\u00edtes), vice-presidente de Rela\u00e7\u00f5es Institucionais.<\/p>\n<p>J\u00e1 o Conselho \u00e9 encabe\u00e7ado pelos empres\u00e1rios C\u00edcero Sena (Portobello Ondina Praia Hotel), Renata Pros\u00e9rpio (Casa Di Vina Boutique Hotel) e Patr\u00edcia Caetano (Luck Receptivo), tendo como suplentes Ana Priscilla Lima (Wish Hotel da Bahia), Ant\u00f4nio Mazzafera (Fera Palace Hotel) e Augusto C\u00e2mara (Arena Tecnologia em Eventos).<\/p>\n<p><strong>Foto: Assessoria\/Salvador Destination<\/strong><\/p>\n","protected":false},"excerpt":{"rendered":"<p>O empres\u00e1rio Glic\u00e9rio Lemos, propriet\u00e1rio Monte Pascoal Praia Hotel, foi reconduzido na presid\u00eancia da Salvador Destination para o per\u00edodo 2024\/2025. A elei\u00e7\u00e3o foi realizada, nesta segunda-feira (4), na sede da entidade, no Caminho das \u00c1rvores. Lemos ressaltou que a prioridade ser\u00e1 fortalecer a parceria com a Prefeitura de Salvador e trazer tamb\u00e9m o governo do [&hellip;]<\/p>\n","protected":false},"author":18,"featured_media":782082,"comment_status":"closed","ping_status":"closed","sticky":false,"template":"","format":"standard","meta":[],"categories":[689],"tags":[933,23744,75,23743,73],"acf":[],"yoast_head":"<!-- This site is optimized with the Yoast SEO plugin v20.8 - https:\/\/yoast.com\/wordpress\/plugins\/seo\/ -->\n<title>EMPRES\u00c1RIO GLIC\u00c9RIO LEMOS \u00c9 REELEITO PRESIDENTE DA SALVADOR DESTINATION - Bahia Economica<\/title>\n<meta name=\"description\" content=\"O maior portal de Economia da Bahia CULTURA E ARTE Bahia Economica O empres\u00e1rio Glic\u00e9rio Lemos, propriet\u00e1rio Monte Pascoal Praia Hotel\" \/>\n<meta name=\"robots\" content=\"index, follow, max-snippet:-1, max-image-preview:large, max-video-preview:-1\" \/>\n<link rel=\"canonical\" href=\"https:\/\/bahiaeconomica.com.br\/wp\/2023\/12\/04\/empresario-glicerio-lemos-e-reeleito-presidente-da-salvador-destination\/\" \/>\n<meta property=\"og:locale\" content=\"pt_BR\" \/>\n<meta property=\"og:type\" content=\"article\" \/>\n<meta property=\"og:title\" content=\"EMPRES\u00c1RIO GLIC\u00c9RIO LEMOS \u00c9 REELEITO PRESIDENTE DA SALVADOR DESTINATION - Bahia Economica\" \/>\n<meta property=\"og:description\" content=\"O maior portal de Economia da Bahia CULTURA E ARTE Bahia Economica O empres\u00e1rio Glic\u00e9rio Lemos, propriet\u00e1rio Monte Pascoal Praia Hotel\" \/>\n<meta property=\"og:url\" content=\"https:\/\/bahiaeconomica.com.br\/wp\/2023\/12\/04\/empresario-glicerio-lemos-e-reeleito-presidente-da-salvador-destination\/\" \/>\n<meta property=\"og:site_name\" content=\"Bahia Economica\" \/>\n<meta property=\"article:publisher\" content=\"https:\/\/www.facebook.com\/bahiaeconomica\" \/>\n<meta property=\"article:published_time\" content=\"2023-12-04T21:55:22+00:00\" \/>\n<meta property=\"og:image\" content=\"https:\/\/bahiaeconomica.com.br\/wp\/wp-content\/uploads\/2023\/12\/glicario-1.jpg\" \/>\n\t<meta property=\"og:image:width\" content=\"600\" \/>\n\t<meta property=\"og:image:height\" content=\"420\" \/>\n\t<meta property=\"og:image:type\" content=\"image\/jpeg\" \/>\n<meta name=\"author\" content=\"Emily Oliveira\" \/>\n<meta name=\"twitter:card\" content=\"summary_large_image\" \/>\n<meta name=\"twitter:label1\" content=\"Escrito por\" \/>\n\t<meta name=\"twitter:data1\" content=\"Emily Oliveira\" \/>\n\t<meta name=\"twitter:label2\" content=\"Est. tempo de leitura\" \/>\n\t<meta name=\"twitter:data2\" content=\"2 minutos\" \/>\n<script type=\"application\/ld+json\" class=\"yoast-schema-graph\">{\"@context\":\"https:\/\/schema.org\",\"@graph\":[{\"@type\":\"Article\",\"@id\":\"https:\/\/bahiaeconomica.com.br\/wp\/2023\/12\/04\/empresario-glicerio-lemos-e-reeleito-presidente-da-salvador-destination\/#article\",\"isPartOf\":{\"@id\":\"https:\/\/bahiaeconomica.com.br\/wp\/2023\/12\/04\/empresario-glicerio-lemos-e-reeleito-presidente-da-salvador-destination\/\"},\"author\":{\"name\":\"Emily Oliveira\",\"@id\":\"https:\/\/bahiaeconomica.com.br\/wp\/#\/schema\/person\/547396bb3b39ebb828ab5807d982c42f\"},\"headline\":\"EMPRES\u00c1RIO GLIC\u00c9RIO LEMOS \u00c9 REELEITO PRESIDENTE DA SALVADOR DESTINATION\",\"datePublished\":\"2023-12-04T21:55:22+00:00\",\"dateModified\":\"2023-12-04T21:55:22+00:00\",\"mainEntityOfPage\":{\"@id\":\"https:\/\/bahiaeconomica.com.br\/wp\/2023\/12\/04\/empresario-glicerio-lemos-e-reeleito-presidente-da-salvador-destination\/\"},\"wordCount\":307,\"publisher\":{\"@id\":\"https:\/\/bahiaeconomica.com.br\/wp\/#organization\"},\"keywords\":[\"cultura\",\"glic\u00e9rio lemos\",\"Prefeitura de Salvador\",\"presidente da salvador destination\",\"Salvador\"],\"articleSection\":[\"CULTURA E ARTE\"],\"inLanguage\":\"pt-BR\"},{\"@type\":\"WebPage\",\"@id\":\"https:\/\/bahiaeconomica.com.br\/wp\/2023\/12\/04\/empresario-glicerio-lemos-e-reeleito-presidente-da-salvador-destination\/\",\"url\":\"https:\/\/bahiaeconomica.com.br\/wp\/2023\/12\/04\/empresario-glicerio-lemos-e-reeleito-presidente-da-salvador-destination\/\",\"name\":\"EMPRES\u00c1RIO GLIC\u00c9RIO LEMOS \u00c9 REELEITO PRESIDENTE DA SALVADOR DESTINATION - Bahia Economica\",\"isPartOf\":{\"@id\":\"https:\/\/bahiaeconomica.com.br\/wp\/#website\"},\"datePublished\":\"2023-12-04T21:55:22+00:00\",\"dateModified\":\"2023-12-04T21:55:22+00:00\",\"description\":\"O maior portal de Economia da Bahia CULTURA E ARTE Bahia Economica O empres\u00e1rio Glic\u00e9rio Lemos, propriet\u00e1rio Monte Pascoal Praia Hotel\",\"breadcrumb\":{\"@id\":\"https:\/\/bahiaeconomica.com.br\/wp\/2023\/12\/04\/empresario-glicerio-lemos-e-reeleito-presidente-da-salvador-destination\/#breadcrumb\"},\"inLanguage\":\"pt-BR\",\"potentialAction\":[{\"@type\":\"ReadAction\",\"target\":[\"https:\/\/bahiaeconomica.com.br\/wp\/2023\/12\/04\/empresario-glicerio-lemos-e-reeleito-presidente-da-salvador-destination\/\"]}]},{\"@type\":\"BreadcrumbList\",\"@id\":\"https:\/\/bahiaeconomica.com.br\/wp\/2023\/12\/04\/empresario-glicerio-lemos-e-reeleito-presidente-da-salvador-destination\/#breadcrumb\",\"itemListElement\":[{\"@type\":\"ListItem\",\"position\":1,\"name\":\"In\u00edcio\",\"item\":\"https:\/\/bahiaeconomica.com.br\/wp\/\"},{\"@type\":\"ListItem\",\"position\":2,\"name\":\"EMPRES\u00c1RIO GLIC\u00c9RIO LEMOS \u00c9 REELEITO PRESIDENTE DA SALVADOR DESTINATION\"}]},{\"@type\":\"WebSite\",\"@id\":\"https:\/\/bahiaeconomica.com.br\/wp\/#website\",\"url\":\"https:\/\/bahiaeconomica.com.br\/wp\/\",\"name\":\"Bahia Economica\",\"description\":\"O maior portal de Economia da Bahia\",\"publisher\":{\"@id\":\"https:\/\/bahiaeconomica.com.br\/wp\/#organization\"},\"potentialAction\":[{\"@type\":\"SearchAction\",\"target\":{\"@type\":\"EntryPoint\",\"urlTemplate\":\"https:\/\/bahiaeconomica.com.br\/wp\/?s={search_term_string}\"},\"query-input\":\"required name=search_term_string\"}],\"inLanguage\":\"pt-BR\"},{\"@type\":\"Organization\",\"@id\":\"https:\/\/bahiaeconomica.com.br\/wp\/#organization\",\"name\":\"Bahia Econ\u00f4mica\",\"url\":\"https:\/\/bahiaeconomica.com.br\/wp\/\",\"logo\":{\"@type\":\"ImageObject\",\"inLanguage\":\"pt-BR\",\"@id\":\"https:\/\/bahiaeconomica.com.br\/wp\/#\/schema\/logo\/image\/\",\"url\":\"https:\/\/bahiaeconomica.com.br\/wp\/wp-content\/uploads\/2020\/12\/cropped-BE.png\",\"contentUrl\":\"https:\/\/bahiaeconomica.com.br\/wp\/wp-content\/uploads\/2020\/12\/cropped-BE.png\",\"width\":512,\"height\":512,\"caption\":\"Bahia Econ\u00f4mica\"},\"image\":{\"@id\":\"https:\/\/bahiaeconomica.com.br\/wp\/#\/schema\/logo\/image\/\"},\"sameAs\":[\"https:\/\/www.facebook.com\/bahiaeconomica\"]},{\"@type\":\"Person\",\"@id\":\"https:\/\/bahiaeconomica.com.br\/wp\/#\/schema\/person\/547396bb3b39ebb828ab5807d982c42f\",\"name\":\"Emily Oliveira\",\"sameAs\":[\"https:\/\/bahiaeconomica.com.br\/wp\/\"],\"url\":\"https:\/\/bahiaeconomica.com.br\/wp\/author\/emily-oliveira\/\"}]}<\/script>\n<!-- \/ Yoast SEO plugin. -->","yoast_head_json":{"title":"EMPRES\u00c1RIO GLIC\u00c9RIO LEMOS \u00c9 REELEITO PRESIDENTE DA SALVADOR DESTINATION - Bahia Economica","description":"O maior portal de Economia da Bahia CULTURA E ARTE Bahia Economica O empres\u00e1rio Glic\u00e9rio Lemos, propriet\u00e1rio Monte Pascoal Praia Hotel","robots":{"index":"index","follow":"follow","max-snippet":"max-snippet:-1","max-image-preview":"max-image-preview:large","max-video-preview":"max-video-preview:-1"},"canonical":"https:\/\/bahiaeconomica.com.br\/wp\/2023\/12\/04\/empresario-glicerio-lemos-e-reeleito-presidente-da-salvador-destination\/","og_locale":"pt_BR","og_type":"article","og_title":"EMPRES\u00c1RIO GLIC\u00c9RIO LEMOS \u00c9 REELEITO PRESIDENTE DA SALVADOR DESTINATION - Bahia Economica","og_description":"O maior portal de Economia da Bahia CULTURA E ARTE Bahia Economica O empres\u00e1rio Glic\u00e9rio Lemos, propriet\u00e1rio Monte Pascoal Praia Hotel","og_url":"https:\/\/bahiaeconomica.com.br\/wp\/2023\/12\/04\/empresario-glicerio-lemos-e-reeleito-presidente-da-salvador-destination\/","og_site_name":"Bahia Economica","article_publisher":"https:\/\/www.facebook.com\/bahiaeconomica","article_published_time":"2023-12-04T21:55:22+00:00","og_image":[{"width":600,"height":420,"url":"https:\/\/bahiaeconomica.com.br\/wp\/wp-content\/uploads\/2023\/12\/glicario-1.jpg","type":"image\/jpeg"}],"author":"Emily Oliveira","twitter_card":"summary_large_image","twitter_misc":{"Escrito por":"Emily Oliveira","Est. tempo de leitura":"2 minutos"},"schema":{"@context":"https:\/\/schema.org","@graph":[{"@type":"Article","@id":"https:\/\/bahiaeconomica.com.br\/wp\/2023\/12\/04\/empresario-glicerio-lemos-e-reeleito-presidente-da-salvador-destination\/#article","isPartOf":{"@id":"https:\/\/bahiaeconomica.com.br\/wp\/2023\/12\/04\/empresario-glicerio-lemos-e-reeleito-presidente-da-salvador-destination\/"},"author":{"name":"Emily Oliveira","@id":"https:\/\/bahiaeconomica.com.br\/wp\/#\/schema\/person\/547396bb3b39ebb828ab5807d982c42f"},"headline":"EMPRES\u00c1RIO GLIC\u00c9RIO LEMOS \u00c9 REELEITO PRESIDENTE DA SALVADOR DESTINATION","datePublished":"2023-12-04T21:55:22+00:00","dateModified":"2023-12-04T21:55:22+00:00","mainEntityOfPage":{"@id":"https:\/\/bahiaeconomica.com.br\/wp\/2023\/12\/04\/empresario-glicerio-lemos-e-reeleito-presidente-da-salvador-destination\/"},"wordCount":307,"publisher":{"@id":"https:\/\/bahiaeconomica.com.br\/wp\/#organization"},"keywords":["cultura","glic\u00e9rio lemos","Prefeitura de Salvador","presidente da salvador destination","Salvador"],"articleSection":["CULTURA E ARTE"],"inLanguage":"pt-BR"},{"@type":"WebPage","@id":"https:\/\/bahiaeconomica.com.br\/wp\/2023\/12\/04\/empresario-glicerio-lemos-e-reeleito-presidente-da-salvador-destination\/","url":"https:\/\/bahiaeconomica.com.br\/wp\/2023\/12\/04\/empresario-glicerio-lemos-e-reeleito-presidente-da-salvador-destination\/","name":"EMPRES\u00c1RIO GLIC\u00c9RIO LEMOS \u00c9 REELEITO PRESIDENTE DA SALVADOR DESTINATION - Bahia Economica","isPartOf":{"@id":"https:\/\/bahiaeconomica.com.br\/wp\/#website"},"datePublished":"2023-12-04T21:55:22+00:00","dateModified":"2023-12-04T21:55:22+00:00","description":"O maior portal de Economia da Bahia CULTURA E ARTE Bahia Economica O empres\u00e1rio Glic\u00e9rio Lemos, propriet\u00e1rio Monte Pascoal Praia Hotel","breadcrumb":{"@id":"https:\/\/bahiaeconomica.com.br\/wp\/2023\/12\/04\/empresario-glicerio-lemos-e-reeleito-presidente-da-salvador-destination\/#breadcrumb"},"inLanguage":"pt-BR","potentialAction":[{"@type":"ReadAction","target":["https:\/\/bahiaeconomica.com.br\/wp\/2023\/12\/04\/empresario-glicerio-lemos-e-reeleito-presidente-da-salvador-destination\/"]}]},{"@type":"BreadcrumbList","@id":"https:\/\/bahiaeconomica.com.br\/wp\/2023\/12\/04\/empresario-glicerio-lemos-e-reeleito-presidente-da-salvador-destination\/#breadcrumb","itemListElement":[{"@type":"ListItem","position":1,"name":"In\u00edcio","item":"https:\/\/bahiaeconomica.com.br\/wp\/"},{"@type":"ListItem","position":2,"name":"EMPRES\u00c1RIO GLIC\u00c9RIO LEMOS \u00c9 REELEITO PRESIDENTE DA SALVADOR DESTINATION"}]},{"@type":"WebSite","@id":"https:\/\/bahiaeconomica.com.br\/wp\/#website","url":"https:\/\/bahiaeconomica.com.br\/wp\/","name":"Bahia Economica","description":"O maior portal de Economia da Bahia","publisher":{"@id":"https:\/\/bahiaeconomica.com.br\/wp\/#organization"},"potentialAction":[{"@type":"SearchAction","target":{"@type":"EntryPoint","urlTemplate":"https:\/\/bahiaeconomica.com.br\/wp\/?s={search_term_string}"},"query-input":"required name=search_term_string"}],"inLanguage":"pt-BR"},{"@type":"Organization","@id":"https:\/\/bahiaeconomica.com.br\/wp\/#organization","name":"Bahia Econ\u00f4mica","url":"https:\/\/bahiaeconomica.com.br\/wp\/","logo":{"@type":"ImageObject","inLanguage":"pt-BR","@id":"https:\/\/bahiaeconomica.com.br\/wp\/#\/schema\/logo\/image\/","url":"https:\/\/bahiaeconomica.com.br\/wp\/wp-content\/uploads\/2020\/12\/cropped-BE.png","contentUrl":"https:\/\/bahiaeconomica.com.br\/wp\/wp-content\/uploads\/2020\/12\/cropped-BE.png","width":512,"height":512,"caption":"Bahia Econ\u00f4mica"},"image":{"@id":"https:\/\/bahiaeconomica.com.br\/wp\/#\/schema\/logo\/image\/"},"sameAs":["https:\/\/www.facebook.com\/bahiaeconomica"]},{"@type":"Person","@id":"https:\/\/bahiaeconomica.com.br\/wp\/#\/schema\/person\/547396bb3b39ebb828ab5807d982c42f","name":"Emily Oliveira","sameAs":["https:\/\/bahiaeconomica.com.br\/wp\/"],"url":"https:\/\/bahiaeconomica.com.br\/wp\/author\/emily-oliveira\/"}]}},"views":36,"_links":{"self":[{"href":"https:\/\/bahiaeconomica.com.br\/wp\/wp-json\/wp\/v2\/posts\/782078"}],"collection":[{"href":"https:\/\/bahiaeconomica.com.br\/wp\/wp-json\/wp\/v2\/posts"}],"about":[{"href":"https:\/\/bahiaeconomica.com.br\/wp\/wp-json\/wp\/v2\/types\/post"}],"author":[{"embeddable":true,"href":"https:\/\/bahiaeconomica.com.br\/wp\/wp-json\/wp\/v2\/users\/18"}],"replies":[{"embeddable":true,"href":"https:\/\/bahiaeconomica.com.br\/wp\/wp-json\/wp\/v2\/comments?post=782078"}],"version-history":[{"count":1,"href":"https:\/\/bahiaeconomica.com.br\/wp\/wp-json\/wp\/v2\/posts\/782078\/revisions"}],"predecessor-version":[{"id":782083,"href":"https:\/\/bahiaeconomica.com.br\/wp\/wp-json\/wp\/v2\/posts\/782078\/revisions\/782083"}],"wp:featuredmedia":[{"embeddable":true,"href":"https:\/\/bahiaeconomica.com.br\/wp\/wp-json\/wp\/v2\/media\/782082"}],"wp:attachment":[{"href":"https:\/\/bahiaeconomica.com.br\/wp\/wp-json\/wp\/v2\/media?parent=782078"}],"wp:term":[{"taxonomy":"category","embeddable":true,"href":"https:\/\/bahiaeconomica.com.br\/wp\/wp-json\/wp\/v2\/categories?post=782078"},{"taxonomy":"post_tag","embeddable":true,"href":"https:\/\/bahiaeconomica.com.br\/wp\/wp-json\/wp\/v2\/tags?post=782078"}],"curies":[{"name":"wp","href":"https:\/\/api.w.org\/{rel}","templated":true}]}}