{"id":782027,"date":"2023-12-04T17:30:30","date_gmt":"2023-12-04T20:30:30","guid":{"rendered":"https:\/\/bahiaeconomica.com.br\/wp\/?p=782027"},"modified":"2023-12-04T19:13:16","modified_gmt":"2023-12-04T22:13:16","slug":"confira-os-vereadores-de-salvador-que-mais-faltaram-em-2023","status":"publish","type":"post","link":"https:\/\/bahiaeconomica.com.br\/wp\/2023\/12\/04\/confira-os-vereadores-de-salvador-que-mais-faltaram-em-2023\/","title":{"rendered":"VEREADORES DO PP LIDERAM RANKINGS DE AUS\u00caNCIAS E FALTAS LICENCIADAS NA C\u00c2MARA DE SALVADOR EM 2023; CONFIRA"},"content":{"rendered":"<p>Pelo menos sete dos 43 vereadores da C\u00e2mara Municipal de Salvador (CMS) somam 163 aus\u00eancias nas sess\u00f5es da Casa no ano de 2023. Os dados s\u00e3o do levantamento feito pelo <strong>Bahia Econ\u00f4mica<\/strong>, por meio dos dados disponibilizados pelo Portal da Transpar\u00eancia da CMS, e foram considerados os n\u00fameros entre a 1\u00aa e a 79\u00aa sess\u00e3o, realizadas no per\u00edodo de fevereiro a novembro.<\/p>\n<p>As faltas registradas se dividem entre aus\u00eancias e licen\u00e7as, que s\u00e3o previstas no regimento da Casa em caso de aloca\u00e7\u00e3o em outras fun\u00e7\u00f5es tratamento de sa\u00fade, miss\u00f5es tempor\u00e1rias, interesse particular sem remunera\u00e7\u00e3o, gesta\u00e7\u00e3o\/ado\u00e7\u00e3o\/guarda ou doen\u00e7a de pessoa da fam\u00edlia.<\/p>\n<p>Na lista dos ausentes, pelo menos sete se destacaram no ranking, sendo liderado pelo vereador Maur\u00edcio Trindade (PP), com 32 faltas nas sess\u00f5es entre fevereiro e novembro de 2023. Na sequ\u00eancia, aparecem Atila Do Congo (Patriota), com 30; Alfredo Mangueira (MDB), com 28; D\u00e9bora Santana (Avante), com 20; Sidninho (Podemos), com 19; e Cris Correia (PSDB) e Ricardo Almeida (PSC), os dois com 17 aus\u00eancias.<\/p>\n<p>A reportagem entrou em contato com os vereadores Maur\u00edcio Trindade e \u00c1tila do Congo, mas n\u00e3o obteve retorno at\u00e9 o fechamento da mat\u00e9ria. No entanto, o espa\u00e7o segue aberto para as manifesta\u00e7\u00f5es de todos citados.<\/p>\n<p>J\u00e1 entre os vereadores que tiveram as suas faltas licenciadas, Roberta Caires (PP) lidera o ranking com 48 licen\u00e7as registradas, conforme os dados do Portal da CMS. Na sequ\u00eancia aparecem: Edvaldo Brito (PSD), com 38; Andr\u00e9 Fraga (PV), com 19; Sidninho (Podemos), com 16; Ireuda Silva (Republicanos) e Laina Pretas por Salvador (PSOL), ambas com 13; e Su\u00edca Lula (PT), com nove faltas.<\/p>\n<p>O <strong>Bahia Econ\u00f4mica<\/strong> entrou em contato com a vereadora Roberta Caires que, por meio da assessoria, esclareceu que desde o in\u00edcio do ano, tem comparecido a compromissos inadi\u00e1veis por quest\u00f5es de sa\u00fade na fam\u00edlia e, por esse motivo, precisou se licenciar de sess\u00f5es da C\u00e2mara.<\/p>\n<p>&#8220;[&#8230;] no m\u00eas de janeiro de 2023, toda a fam\u00edlia foi surpreendida pelo diagn\u00f3stico de c\u00e2ncer de seu pai, sr. Roberto Caires, de 60 anos. Ainda que licenciada de algumas sess\u00f5es, Roberta permanece ass\u00eddua com seus compromissos pelo povo de Salvador, vistoriando obras em comunidades, ouvindo a necessidade das pessoas e atuando \u00e0 frente das causas que defende, como o combate \u00e0 viol\u00eancia contra a mulher e o empreendedorismo feminino&#8221;, destacou em nota.<\/p>\n<p>J\u00e1 o vereador Edvaldo Brito explicou \u00e0 reportagem que ele est\u00e1 fazendo parte da comiss\u00e3o de juristas destinada \u00e0 revis\u00e3o e atualiza\u00e7\u00e3o do C\u00f3digo Civil do Brasil.<\/p>\n<p>&#8220;Fui honrado com essa escolha. Ent\u00e3o, para evitar que eu pedisse uma licen\u00e7a para me afastar dos trabalhos, levaria encargos para o munic\u00edpio e a\u00ed teria que convocar o meu suplente. Com isso, eu combinei com o presidente [da C\u00e2mara Municipal, Carlos Muniz], que nos tempos de reuni\u00e3o, eu pediria licen\u00e7a&#8221;, esclareceu o pol\u00edtico.<\/p>\n<p>Em caso de falta n\u00e3o justificada, \u00e9 efetuado um desconto do um percentual do subs\u00eddio recebido. Conforme o regimento da CMS, a presen\u00e7a \u00e0s sess\u00f5es \u00e9 obrigat\u00f3ria, com exce\u00e7\u00e3o de miss\u00e3o oficial, licen\u00e7a, falta justificada e obstru\u00e7\u00e3o.<\/p>\n<h3>Apenas um vereador n\u00e3o registrou falta em 2023<\/h3>\n<p>Na outra ponta, longe dos faltosos, entre os 43 vereadores, somente Arnando Lessa (PT) n\u00e3o registrou aus\u00eancia em nenhuma das 79 sess\u00f5es levantadas entre o per\u00edodo de fevereiro e novembro deste ano. Lessa assumiu uma cadeira na C\u00e2mara em substitui\u00e7\u00e3o da vereadora Maria Marighella (PT), que se licenciou do mandato para assumir a presid\u00eancia da Funda\u00e7\u00e3o Nacional de Artes (Funarte) em fevereiro.<\/p>\n<p>Ao Bahia Econ\u00f4mica, Lessa afirmou que considera a atitude de n\u00e3o ter faltas como normal, j\u00e1 que foi para isso que foi eleito vereador. &#8220;Eu sempre me organizo para que eu esteja na comunidade, pode ser aos s\u00e1bados, domingos, de dia ou de noite. Mas n\u00e3o sacrifico o plen\u00e1rio e deixo de estar no coro e debatendo sobre a cidade. Eu gosto muito de ser vereador e gosto de estar presente no plen\u00e1rio, onde posso estabelecer o contradit\u00f3rio, fazer observa\u00e7\u00f5es, falar para a popula\u00e7\u00e3o, discutir e debater&#8221;, explicou<\/p>\n<p>Ainda segundo o vereador, o plen\u00e1rio \u00e9 um instrumento que ele valoriza muito e que n\u00e3o faz nada al\u00e9m do que lhe foi delegado pela popula\u00e7\u00e3o de Salvador.<\/p>\n<p>&#8220;N\u00e3o tenho nada contra quem n\u00e3o valoriza esse instrumento. \u00c9 muito importante estar presente, ouvir e n\u00e3o ficar em um sim ou n\u00e3o, em um senta e levanta de cadeira. Eu n\u00e3o critico ningu\u00e9m e fa\u00e7o a minha parte. N\u00e3o \u00e9 s\u00f3 neste ano que eu n\u00e3o tenho 100% de frequ\u00eancia, eu sempre tive porque esse \u00e9 um compromisso que eu tenho comigo mesmo&#8221;, destacou o parlamentar.<\/p>\n<p>Confira a lista completa das faltas dos vereadores <a href=\"file:\/\/\/C:\/Users\/Bahia%20Econ%C3%B4mica\/Desktop\/levantamento_BAHIAECONOMICA.pdf\">aqui<\/a>.<\/p>\n","protected":false},"excerpt":{"rendered":"<p>Pelo menos sete dos 43 vereadores da C\u00e2mara Municipal de Salvador (CMS) somam 163 aus\u00eancias nas sess\u00f5es da Casa no ano de 2023. Os dados s\u00e3o do levantamento feito pelo Bahia Econ\u00f4mica, por meio dos dados disponibilizados pelo Portal da Transpar\u00eancia da CMS, e foram considerados os n\u00fameros entre a 1\u00aa e a 79\u00aa sess\u00e3o, [&hellip;]<\/p>\n","protected":false},"author":18,"featured_media":782029,"comment_status":"closed","ping_status":"closed","sticky":false,"template":"","format":"standard","meta":[],"categories":[14,14601],"tags":[23726,6945,23725,23727,73,12492],"acf":[],"yoast_head":"<!-- This site is optimized with the Yoast SEO plugin v20.8 - https:\/\/yoast.com\/wordpress\/plugins\/seo\/ -->\n<title>VEREADORES DO PP LIDERAM RANKINGS DE AUS\u00caNCIAS E FALTAS LICENCIADAS NA C\u00c2MARA DE SALVADOR EM 2023; CONFIRA - Bahia Economica<\/title>\n<meta name=\"description\" content=\"O maior portal de Economia da Bahia DESTAQUE DO DIA, Pol\u00edtica Bahia Economica Pelo menos sete dos 43 vereadores da C\u00e2mara\" \/>\n<meta name=\"robots\" content=\"index, follow, max-snippet:-1, max-image-preview:large, max-video-preview:-1\" \/>\n<link rel=\"canonical\" href=\"https:\/\/bahiaeconomica.com.br\/wp\/2023\/12\/04\/confira-os-vereadores-de-salvador-que-mais-faltaram-em-2023\/\" \/>\n<meta property=\"og:locale\" content=\"pt_BR\" \/>\n<meta property=\"og:type\" content=\"article\" \/>\n<meta property=\"og:title\" content=\"VEREADORES DO PP LIDERAM RANKINGS DE AUS\u00caNCIAS E FALTAS LICENCIADAS NA C\u00c2MARA DE SALVADOR EM 2023; CONFIRA - Bahia Economica\" \/>\n<meta property=\"og:description\" content=\"O maior portal de Economia da Bahia DESTAQUE DO DIA, Pol\u00edtica Bahia Economica Pelo menos sete dos 43 vereadores da C\u00e2mara\" \/>\n<meta property=\"og:url\" content=\"https:\/\/bahiaeconomica.com.br\/wp\/2023\/12\/04\/confira-os-vereadores-de-salvador-que-mais-faltaram-em-2023\/\" \/>\n<meta property=\"og:site_name\" content=\"Bahia Economica\" \/>\n<meta property=\"article:publisher\" content=\"https:\/\/www.facebook.com\/bahiaeconomica\" \/>\n<meta property=\"article:published_time\" content=\"2023-12-04T20:30:30+00:00\" \/>\n<meta property=\"article:modified_time\" content=\"2023-12-04T22:13:16+00:00\" \/>\n<meta property=\"og:image\" content=\"https:\/\/bahiaeconomica.com.br\/wp\/wp-content\/uploads\/2023\/12\/76ba9f564ebbc35b1014ac498fafadd0_1553885657.jpg\" \/>\n\t<meta property=\"og:image:width\" content=\"800\" \/>\n\t<meta property=\"og:image:height\" content=\"534\" \/>\n\t<meta property=\"og:image:type\" content=\"image\/jpeg\" \/>\n<meta name=\"author\" content=\"Emily Oliveira\" \/>\n<meta name=\"twitter:card\" content=\"summary_large_image\" \/>\n<meta name=\"twitter:label1\" content=\"Escrito por\" \/>\n\t<meta name=\"twitter:data1\" content=\"Emily Oliveira\" \/>\n\t<meta name=\"twitter:label2\" content=\"Est. tempo de leitura\" \/>\n\t<meta name=\"twitter:data2\" content=\"5 minutos\" \/>\n<script type=\"application\/ld+json\" class=\"yoast-schema-graph\">{\"@context\":\"https:\/\/schema.org\",\"@graph\":[{\"@type\":\"Article\",\"@id\":\"https:\/\/bahiaeconomica.com.br\/wp\/2023\/12\/04\/confira-os-vereadores-de-salvador-que-mais-faltaram-em-2023\/#article\",\"isPartOf\":{\"@id\":\"https:\/\/bahiaeconomica.com.br\/wp\/2023\/12\/04\/confira-os-vereadores-de-salvador-que-mais-faltaram-em-2023\/\"},\"author\":{\"name\":\"Emily Oliveira\",\"@id\":\"https:\/\/bahiaeconomica.com.br\/wp\/#\/schema\/person\/547396bb3b39ebb828ab5807d982c42f\"},\"headline\":\"VEREADORES DO PP LIDERAM RANKINGS DE AUS\u00caNCIAS E FALTAS LICENCIADAS NA C\u00c2MARA DE SALVADOR EM 2023; CONFIRA\",\"datePublished\":\"2023-12-04T20:30:30+00:00\",\"dateModified\":\"2023-12-04T22:13:16+00:00\",\"mainEntityOfPage\":{\"@id\":\"https:\/\/bahiaeconomica.com.br\/wp\/2023\/12\/04\/confira-os-vereadores-de-salvador-que-mais-faltaram-em-2023\/\"},\"wordCount\":850,\"publisher\":{\"@id\":\"https:\/\/bahiaeconomica.com.br\/wp\/#organization\"},\"keywords\":[\"aus\u00eancias dos vereadores\",\"C\u00e2mara Municipal de Salvador\",\"falta dos vereadores\",\"faltas de 2023\",\"Salvador\",\"VEREADORES DE SALVADOR[\"],\"articleSection\":[\"DESTAQUE DO DIA\",\"Pol\u00edtica\"],\"inLanguage\":\"pt-BR\"},{\"@type\":\"WebPage\",\"@id\":\"https:\/\/bahiaeconomica.com.br\/wp\/2023\/12\/04\/confira-os-vereadores-de-salvador-que-mais-faltaram-em-2023\/\",\"url\":\"https:\/\/bahiaeconomica.com.br\/wp\/2023\/12\/04\/confira-os-vereadores-de-salvador-que-mais-faltaram-em-2023\/\",\"name\":\"VEREADORES DO PP LIDERAM RANKINGS DE AUS\u00caNCIAS E FALTAS LICENCIADAS NA C\u00c2MARA DE SALVADOR EM 2023; CONFIRA - Bahia Economica\",\"isPartOf\":{\"@id\":\"https:\/\/bahiaeconomica.com.br\/wp\/#website\"},\"datePublished\":\"2023-12-04T20:30:30+00:00\",\"dateModified\":\"2023-12-04T22:13:16+00:00\",\"description\":\"O maior portal de Economia da Bahia DESTAQUE DO DIA, Pol\u00edtica Bahia Economica Pelo menos sete dos 43 vereadores da C\u00e2mara\",\"breadcrumb\":{\"@id\":\"https:\/\/bahiaeconomica.com.br\/wp\/2023\/12\/04\/confira-os-vereadores-de-salvador-que-mais-faltaram-em-2023\/#breadcrumb\"},\"inLanguage\":\"pt-BR\",\"potentialAction\":[{\"@type\":\"ReadAction\",\"target\":[\"https:\/\/bahiaeconomica.com.br\/wp\/2023\/12\/04\/confira-os-vereadores-de-salvador-que-mais-faltaram-em-2023\/\"]}]},{\"@type\":\"BreadcrumbList\",\"@id\":\"https:\/\/bahiaeconomica.com.br\/wp\/2023\/12\/04\/confira-os-vereadores-de-salvador-que-mais-faltaram-em-2023\/#breadcrumb\",\"itemListElement\":[{\"@type\":\"ListItem\",\"position\":1,\"name\":\"In\u00edcio\",\"item\":\"https:\/\/bahiaeconomica.com.br\/wp\/\"},{\"@type\":\"ListItem\",\"position\":2,\"name\":\"VEREADORES DO PP LIDERAM RANKINGS DE AUS\u00caNCIAS E FALTAS LICENCIADAS NA C\u00c2MARA DE SALVADOR EM 2023; CONFIRA\"}]},{\"@type\":\"WebSite\",\"@id\":\"https:\/\/bahiaeconomica.com.br\/wp\/#website\",\"url\":\"https:\/\/bahiaeconomica.com.br\/wp\/\",\"name\":\"Bahia Economica\",\"description\":\"O maior portal de Economia da Bahia\",\"publisher\":{\"@id\":\"https:\/\/bahiaeconomica.com.br\/wp\/#organization\"},\"potentialAction\":[{\"@type\":\"SearchAction\",\"target\":{\"@type\":\"EntryPoint\",\"urlTemplate\":\"https:\/\/bahiaeconomica.com.br\/wp\/?s={search_term_string}\"},\"query-input\":\"required name=search_term_string\"}],\"inLanguage\":\"pt-BR\"},{\"@type\":\"Organization\",\"@id\":\"https:\/\/bahiaeconomica.com.br\/wp\/#organization\",\"name\":\"Bahia Econ\u00f4mica\",\"url\":\"https:\/\/bahiaeconomica.com.br\/wp\/\",\"logo\":{\"@type\":\"ImageObject\",\"inLanguage\":\"pt-BR\",\"@id\":\"https:\/\/bahiaeconomica.com.br\/wp\/#\/schema\/logo\/image\/\",\"url\":\"https:\/\/bahiaeconomica.com.br\/wp\/wp-content\/uploads\/2020\/12\/cropped-BE.png\",\"contentUrl\":\"https:\/\/bahiaeconomica.com.br\/wp\/wp-content\/uploads\/2020\/12\/cropped-BE.png\",\"width\":512,\"height\":512,\"caption\":\"Bahia Econ\u00f4mica\"},\"image\":{\"@id\":\"https:\/\/bahiaeconomica.com.br\/wp\/#\/schema\/logo\/image\/\"},\"sameAs\":[\"https:\/\/www.facebook.com\/bahiaeconomica\"]},{\"@type\":\"Person\",\"@id\":\"https:\/\/bahiaeconomica.com.br\/wp\/#\/schema\/person\/547396bb3b39ebb828ab5807d982c42f\",\"name\":\"Emily Oliveira\",\"sameAs\":[\"https:\/\/bahiaeconomica.com.br\/wp\/\"],\"url\":\"https:\/\/bahiaeconomica.com.br\/wp\/author\/emily-oliveira\/\"}]}<\/script>\n<!-- \/ Yoast SEO plugin. -->","yoast_head_json":{"title":"VEREADORES DO PP LIDERAM RANKINGS DE AUS\u00caNCIAS E FALTAS LICENCIADAS NA C\u00c2MARA DE SALVADOR EM 2023; CONFIRA - Bahia Economica","description":"O maior portal de Economia da Bahia DESTAQUE DO DIA, Pol\u00edtica Bahia Economica Pelo menos sete dos 43 vereadores da C\u00e2mara","robots":{"index":"index","follow":"follow","max-snippet":"max-snippet:-1","max-image-preview":"max-image-preview:large","max-video-preview":"max-video-preview:-1"},"canonical":"https:\/\/bahiaeconomica.com.br\/wp\/2023\/12\/04\/confira-os-vereadores-de-salvador-que-mais-faltaram-em-2023\/","og_locale":"pt_BR","og_type":"article","og_title":"VEREADORES DO PP LIDERAM RANKINGS DE AUS\u00caNCIAS E FALTAS LICENCIADAS NA C\u00c2MARA DE SALVADOR EM 2023; CONFIRA - Bahia Economica","og_description":"O maior portal de Economia da Bahia DESTAQUE DO DIA, Pol\u00edtica Bahia Economica Pelo menos sete dos 43 vereadores da C\u00e2mara","og_url":"https:\/\/bahiaeconomica.com.br\/wp\/2023\/12\/04\/confira-os-vereadores-de-salvador-que-mais-faltaram-em-2023\/","og_site_name":"Bahia Economica","article_publisher":"https:\/\/www.facebook.com\/bahiaeconomica","article_published_time":"2023-12-04T20:30:30+00:00","article_modified_time":"2023-12-04T22:13:16+00:00","og_image":[{"width":800,"height":534,"url":"https:\/\/bahiaeconomica.com.br\/wp\/wp-content\/uploads\/2023\/12\/76ba9f564ebbc35b1014ac498fafadd0_1553885657.jpg","type":"image\/jpeg"}],"author":"Emily Oliveira","twitter_card":"summary_large_image","twitter_misc":{"Escrito por":"Emily Oliveira","Est. tempo de leitura":"5 minutos"},"schema":{"@context":"https:\/\/schema.org","@graph":[{"@type":"Article","@id":"https:\/\/bahiaeconomica.com.br\/wp\/2023\/12\/04\/confira-os-vereadores-de-salvador-que-mais-faltaram-em-2023\/#article","isPartOf":{"@id":"https:\/\/bahiaeconomica.com.br\/wp\/2023\/12\/04\/confira-os-vereadores-de-salvador-que-mais-faltaram-em-2023\/"},"author":{"name":"Emily Oliveira","@id":"https:\/\/bahiaeconomica.com.br\/wp\/#\/schema\/person\/547396bb3b39ebb828ab5807d982c42f"},"headline":"VEREADORES DO PP LIDERAM RANKINGS DE AUS\u00caNCIAS E FALTAS LICENCIADAS NA C\u00c2MARA DE SALVADOR EM 2023; CONFIRA","datePublished":"2023-12-04T20:30:30+00:00","dateModified":"2023-12-04T22:13:16+00:00","mainEntityOfPage":{"@id":"https:\/\/bahiaeconomica.com.br\/wp\/2023\/12\/04\/confira-os-vereadores-de-salvador-que-mais-faltaram-em-2023\/"},"wordCount":850,"publisher":{"@id":"https:\/\/bahiaeconomica.com.br\/wp\/#organization"},"keywords":["aus\u00eancias dos vereadores","C\u00e2mara Municipal de Salvador","falta dos vereadores","faltas de 2023","Salvador","VEREADORES DE SALVADOR["],"articleSection":["DESTAQUE DO DIA","Pol\u00edtica"],"inLanguage":"pt-BR"},{"@type":"WebPage","@id":"https:\/\/bahiaeconomica.com.br\/wp\/2023\/12\/04\/confira-os-vereadores-de-salvador-que-mais-faltaram-em-2023\/","url":"https:\/\/bahiaeconomica.com.br\/wp\/2023\/12\/04\/confira-os-vereadores-de-salvador-que-mais-faltaram-em-2023\/","name":"VEREADORES DO PP LIDERAM RANKINGS DE AUS\u00caNCIAS E FALTAS LICENCIADAS NA C\u00c2MARA DE SALVADOR EM 2023; CONFIRA - Bahia Economica","isPartOf":{"@id":"https:\/\/bahiaeconomica.com.br\/wp\/#website"},"datePublished":"2023-12-04T20:30:30+00:00","dateModified":"2023-12-04T22:13:16+00:00","description":"O maior portal de Economia da Bahia DESTAQUE DO DIA, Pol\u00edtica Bahia Economica Pelo menos sete dos 43 vereadores da C\u00e2mara","breadcrumb":{"@id":"https:\/\/bahiaeconomica.com.br\/wp\/2023\/12\/04\/confira-os-vereadores-de-salvador-que-mais-faltaram-em-2023\/#breadcrumb"},"inLanguage":"pt-BR","potentialAction":[{"@type":"ReadAction","target":["https:\/\/bahiaeconomica.com.br\/wp\/2023\/12\/04\/confira-os-vereadores-de-salvador-que-mais-faltaram-em-2023\/"]}]},{"@type":"BreadcrumbList","@id":"https:\/\/bahiaeconomica.com.br\/wp\/2023\/12\/04\/confira-os-vereadores-de-salvador-que-mais-faltaram-em-2023\/#breadcrumb","itemListElement":[{"@type":"ListItem","position":1,"name":"In\u00edcio","item":"https:\/\/bahiaeconomica.com.br\/wp\/"},{"@type":"ListItem","position":2,"name":"VEREADORES DO PP LIDERAM RANKINGS DE AUS\u00caNCIAS E FALTAS LICENCIADAS NA C\u00c2MARA DE SALVADOR EM 2023; CONFIRA"}]},{"@type":"WebSite","@id":"https:\/\/bahiaeconomica.com.br\/wp\/#website","url":"https:\/\/bahiaeconomica.com.br\/wp\/","name":"Bahia Economica","description":"O maior portal de Economia da Bahia","publisher":{"@id":"https:\/\/bahiaeconomica.com.br\/wp\/#organization"},"potentialAction":[{"@type":"SearchAction","target":{"@type":"EntryPoint","urlTemplate":"https:\/\/bahiaeconomica.com.br\/wp\/?s={search_term_string}"},"query-input":"required name=search_term_string"}],"inLanguage":"pt-BR"},{"@type":"Organization","@id":"https:\/\/bahiaeconomica.com.br\/wp\/#organization","name":"Bahia Econ\u00f4mica","url":"https:\/\/bahiaeconomica.com.br\/wp\/","logo":{"@type":"ImageObject","inLanguage":"pt-BR","@id":"https:\/\/bahiaeconomica.com.br\/wp\/#\/schema\/logo\/image\/","url":"https:\/\/bahiaeconomica.com.br\/wp\/wp-content\/uploads\/2020\/12\/cropped-BE.png","contentUrl":"https:\/\/bahiaeconomica.com.br\/wp\/wp-content\/uploads\/2020\/12\/cropped-BE.png","width":512,"height":512,"caption":"Bahia Econ\u00f4mica"},"image":{"@id":"https:\/\/bahiaeconomica.com.br\/wp\/#\/schema\/logo\/image\/"},"sameAs":["https:\/\/www.facebook.com\/bahiaeconomica"]},{"@type":"Person","@id":"https:\/\/bahiaeconomica.com.br\/wp\/#\/schema\/person\/547396bb3b39ebb828ab5807d982c42f","name":"Emily Oliveira","sameAs":["https:\/\/bahiaeconomica.com.br\/wp\/"],"url":"https:\/\/bahiaeconomica.com.br\/wp\/author\/emily-oliveira\/"}]}},"views":148,"_links":{"self":[{"href":"https:\/\/bahiaeconomica.com.br\/wp\/wp-json\/wp\/v2\/posts\/782027"}],"collection":[{"href":"https:\/\/bahiaeconomica.com.br\/wp\/wp-json\/wp\/v2\/posts"}],"about":[{"href":"https:\/\/bahiaeconomica.com.br\/wp\/wp-json\/wp\/v2\/types\/post"}],"author":[{"embeddable":true,"href":"https:\/\/bahiaeconomica.com.br\/wp\/wp-json\/wp\/v2\/users\/18"}],"replies":[{"embeddable":true,"href":"https:\/\/bahiaeconomica.com.br\/wp\/wp-json\/wp\/v2\/comments?post=782027"}],"version-history":[{"count":4,"href":"https:\/\/bahiaeconomica.com.br\/wp\/wp-json\/wp\/v2\/posts\/782027\/revisions"}],"predecessor-version":[{"id":782096,"href":"https:\/\/bahiaeconomica.com.br\/wp\/wp-json\/wp\/v2\/posts\/782027\/revisions\/782096"}],"wp:featuredmedia":[{"embeddable":true,"href":"https:\/\/bahiaeconomica.com.br\/wp\/wp-json\/wp\/v2\/media\/782029"}],"wp:attachment":[{"href":"https:\/\/bahiaeconomica.com.br\/wp\/wp-json\/wp\/v2\/media?parent=782027"}],"wp:term":[{"taxonomy":"category","embeddable":true,"href":"https:\/\/bahiaeconomica.com.br\/wp\/wp-json\/wp\/v2\/categories?post=782027"},{"taxonomy":"post_tag","embeddable":true,"href":"https:\/\/bahiaeconomica.com.br\/wp\/wp-json\/wp\/v2\/tags?post=782027"}],"curies":[{"name":"wp","href":"https:\/\/api.w.org\/{rel}","templated":true}]}}