{"id":782025,"date":"2023-12-04T17:16:22","date_gmt":"2023-12-04T20:16:22","guid":{"rendered":"https:\/\/bahiaeconomica.com.br\/wp\/?p=782025"},"modified":"2023-12-04T17:21:23","modified_gmt":"2023-12-04T20:21:23","slug":"bahia-tera-novas-acoes-para-incremento-do-turismo-religioso-saiba-quais","status":"publish","type":"post","link":"https:\/\/bahiaeconomica.com.br\/wp\/2023\/12\/04\/bahia-tera-novas-acoes-para-incremento-do-turismo-religioso-saiba-quais\/","title":{"rendered":"BAHIA TER\u00c1 NOVAS A\u00c7\u00d5ES PARA O INCREMENTO DO TURISMO RELIGIOSO"},"content":{"rendered":"<p>A Festa de Santa B\u00e1rbara, comemorada nesta segunda-feira (4), come\u00e7ou bem cedo em Salvador, com alvorada de fogos de artif\u00edcio, seguida do repicar dos sinos da Igreja Nossa Senhora do Ros\u00e1rio dos Pretos, no Largo do Pelourinho, local da celebra\u00e7\u00e3o da missa campal. Em seguida, a prociss\u00e3o por ruas do Centro Hist\u00f3rico reuniu uma multid\u00e3o de devotos, com trajes em vermelho e branco, as cores que simbolizam a santa homenageada, padroeira dos bombeiros e dos mercados, que serviram o tradicional caruru.<\/p>\n<p>&#8220;\u00c9 uma festa fant\u00e1stica, que atrai as pessoas para celebrar, viver a f\u00e9 e a esperan\u00e7a, al\u00e9m de atrair turistas e gerar divisas para o estado. N\u00e3o ter\u00edamos op\u00e7\u00e3o melhor para abrir o calend\u00e1rio das festas populares da nossa cidade&#8221;, declarou o p\u00e1roco da Igreja do Ros\u00e1rio dos Pretos, L\u00e1zaro Muniz.<\/p>\n<p>Baianos cat\u00f3licos e adeptos do candombl\u00e9 e turistas reverenciaram Santa B\u00e1rbara, que, no sincretismo religioso, \u00e9 representada pela orix\u00e1 Ians\u00e3, deusa dos ventos e das tempestades. Depois da parte religiosa, as comemora\u00e7\u00f5es continuaram no Centro Hist\u00f3rico, com manifesta\u00e7\u00f5es culturais e shows. A programa\u00e7\u00e3o foi promovida pelo Governo do Estado, para celebrar os 15 anos do reconhecimento da festa como Patrim\u00f4nio Imaterial da Bahia, uma tradi\u00e7\u00e3o que surgiu no s\u00e9culo 17.<\/p>\n<p>&#8220;Vim para conhecer a hist\u00f3ria e religiosidade da Bahia. Queria entender a festa e receber essa energia de Santa B\u00e1rbara e Ians\u00e3. \u00c9 tudo muito forte, intenso, maravilhoso&#8221;, relatou a paulista Juliana Arantes, que visita Salvador pela primeira vez.<\/p>\n<p>O governador em exerc\u00edcio Geraldo J\u00fanior participou das homenagens \u00e0 santa, no Pelourinho, acompanhado de secret\u00e1rios estaduais. O titular da Secretaria de Turismo (Setur-BA), Maur\u00edcio Bacelar, falou sobre a\u00e7\u00f5es para o incremento do turismo religioso e anunciou novidades. &#8220;Para os cat\u00f3licos, temos a parceria com a Pastoral do Turismo, de onde surgiram os roteiros da f\u00e9 e a nova imagem de Santa Dulce dos Pobres, no Largo de Roma; e fazemos a divulga\u00e7\u00e3o dos santu\u00e1rios baianos, no Brasil e no exterior. Para os seguidores das religi\u00f5es de matriz africana, temos o projeto Ag\u00f4 Bahia, que oferece capacita\u00e7\u00e3o, qualifica\u00e7\u00e3o e apoio a eventos. Nos pr\u00f3ximos dias, ser\u00e1 lan\u00e7ado o guia com orienta\u00e7\u00f5es para visita\u00e7\u00e3o aos terreiros e um roteiro do segmento, reunindo os principais templos do candombl\u00e9, em Salvador e regi\u00e3o metropolitana&#8221;.<\/p>\n<p>Foto: Tatiana Azeviche\/Setur Bahia<\/p>\n","protected":false},"excerpt":{"rendered":"<p>A Festa de Santa B\u00e1rbara, comemorada nesta segunda-feira (4), come\u00e7ou bem cedo em Salvador, com alvorada de fogos de artif\u00edcio, seguida do repicar dos sinos da Igreja Nossa Senhora do Ros\u00e1rio dos Pretos, no Largo do Pelourinho, local da celebra\u00e7\u00e3o da missa campal. Em seguida, a prociss\u00e3o por ruas do Centro Hist\u00f3rico reuniu uma multid\u00e3o [&hellip;]<\/p>\n","protected":false},"author":16,"featured_media":782039,"comment_status":"closed","ping_status":"closed","sticky":false,"template":"","format":"standard","meta":[],"categories":[5],"tags":[85,2323,23723,23724,6904,1183,73,19308,442,17782],"acf":[],"yoast_head":"<!-- This site is optimized with the Yoast SEO plugin v20.8 - https:\/\/yoast.com\/wordpress\/plugins\/seo\/ -->\n<title>BAHIA TER\u00c1 NOVAS A\u00c7\u00d5ES PARA O INCREMENTO DO TURISMO RELIGIOSO - Bahia Economica<\/title>\n<meta name=\"description\" content=\"O maior portal de Economia da Bahia MUNIC\u00cdPIOS Bahia Economica\" \/>\n<meta name=\"robots\" content=\"index, follow, max-snippet:-1, max-image-preview:large, max-video-preview:-1\" \/>\n<link rel=\"canonical\" href=\"https:\/\/bahiaeconomica.com.br\/wp\/2023\/12\/04\/bahia-tera-novas-acoes-para-incremento-do-turismo-religioso-saiba-quais\/\" \/>\n<meta property=\"og:locale\" content=\"pt_BR\" \/>\n<meta property=\"og:type\" content=\"article\" \/>\n<meta property=\"og:title\" content=\"BAHIA TER\u00c1 NOVAS A\u00c7\u00d5ES PARA O INCREMENTO DO TURISMO RELIGIOSO - Bahia Economica\" \/>\n<meta property=\"og:description\" content=\"O maior portal de Economia da Bahia MUNIC\u00cdPIOS Bahia Economica\" \/>\n<meta property=\"og:url\" content=\"https:\/\/bahiaeconomica.com.br\/wp\/2023\/12\/04\/bahia-tera-novas-acoes-para-incremento-do-turismo-religioso-saiba-quais\/\" \/>\n<meta property=\"og:site_name\" content=\"Bahia Economica\" \/>\n<meta property=\"article:publisher\" content=\"https:\/\/www.facebook.com\/bahiaeconomica\" \/>\n<meta property=\"article:published_time\" content=\"2023-12-04T20:16:22+00:00\" \/>\n<meta property=\"article:modified_time\" content=\"2023-12-04T20:21:23+00:00\" \/>\n<meta property=\"og:image\" content=\"https:\/\/bahiaeconomica.com.br\/wp\/wp-content\/uploads\/2023\/12\/Na-Festa-de-Santa-Barbara-Setur-BA-anuncia-novas-acoes-para-o-incremento-do-turismo-religioso-baiano-Foto-Tatiana-Azeviche-SeturBA-1-1024x683.png\" \/>\n\t<meta property=\"og:image:width\" content=\"1024\" \/>\n\t<meta property=\"og:image:height\" content=\"683\" \/>\n\t<meta property=\"og:image:type\" content=\"image\/png\" \/>\n<meta name=\"author\" content=\"LUIZA NASCIMENTO\" \/>\n<meta name=\"twitter:card\" content=\"summary_large_image\" \/>\n<meta name=\"twitter:label1\" content=\"Escrito por\" \/>\n\t<meta name=\"twitter:data1\" content=\"LUIZA NASCIMENTO\" \/>\n\t<meta name=\"twitter:label2\" content=\"Est. tempo de leitura\" \/>\n\t<meta name=\"twitter:data2\" content=\"3 minutos\" \/>\n<script type=\"application\/ld+json\" class=\"yoast-schema-graph\">{\"@context\":\"https:\/\/schema.org\",\"@graph\":[{\"@type\":\"Article\",\"@id\":\"https:\/\/bahiaeconomica.com.br\/wp\/2023\/12\/04\/bahia-tera-novas-acoes-para-incremento-do-turismo-religioso-saiba-quais\/#article\",\"isPartOf\":{\"@id\":\"https:\/\/bahiaeconomica.com.br\/wp\/2023\/12\/04\/bahia-tera-novas-acoes-para-incremento-do-turismo-religioso-saiba-quais\/\"},\"author\":{\"name\":\"LUIZA NASCIMENTO\",\"@id\":\"https:\/\/bahiaeconomica.com.br\/wp\/#\/schema\/person\/18273ac0fe04bfd4e7b101bf17d40152\"},\"headline\":\"BAHIA TER\u00c1 NOVAS A\u00c7\u00d5ES PARA O INCREMENTO DO TURISMO RELIGIOSO\",\"datePublished\":\"2023-12-04T20:16:22+00:00\",\"dateModified\":\"2023-12-04T20:21:23+00:00\",\"mainEntityOfPage\":{\"@id\":\"https:\/\/bahiaeconomica.com.br\/wp\/2023\/12\/04\/bahia-tera-novas-acoes-para-incremento-do-turismo-religioso-saiba-quais\/\"},\"wordCount\":426,\"publisher\":{\"@id\":\"https:\/\/bahiaeconomica.com.br\/wp\/#organization\"},\"keywords\":[\"Bahia\",\"centro hist\u00f3rico\",\"Festa de Santa B\u00e1rbara\",\"Igreja Nossa Senhora do Ros\u00e1rio dos Pretos\",\"Largo do Pelourinho\",\"pelourinho\",\"Salvador\",\"Santa B\u00e1rbara\",\"Turismo\",\"TURISMO RELIGIOSO\"],\"articleSection\":[\"MUNIC\u00cdPIOS\"],\"inLanguage\":\"pt-BR\"},{\"@type\":\"WebPage\",\"@id\":\"https:\/\/bahiaeconomica.com.br\/wp\/2023\/12\/04\/bahia-tera-novas-acoes-para-incremento-do-turismo-religioso-saiba-quais\/\",\"url\":\"https:\/\/bahiaeconomica.com.br\/wp\/2023\/12\/04\/bahia-tera-novas-acoes-para-incremento-do-turismo-religioso-saiba-quais\/\",\"name\":\"BAHIA TER\u00c1 NOVAS A\u00c7\u00d5ES PARA O INCREMENTO DO TURISMO RELIGIOSO - Bahia Economica\",\"isPartOf\":{\"@id\":\"https:\/\/bahiaeconomica.com.br\/wp\/#website\"},\"datePublished\":\"2023-12-04T20:16:22+00:00\",\"dateModified\":\"2023-12-04T20:21:23+00:00\",\"description\":\"O maior portal de Economia da Bahia MUNIC\u00cdPIOS Bahia Economica\",\"breadcrumb\":{\"@id\":\"https:\/\/bahiaeconomica.com.br\/wp\/2023\/12\/04\/bahia-tera-novas-acoes-para-incremento-do-turismo-religioso-saiba-quais\/#breadcrumb\"},\"inLanguage\":\"pt-BR\",\"potentialAction\":[{\"@type\":\"ReadAction\",\"target\":[\"https:\/\/bahiaeconomica.com.br\/wp\/2023\/12\/04\/bahia-tera-novas-acoes-para-incremento-do-turismo-religioso-saiba-quais\/\"]}]},{\"@type\":\"BreadcrumbList\",\"@id\":\"https:\/\/bahiaeconomica.com.br\/wp\/2023\/12\/04\/bahia-tera-novas-acoes-para-incremento-do-turismo-religioso-saiba-quais\/#breadcrumb\",\"itemListElement\":[{\"@type\":\"ListItem\",\"position\":1,\"name\":\"In\u00edcio\",\"item\":\"https:\/\/bahiaeconomica.com.br\/wp\/\"},{\"@type\":\"ListItem\",\"position\":2,\"name\":\"BAHIA TER\u00c1 NOVAS A\u00c7\u00d5ES PARA O INCREMENTO DO TURISMO RELIGIOSO\"}]},{\"@type\":\"WebSite\",\"@id\":\"https:\/\/bahiaeconomica.com.br\/wp\/#website\",\"url\":\"https:\/\/bahiaeconomica.com.br\/wp\/\",\"name\":\"Bahia Economica\",\"description\":\"O maior portal de Economia da Bahia\",\"publisher\":{\"@id\":\"https:\/\/bahiaeconomica.com.br\/wp\/#organization\"},\"potentialAction\":[{\"@type\":\"SearchAction\",\"target\":{\"@type\":\"EntryPoint\",\"urlTemplate\":\"https:\/\/bahiaeconomica.com.br\/wp\/?s={search_term_string}\"},\"query-input\":\"required name=search_term_string\"}],\"inLanguage\":\"pt-BR\"},{\"@type\":\"Organization\",\"@id\":\"https:\/\/bahiaeconomica.com.br\/wp\/#organization\",\"name\":\"Bahia Econ\u00f4mica\",\"url\":\"https:\/\/bahiaeconomica.com.br\/wp\/\",\"logo\":{\"@type\":\"ImageObject\",\"inLanguage\":\"pt-BR\",\"@id\":\"https:\/\/bahiaeconomica.com.br\/wp\/#\/schema\/logo\/image\/\",\"url\":\"https:\/\/bahiaeconomica.com.br\/wp\/wp-content\/uploads\/2020\/12\/cropped-BE.png\",\"contentUrl\":\"https:\/\/bahiaeconomica.com.br\/wp\/wp-content\/uploads\/2020\/12\/cropped-BE.png\",\"width\":512,\"height\":512,\"caption\":\"Bahia Econ\u00f4mica\"},\"image\":{\"@id\":\"https:\/\/bahiaeconomica.com.br\/wp\/#\/schema\/logo\/image\/\"},\"sameAs\":[\"https:\/\/www.facebook.com\/bahiaeconomica\"]},{\"@type\":\"Person\",\"@id\":\"https:\/\/bahiaeconomica.com.br\/wp\/#\/schema\/person\/18273ac0fe04bfd4e7b101bf17d40152\",\"name\":\"LUIZA NASCIMENTO\",\"sameAs\":[\"http:\/\/www.bahiaeconomica.com.br\"],\"url\":\"https:\/\/bahiaeconomica.com.br\/wp\/author\/luiza-nascimento\/\"}]}<\/script>\n<!-- \/ Yoast SEO plugin. -->","yoast_head_json":{"title":"BAHIA TER\u00c1 NOVAS A\u00c7\u00d5ES PARA O INCREMENTO DO TURISMO RELIGIOSO - Bahia Economica","description":"O maior portal de Economia da Bahia MUNIC\u00cdPIOS Bahia Economica","robots":{"index":"index","follow":"follow","max-snippet":"max-snippet:-1","max-image-preview":"max-image-preview:large","max-video-preview":"max-video-preview:-1"},"canonical":"https:\/\/bahiaeconomica.com.br\/wp\/2023\/12\/04\/bahia-tera-novas-acoes-para-incremento-do-turismo-religioso-saiba-quais\/","og_locale":"pt_BR","og_type":"article","og_title":"BAHIA TER\u00c1 NOVAS A\u00c7\u00d5ES PARA O INCREMENTO DO TURISMO RELIGIOSO - Bahia Economica","og_description":"O maior portal de Economia da Bahia MUNIC\u00cdPIOS Bahia Economica","og_url":"https:\/\/bahiaeconomica.com.br\/wp\/2023\/12\/04\/bahia-tera-novas-acoes-para-incremento-do-turismo-religioso-saiba-quais\/","og_site_name":"Bahia Economica","article_publisher":"https:\/\/www.facebook.com\/bahiaeconomica","article_published_time":"2023-12-04T20:16:22+00:00","article_modified_time":"2023-12-04T20:21:23+00:00","og_image":[{"width":1024,"height":683,"url":"https:\/\/bahiaeconomica.com.br\/wp\/wp-content\/uploads\/2023\/12\/Na-Festa-de-Santa-Barbara-Setur-BA-anuncia-novas-acoes-para-o-incremento-do-turismo-religioso-baiano-Foto-Tatiana-Azeviche-SeturBA-1-1024x683.png","type":"image\/png"}],"author":"LUIZA NASCIMENTO","twitter_card":"summary_large_image","twitter_misc":{"Escrito por":"LUIZA NASCIMENTO","Est. tempo de leitura":"3 minutos"},"schema":{"@context":"https:\/\/schema.org","@graph":[{"@type":"Article","@id":"https:\/\/bahiaeconomica.com.br\/wp\/2023\/12\/04\/bahia-tera-novas-acoes-para-incremento-do-turismo-religioso-saiba-quais\/#article","isPartOf":{"@id":"https:\/\/bahiaeconomica.com.br\/wp\/2023\/12\/04\/bahia-tera-novas-acoes-para-incremento-do-turismo-religioso-saiba-quais\/"},"author":{"name":"LUIZA NASCIMENTO","@id":"https:\/\/bahiaeconomica.com.br\/wp\/#\/schema\/person\/18273ac0fe04bfd4e7b101bf17d40152"},"headline":"BAHIA TER\u00c1 NOVAS A\u00c7\u00d5ES PARA O INCREMENTO DO TURISMO RELIGIOSO","datePublished":"2023-12-04T20:16:22+00:00","dateModified":"2023-12-04T20:21:23+00:00","mainEntityOfPage":{"@id":"https:\/\/bahiaeconomica.com.br\/wp\/2023\/12\/04\/bahia-tera-novas-acoes-para-incremento-do-turismo-religioso-saiba-quais\/"},"wordCount":426,"publisher":{"@id":"https:\/\/bahiaeconomica.com.br\/wp\/#organization"},"keywords":["Bahia","centro hist\u00f3rico","Festa de Santa B\u00e1rbara","Igreja Nossa Senhora do Ros\u00e1rio dos Pretos","Largo do Pelourinho","pelourinho","Salvador","Santa B\u00e1rbara","Turismo","TURISMO RELIGIOSO"],"articleSection":["MUNIC\u00cdPIOS"],"inLanguage":"pt-BR"},{"@type":"WebPage","@id":"https:\/\/bahiaeconomica.com.br\/wp\/2023\/12\/04\/bahia-tera-novas-acoes-para-incremento-do-turismo-religioso-saiba-quais\/","url":"https:\/\/bahiaeconomica.com.br\/wp\/2023\/12\/04\/bahia-tera-novas-acoes-para-incremento-do-turismo-religioso-saiba-quais\/","name":"BAHIA TER\u00c1 NOVAS A\u00c7\u00d5ES PARA O INCREMENTO DO TURISMO RELIGIOSO - Bahia Economica","isPartOf":{"@id":"https:\/\/bahiaeconomica.com.br\/wp\/#website"},"datePublished":"2023-12-04T20:16:22+00:00","dateModified":"2023-12-04T20:21:23+00:00","description":"O maior portal de Economia da Bahia MUNIC\u00cdPIOS Bahia Economica","breadcrumb":{"@id":"https:\/\/bahiaeconomica.com.br\/wp\/2023\/12\/04\/bahia-tera-novas-acoes-para-incremento-do-turismo-religioso-saiba-quais\/#breadcrumb"},"inLanguage":"pt-BR","potentialAction":[{"@type":"ReadAction","target":["https:\/\/bahiaeconomica.com.br\/wp\/2023\/12\/04\/bahia-tera-novas-acoes-para-incremento-do-turismo-religioso-saiba-quais\/"]}]},{"@type":"BreadcrumbList","@id":"https:\/\/bahiaeconomica.com.br\/wp\/2023\/12\/04\/bahia-tera-novas-acoes-para-incremento-do-turismo-religioso-saiba-quais\/#breadcrumb","itemListElement":[{"@type":"ListItem","position":1,"name":"In\u00edcio","item":"https:\/\/bahiaeconomica.com.br\/wp\/"},{"@type":"ListItem","position":2,"name":"BAHIA TER\u00c1 NOVAS A\u00c7\u00d5ES PARA O INCREMENTO DO TURISMO RELIGIOSO"}]},{"@type":"WebSite","@id":"https:\/\/bahiaeconomica.com.br\/wp\/#website","url":"https:\/\/bahiaeconomica.com.br\/wp\/","name":"Bahia Economica","description":"O maior portal de Economia da Bahia","publisher":{"@id":"https:\/\/bahiaeconomica.com.br\/wp\/#organization"},"potentialAction":[{"@type":"SearchAction","target":{"@type":"EntryPoint","urlTemplate":"https:\/\/bahiaeconomica.com.br\/wp\/?s={search_term_string}"},"query-input":"required name=search_term_string"}],"inLanguage":"pt-BR"},{"@type":"Organization","@id":"https:\/\/bahiaeconomica.com.br\/wp\/#organization","name":"Bahia Econ\u00f4mica","url":"https:\/\/bahiaeconomica.com.br\/wp\/","logo":{"@type":"ImageObject","inLanguage":"pt-BR","@id":"https:\/\/bahiaeconomica.com.br\/wp\/#\/schema\/logo\/image\/","url":"https:\/\/bahiaeconomica.com.br\/wp\/wp-content\/uploads\/2020\/12\/cropped-BE.png","contentUrl":"https:\/\/bahiaeconomica.com.br\/wp\/wp-content\/uploads\/2020\/12\/cropped-BE.png","width":512,"height":512,"caption":"Bahia Econ\u00f4mica"},"image":{"@id":"https:\/\/bahiaeconomica.com.br\/wp\/#\/schema\/logo\/image\/"},"sameAs":["https:\/\/www.facebook.com\/bahiaeconomica"]},{"@type":"Person","@id":"https:\/\/bahiaeconomica.com.br\/wp\/#\/schema\/person\/18273ac0fe04bfd4e7b101bf17d40152","name":"LUIZA NASCIMENTO","sameAs":["http:\/\/www.bahiaeconomica.com.br"],"url":"https:\/\/bahiaeconomica.com.br\/wp\/author\/luiza-nascimento\/"}]}},"views":29,"_links":{"self":[{"href":"https:\/\/bahiaeconomica.com.br\/wp\/wp-json\/wp\/v2\/posts\/782025"}],"collection":[{"href":"https:\/\/bahiaeconomica.com.br\/wp\/wp-json\/wp\/v2\/posts"}],"about":[{"href":"https:\/\/bahiaeconomica.com.br\/wp\/wp-json\/wp\/v2\/types\/post"}],"author":[{"embeddable":true,"href":"https:\/\/bahiaeconomica.com.br\/wp\/wp-json\/wp\/v2\/users\/16"}],"replies":[{"embeddable":true,"href":"https:\/\/bahiaeconomica.com.br\/wp\/wp-json\/wp\/v2\/comments?post=782025"}],"version-history":[{"count":3,"href":"https:\/\/bahiaeconomica.com.br\/wp\/wp-json\/wp\/v2\/posts\/782025\/revisions"}],"predecessor-version":[{"id":782041,"href":"https:\/\/bahiaeconomica.com.br\/wp\/wp-json\/wp\/v2\/posts\/782025\/revisions\/782041"}],"wp:featuredmedia":[{"embeddable":true,"href":"https:\/\/bahiaeconomica.com.br\/wp\/wp-json\/wp\/v2\/media\/782039"}],"wp:attachment":[{"href":"https:\/\/bahiaeconomica.com.br\/wp\/wp-json\/wp\/v2\/media?parent=782025"}],"wp:term":[{"taxonomy":"category","embeddable":true,"href":"https:\/\/bahiaeconomica.com.br\/wp\/wp-json\/wp\/v2\/categories?post=782025"},{"taxonomy":"post_tag","embeddable":true,"href":"https:\/\/bahiaeconomica.com.br\/wp\/wp-json\/wp\/v2\/tags?post=782025"}],"curies":[{"name":"wp","href":"https:\/\/api.w.org\/{rel}","templated":true}]}}