{"id":781935,"date":"2023-12-04T13:40:10","date_gmt":"2023-12-04T16:40:10","guid":{"rendered":"https:\/\/bahiaeconomica.com.br\/wp\/?p=781935"},"modified":"2023-12-04T13:55:03","modified_gmt":"2023-12-04T16:55:03","slug":"aratu-seguros-lanca-sua-nova-marca-em-evento-exclusivo-com-oscar-schmidt","status":"publish","type":"post","link":"https:\/\/bahiaeconomica.com.br\/wp\/2023\/12\/04\/aratu-seguros-lanca-sua-nova-marca-em-evento-exclusivo-com-oscar-schmidt\/","title":{"rendered":"ARATU SEGUROS LAN\u00c7A SUA NOVA MARCA EM EVENTO EXCLUSIVO COM OSCAR SCHMIDT"},"content":{"rendered":"<p>Com mais de 50 anos de hist\u00f3ria, a Aratu Seguros se prepara para uma nova era. No dia 05 de dezembro, o grupo baiano vai reunir 350 convidados no Centro de Conven\u00e7\u00f5es Salvador para anunciar a nova identidade visual e o novo endere\u00e7o que chegam para refor\u00e7ar seu posicionamento corporativo no mercado nacional. \u201cO mercado de seguros representa algo em torno de 3% do PIB no Brasil. Em outros pa\u00edses, esse n\u00famero \u00e9 muito maior. Isso \u00e9 uma oportunidade grande de mostrar ao brasileiro a import\u00e2ncia de uma gest\u00e3o de seguros profissional e atualizada\u201d, explica Angelo Calmon de S\u00e1 Junior, diretor da empresa.<\/p>\n<p>Esse posicionamento\/foco corporativo da Aratu Seguros vai fortalecer seu padr\u00e3o de qualidade e ampliar sua atua\u00e7\u00e3o em consultoria e gest\u00e3o de benef\u00edcios e riscos para neg\u00f3cios de qualquer porte. \u201cO mercado tem mudado muito. Precisamos fazer um trabalho de conscientiza\u00e7\u00e3o para redu\u00e7\u00e3o de riscos das empresas. Os desafios enfrentados pelos nossos clientes tamb\u00e9m mudaram e j\u00e1 existem produtos novos que precisam ser mais conhecidos e avaliados, como o seguro para vazamento de informa\u00e7\u00f5es e dados, por exemplo\u201d, explica o executivo.<\/p>\n<p>SOBRE O EVENTO<\/p>\n<p>Os convidados para o evento ser\u00e3o colaboradores, clientes, seguradoras, jornalistas e parceiros comerciais que conhecer\u00e3o as novidades em primeira m\u00e3o, al\u00e9m de assistirem uma palestra especial com a lenda do esporte brasileiro Oscar Schimdt. \u201cEscolhemos Oscar porque ele representa a paix\u00e3o que colocamos em todas as nossas a\u00e7\u00f5es nesses 52 anos. Ouvi-lo ser\u00e1 um sopro de energia para a nova era que anunciaremos neste dia\u201d, celebra Angelo Calmon de S\u00e1 Junior, diretor da empresa.<\/p>\n<p>Oscar jogou basquete durante 32 anos e \u00e9 o maior cestinha da hist\u00f3ria do esporte, com 49.737 pontos, maior pontuador em Jogos Ol\u00edmpicos (1.093 pontos) e recordista em participa\u00e7\u00f5es ol\u00edmpicas no basquete, tendo ido a 5 edi\u00e7\u00f5es do maior evento esportivo do mundo.<\/p>\n","protected":false},"excerpt":{"rendered":"<p>Com mais de 50 anos de hist\u00f3ria, a Aratu Seguros se prepara para uma nova era. No dia 05 de dezembro, o grupo baiano vai reunir 350 convidados no Centro de Conven\u00e7\u00f5es Salvador para anunciar a nova identidade visual e o novo endere\u00e7o que chegam para refor\u00e7ar seu posicionamento corporativo no mercado nacional. \u201cO mercado [&hellip;]<\/p>\n","protected":false},"author":8,"featured_media":781936,"comment_status":"closed","ping_status":"closed","sticky":false,"template":"","format":"standard","meta":[],"categories":[5],"tags":[52,100,23701],"acf":[],"yoast_head":"<!-- This site is optimized with the Yoast SEO plugin v20.8 - https:\/\/yoast.com\/wordpress\/plugins\/seo\/ -->\n<title>ARATU SEGUROS LAN\u00c7A SUA NOVA MARCA EM EVENTO EXCLUSIVO COM OSCAR SCHMIDT - Bahia Economica<\/title>\n<meta name=\"description\" content=\"O maior portal de Economia da Bahia MUNIC\u00cdPIOS Bahia Economica Com mais de 50 anos de hist\u00f3ria, a Aratu Seguros se prepara para uma nova era. No dia 0\" \/>\n<meta name=\"robots\" content=\"index, follow, max-snippet:-1, max-image-preview:large, max-video-preview:-1\" \/>\n<link rel=\"canonical\" href=\"https:\/\/bahiaeconomica.com.br\/wp\/2023\/12\/04\/aratu-seguros-lanca-sua-nova-marca-em-evento-exclusivo-com-oscar-schmidt\/\" \/>\n<meta property=\"og:locale\" content=\"pt_BR\" \/>\n<meta property=\"og:type\" content=\"article\" \/>\n<meta property=\"og:title\" content=\"ARATU SEGUROS LAN\u00c7A SUA NOVA MARCA EM EVENTO EXCLUSIVO COM OSCAR SCHMIDT - Bahia Economica\" \/>\n<meta property=\"og:description\" content=\"O maior portal de Economia da Bahia MUNIC\u00cdPIOS Bahia Economica Com mais de 50 anos de hist\u00f3ria, a Aratu Seguros se prepara para uma nova era. No dia 0\" \/>\n<meta property=\"og:url\" content=\"https:\/\/bahiaeconomica.com.br\/wp\/2023\/12\/04\/aratu-seguros-lanca-sua-nova-marca-em-evento-exclusivo-com-oscar-schmidt\/\" \/>\n<meta property=\"og:site_name\" content=\"Bahia Economica\" \/>\n<meta property=\"article:publisher\" content=\"https:\/\/www.facebook.com\/bahiaeconomica\" \/>\n<meta property=\"article:published_time\" content=\"2023-12-04T16:40:10+00:00\" \/>\n<meta property=\"article:modified_time\" content=\"2023-12-04T16:55:03+00:00\" \/>\n<meta property=\"og:image\" content=\"https:\/\/bahiaeconomica.com.br\/wp\/wp-content\/uploads\/2023\/12\/WhatsApp-Image-2023-12-04-at-10.53.09ddddddd.jpg\" \/>\n\t<meta property=\"og:image:width\" content=\"836\" \/>\n\t<meta property=\"og:image:height\" content=\"587\" \/>\n\t<meta property=\"og:image:type\" content=\"image\/jpeg\" \/>\n<meta name=\"author\" content=\"JP\" \/>\n<meta name=\"twitter:card\" content=\"summary_large_image\" \/>\n<meta name=\"twitter:label1\" content=\"Escrito por\" \/>\n\t<meta name=\"twitter:data1\" content=\"JP\" \/>\n\t<meta name=\"twitter:label2\" content=\"Est. tempo de leitura\" \/>\n\t<meta name=\"twitter:data2\" content=\"2 minutos\" \/>\n<script type=\"application\/ld+json\" class=\"yoast-schema-graph\">{\"@context\":\"https:\/\/schema.org\",\"@graph\":[{\"@type\":\"Article\",\"@id\":\"https:\/\/bahiaeconomica.com.br\/wp\/2023\/12\/04\/aratu-seguros-lanca-sua-nova-marca-em-evento-exclusivo-com-oscar-schmidt\/#article\",\"isPartOf\":{\"@id\":\"https:\/\/bahiaeconomica.com.br\/wp\/2023\/12\/04\/aratu-seguros-lanca-sua-nova-marca-em-evento-exclusivo-com-oscar-schmidt\/\"},\"author\":{\"name\":\"JP\",\"@id\":\"https:\/\/bahiaeconomica.com.br\/wp\/#\/schema\/person\/c86d3a3f8960425a0f9d0e5245991f4e\"},\"headline\":\"ARATU SEGUROS LAN\u00c7A SUA NOVA MARCA EM EVENTO EXCLUSIVO COM OSCAR SCHMIDT\",\"datePublished\":\"2023-12-04T16:40:10+00:00\",\"dateModified\":\"2023-12-04T16:55:03+00:00\",\"mainEntityOfPage\":{\"@id\":\"https:\/\/bahiaeconomica.com.br\/wp\/2023\/12\/04\/aratu-seguros-lanca-sua-nova-marca-em-evento-exclusivo-com-oscar-schmidt\/\"},\"wordCount\":333,\"publisher\":{\"@id\":\"https:\/\/bahiaeconomica.com.br\/wp\/#organization\"},\"keywords\":[\"Brasil\",\"Pol\u00edtica\",\"segurois\"],\"articleSection\":[\"MUNIC\u00cdPIOS\"],\"inLanguage\":\"pt-BR\"},{\"@type\":\"WebPage\",\"@id\":\"https:\/\/bahiaeconomica.com.br\/wp\/2023\/12\/04\/aratu-seguros-lanca-sua-nova-marca-em-evento-exclusivo-com-oscar-schmidt\/\",\"url\":\"https:\/\/bahiaeconomica.com.br\/wp\/2023\/12\/04\/aratu-seguros-lanca-sua-nova-marca-em-evento-exclusivo-com-oscar-schmidt\/\",\"name\":\"ARATU SEGUROS LAN\u00c7A SUA NOVA MARCA EM EVENTO EXCLUSIVO COM OSCAR SCHMIDT - Bahia Economica\",\"isPartOf\":{\"@id\":\"https:\/\/bahiaeconomica.com.br\/wp\/#website\"},\"datePublished\":\"2023-12-04T16:40:10+00:00\",\"dateModified\":\"2023-12-04T16:55:03+00:00\",\"description\":\"O maior portal de Economia da Bahia MUNIC\u00cdPIOS Bahia Economica Com mais de 50 anos de hist\u00f3ria, a Aratu Seguros se prepara para uma nova era. No dia 0\",\"breadcrumb\":{\"@id\":\"https:\/\/bahiaeconomica.com.br\/wp\/2023\/12\/04\/aratu-seguros-lanca-sua-nova-marca-em-evento-exclusivo-com-oscar-schmidt\/#breadcrumb\"},\"inLanguage\":\"pt-BR\",\"potentialAction\":[{\"@type\":\"ReadAction\",\"target\":[\"https:\/\/bahiaeconomica.com.br\/wp\/2023\/12\/04\/aratu-seguros-lanca-sua-nova-marca-em-evento-exclusivo-com-oscar-schmidt\/\"]}]},{\"@type\":\"BreadcrumbList\",\"@id\":\"https:\/\/bahiaeconomica.com.br\/wp\/2023\/12\/04\/aratu-seguros-lanca-sua-nova-marca-em-evento-exclusivo-com-oscar-schmidt\/#breadcrumb\",\"itemListElement\":[{\"@type\":\"ListItem\",\"position\":1,\"name\":\"In\u00edcio\",\"item\":\"https:\/\/bahiaeconomica.com.br\/wp\/\"},{\"@type\":\"ListItem\",\"position\":2,\"name\":\"ARATU SEGUROS LAN\u00c7A SUA NOVA MARCA EM EVENTO EXCLUSIVO COM OSCAR SCHMIDT\"}]},{\"@type\":\"WebSite\",\"@id\":\"https:\/\/bahiaeconomica.com.br\/wp\/#website\",\"url\":\"https:\/\/bahiaeconomica.com.br\/wp\/\",\"name\":\"Bahia Economica\",\"description\":\"O maior portal de Economia da Bahia\",\"publisher\":{\"@id\":\"https:\/\/bahiaeconomica.com.br\/wp\/#organization\"},\"potentialAction\":[{\"@type\":\"SearchAction\",\"target\":{\"@type\":\"EntryPoint\",\"urlTemplate\":\"https:\/\/bahiaeconomica.com.br\/wp\/?s={search_term_string}\"},\"query-input\":\"required name=search_term_string\"}],\"inLanguage\":\"pt-BR\"},{\"@type\":\"Organization\",\"@id\":\"https:\/\/bahiaeconomica.com.br\/wp\/#organization\",\"name\":\"Bahia Econ\u00f4mica\",\"url\":\"https:\/\/bahiaeconomica.com.br\/wp\/\",\"logo\":{\"@type\":\"ImageObject\",\"inLanguage\":\"pt-BR\",\"@id\":\"https:\/\/bahiaeconomica.com.br\/wp\/#\/schema\/logo\/image\/\",\"url\":\"https:\/\/bahiaeconomica.com.br\/wp\/wp-content\/uploads\/2020\/12\/cropped-BE.png\",\"contentUrl\":\"https:\/\/bahiaeconomica.com.br\/wp\/wp-content\/uploads\/2020\/12\/cropped-BE.png\",\"width\":512,\"height\":512,\"caption\":\"Bahia Econ\u00f4mica\"},\"image\":{\"@id\":\"https:\/\/bahiaeconomica.com.br\/wp\/#\/schema\/logo\/image\/\"},\"sameAs\":[\"https:\/\/www.facebook.com\/bahiaeconomica\"]},{\"@type\":\"Person\",\"@id\":\"https:\/\/bahiaeconomica.com.br\/wp\/#\/schema\/person\/c86d3a3f8960425a0f9d0e5245991f4e\",\"name\":\"JP\",\"sameAs\":[\"https:\/\/bahiaeconomica.com.br\/wp\/beta\/\"],\"url\":\"https:\/\/bahiaeconomica.com.br\/wp\/author\/jp\/\"}]}<\/script>\n<!-- \/ Yoast SEO plugin. -->","yoast_head_json":{"title":"ARATU SEGUROS LAN\u00c7A SUA NOVA MARCA EM EVENTO EXCLUSIVO COM OSCAR SCHMIDT - Bahia Economica","description":"O maior portal de Economia da Bahia MUNIC\u00cdPIOS Bahia Economica Com mais de 50 anos de hist\u00f3ria, a Aratu Seguros se prepara para uma nova era. No dia 0","robots":{"index":"index","follow":"follow","max-snippet":"max-snippet:-1","max-image-preview":"max-image-preview:large","max-video-preview":"max-video-preview:-1"},"canonical":"https:\/\/bahiaeconomica.com.br\/wp\/2023\/12\/04\/aratu-seguros-lanca-sua-nova-marca-em-evento-exclusivo-com-oscar-schmidt\/","og_locale":"pt_BR","og_type":"article","og_title":"ARATU SEGUROS LAN\u00c7A SUA NOVA MARCA EM EVENTO EXCLUSIVO COM OSCAR SCHMIDT - Bahia Economica","og_description":"O maior portal de Economia da Bahia MUNIC\u00cdPIOS Bahia Economica Com mais de 50 anos de hist\u00f3ria, a Aratu Seguros se prepara para uma nova era. No dia 0","og_url":"https:\/\/bahiaeconomica.com.br\/wp\/2023\/12\/04\/aratu-seguros-lanca-sua-nova-marca-em-evento-exclusivo-com-oscar-schmidt\/","og_site_name":"Bahia Economica","article_publisher":"https:\/\/www.facebook.com\/bahiaeconomica","article_published_time":"2023-12-04T16:40:10+00:00","article_modified_time":"2023-12-04T16:55:03+00:00","og_image":[{"width":836,"height":587,"url":"https:\/\/bahiaeconomica.com.br\/wp\/wp-content\/uploads\/2023\/12\/WhatsApp-Image-2023-12-04-at-10.53.09ddddddd.jpg","type":"image\/jpeg"}],"author":"JP","twitter_card":"summary_large_image","twitter_misc":{"Escrito por":"JP","Est. tempo de leitura":"2 minutos"},"schema":{"@context":"https:\/\/schema.org","@graph":[{"@type":"Article","@id":"https:\/\/bahiaeconomica.com.br\/wp\/2023\/12\/04\/aratu-seguros-lanca-sua-nova-marca-em-evento-exclusivo-com-oscar-schmidt\/#article","isPartOf":{"@id":"https:\/\/bahiaeconomica.com.br\/wp\/2023\/12\/04\/aratu-seguros-lanca-sua-nova-marca-em-evento-exclusivo-com-oscar-schmidt\/"},"author":{"name":"JP","@id":"https:\/\/bahiaeconomica.com.br\/wp\/#\/schema\/person\/c86d3a3f8960425a0f9d0e5245991f4e"},"headline":"ARATU SEGUROS LAN\u00c7A SUA NOVA MARCA EM EVENTO EXCLUSIVO COM OSCAR SCHMIDT","datePublished":"2023-12-04T16:40:10+00:00","dateModified":"2023-12-04T16:55:03+00:00","mainEntityOfPage":{"@id":"https:\/\/bahiaeconomica.com.br\/wp\/2023\/12\/04\/aratu-seguros-lanca-sua-nova-marca-em-evento-exclusivo-com-oscar-schmidt\/"},"wordCount":333,"publisher":{"@id":"https:\/\/bahiaeconomica.com.br\/wp\/#organization"},"keywords":["Brasil","Pol\u00edtica","segurois"],"articleSection":["MUNIC\u00cdPIOS"],"inLanguage":"pt-BR"},{"@type":"WebPage","@id":"https:\/\/bahiaeconomica.com.br\/wp\/2023\/12\/04\/aratu-seguros-lanca-sua-nova-marca-em-evento-exclusivo-com-oscar-schmidt\/","url":"https:\/\/bahiaeconomica.com.br\/wp\/2023\/12\/04\/aratu-seguros-lanca-sua-nova-marca-em-evento-exclusivo-com-oscar-schmidt\/","name":"ARATU SEGUROS LAN\u00c7A SUA NOVA MARCA EM EVENTO EXCLUSIVO COM OSCAR SCHMIDT - Bahia Economica","isPartOf":{"@id":"https:\/\/bahiaeconomica.com.br\/wp\/#website"},"datePublished":"2023-12-04T16:40:10+00:00","dateModified":"2023-12-04T16:55:03+00:00","description":"O maior portal de Economia da Bahia MUNIC\u00cdPIOS Bahia Economica Com mais de 50 anos de hist\u00f3ria, a Aratu Seguros se prepara para uma nova era. No dia 0","breadcrumb":{"@id":"https:\/\/bahiaeconomica.com.br\/wp\/2023\/12\/04\/aratu-seguros-lanca-sua-nova-marca-em-evento-exclusivo-com-oscar-schmidt\/#breadcrumb"},"inLanguage":"pt-BR","potentialAction":[{"@type":"ReadAction","target":["https:\/\/bahiaeconomica.com.br\/wp\/2023\/12\/04\/aratu-seguros-lanca-sua-nova-marca-em-evento-exclusivo-com-oscar-schmidt\/"]}]},{"@type":"BreadcrumbList","@id":"https:\/\/bahiaeconomica.com.br\/wp\/2023\/12\/04\/aratu-seguros-lanca-sua-nova-marca-em-evento-exclusivo-com-oscar-schmidt\/#breadcrumb","itemListElement":[{"@type":"ListItem","position":1,"name":"In\u00edcio","item":"https:\/\/bahiaeconomica.com.br\/wp\/"},{"@type":"ListItem","position":2,"name":"ARATU SEGUROS LAN\u00c7A SUA NOVA MARCA EM EVENTO EXCLUSIVO COM OSCAR SCHMIDT"}]},{"@type":"WebSite","@id":"https:\/\/bahiaeconomica.com.br\/wp\/#website","url":"https:\/\/bahiaeconomica.com.br\/wp\/","name":"Bahia Economica","description":"O maior portal de Economia da Bahia","publisher":{"@id":"https:\/\/bahiaeconomica.com.br\/wp\/#organization"},"potentialAction":[{"@type":"SearchAction","target":{"@type":"EntryPoint","urlTemplate":"https:\/\/bahiaeconomica.com.br\/wp\/?s={search_term_string}"},"query-input":"required name=search_term_string"}],"inLanguage":"pt-BR"},{"@type":"Organization","@id":"https:\/\/bahiaeconomica.com.br\/wp\/#organization","name":"Bahia Econ\u00f4mica","url":"https:\/\/bahiaeconomica.com.br\/wp\/","logo":{"@type":"ImageObject","inLanguage":"pt-BR","@id":"https:\/\/bahiaeconomica.com.br\/wp\/#\/schema\/logo\/image\/","url":"https:\/\/bahiaeconomica.com.br\/wp\/wp-content\/uploads\/2020\/12\/cropped-BE.png","contentUrl":"https:\/\/bahiaeconomica.com.br\/wp\/wp-content\/uploads\/2020\/12\/cropped-BE.png","width":512,"height":512,"caption":"Bahia Econ\u00f4mica"},"image":{"@id":"https:\/\/bahiaeconomica.com.br\/wp\/#\/schema\/logo\/image\/"},"sameAs":["https:\/\/www.facebook.com\/bahiaeconomica"]},{"@type":"Person","@id":"https:\/\/bahiaeconomica.com.br\/wp\/#\/schema\/person\/c86d3a3f8960425a0f9d0e5245991f4e","name":"JP","sameAs":["https:\/\/bahiaeconomica.com.br\/wp\/beta\/"],"url":"https:\/\/bahiaeconomica.com.br\/wp\/author\/jp\/"}]}},"views":106,"_links":{"self":[{"href":"https:\/\/bahiaeconomica.com.br\/wp\/wp-json\/wp\/v2\/posts\/781935"}],"collection":[{"href":"https:\/\/bahiaeconomica.com.br\/wp\/wp-json\/wp\/v2\/posts"}],"about":[{"href":"https:\/\/bahiaeconomica.com.br\/wp\/wp-json\/wp\/v2\/types\/post"}],"author":[{"embeddable":true,"href":"https:\/\/bahiaeconomica.com.br\/wp\/wp-json\/wp\/v2\/users\/8"}],"replies":[{"embeddable":true,"href":"https:\/\/bahiaeconomica.com.br\/wp\/wp-json\/wp\/v2\/comments?post=781935"}],"version-history":[{"count":1,"href":"https:\/\/bahiaeconomica.com.br\/wp\/wp-json\/wp\/v2\/posts\/781935\/revisions"}],"predecessor-version":[{"id":781937,"href":"https:\/\/bahiaeconomica.com.br\/wp\/wp-json\/wp\/v2\/posts\/781935\/revisions\/781937"}],"wp:featuredmedia":[{"embeddable":true,"href":"https:\/\/bahiaeconomica.com.br\/wp\/wp-json\/wp\/v2\/media\/781936"}],"wp:attachment":[{"href":"https:\/\/bahiaeconomica.com.br\/wp\/wp-json\/wp\/v2\/media?parent=781935"}],"wp:term":[{"taxonomy":"category","embeddable":true,"href":"https:\/\/bahiaeconomica.com.br\/wp\/wp-json\/wp\/v2\/categories?post=781935"},{"taxonomy":"post_tag","embeddable":true,"href":"https:\/\/bahiaeconomica.com.br\/wp\/wp-json\/wp\/v2\/tags?post=781935"}],"curies":[{"name":"wp","href":"https:\/\/api.w.org\/{rel}","templated":true}]}}