{"id":780635,"date":"2023-11-28T12:59:46","date_gmt":"2023-11-28T15:59:46","guid":{"rendered":"https:\/\/bahiaeconomica.com.br\/wp\/?p=780635"},"modified":"2023-11-28T13:09:37","modified_gmt":"2023-11-28T16:09:37","slug":"com-investimento-de-r-76-milhoes-prefeitura-inicia-reconstrucao-de-sete-escolas-municipais","status":"publish","type":"post","link":"https:\/\/bahiaeconomica.com.br\/wp\/2023\/11\/28\/com-investimento-de-r-76-milhoes-prefeitura-inicia-reconstrucao-de-sete-escolas-municipais\/","title":{"rendered":"COM INVESTIMENTO DE R$ 76 MILH\u00d5ES, PREFEITURA INICIA RECONSTRU\u00c7\u00c3O DE SETE ESCOLAS MUNICIPAIS"},"content":{"rendered":"<p>Seguindo a meta de renovar a infraestrutura da rede municipal de Educa\u00e7\u00e3o, a Prefeitura de Salvador vai reconstruir mais sete escolas da capital baiana, com o objetivo de oferecer um ambiente de aprendizado mais adequado aos alunos. O pacote de obras, com investimento de R$76,8 milh\u00f5es, foi anunciado nesta ter\u00e7a-feira (28) pelo prefeito Bruno Reis, em evento na Escola Municipal Oscar da Penha, em Cajazeiras VI, uma das unidades educacionais que ser\u00e3o reconstru\u00eddas e reformuladas nesta nova etapa.<\/p>\n<p>Al\u00e9m disso, o prefeito anunciou a abertura de uma licita\u00e7\u00e3o para climatizar todas as salas de aula da rede municipal de Educa\u00e7\u00e3o em pr\u00e9dios p\u00fablicos do munic\u00edpio. O investimento em aquisi\u00e7\u00e3o de aparelhos de ar-condicionado ser\u00e1 de R$20 milh\u00f5es. \u201cE a gente vai seguir assim, investindo para oferecer escolas de qualidade, para fazer com que as crian\u00e7as se sintam bem na escola e tenham vontade de vir estudar e aprender. Estamos fazendo uma educa\u00e7\u00e3o que vai figurar entre as melhores do Brasil\u201d, disse Bruno Reis.<\/p>\n<p>Al\u00e9m da Oscar da Penha, foram assinadas ordens de servi\u00e7o para a reconstru\u00e7\u00e3o de outras seis unidades: CMEI Anival Razoni Figueiredo (Dom Avelar), Escola Municipal Maria Constan\u00e7a (Mata Escura), Escola Municipal Conjunto Assistencial Nossa Senhora de F\u00e1tima (Alto das Pombas), CMEI Tertuliano de G\u00f3es (Alto das Pombas), CMEI Rafael de Oliveira (Cajazeiras VIII) e Escola Municipal Professora Maria de Lourdes Santana Alves (Capelinha). O investimento nestas seis unidades \u00e9 de R$65,5 milh\u00f5es.<\/p>\n<p>Com mais sete escolas e o pacote de climatiza\u00e7\u00e3o, Bruno Reis destacou o volume de obras que est\u00e3o sendo realizadas em Salvador: \u201cSem d\u00favida alguma, 2024 ser\u00e1 o ano, em toda a hist\u00f3ria da cidade, em que haver\u00e1 mais investimentos na Educa\u00e7\u00e3o. N\u00f3s temos, neste momento, mais de 160 obras nesta \u00e1rea, contando tamb\u00e9m com as coberturas de quadra, com as escolas que estamos reformando e ampliando, al\u00e9m destas, que est\u00e3o sendo reconstru\u00eddas do zero. Efetivamente, a Educa\u00e7\u00e3o de Salvador est\u00e1 dando passos enormes em qualidade. Vamos chegar ao final do nosso mandato com 50 novas escolas entregues. \u00c9 mais do que uma escola nova por m\u00eas\u201d, afirmou.<\/p>\n<p>Secret\u00e1rio de Educa\u00e7\u00e3o (Smed), Thiago Dantas ressaltou a diversidade de programas e a\u00e7\u00f5es, n\u00e3o s\u00f3 em obras, mas tamb\u00e9m na qualidade do ensino. \u201cO prefeito vem priorizando essa agenda de infraestrutura na Educa\u00e7\u00e3o, que tem recebido um volume de investimento sem precedentes na hist\u00f3ria de Salvador. Seguimos firmes, buscando aquela meta de pelo menos 50 novas escolas neste primeiro mandato\u201d, disse.<\/p>\n<p>\u201cAo mesmo tempo, temos investido no fortalecimento da gest\u00e3o escolar. Na semana passada, o prefeito lan\u00e7ou o Programa Dinheiro Direto na Escola Soteropolitana. Na pr\u00f3xima semana, vai inaugurar o Centro de Forma\u00e7\u00e3o de Professores. Ent\u00e3o, estamos fortalecendo tamb\u00e9m a qualifica\u00e7\u00e3o da estrat\u00e9gia pedag\u00f3gica nossa. Tenho certeza que voc\u00eas v\u00e3o ficar muito felizes quando essa obra ficar pronta\u201d, completou Thiago Dantas.<\/p>\n<p>Escola &#8211; Apenas na reconstru\u00e7\u00e3o da Escola Oscar da Penha, o munic\u00edpio destinar\u00e1 R$11,2 milh\u00f5es. O pr\u00e9dio antigo, que tinha seis salas de aula, atendia 339 estudantes. Com a reformula\u00e7\u00e3o, a unidade ter\u00e1 17 salas de aula e atender\u00e1 555 alunos a cada turno, totalizando 1,1 mil estudantes no dia, desde a Educa\u00e7\u00e3o Infantil at\u00e9 o Ensino Fundamental.<\/p>\n<p>\u201cHoje, a Prefeitura d\u00e1 in\u00edcio \u00e0 constru\u00e7\u00e3o de uma grande escola para voc\u00eas. Aqui, em Cajazeiras VI, havia essa demanda, por isso que a gente tomou a decis\u00e3o de reconstru\u00ed-la. Eu tenho certeza que essa nova escola vai mudar o presente e o futuro dessa garotada de forma decisiva. Quando a gente constr\u00f3i uma escola, usa o melhor padr\u00e3o do Brasil. Eu quero que as crian\u00e7as se sintam melhor na escola do que na at\u00e9 na sua pr\u00f3pria casa. Para que elas tenham motiva\u00e7\u00e3o de vir para a escola estudar\u201d, disse Bruno Reis.<\/p>\n<p>O empreendimento ter\u00e1 3,2 mil metros quadrados de \u00e1rea constru\u00edda, com salas de aula climatizadas com kit multim\u00eddia, salas multiuso e de leitura, quadra coberta, \u00e1rea de acolhimento, refeit\u00f3rio, elevador, brinquedoteca, entre outros equipamentos. Tamb\u00e9m ser\u00e1 sustent\u00e1vel, com gera\u00e7\u00e3o de energia solar e reutiliza\u00e7\u00e3o de \u00e1gua pluvial.<\/p>\n<p>A dona de casa Viviane Santos da Cruz, de 31 anos, elogiou a decis\u00e3o de reconstruir a escola: \u201cMeu filho estuda aqui desde que tinha seis anos, quando tive que tirar ele de um col\u00e9gio particular por dificuldade financeira. Fui muito bem recebida por todos. Ele hoje tem 11 anos e segue aqui. Eu gosto muito da equipe de professores e pretendo colocar a minha filha, que ainda \u00e9 pequena, para estudar aqui tamb\u00e9m\u201d, disse.<\/p>\n<p>Pra\u00e7a &#8211; A Prefeitura aproveitou o evento para inaugurar, tamb\u00e9m, a Pra\u00e7a Edy Ramos Inoc\u00eancio, ao lado da Escola Municipal Oscar da Penha. Essa \u00e9 a pra\u00e7a de n\u00famero 394 inaugurada pela atual gest\u00e3o e conta com equipamentos de gin\u00e1stica ao ar livre, mesas e bancos, parque infantil cercado, entre outros equipamentos fabricados pela Companhia de Desenvolvimento Urbano de Salvador (Desal). Ela foi batizada em homenagem a uma moradora de Cajazeiras VI, j\u00e1 falecida, conforme escolha da pr\u00f3pria comunidade.<\/p>\n<p>Foto: Lucas Moura\/ Secom PMS<\/p>\n","protected":false},"excerpt":{"rendered":"<p>Seguindo a meta de renovar a infraestrutura da rede municipal de Educa\u00e7\u00e3o, a Prefeitura de Salvador vai reconstruir mais sete escolas da capital baiana, com o objetivo de oferecer um ambiente de aprendizado mais adequado aos alunos. O pacote de obras, com investimento de R$76,8 milh\u00f5es, foi anunciado nesta ter\u00e7a-feira (28) pelo prefeito Bruno Reis, [&hellip;]<\/p>\n","protected":false},"author":15,"featured_media":780648,"comment_status":"closed","ping_status":"closed","sticky":false,"template":"","format":"standard","meta":[],"categories":[14,21],"tags":[166,1367,75,4699],"acf":[],"yoast_head":"<!-- This site is optimized with the Yoast SEO plugin v20.8 - https:\/\/yoast.com\/wordpress\/plugins\/seo\/ -->\n<title>COM INVESTIMENTO DE R$ 76 MILH\u00d5ES, PREFEITURA INICIA RECONSTRU\u00c7\u00c3O DE SETE ESCOLAS MUNICIPAIS - Bahia Economica<\/title>\n<meta name=\"description\" content=\"O maior portal de Economia da Bahia DESTAQUE DO DIA, Sa\u00fade \/ Educa\u00e7\u00e3o Bahia Economica Seguindo a meta de renovar a infraestrutura da rede\" \/>\n<meta name=\"robots\" content=\"index, follow, max-snippet:-1, max-image-preview:large, max-video-preview:-1\" \/>\n<link rel=\"canonical\" href=\"https:\/\/bahiaeconomica.com.br\/wp\/2023\/11\/28\/com-investimento-de-r-76-milhoes-prefeitura-inicia-reconstrucao-de-sete-escolas-municipais\/\" \/>\n<meta property=\"og:locale\" content=\"pt_BR\" \/>\n<meta property=\"og:type\" content=\"article\" \/>\n<meta property=\"og:title\" content=\"COM INVESTIMENTO DE R$ 76 MILH\u00d5ES, PREFEITURA INICIA RECONSTRU\u00c7\u00c3O DE SETE ESCOLAS MUNICIPAIS - Bahia Economica\" \/>\n<meta property=\"og:description\" content=\"O maior portal de Economia da Bahia DESTAQUE DO DIA, Sa\u00fade \/ Educa\u00e7\u00e3o Bahia Economica Seguindo a meta de renovar a infraestrutura da rede\" \/>\n<meta property=\"og:url\" content=\"https:\/\/bahiaeconomica.com.br\/wp\/2023\/11\/28\/com-investimento-de-r-76-milhoes-prefeitura-inicia-reconstrucao-de-sete-escolas-municipais\/\" \/>\n<meta property=\"og:site_name\" content=\"Bahia Economica\" \/>\n<meta property=\"article:publisher\" content=\"https:\/\/www.facebook.com\/bahiaeconomica\" \/>\n<meta property=\"article:published_time\" content=\"2023-11-28T15:59:46+00:00\" \/>\n<meta property=\"article:modified_time\" content=\"2023-11-28T16:09:37+00:00\" \/>\n<meta property=\"og:image\" content=\"https:\/\/bahiaeconomica.com.br\/wp\/wp-content\/uploads\/2023\/11\/WhatsApp-Image-2023-11-28-at-12.15.51-e1701187714789.jpeg\" \/>\n\t<meta property=\"og:image:width\" content=\"1280\" \/>\n\t<meta property=\"og:image:height\" content=\"723\" \/>\n\t<meta property=\"og:image:type\" content=\"image\/jpeg\" \/>\n<meta name=\"author\" content=\"VICTORIA ISABEL\" \/>\n<meta name=\"twitter:card\" content=\"summary_large_image\" \/>\n<meta name=\"twitter:label1\" content=\"Escrito por\" \/>\n\t<meta name=\"twitter:data1\" content=\"VICTORIA ISABEL\" \/>\n\t<meta name=\"twitter:label2\" content=\"Est. tempo de leitura\" \/>\n\t<meta name=\"twitter:data2\" content=\"5 minutos\" \/>\n<script type=\"application\/ld+json\" class=\"yoast-schema-graph\">{\"@context\":\"https:\/\/schema.org\",\"@graph\":[{\"@type\":\"Article\",\"@id\":\"https:\/\/bahiaeconomica.com.br\/wp\/2023\/11\/28\/com-investimento-de-r-76-milhoes-prefeitura-inicia-reconstrucao-de-sete-escolas-municipais\/#article\",\"isPartOf\":{\"@id\":\"https:\/\/bahiaeconomica.com.br\/wp\/2023\/11\/28\/com-investimento-de-r-76-milhoes-prefeitura-inicia-reconstrucao-de-sete-escolas-municipais\/\"},\"author\":{\"name\":\"VICTORIA ISABEL\",\"@id\":\"https:\/\/bahiaeconomica.com.br\/wp\/#\/schema\/person\/b719ce0fb1c09f3c7a00d9243ced4a6f\"},\"headline\":\"COM INVESTIMENTO DE R$ 76 MILH\u00d5ES, PREFEITURA INICIA RECONSTRU\u00c7\u00c3O DE SETE ESCOLAS MUNICIPAIS\",\"datePublished\":\"2023-11-28T15:59:46+00:00\",\"dateModified\":\"2023-11-28T16:09:37+00:00\",\"mainEntityOfPage\":{\"@id\":\"https:\/\/bahiaeconomica.com.br\/wp\/2023\/11\/28\/com-investimento-de-r-76-milhoes-prefeitura-inicia-reconstrucao-de-sete-escolas-municipais\/\"},\"wordCount\":904,\"publisher\":{\"@id\":\"https:\/\/bahiaeconomica.com.br\/wp\/#organization\"},\"keywords\":[\"Bruno Reis\",\"escolas\",\"Prefeitura de Salvador\",\"reconstru\u00e7\u00e3o\"],\"articleSection\":[\"DESTAQUE DO DIA\",\"Sa\u00fade \/ Educa\u00e7\u00e3o\"],\"inLanguage\":\"pt-BR\"},{\"@type\":\"WebPage\",\"@id\":\"https:\/\/bahiaeconomica.com.br\/wp\/2023\/11\/28\/com-investimento-de-r-76-milhoes-prefeitura-inicia-reconstrucao-de-sete-escolas-municipais\/\",\"url\":\"https:\/\/bahiaeconomica.com.br\/wp\/2023\/11\/28\/com-investimento-de-r-76-milhoes-prefeitura-inicia-reconstrucao-de-sete-escolas-municipais\/\",\"name\":\"COM INVESTIMENTO DE R$ 76 MILH\u00d5ES, PREFEITURA INICIA RECONSTRU\u00c7\u00c3O DE SETE ESCOLAS MUNICIPAIS - Bahia Economica\",\"isPartOf\":{\"@id\":\"https:\/\/bahiaeconomica.com.br\/wp\/#website\"},\"datePublished\":\"2023-11-28T15:59:46+00:00\",\"dateModified\":\"2023-11-28T16:09:37+00:00\",\"description\":\"O maior portal de Economia da Bahia DESTAQUE DO DIA, Sa\u00fade \/ Educa\u00e7\u00e3o Bahia Economica Seguindo a meta de renovar a infraestrutura da rede\",\"breadcrumb\":{\"@id\":\"https:\/\/bahiaeconomica.com.br\/wp\/2023\/11\/28\/com-investimento-de-r-76-milhoes-prefeitura-inicia-reconstrucao-de-sete-escolas-municipais\/#breadcrumb\"},\"inLanguage\":\"pt-BR\",\"potentialAction\":[{\"@type\":\"ReadAction\",\"target\":[\"https:\/\/bahiaeconomica.com.br\/wp\/2023\/11\/28\/com-investimento-de-r-76-milhoes-prefeitura-inicia-reconstrucao-de-sete-escolas-municipais\/\"]}]},{\"@type\":\"BreadcrumbList\",\"@id\":\"https:\/\/bahiaeconomica.com.br\/wp\/2023\/11\/28\/com-investimento-de-r-76-milhoes-prefeitura-inicia-reconstrucao-de-sete-escolas-municipais\/#breadcrumb\",\"itemListElement\":[{\"@type\":\"ListItem\",\"position\":1,\"name\":\"In\u00edcio\",\"item\":\"https:\/\/bahiaeconomica.com.br\/wp\/\"},{\"@type\":\"ListItem\",\"position\":2,\"name\":\"COM INVESTIMENTO DE R$ 76 MILH\u00d5ES, PREFEITURA INICIA RECONSTRU\u00c7\u00c3O DE SETE ESCOLAS MUNICIPAIS\"}]},{\"@type\":\"WebSite\",\"@id\":\"https:\/\/bahiaeconomica.com.br\/wp\/#website\",\"url\":\"https:\/\/bahiaeconomica.com.br\/wp\/\",\"name\":\"Bahia Economica\",\"description\":\"O maior portal de Economia da Bahia\",\"publisher\":{\"@id\":\"https:\/\/bahiaeconomica.com.br\/wp\/#organization\"},\"potentialAction\":[{\"@type\":\"SearchAction\",\"target\":{\"@type\":\"EntryPoint\",\"urlTemplate\":\"https:\/\/bahiaeconomica.com.br\/wp\/?s={search_term_string}\"},\"query-input\":\"required name=search_term_string\"}],\"inLanguage\":\"pt-BR\"},{\"@type\":\"Organization\",\"@id\":\"https:\/\/bahiaeconomica.com.br\/wp\/#organization\",\"name\":\"Bahia Econ\u00f4mica\",\"url\":\"https:\/\/bahiaeconomica.com.br\/wp\/\",\"logo\":{\"@type\":\"ImageObject\",\"inLanguage\":\"pt-BR\",\"@id\":\"https:\/\/bahiaeconomica.com.br\/wp\/#\/schema\/logo\/image\/\",\"url\":\"https:\/\/bahiaeconomica.com.br\/wp\/wp-content\/uploads\/2020\/12\/cropped-BE.png\",\"contentUrl\":\"https:\/\/bahiaeconomica.com.br\/wp\/wp-content\/uploads\/2020\/12\/cropped-BE.png\",\"width\":512,\"height\":512,\"caption\":\"Bahia Econ\u00f4mica\"},\"image\":{\"@id\":\"https:\/\/bahiaeconomica.com.br\/wp\/#\/schema\/logo\/image\/\"},\"sameAs\":[\"https:\/\/www.facebook.com\/bahiaeconomica\"]},{\"@type\":\"Person\",\"@id\":\"https:\/\/bahiaeconomica.com.br\/wp\/#\/schema\/person\/b719ce0fb1c09f3c7a00d9243ced4a6f\",\"name\":\"VICTORIA ISABEL\",\"sameAs\":[\"http:\/\/www.bahiaeconomica.com.br\"],\"url\":\"https:\/\/bahiaeconomica.com.br\/wp\/author\/victoria-isabel\/\"}]}<\/script>\n<!-- \/ Yoast SEO plugin. -->","yoast_head_json":{"title":"COM INVESTIMENTO DE R$ 76 MILH\u00d5ES, PREFEITURA INICIA RECONSTRU\u00c7\u00c3O DE SETE ESCOLAS MUNICIPAIS - Bahia Economica","description":"O maior portal de Economia da Bahia DESTAQUE DO DIA, Sa\u00fade \/ Educa\u00e7\u00e3o Bahia Economica Seguindo a meta de renovar a infraestrutura da rede","robots":{"index":"index","follow":"follow","max-snippet":"max-snippet:-1","max-image-preview":"max-image-preview:large","max-video-preview":"max-video-preview:-1"},"canonical":"https:\/\/bahiaeconomica.com.br\/wp\/2023\/11\/28\/com-investimento-de-r-76-milhoes-prefeitura-inicia-reconstrucao-de-sete-escolas-municipais\/","og_locale":"pt_BR","og_type":"article","og_title":"COM INVESTIMENTO DE R$ 76 MILH\u00d5ES, PREFEITURA INICIA RECONSTRU\u00c7\u00c3O DE SETE ESCOLAS MUNICIPAIS - Bahia Economica","og_description":"O maior portal de Economia da Bahia DESTAQUE DO DIA, Sa\u00fade \/ Educa\u00e7\u00e3o Bahia Economica Seguindo a meta de renovar a infraestrutura da rede","og_url":"https:\/\/bahiaeconomica.com.br\/wp\/2023\/11\/28\/com-investimento-de-r-76-milhoes-prefeitura-inicia-reconstrucao-de-sete-escolas-municipais\/","og_site_name":"Bahia Economica","article_publisher":"https:\/\/www.facebook.com\/bahiaeconomica","article_published_time":"2023-11-28T15:59:46+00:00","article_modified_time":"2023-11-28T16:09:37+00:00","og_image":[{"width":1280,"height":723,"url":"https:\/\/bahiaeconomica.com.br\/wp\/wp-content\/uploads\/2023\/11\/WhatsApp-Image-2023-11-28-at-12.15.51-e1701187714789.jpeg","type":"image\/jpeg"}],"author":"VICTORIA ISABEL","twitter_card":"summary_large_image","twitter_misc":{"Escrito por":"VICTORIA ISABEL","Est. tempo de leitura":"5 minutos"},"schema":{"@context":"https:\/\/schema.org","@graph":[{"@type":"Article","@id":"https:\/\/bahiaeconomica.com.br\/wp\/2023\/11\/28\/com-investimento-de-r-76-milhoes-prefeitura-inicia-reconstrucao-de-sete-escolas-municipais\/#article","isPartOf":{"@id":"https:\/\/bahiaeconomica.com.br\/wp\/2023\/11\/28\/com-investimento-de-r-76-milhoes-prefeitura-inicia-reconstrucao-de-sete-escolas-municipais\/"},"author":{"name":"VICTORIA ISABEL","@id":"https:\/\/bahiaeconomica.com.br\/wp\/#\/schema\/person\/b719ce0fb1c09f3c7a00d9243ced4a6f"},"headline":"COM INVESTIMENTO DE R$ 76 MILH\u00d5ES, PREFEITURA INICIA RECONSTRU\u00c7\u00c3O DE SETE ESCOLAS MUNICIPAIS","datePublished":"2023-11-28T15:59:46+00:00","dateModified":"2023-11-28T16:09:37+00:00","mainEntityOfPage":{"@id":"https:\/\/bahiaeconomica.com.br\/wp\/2023\/11\/28\/com-investimento-de-r-76-milhoes-prefeitura-inicia-reconstrucao-de-sete-escolas-municipais\/"},"wordCount":904,"publisher":{"@id":"https:\/\/bahiaeconomica.com.br\/wp\/#organization"},"keywords":["Bruno Reis","escolas","Prefeitura de Salvador","reconstru\u00e7\u00e3o"],"articleSection":["DESTAQUE DO DIA","Sa\u00fade \/ Educa\u00e7\u00e3o"],"inLanguage":"pt-BR"},{"@type":"WebPage","@id":"https:\/\/bahiaeconomica.com.br\/wp\/2023\/11\/28\/com-investimento-de-r-76-milhoes-prefeitura-inicia-reconstrucao-de-sete-escolas-municipais\/","url":"https:\/\/bahiaeconomica.com.br\/wp\/2023\/11\/28\/com-investimento-de-r-76-milhoes-prefeitura-inicia-reconstrucao-de-sete-escolas-municipais\/","name":"COM INVESTIMENTO DE R$ 76 MILH\u00d5ES, PREFEITURA INICIA RECONSTRU\u00c7\u00c3O DE SETE ESCOLAS MUNICIPAIS - Bahia Economica","isPartOf":{"@id":"https:\/\/bahiaeconomica.com.br\/wp\/#website"},"datePublished":"2023-11-28T15:59:46+00:00","dateModified":"2023-11-28T16:09:37+00:00","description":"O maior portal de Economia da Bahia DESTAQUE DO DIA, Sa\u00fade \/ Educa\u00e7\u00e3o Bahia Economica Seguindo a meta de renovar a infraestrutura da rede","breadcrumb":{"@id":"https:\/\/bahiaeconomica.com.br\/wp\/2023\/11\/28\/com-investimento-de-r-76-milhoes-prefeitura-inicia-reconstrucao-de-sete-escolas-municipais\/#breadcrumb"},"inLanguage":"pt-BR","potentialAction":[{"@type":"ReadAction","target":["https:\/\/bahiaeconomica.com.br\/wp\/2023\/11\/28\/com-investimento-de-r-76-milhoes-prefeitura-inicia-reconstrucao-de-sete-escolas-municipais\/"]}]},{"@type":"BreadcrumbList","@id":"https:\/\/bahiaeconomica.com.br\/wp\/2023\/11\/28\/com-investimento-de-r-76-milhoes-prefeitura-inicia-reconstrucao-de-sete-escolas-municipais\/#breadcrumb","itemListElement":[{"@type":"ListItem","position":1,"name":"In\u00edcio","item":"https:\/\/bahiaeconomica.com.br\/wp\/"},{"@type":"ListItem","position":2,"name":"COM INVESTIMENTO DE R$ 76 MILH\u00d5ES, PREFEITURA INICIA RECONSTRU\u00c7\u00c3O DE SETE ESCOLAS MUNICIPAIS"}]},{"@type":"WebSite","@id":"https:\/\/bahiaeconomica.com.br\/wp\/#website","url":"https:\/\/bahiaeconomica.com.br\/wp\/","name":"Bahia Economica","description":"O maior portal de Economia da Bahia","publisher":{"@id":"https:\/\/bahiaeconomica.com.br\/wp\/#organization"},"potentialAction":[{"@type":"SearchAction","target":{"@type":"EntryPoint","urlTemplate":"https:\/\/bahiaeconomica.com.br\/wp\/?s={search_term_string}"},"query-input":"required name=search_term_string"}],"inLanguage":"pt-BR"},{"@type":"Organization","@id":"https:\/\/bahiaeconomica.com.br\/wp\/#organization","name":"Bahia Econ\u00f4mica","url":"https:\/\/bahiaeconomica.com.br\/wp\/","logo":{"@type":"ImageObject","inLanguage":"pt-BR","@id":"https:\/\/bahiaeconomica.com.br\/wp\/#\/schema\/logo\/image\/","url":"https:\/\/bahiaeconomica.com.br\/wp\/wp-content\/uploads\/2020\/12\/cropped-BE.png","contentUrl":"https:\/\/bahiaeconomica.com.br\/wp\/wp-content\/uploads\/2020\/12\/cropped-BE.png","width":512,"height":512,"caption":"Bahia Econ\u00f4mica"},"image":{"@id":"https:\/\/bahiaeconomica.com.br\/wp\/#\/schema\/logo\/image\/"},"sameAs":["https:\/\/www.facebook.com\/bahiaeconomica"]},{"@type":"Person","@id":"https:\/\/bahiaeconomica.com.br\/wp\/#\/schema\/person\/b719ce0fb1c09f3c7a00d9243ced4a6f","name":"VICTORIA ISABEL","sameAs":["http:\/\/www.bahiaeconomica.com.br"],"url":"https:\/\/bahiaeconomica.com.br\/wp\/author\/victoria-isabel\/"}]}},"views":16,"_links":{"self":[{"href":"https:\/\/bahiaeconomica.com.br\/wp\/wp-json\/wp\/v2\/posts\/780635"}],"collection":[{"href":"https:\/\/bahiaeconomica.com.br\/wp\/wp-json\/wp\/v2\/posts"}],"about":[{"href":"https:\/\/bahiaeconomica.com.br\/wp\/wp-json\/wp\/v2\/types\/post"}],"author":[{"embeddable":true,"href":"https:\/\/bahiaeconomica.com.br\/wp\/wp-json\/wp\/v2\/users\/15"}],"replies":[{"embeddable":true,"href":"https:\/\/bahiaeconomica.com.br\/wp\/wp-json\/wp\/v2\/comments?post=780635"}],"version-history":[{"count":1,"href":"https:\/\/bahiaeconomica.com.br\/wp\/wp-json\/wp\/v2\/posts\/780635\/revisions"}],"predecessor-version":[{"id":780637,"href":"https:\/\/bahiaeconomica.com.br\/wp\/wp-json\/wp\/v2\/posts\/780635\/revisions\/780637"}],"wp:featuredmedia":[{"embeddable":true,"href":"https:\/\/bahiaeconomica.com.br\/wp\/wp-json\/wp\/v2\/media\/780648"}],"wp:attachment":[{"href":"https:\/\/bahiaeconomica.com.br\/wp\/wp-json\/wp\/v2\/media?parent=780635"}],"wp:term":[{"taxonomy":"category","embeddable":true,"href":"https:\/\/bahiaeconomica.com.br\/wp\/wp-json\/wp\/v2\/categories?post=780635"},{"taxonomy":"post_tag","embeddable":true,"href":"https:\/\/bahiaeconomica.com.br\/wp\/wp-json\/wp\/v2\/tags?post=780635"}],"curies":[{"name":"wp","href":"https:\/\/api.w.org\/{rel}","templated":true}]}}