{"id":780407,"date":"2023-11-27T16:30:33","date_gmt":"2023-11-27T19:30:33","guid":{"rendered":"https:\/\/bahiaeconomica.com.br\/wp\/?p=780407"},"modified":"2023-11-27T16:30:33","modified_gmt":"2023-11-27T19:30:33","slug":"camacari-luiz-caetano-mostra-otimismo-sobre-eleicoes-2024-a-gente-vai-construir-isso-junto","status":"publish","type":"post","link":"https:\/\/bahiaeconomica.com.br\/wp\/2023\/11\/27\/camacari-luiz-caetano-mostra-otimismo-sobre-eleicoes-2024-a-gente-vai-construir-isso-junto\/","title":{"rendered":"CAMA\u00c7ARI: LUIZ CAETANO MOSTRA OTIMISMO SOBRE ELEI\u00c7\u00d5ES 2024: &#8216;A GENTE VAI CONSTRUIR ISSO JUNTO&#8217;"},"content":{"rendered":"<p>Cotado para disputar a Prefeitura de Cama\u00e7ari em 2024, Luiz Caetano (PT) tem se mostrado confiante com o resultado da disputa. Durante entrevista coletiva relizada na manh\u00e3 desta segunda-feira (22), ele n\u00e3o cravou seu nome, mas se mostrou empolgado.<\/p>\n<p>\u201cA gest\u00e3o est\u00e1 desaprovada pelo povo, a cidade n\u00e3o andou, deu passos para tr\u00e1s e nossa popula\u00e7\u00e3o est\u00e1 ansiosa para debater, discutir. Tenho feito muitas reuni\u00f5es, ouvindo muito [\u2026] e a gente vai construir isso junto, com a Ivoneide, com O PT, partidos aliados, e \u00e9 isso que estamos fazendo\u201d, explicou Caetano.<\/p>\n<p>O secret\u00e1rio esteve presente da entrega das novas ambul\u00e2ncias do SAMU.<\/p>\n<p>Foto: Luis Macedo\/C\u00e2mara dos Deputados<\/p>\n","protected":false},"excerpt":{"rendered":"<p>Cotado para disputar a Prefeitura de Cama\u00e7ari em 2024, Luiz Caetano (PT) tem se mostrado confiante com o resultado da disputa. Durante entrevista coletiva relizada na manh\u00e3 desta segunda-feira (22), ele n\u00e3o cravou seu nome, mas se mostrou empolgado. \u201cA gest\u00e3o est\u00e1 desaprovada pelo povo, a cidade n\u00e3o andou, deu passos para tr\u00e1s e nossa [&hellip;]<\/p>\n","protected":false},"author":16,"featured_media":780411,"comment_status":"closed","ping_status":"closed","sticky":false,"template":"","format":"standard","meta":[],"categories":[14601],"tags":[375,12789,149],"acf":[],"yoast_head":"<!-- This site is optimized with the Yoast SEO plugin v20.8 - https:\/\/yoast.com\/wordpress\/plugins\/seo\/ -->\n<title>CAMA\u00c7ARI: LUIZ CAETANO MOSTRA OTIMISMO SOBRE ELEI\u00c7\u00d5ES 2024: &#039;A GENTE VAI CONSTRUIR ISSO JUNTO&#039; - Bahia Economica<\/title>\n<meta name=\"description\" content=\"O maior portal de Economia da Bahia Pol\u00edtica Bahia Economica\" \/>\n<meta name=\"robots\" content=\"index, follow, max-snippet:-1, max-image-preview:large, max-video-preview:-1\" \/>\n<link rel=\"canonical\" href=\"https:\/\/bahiaeconomica.com.br\/wp\/2023\/11\/27\/camacari-luiz-caetano-mostra-otimismo-sobre-eleicoes-2024-a-gente-vai-construir-isso-junto\/\" \/>\n<meta property=\"og:locale\" content=\"pt_BR\" \/>\n<meta property=\"og:type\" content=\"article\" \/>\n<meta property=\"og:title\" content=\"CAMA\u00c7ARI: LUIZ CAETANO MOSTRA OTIMISMO SOBRE ELEI\u00c7\u00d5ES 2024: &#039;A GENTE VAI CONSTRUIR ISSO JUNTO&#039; - Bahia Economica\" \/>\n<meta property=\"og:description\" content=\"O maior portal de Economia da Bahia Pol\u00edtica Bahia Economica\" \/>\n<meta property=\"og:url\" content=\"https:\/\/bahiaeconomica.com.br\/wp\/2023\/11\/27\/camacari-luiz-caetano-mostra-otimismo-sobre-eleicoes-2024-a-gente-vai-construir-isso-junto\/\" \/>\n<meta property=\"og:site_name\" content=\"Bahia Economica\" \/>\n<meta property=\"article:publisher\" content=\"https:\/\/www.facebook.com\/bahiaeconomica\" \/>\n<meta property=\"article:published_time\" content=\"2023-11-27T19:30:33+00:00\" \/>\n<meta property=\"og:image\" content=\"https:\/\/bahiaeconomica.com.br\/wp\/wp-content\/uploads\/2023\/11\/DD3D1061_5D21_4F52_AFF2_E5F1C13725E1-1.webp\" \/>\n\t<meta property=\"og:image:width\" content=\"808\" \/>\n\t<meta property=\"og:image:height\" content=\"379\" \/>\n\t<meta property=\"og:image:type\" content=\"image\/webp\" \/>\n<meta name=\"author\" content=\"LUIZA NASCIMENTO\" \/>\n<meta name=\"twitter:card\" content=\"summary_large_image\" \/>\n<meta name=\"twitter:label1\" content=\"Escrito por\" \/>\n\t<meta name=\"twitter:data1\" content=\"LUIZA NASCIMENTO\" \/>\n\t<meta name=\"twitter:label2\" content=\"Est. tempo de leitura\" \/>\n\t<meta name=\"twitter:data2\" content=\"1 minuto\" \/>\n<script type=\"application\/ld+json\" class=\"yoast-schema-graph\">{\"@context\":\"https:\/\/schema.org\",\"@graph\":[{\"@type\":\"Article\",\"@id\":\"https:\/\/bahiaeconomica.com.br\/wp\/2023\/11\/27\/camacari-luiz-caetano-mostra-otimismo-sobre-eleicoes-2024-a-gente-vai-construir-isso-junto\/#article\",\"isPartOf\":{\"@id\":\"https:\/\/bahiaeconomica.com.br\/wp\/2023\/11\/27\/camacari-luiz-caetano-mostra-otimismo-sobre-eleicoes-2024-a-gente-vai-construir-isso-junto\/\"},\"author\":{\"name\":\"LUIZA NASCIMENTO\",\"@id\":\"https:\/\/bahiaeconomica.com.br\/wp\/#\/schema\/person\/18273ac0fe04bfd4e7b101bf17d40152\"},\"headline\":\"CAMA\u00c7ARI: LUIZ CAETANO MOSTRA OTIMISMO SOBRE ELEI\u00c7\u00d5ES 2024: &#8216;A GENTE VAI CONSTRUIR ISSO JUNTO&#8217;\",\"datePublished\":\"2023-11-27T19:30:33+00:00\",\"dateModified\":\"2023-11-27T19:30:33+00:00\",\"mainEntityOfPage\":{\"@id\":\"https:\/\/bahiaeconomica.com.br\/wp\/2023\/11\/27\/camacari-luiz-caetano-mostra-otimismo-sobre-eleicoes-2024-a-gente-vai-construir-isso-junto\/\"},\"wordCount\":129,\"publisher\":{\"@id\":\"https:\/\/bahiaeconomica.com.br\/wp\/#organization\"},\"keywords\":[\"Cama\u00e7ari\",\"LUIZ CAETANO\",\"Prefeitura de Cama\u00e7ari\"],\"articleSection\":[\"Pol\u00edtica\"],\"inLanguage\":\"pt-BR\"},{\"@type\":\"WebPage\",\"@id\":\"https:\/\/bahiaeconomica.com.br\/wp\/2023\/11\/27\/camacari-luiz-caetano-mostra-otimismo-sobre-eleicoes-2024-a-gente-vai-construir-isso-junto\/\",\"url\":\"https:\/\/bahiaeconomica.com.br\/wp\/2023\/11\/27\/camacari-luiz-caetano-mostra-otimismo-sobre-eleicoes-2024-a-gente-vai-construir-isso-junto\/\",\"name\":\"CAMA\u00c7ARI: LUIZ CAETANO MOSTRA OTIMISMO SOBRE ELEI\u00c7\u00d5ES 2024: 'A GENTE VAI CONSTRUIR ISSO JUNTO' - Bahia Economica\",\"isPartOf\":{\"@id\":\"https:\/\/bahiaeconomica.com.br\/wp\/#website\"},\"datePublished\":\"2023-11-27T19:30:33+00:00\",\"dateModified\":\"2023-11-27T19:30:33+00:00\",\"description\":\"O maior portal de Economia da Bahia Pol\u00edtica Bahia Economica\",\"breadcrumb\":{\"@id\":\"https:\/\/bahiaeconomica.com.br\/wp\/2023\/11\/27\/camacari-luiz-caetano-mostra-otimismo-sobre-eleicoes-2024-a-gente-vai-construir-isso-junto\/#breadcrumb\"},\"inLanguage\":\"pt-BR\",\"potentialAction\":[{\"@type\":\"ReadAction\",\"target\":[\"https:\/\/bahiaeconomica.com.br\/wp\/2023\/11\/27\/camacari-luiz-caetano-mostra-otimismo-sobre-eleicoes-2024-a-gente-vai-construir-isso-junto\/\"]}]},{\"@type\":\"BreadcrumbList\",\"@id\":\"https:\/\/bahiaeconomica.com.br\/wp\/2023\/11\/27\/camacari-luiz-caetano-mostra-otimismo-sobre-eleicoes-2024-a-gente-vai-construir-isso-junto\/#breadcrumb\",\"itemListElement\":[{\"@type\":\"ListItem\",\"position\":1,\"name\":\"In\u00edcio\",\"item\":\"https:\/\/bahiaeconomica.com.br\/wp\/\"},{\"@type\":\"ListItem\",\"position\":2,\"name\":\"CAMA\u00c7ARI: LUIZ CAETANO MOSTRA OTIMISMO SOBRE ELEI\u00c7\u00d5ES 2024: &#8216;A GENTE VAI CONSTRUIR ISSO JUNTO&#8217;\"}]},{\"@type\":\"WebSite\",\"@id\":\"https:\/\/bahiaeconomica.com.br\/wp\/#website\",\"url\":\"https:\/\/bahiaeconomica.com.br\/wp\/\",\"name\":\"Bahia Economica\",\"description\":\"O maior portal de Economia da Bahia\",\"publisher\":{\"@id\":\"https:\/\/bahiaeconomica.com.br\/wp\/#organization\"},\"potentialAction\":[{\"@type\":\"SearchAction\",\"target\":{\"@type\":\"EntryPoint\",\"urlTemplate\":\"https:\/\/bahiaeconomica.com.br\/wp\/?s={search_term_string}\"},\"query-input\":\"required name=search_term_string\"}],\"inLanguage\":\"pt-BR\"},{\"@type\":\"Organization\",\"@id\":\"https:\/\/bahiaeconomica.com.br\/wp\/#organization\",\"name\":\"Bahia Econ\u00f4mica\",\"url\":\"https:\/\/bahiaeconomica.com.br\/wp\/\",\"logo\":{\"@type\":\"ImageObject\",\"inLanguage\":\"pt-BR\",\"@id\":\"https:\/\/bahiaeconomica.com.br\/wp\/#\/schema\/logo\/image\/\",\"url\":\"https:\/\/bahiaeconomica.com.br\/wp\/wp-content\/uploads\/2020\/12\/cropped-BE.png\",\"contentUrl\":\"https:\/\/bahiaeconomica.com.br\/wp\/wp-content\/uploads\/2020\/12\/cropped-BE.png\",\"width\":512,\"height\":512,\"caption\":\"Bahia Econ\u00f4mica\"},\"image\":{\"@id\":\"https:\/\/bahiaeconomica.com.br\/wp\/#\/schema\/logo\/image\/\"},\"sameAs\":[\"https:\/\/www.facebook.com\/bahiaeconomica\"]},{\"@type\":\"Person\",\"@id\":\"https:\/\/bahiaeconomica.com.br\/wp\/#\/schema\/person\/18273ac0fe04bfd4e7b101bf17d40152\",\"name\":\"LUIZA NASCIMENTO\",\"sameAs\":[\"http:\/\/www.bahiaeconomica.com.br\"],\"url\":\"https:\/\/bahiaeconomica.com.br\/wp\/author\/luiza-nascimento\/\"}]}<\/script>\n<!-- \/ Yoast SEO plugin. -->","yoast_head_json":{"title":"CAMA\u00c7ARI: LUIZ CAETANO MOSTRA OTIMISMO SOBRE ELEI\u00c7\u00d5ES 2024: 'A GENTE VAI CONSTRUIR ISSO JUNTO' - Bahia Economica","description":"O maior portal de Economia da Bahia Pol\u00edtica Bahia Economica","robots":{"index":"index","follow":"follow","max-snippet":"max-snippet:-1","max-image-preview":"max-image-preview:large","max-video-preview":"max-video-preview:-1"},"canonical":"https:\/\/bahiaeconomica.com.br\/wp\/2023\/11\/27\/camacari-luiz-caetano-mostra-otimismo-sobre-eleicoes-2024-a-gente-vai-construir-isso-junto\/","og_locale":"pt_BR","og_type":"article","og_title":"CAMA\u00c7ARI: LUIZ CAETANO MOSTRA OTIMISMO SOBRE ELEI\u00c7\u00d5ES 2024: 'A GENTE VAI CONSTRUIR ISSO JUNTO' - Bahia Economica","og_description":"O maior portal de Economia da Bahia Pol\u00edtica Bahia Economica","og_url":"https:\/\/bahiaeconomica.com.br\/wp\/2023\/11\/27\/camacari-luiz-caetano-mostra-otimismo-sobre-eleicoes-2024-a-gente-vai-construir-isso-junto\/","og_site_name":"Bahia Economica","article_publisher":"https:\/\/www.facebook.com\/bahiaeconomica","article_published_time":"2023-11-27T19:30:33+00:00","og_image":[{"width":808,"height":379,"url":"https:\/\/bahiaeconomica.com.br\/wp\/wp-content\/uploads\/2023\/11\/DD3D1061_5D21_4F52_AFF2_E5F1C13725E1-1.webp","type":"image\/webp"}],"author":"LUIZA NASCIMENTO","twitter_card":"summary_large_image","twitter_misc":{"Escrito por":"LUIZA NASCIMENTO","Est. tempo de leitura":"1 minuto"},"schema":{"@context":"https:\/\/schema.org","@graph":[{"@type":"Article","@id":"https:\/\/bahiaeconomica.com.br\/wp\/2023\/11\/27\/camacari-luiz-caetano-mostra-otimismo-sobre-eleicoes-2024-a-gente-vai-construir-isso-junto\/#article","isPartOf":{"@id":"https:\/\/bahiaeconomica.com.br\/wp\/2023\/11\/27\/camacari-luiz-caetano-mostra-otimismo-sobre-eleicoes-2024-a-gente-vai-construir-isso-junto\/"},"author":{"name":"LUIZA NASCIMENTO","@id":"https:\/\/bahiaeconomica.com.br\/wp\/#\/schema\/person\/18273ac0fe04bfd4e7b101bf17d40152"},"headline":"CAMA\u00c7ARI: LUIZ CAETANO MOSTRA OTIMISMO SOBRE ELEI\u00c7\u00d5ES 2024: &#8216;A GENTE VAI CONSTRUIR ISSO JUNTO&#8217;","datePublished":"2023-11-27T19:30:33+00:00","dateModified":"2023-11-27T19:30:33+00:00","mainEntityOfPage":{"@id":"https:\/\/bahiaeconomica.com.br\/wp\/2023\/11\/27\/camacari-luiz-caetano-mostra-otimismo-sobre-eleicoes-2024-a-gente-vai-construir-isso-junto\/"},"wordCount":129,"publisher":{"@id":"https:\/\/bahiaeconomica.com.br\/wp\/#organization"},"keywords":["Cama\u00e7ari","LUIZ CAETANO","Prefeitura de Cama\u00e7ari"],"articleSection":["Pol\u00edtica"],"inLanguage":"pt-BR"},{"@type":"WebPage","@id":"https:\/\/bahiaeconomica.com.br\/wp\/2023\/11\/27\/camacari-luiz-caetano-mostra-otimismo-sobre-eleicoes-2024-a-gente-vai-construir-isso-junto\/","url":"https:\/\/bahiaeconomica.com.br\/wp\/2023\/11\/27\/camacari-luiz-caetano-mostra-otimismo-sobre-eleicoes-2024-a-gente-vai-construir-isso-junto\/","name":"CAMA\u00c7ARI: LUIZ CAETANO MOSTRA OTIMISMO SOBRE ELEI\u00c7\u00d5ES 2024: 'A GENTE VAI CONSTRUIR ISSO JUNTO' - Bahia Economica","isPartOf":{"@id":"https:\/\/bahiaeconomica.com.br\/wp\/#website"},"datePublished":"2023-11-27T19:30:33+00:00","dateModified":"2023-11-27T19:30:33+00:00","description":"O maior portal de Economia da Bahia Pol\u00edtica Bahia Economica","breadcrumb":{"@id":"https:\/\/bahiaeconomica.com.br\/wp\/2023\/11\/27\/camacari-luiz-caetano-mostra-otimismo-sobre-eleicoes-2024-a-gente-vai-construir-isso-junto\/#breadcrumb"},"inLanguage":"pt-BR","potentialAction":[{"@type":"ReadAction","target":["https:\/\/bahiaeconomica.com.br\/wp\/2023\/11\/27\/camacari-luiz-caetano-mostra-otimismo-sobre-eleicoes-2024-a-gente-vai-construir-isso-junto\/"]}]},{"@type":"BreadcrumbList","@id":"https:\/\/bahiaeconomica.com.br\/wp\/2023\/11\/27\/camacari-luiz-caetano-mostra-otimismo-sobre-eleicoes-2024-a-gente-vai-construir-isso-junto\/#breadcrumb","itemListElement":[{"@type":"ListItem","position":1,"name":"In\u00edcio","item":"https:\/\/bahiaeconomica.com.br\/wp\/"},{"@type":"ListItem","position":2,"name":"CAMA\u00c7ARI: LUIZ CAETANO MOSTRA OTIMISMO SOBRE ELEI\u00c7\u00d5ES 2024: &#8216;A GENTE VAI CONSTRUIR ISSO JUNTO&#8217;"}]},{"@type":"WebSite","@id":"https:\/\/bahiaeconomica.com.br\/wp\/#website","url":"https:\/\/bahiaeconomica.com.br\/wp\/","name":"Bahia Economica","description":"O maior portal de Economia da Bahia","publisher":{"@id":"https:\/\/bahiaeconomica.com.br\/wp\/#organization"},"potentialAction":[{"@type":"SearchAction","target":{"@type":"EntryPoint","urlTemplate":"https:\/\/bahiaeconomica.com.br\/wp\/?s={search_term_string}"},"query-input":"required name=search_term_string"}],"inLanguage":"pt-BR"},{"@type":"Organization","@id":"https:\/\/bahiaeconomica.com.br\/wp\/#organization","name":"Bahia Econ\u00f4mica","url":"https:\/\/bahiaeconomica.com.br\/wp\/","logo":{"@type":"ImageObject","inLanguage":"pt-BR","@id":"https:\/\/bahiaeconomica.com.br\/wp\/#\/schema\/logo\/image\/","url":"https:\/\/bahiaeconomica.com.br\/wp\/wp-content\/uploads\/2020\/12\/cropped-BE.png","contentUrl":"https:\/\/bahiaeconomica.com.br\/wp\/wp-content\/uploads\/2020\/12\/cropped-BE.png","width":512,"height":512,"caption":"Bahia Econ\u00f4mica"},"image":{"@id":"https:\/\/bahiaeconomica.com.br\/wp\/#\/schema\/logo\/image\/"},"sameAs":["https:\/\/www.facebook.com\/bahiaeconomica"]},{"@type":"Person","@id":"https:\/\/bahiaeconomica.com.br\/wp\/#\/schema\/person\/18273ac0fe04bfd4e7b101bf17d40152","name":"LUIZA NASCIMENTO","sameAs":["http:\/\/www.bahiaeconomica.com.br"],"url":"https:\/\/bahiaeconomica.com.br\/wp\/author\/luiza-nascimento\/"}]}},"views":101,"_links":{"self":[{"href":"https:\/\/bahiaeconomica.com.br\/wp\/wp-json\/wp\/v2\/posts\/780407"}],"collection":[{"href":"https:\/\/bahiaeconomica.com.br\/wp\/wp-json\/wp\/v2\/posts"}],"about":[{"href":"https:\/\/bahiaeconomica.com.br\/wp\/wp-json\/wp\/v2\/types\/post"}],"author":[{"embeddable":true,"href":"https:\/\/bahiaeconomica.com.br\/wp\/wp-json\/wp\/v2\/users\/16"}],"replies":[{"embeddable":true,"href":"https:\/\/bahiaeconomica.com.br\/wp\/wp-json\/wp\/v2\/comments?post=780407"}],"version-history":[{"count":1,"href":"https:\/\/bahiaeconomica.com.br\/wp\/wp-json\/wp\/v2\/posts\/780407\/revisions"}],"predecessor-version":[{"id":780412,"href":"https:\/\/bahiaeconomica.com.br\/wp\/wp-json\/wp\/v2\/posts\/780407\/revisions\/780412"}],"wp:featuredmedia":[{"embeddable":true,"href":"https:\/\/bahiaeconomica.com.br\/wp\/wp-json\/wp\/v2\/media\/780411"}],"wp:attachment":[{"href":"https:\/\/bahiaeconomica.com.br\/wp\/wp-json\/wp\/v2\/media?parent=780407"}],"wp:term":[{"taxonomy":"category","embeddable":true,"href":"https:\/\/bahiaeconomica.com.br\/wp\/wp-json\/wp\/v2\/categories?post=780407"},{"taxonomy":"post_tag","embeddable":true,"href":"https:\/\/bahiaeconomica.com.br\/wp\/wp-json\/wp\/v2\/tags?post=780407"}],"curies":[{"name":"wp","href":"https:\/\/api.w.org\/{rel}","templated":true}]}}