{"id":780052,"date":"2023-11-24T16:31:16","date_gmt":"2023-11-24T19:31:16","guid":{"rendered":"https:\/\/bahiaeconomica.com.br\/wp\/?p=780052"},"modified":"2023-11-24T16:31:16","modified_gmt":"2023-11-24T19:31:16","slug":"delegacao-baiana-embarca-para-as-paralimpiadas-escolares-com-apoio-do-estado","status":"publish","type":"post","link":"https:\/\/bahiaeconomica.com.br\/wp\/2023\/11\/24\/delegacao-baiana-embarca-para-as-paralimpiadas-escolares-com-apoio-do-estado\/","title":{"rendered":"DELEGA\u00c7\u00c3O BAIANA EMBARCA PARA AS PARALIMP\u00cdADAS ESCOLARES COM APOIO DO ESTADO"},"content":{"rendered":"<p>Faltam menos de 72 horas para a delega\u00e7\u00e3o, formada por atletas, comiss\u00e3o t\u00e9cnica e familiares, embarcar no Aeroporto de Salvador, com destino a S\u00e3o Paulo, representando a Bahia nas Paralimp\u00edadas Escolares. O apoio do Governo do Estado, atrav\u00e9s das secretarias da Educa\u00e7\u00e3o (SEC) e do Trabalho, Emprego, Renda e Esporte (Setre), sob a coordena\u00e7\u00e3o da Superintend\u00eancia dos Desportos do Estado da Bahia (Sudesb), garante os deslocamentos das 27 pessoas que fazem parte do grupo. A a\u00e7\u00e3o integra o projeto Jogos Escolares da Bahia 2023, em colabora\u00e7\u00e3o com a Federa\u00e7\u00e3o Baiana de Esporte Escolar (FBEE), que conta com investimento total de R$ 10,3 milh\u00f5es do Governo.<\/p>\n<p>Os nove atletas baianos disputar\u00e3o provas de nata\u00e7\u00e3o, atletismo, t\u00eanis de mesa e badminton, e se reuniram nesta sexta-feira (24) para participar de um \u00faltimo treino coletivo, realizado no Centro de Educa\u00e7\u00e3o F\u00edsica da Universidade Federal da Bahia, em Salvador, antes da viagem. Este encontro tamb\u00e9m promoveu a intera\u00e7\u00e3o entre t\u00e9cnicos, oficiais e familiares dos estudantes.<\/p>\n<p>&#8220;A pr\u00e1tica esportiva traz autonomia e muda a autoestima da pessoa com defici\u00eancia. O Governo abra\u00e7ou esse compromisso, com esse aux\u00edlio nas passagens. Tivemos excelentes resultados dos regionais, em Bras\u00edlia, e estamos indo com mais for\u00e7a para o nacional, em S\u00e3o Paulo, sempre com a miss\u00e3o de fomentar o paradesporto no estado&#8221;, disse Adelmare J\u00fanior, coordenador do N\u00facleo do Paradesporto da Sudesb.<\/p>\n<p>A maioria dos familiares que comp\u00f5em a delega\u00e7\u00e3o \u00e9 de m\u00e3es, que acompanham seus filhos durante os jogos, enfatizando o papel essencial das fam\u00edlias no apoio aos jovens atletas paral\u00edmpicos. Essa colabora\u00e7\u00e3o entre atletas, comiss\u00e3o t\u00e9cnica e familiares contribui n\u00e3o apenas para o sucesso esportivo, mas tamb\u00e9m para o desenvolvimento pessoal e social dos participantes.<\/p>\n<p>Fotos: Matheus Landim\/GOVBA<\/p>\n","protected":false},"excerpt":{"rendered":"<p>Faltam menos de 72 horas para a delega\u00e7\u00e3o, formada por atletas, comiss\u00e3o t\u00e9cnica e familiares, embarcar no Aeroporto de Salvador, com destino a S\u00e3o Paulo, representando a Bahia nas Paralimp\u00edadas Escolares. O apoio do Governo do Estado, atrav\u00e9s das secretarias da Educa\u00e7\u00e3o (SEC) e do Trabalho, Emprego, Renda e Esporte (Setre), sob a coordena\u00e7\u00e3o da [&hellip;]<\/p>\n","protected":false},"author":16,"featured_media":780054,"comment_status":"closed","ping_status":"closed","sticky":false,"template":"","format":"standard","meta":[],"categories":[4486],"tags":[85,567,174,23361,87,23360,22253,73,201,124,3212,8965,1170],"acf":[],"yoast_head":"<!-- This site is optimized with the Yoast SEO plugin v20.8 - https:\/\/yoast.com\/wordpress\/plugins\/seo\/ -->\n<title>DELEGA\u00c7\u00c3O BAIANA EMBARCA PARA AS PARALIMP\u00cdADAS ESCOLARES COM APOIO DO ESTADO - Bahia Economica<\/title>\n<meta name=\"description\" content=\"O maior portal de Economia da Bahia Esporte Bahia Economica\" \/>\n<meta name=\"robots\" content=\"index, follow, max-snippet:-1, max-image-preview:large, max-video-preview:-1\" \/>\n<link rel=\"canonical\" href=\"https:\/\/bahiaeconomica.com.br\/wp\/2023\/11\/24\/delegacao-baiana-embarca-para-as-paralimpiadas-escolares-com-apoio-do-estado\/\" \/>\n<meta property=\"og:locale\" content=\"pt_BR\" \/>\n<meta property=\"og:type\" content=\"article\" \/>\n<meta property=\"og:title\" content=\"DELEGA\u00c7\u00c3O BAIANA EMBARCA PARA AS PARALIMP\u00cdADAS ESCOLARES COM APOIO DO ESTADO - Bahia Economica\" \/>\n<meta property=\"og:description\" content=\"O maior portal de Economia da Bahia Esporte Bahia Economica\" \/>\n<meta property=\"og:url\" content=\"https:\/\/bahiaeconomica.com.br\/wp\/2023\/11\/24\/delegacao-baiana-embarca-para-as-paralimpiadas-escolares-com-apoio-do-estado\/\" \/>\n<meta property=\"og:site_name\" content=\"Bahia Economica\" \/>\n<meta property=\"article:publisher\" content=\"https:\/\/www.facebook.com\/bahiaeconomica\" \/>\n<meta property=\"article:published_time\" content=\"2023-11-24T19:31:16+00:00\" \/>\n<meta property=\"og:image\" content=\"https:\/\/bahiaeconomica.com.br\/wp\/wp-content\/uploads\/2023\/11\/WhatsApp-Image-2023-11-24-at-14.02.19.jpeg\" \/>\n\t<meta property=\"og:image:width\" content=\"1600\" \/>\n\t<meta property=\"og:image:height\" content=\"1066\" \/>\n\t<meta property=\"og:image:type\" content=\"image\/jpeg\" \/>\n<meta name=\"author\" content=\"LUIZA NASCIMENTO\" \/>\n<meta name=\"twitter:card\" content=\"summary_large_image\" \/>\n<meta name=\"twitter:label1\" content=\"Escrito por\" \/>\n\t<meta name=\"twitter:data1\" content=\"LUIZA NASCIMENTO\" \/>\n\t<meta name=\"twitter:label2\" content=\"Est. tempo de leitura\" \/>\n\t<meta name=\"twitter:data2\" content=\"2 minutos\" \/>\n<script type=\"application\/ld+json\" class=\"yoast-schema-graph\">{\"@context\":\"https:\/\/schema.org\",\"@graph\":[{\"@type\":\"Article\",\"@id\":\"https:\/\/bahiaeconomica.com.br\/wp\/2023\/11\/24\/delegacao-baiana-embarca-para-as-paralimpiadas-escolares-com-apoio-do-estado\/#article\",\"isPartOf\":{\"@id\":\"https:\/\/bahiaeconomica.com.br\/wp\/2023\/11\/24\/delegacao-baiana-embarca-para-as-paralimpiadas-escolares-com-apoio-do-estado\/\"},\"author\":{\"name\":\"LUIZA NASCIMENTO\",\"@id\":\"https:\/\/bahiaeconomica.com.br\/wp\/#\/schema\/person\/18273ac0fe04bfd4e7b101bf17d40152\"},\"headline\":\"DELEGA\u00c7\u00c3O BAIANA EMBARCA PARA AS PARALIMP\u00cdADAS ESCOLARES COM APOIO DO ESTADO\",\"datePublished\":\"2023-11-24T19:31:16+00:00\",\"dateModified\":\"2023-11-24T19:31:16+00:00\",\"mainEntityOfPage\":{\"@id\":\"https:\/\/bahiaeconomica.com.br\/wp\/2023\/11\/24\/delegacao-baiana-embarca-para-as-paralimpiadas-escolares-com-apoio-do-estado\/\"},\"wordCount\":330,\"publisher\":{\"@id\":\"https:\/\/bahiaeconomica.com.br\/wp\/#organization\"},\"keywords\":[\"Bahia\",\"Educa\u00e7\u00e3o\",\"emprego\",\"FBEE\",\"governo do estado\",\"Paralimp\u00edadas Escolares\",\"Renda e Esporte\",\"Salvador\",\"S\u00e3o Paulo\",\"SEC\",\"setre\",\"Sudesb\",\"trabalho\"],\"articleSection\":[\"Esporte\"],\"inLanguage\":\"pt-BR\"},{\"@type\":\"WebPage\",\"@id\":\"https:\/\/bahiaeconomica.com.br\/wp\/2023\/11\/24\/delegacao-baiana-embarca-para-as-paralimpiadas-escolares-com-apoio-do-estado\/\",\"url\":\"https:\/\/bahiaeconomica.com.br\/wp\/2023\/11\/24\/delegacao-baiana-embarca-para-as-paralimpiadas-escolares-com-apoio-do-estado\/\",\"name\":\"DELEGA\u00c7\u00c3O BAIANA EMBARCA PARA AS PARALIMP\u00cdADAS ESCOLARES COM APOIO DO ESTADO - Bahia Economica\",\"isPartOf\":{\"@id\":\"https:\/\/bahiaeconomica.com.br\/wp\/#website\"},\"datePublished\":\"2023-11-24T19:31:16+00:00\",\"dateModified\":\"2023-11-24T19:31:16+00:00\",\"description\":\"O maior portal de Economia da Bahia Esporte Bahia Economica\",\"breadcrumb\":{\"@id\":\"https:\/\/bahiaeconomica.com.br\/wp\/2023\/11\/24\/delegacao-baiana-embarca-para-as-paralimpiadas-escolares-com-apoio-do-estado\/#breadcrumb\"},\"inLanguage\":\"pt-BR\",\"potentialAction\":[{\"@type\":\"ReadAction\",\"target\":[\"https:\/\/bahiaeconomica.com.br\/wp\/2023\/11\/24\/delegacao-baiana-embarca-para-as-paralimpiadas-escolares-com-apoio-do-estado\/\"]}]},{\"@type\":\"BreadcrumbList\",\"@id\":\"https:\/\/bahiaeconomica.com.br\/wp\/2023\/11\/24\/delegacao-baiana-embarca-para-as-paralimpiadas-escolares-com-apoio-do-estado\/#breadcrumb\",\"itemListElement\":[{\"@type\":\"ListItem\",\"position\":1,\"name\":\"In\u00edcio\",\"item\":\"https:\/\/bahiaeconomica.com.br\/wp\/\"},{\"@type\":\"ListItem\",\"position\":2,\"name\":\"DELEGA\u00c7\u00c3O BAIANA EMBARCA PARA AS PARALIMP\u00cdADAS ESCOLARES COM APOIO DO ESTADO\"}]},{\"@type\":\"WebSite\",\"@id\":\"https:\/\/bahiaeconomica.com.br\/wp\/#website\",\"url\":\"https:\/\/bahiaeconomica.com.br\/wp\/\",\"name\":\"Bahia Economica\",\"description\":\"O maior portal de Economia da Bahia\",\"publisher\":{\"@id\":\"https:\/\/bahiaeconomica.com.br\/wp\/#organization\"},\"potentialAction\":[{\"@type\":\"SearchAction\",\"target\":{\"@type\":\"EntryPoint\",\"urlTemplate\":\"https:\/\/bahiaeconomica.com.br\/wp\/?s={search_term_string}\"},\"query-input\":\"required name=search_term_string\"}],\"inLanguage\":\"pt-BR\"},{\"@type\":\"Organization\",\"@id\":\"https:\/\/bahiaeconomica.com.br\/wp\/#organization\",\"name\":\"Bahia Econ\u00f4mica\",\"url\":\"https:\/\/bahiaeconomica.com.br\/wp\/\",\"logo\":{\"@type\":\"ImageObject\",\"inLanguage\":\"pt-BR\",\"@id\":\"https:\/\/bahiaeconomica.com.br\/wp\/#\/schema\/logo\/image\/\",\"url\":\"https:\/\/bahiaeconomica.com.br\/wp\/wp-content\/uploads\/2020\/12\/cropped-BE.png\",\"contentUrl\":\"https:\/\/bahiaeconomica.com.br\/wp\/wp-content\/uploads\/2020\/12\/cropped-BE.png\",\"width\":512,\"height\":512,\"caption\":\"Bahia Econ\u00f4mica\"},\"image\":{\"@id\":\"https:\/\/bahiaeconomica.com.br\/wp\/#\/schema\/logo\/image\/\"},\"sameAs\":[\"https:\/\/www.facebook.com\/bahiaeconomica\"]},{\"@type\":\"Person\",\"@id\":\"https:\/\/bahiaeconomica.com.br\/wp\/#\/schema\/person\/18273ac0fe04bfd4e7b101bf17d40152\",\"name\":\"LUIZA NASCIMENTO\",\"sameAs\":[\"http:\/\/www.bahiaeconomica.com.br\"],\"url\":\"https:\/\/bahiaeconomica.com.br\/wp\/author\/luiza-nascimento\/\"}]}<\/script>\n<!-- \/ Yoast SEO plugin. -->","yoast_head_json":{"title":"DELEGA\u00c7\u00c3O BAIANA EMBARCA PARA AS PARALIMP\u00cdADAS ESCOLARES COM APOIO DO ESTADO - Bahia Economica","description":"O maior portal de Economia da Bahia Esporte Bahia Economica","robots":{"index":"index","follow":"follow","max-snippet":"max-snippet:-1","max-image-preview":"max-image-preview:large","max-video-preview":"max-video-preview:-1"},"canonical":"https:\/\/bahiaeconomica.com.br\/wp\/2023\/11\/24\/delegacao-baiana-embarca-para-as-paralimpiadas-escolares-com-apoio-do-estado\/","og_locale":"pt_BR","og_type":"article","og_title":"DELEGA\u00c7\u00c3O BAIANA EMBARCA PARA AS PARALIMP\u00cdADAS ESCOLARES COM APOIO DO ESTADO - Bahia Economica","og_description":"O maior portal de Economia da Bahia Esporte Bahia Economica","og_url":"https:\/\/bahiaeconomica.com.br\/wp\/2023\/11\/24\/delegacao-baiana-embarca-para-as-paralimpiadas-escolares-com-apoio-do-estado\/","og_site_name":"Bahia Economica","article_publisher":"https:\/\/www.facebook.com\/bahiaeconomica","article_published_time":"2023-11-24T19:31:16+00:00","og_image":[{"width":1600,"height":1066,"url":"https:\/\/bahiaeconomica.com.br\/wp\/wp-content\/uploads\/2023\/11\/WhatsApp-Image-2023-11-24-at-14.02.19.jpeg","type":"image\/jpeg"}],"author":"LUIZA NASCIMENTO","twitter_card":"summary_large_image","twitter_misc":{"Escrito por":"LUIZA NASCIMENTO","Est. tempo de leitura":"2 minutos"},"schema":{"@context":"https:\/\/schema.org","@graph":[{"@type":"Article","@id":"https:\/\/bahiaeconomica.com.br\/wp\/2023\/11\/24\/delegacao-baiana-embarca-para-as-paralimpiadas-escolares-com-apoio-do-estado\/#article","isPartOf":{"@id":"https:\/\/bahiaeconomica.com.br\/wp\/2023\/11\/24\/delegacao-baiana-embarca-para-as-paralimpiadas-escolares-com-apoio-do-estado\/"},"author":{"name":"LUIZA NASCIMENTO","@id":"https:\/\/bahiaeconomica.com.br\/wp\/#\/schema\/person\/18273ac0fe04bfd4e7b101bf17d40152"},"headline":"DELEGA\u00c7\u00c3O BAIANA EMBARCA PARA AS PARALIMP\u00cdADAS ESCOLARES COM APOIO DO ESTADO","datePublished":"2023-11-24T19:31:16+00:00","dateModified":"2023-11-24T19:31:16+00:00","mainEntityOfPage":{"@id":"https:\/\/bahiaeconomica.com.br\/wp\/2023\/11\/24\/delegacao-baiana-embarca-para-as-paralimpiadas-escolares-com-apoio-do-estado\/"},"wordCount":330,"publisher":{"@id":"https:\/\/bahiaeconomica.com.br\/wp\/#organization"},"keywords":["Bahia","Educa\u00e7\u00e3o","emprego","FBEE","governo do estado","Paralimp\u00edadas Escolares","Renda e Esporte","Salvador","S\u00e3o Paulo","SEC","setre","Sudesb","trabalho"],"articleSection":["Esporte"],"inLanguage":"pt-BR"},{"@type":"WebPage","@id":"https:\/\/bahiaeconomica.com.br\/wp\/2023\/11\/24\/delegacao-baiana-embarca-para-as-paralimpiadas-escolares-com-apoio-do-estado\/","url":"https:\/\/bahiaeconomica.com.br\/wp\/2023\/11\/24\/delegacao-baiana-embarca-para-as-paralimpiadas-escolares-com-apoio-do-estado\/","name":"DELEGA\u00c7\u00c3O BAIANA EMBARCA PARA AS PARALIMP\u00cdADAS ESCOLARES COM APOIO DO ESTADO - Bahia Economica","isPartOf":{"@id":"https:\/\/bahiaeconomica.com.br\/wp\/#website"},"datePublished":"2023-11-24T19:31:16+00:00","dateModified":"2023-11-24T19:31:16+00:00","description":"O maior portal de Economia da Bahia Esporte Bahia Economica","breadcrumb":{"@id":"https:\/\/bahiaeconomica.com.br\/wp\/2023\/11\/24\/delegacao-baiana-embarca-para-as-paralimpiadas-escolares-com-apoio-do-estado\/#breadcrumb"},"inLanguage":"pt-BR","potentialAction":[{"@type":"ReadAction","target":["https:\/\/bahiaeconomica.com.br\/wp\/2023\/11\/24\/delegacao-baiana-embarca-para-as-paralimpiadas-escolares-com-apoio-do-estado\/"]}]},{"@type":"BreadcrumbList","@id":"https:\/\/bahiaeconomica.com.br\/wp\/2023\/11\/24\/delegacao-baiana-embarca-para-as-paralimpiadas-escolares-com-apoio-do-estado\/#breadcrumb","itemListElement":[{"@type":"ListItem","position":1,"name":"In\u00edcio","item":"https:\/\/bahiaeconomica.com.br\/wp\/"},{"@type":"ListItem","position":2,"name":"DELEGA\u00c7\u00c3O BAIANA EMBARCA PARA AS PARALIMP\u00cdADAS ESCOLARES COM APOIO DO ESTADO"}]},{"@type":"WebSite","@id":"https:\/\/bahiaeconomica.com.br\/wp\/#website","url":"https:\/\/bahiaeconomica.com.br\/wp\/","name":"Bahia Economica","description":"O maior portal de Economia da Bahia","publisher":{"@id":"https:\/\/bahiaeconomica.com.br\/wp\/#organization"},"potentialAction":[{"@type":"SearchAction","target":{"@type":"EntryPoint","urlTemplate":"https:\/\/bahiaeconomica.com.br\/wp\/?s={search_term_string}"},"query-input":"required name=search_term_string"}],"inLanguage":"pt-BR"},{"@type":"Organization","@id":"https:\/\/bahiaeconomica.com.br\/wp\/#organization","name":"Bahia Econ\u00f4mica","url":"https:\/\/bahiaeconomica.com.br\/wp\/","logo":{"@type":"ImageObject","inLanguage":"pt-BR","@id":"https:\/\/bahiaeconomica.com.br\/wp\/#\/schema\/logo\/image\/","url":"https:\/\/bahiaeconomica.com.br\/wp\/wp-content\/uploads\/2020\/12\/cropped-BE.png","contentUrl":"https:\/\/bahiaeconomica.com.br\/wp\/wp-content\/uploads\/2020\/12\/cropped-BE.png","width":512,"height":512,"caption":"Bahia Econ\u00f4mica"},"image":{"@id":"https:\/\/bahiaeconomica.com.br\/wp\/#\/schema\/logo\/image\/"},"sameAs":["https:\/\/www.facebook.com\/bahiaeconomica"]},{"@type":"Person","@id":"https:\/\/bahiaeconomica.com.br\/wp\/#\/schema\/person\/18273ac0fe04bfd4e7b101bf17d40152","name":"LUIZA NASCIMENTO","sameAs":["http:\/\/www.bahiaeconomica.com.br"],"url":"https:\/\/bahiaeconomica.com.br\/wp\/author\/luiza-nascimento\/"}]}},"views":6,"_links":{"self":[{"href":"https:\/\/bahiaeconomica.com.br\/wp\/wp-json\/wp\/v2\/posts\/780052"}],"collection":[{"href":"https:\/\/bahiaeconomica.com.br\/wp\/wp-json\/wp\/v2\/posts"}],"about":[{"href":"https:\/\/bahiaeconomica.com.br\/wp\/wp-json\/wp\/v2\/types\/post"}],"author":[{"embeddable":true,"href":"https:\/\/bahiaeconomica.com.br\/wp\/wp-json\/wp\/v2\/users\/16"}],"replies":[{"embeddable":true,"href":"https:\/\/bahiaeconomica.com.br\/wp\/wp-json\/wp\/v2\/comments?post=780052"}],"version-history":[{"count":1,"href":"https:\/\/bahiaeconomica.com.br\/wp\/wp-json\/wp\/v2\/posts\/780052\/revisions"}],"predecessor-version":[{"id":780055,"href":"https:\/\/bahiaeconomica.com.br\/wp\/wp-json\/wp\/v2\/posts\/780052\/revisions\/780055"}],"wp:featuredmedia":[{"embeddable":true,"href":"https:\/\/bahiaeconomica.com.br\/wp\/wp-json\/wp\/v2\/media\/780054"}],"wp:attachment":[{"href":"https:\/\/bahiaeconomica.com.br\/wp\/wp-json\/wp\/v2\/media?parent=780052"}],"wp:term":[{"taxonomy":"category","embeddable":true,"href":"https:\/\/bahiaeconomica.com.br\/wp\/wp-json\/wp\/v2\/categories?post=780052"},{"taxonomy":"post_tag","embeddable":true,"href":"https:\/\/bahiaeconomica.com.br\/wp\/wp-json\/wp\/v2\/tags?post=780052"}],"curies":[{"name":"wp","href":"https:\/\/api.w.org\/{rel}","templated":true}]}}