{"id":780050,"date":"2023-11-24T16:27:29","date_gmt":"2023-11-24T19:27:29","guid":{"rendered":"https:\/\/bahiaeconomica.com.br\/wp\/?p=780050"},"modified":"2023-11-24T16:27:29","modified_gmt":"2023-11-24T19:27:29","slug":"eleicoes-2024-niltinho-faz-elogios-a-geraldo-junior-e-diz-que-vice-governador-esta-pronto-para-enfrentar-bruno-reis","status":"publish","type":"post","link":"https:\/\/bahiaeconomica.com.br\/wp\/2023\/11\/24\/eleicoes-2024-niltinho-faz-elogios-a-geraldo-junior-e-diz-que-vice-governador-esta-pronto-para-enfrentar-bruno-reis\/","title":{"rendered":"ELEI\u00c7\u00d5ES 2024: NILTINHO FAZ ELOGIOS A GERALDO J\u00daNIOR E DIZ QUE VICE-GOVERNADOR EST\u00c1 PRONTO PARA ENFRENTAR BRUNO REIS"},"content":{"rendered":"<p>O l\u00edder do PP na Assembleia Legislativa da Bahia (AL-BA), deputado estadual Niltinho, afirmou que o vice-governador Geraldo J\u00fanior (MDB) \u00e9 &#8220;um cara boa pra\u00e7a&#8221; e est\u00e1 gabaritado para enfrentar a reelei\u00e7\u00e3o do atual prefeito de Salvador, Bruno Reis (UB), em 2024.<\/p>\n<p>\u201cEle foi vereador, presidente da C\u00e2mara Municipal duas vezes, foi eleito a terceira vez, \u00e9 o atual vice-governador da Bahia. Geraldo \u00e9 um cara boa pra\u00e7a, \u00e9 um cara do sorriso largo, um abra\u00e7o carinhoso, Geraldo e Jer\u00f4nimo tem o encaixe perfeito\u201d, disse em entrevista ao podcast In Off Cast, na noite de quinta-feira (23).<\/p>\n<p>Ao ser questionado sobre a demora de confirmar o nome de Geraldo Jr, Niltinho concordou, mas destacou que Jer\u00f4nimo Rodrigues precisa terminar de conversar com os partidos da base aliada.<\/p>\n<p>\u201cTemos partidos com interesses diversos, como o PCdoB com Ol\u00edvia Santana, o PSB, que tem um grande nome como L\u00eddice da Mata, que j\u00e1 foi prefeita da cidade, e sempre aparece bem posicionada nas pesquisas. Vai precisar resolver tudo isso\u201d, pontuou o parlamentar.<\/p>\n<p><strong>Foto: Diogo Costa\/ In Off Cast<\/strong><\/p>\n","protected":false},"excerpt":{"rendered":"<p>O l\u00edder do PP na Assembleia Legislativa da Bahia (AL-BA), deputado estadual Niltinho, afirmou que o vice-governador Geraldo J\u00fanior (MDB) \u00e9 &#8220;um cara boa pra\u00e7a&#8221; e est\u00e1 gabaritado para enfrentar a reelei\u00e7\u00e3o do atual prefeito de Salvador, Bruno Reis (UB), em 2024. \u201cEle foi vereador, presidente da C\u00e2mara Municipal duas vezes, foi eleito a terceira [&hellip;]<\/p>\n","protected":false},"author":18,"featured_media":780051,"comment_status":"closed","ping_status":"closed","sticky":false,"template":"","format":"standard","meta":[],"categories":[14601],"tags":[504,166,10948,19255,23359],"acf":[],"yoast_head":"<!-- This site is optimized with the Yoast SEO plugin v20.8 - https:\/\/yoast.com\/wordpress\/plugins\/seo\/ -->\n<title>ELEI\u00c7\u00d5ES 2024: NILTINHO FAZ ELOGIOS A GERALDO J\u00daNIOR E DIZ QUE VICE-GOVERNADOR EST\u00c1 PRONTO PARA ENFRENTAR BRUNO REIS - Bahia Economica<\/title>\n<meta name=\"description\" content=\"O maior portal de Economia da Bahia Pol\u00edtica Bahia Economica O l\u00edder do PP na Assembleia Legislativa da Bahia (AL-BA), deputado\" \/>\n<meta name=\"robots\" content=\"index, follow, max-snippet:-1, max-image-preview:large, max-video-preview:-1\" \/>\n<link rel=\"canonical\" href=\"https:\/\/bahiaeconomica.com.br\/wp\/2023\/11\/24\/eleicoes-2024-niltinho-faz-elogios-a-geraldo-junior-e-diz-que-vice-governador-esta-pronto-para-enfrentar-bruno-reis\/\" \/>\n<meta property=\"og:locale\" content=\"pt_BR\" \/>\n<meta property=\"og:type\" content=\"article\" \/>\n<meta property=\"og:title\" content=\"ELEI\u00c7\u00d5ES 2024: NILTINHO FAZ ELOGIOS A GERALDO J\u00daNIOR E DIZ QUE VICE-GOVERNADOR EST\u00c1 PRONTO PARA ENFRENTAR BRUNO REIS - Bahia Economica\" \/>\n<meta property=\"og:description\" content=\"O maior portal de Economia da Bahia Pol\u00edtica Bahia Economica O l\u00edder do PP na Assembleia Legislativa da Bahia (AL-BA), deputado\" \/>\n<meta property=\"og:url\" content=\"https:\/\/bahiaeconomica.com.br\/wp\/2023\/11\/24\/eleicoes-2024-niltinho-faz-elogios-a-geraldo-junior-e-diz-que-vice-governador-esta-pronto-para-enfrentar-bruno-reis\/\" \/>\n<meta property=\"og:site_name\" content=\"Bahia Economica\" \/>\n<meta property=\"article:publisher\" content=\"https:\/\/www.facebook.com\/bahiaeconomica\" \/>\n<meta property=\"article:published_time\" content=\"2023-11-24T19:27:29+00:00\" \/>\n<meta property=\"og:image\" content=\"https:\/\/bahiaeconomica.com.br\/wp\/wp-content\/uploads\/2023\/11\/Niltinho.jpg\" \/>\n\t<meta property=\"og:image:width\" content=\"600\" \/>\n\t<meta property=\"og:image:height\" content=\"420\" \/>\n\t<meta property=\"og:image:type\" content=\"image\/jpeg\" \/>\n<meta name=\"author\" content=\"Emily Oliveira\" \/>\n<meta name=\"twitter:card\" content=\"summary_large_image\" \/>\n<meta name=\"twitter:label1\" content=\"Escrito por\" \/>\n\t<meta name=\"twitter:data1\" content=\"Emily Oliveira\" \/>\n\t<meta name=\"twitter:label2\" content=\"Est. tempo de leitura\" \/>\n\t<meta name=\"twitter:data2\" content=\"1 minuto\" \/>\n<script type=\"application\/ld+json\" class=\"yoast-schema-graph\">{\"@context\":\"https:\/\/schema.org\",\"@graph\":[{\"@type\":\"Article\",\"@id\":\"https:\/\/bahiaeconomica.com.br\/wp\/2023\/11\/24\/eleicoes-2024-niltinho-faz-elogios-a-geraldo-junior-e-diz-que-vice-governador-esta-pronto-para-enfrentar-bruno-reis\/#article\",\"isPartOf\":{\"@id\":\"https:\/\/bahiaeconomica.com.br\/wp\/2023\/11\/24\/eleicoes-2024-niltinho-faz-elogios-a-geraldo-junior-e-diz-que-vice-governador-esta-pronto-para-enfrentar-bruno-reis\/\"},\"author\":{\"name\":\"Emily Oliveira\",\"@id\":\"https:\/\/bahiaeconomica.com.br\/wp\/#\/schema\/person\/547396bb3b39ebb828ab5807d982c42f\"},\"headline\":\"ELEI\u00c7\u00d5ES 2024: NILTINHO FAZ ELOGIOS A GERALDO J\u00daNIOR E DIZ QUE VICE-GOVERNADOR EST\u00c1 PRONTO PARA ENFRENTAR BRUNO REIS\",\"datePublished\":\"2023-11-24T19:27:29+00:00\",\"dateModified\":\"2023-11-24T19:27:29+00:00\",\"mainEntityOfPage\":{\"@id\":\"https:\/\/bahiaeconomica.com.br\/wp\/2023\/11\/24\/eleicoes-2024-niltinho-faz-elogios-a-geraldo-junior-e-diz-que-vice-governador-esta-pronto-para-enfrentar-bruno-reis\/\"},\"wordCount\":200,\"publisher\":{\"@id\":\"https:\/\/bahiaeconomica.com.br\/wp\/#organization\"},\"keywords\":[\"Assembleia Legislativa da Bahia\",\"Bruno Reis\",\"ELEI\u00c7\u00d5ES 2024\",\"elei\u00e7\u00f5es municipais\",\"lider do PP\"],\"articleSection\":[\"Pol\u00edtica\"],\"inLanguage\":\"pt-BR\"},{\"@type\":\"WebPage\",\"@id\":\"https:\/\/bahiaeconomica.com.br\/wp\/2023\/11\/24\/eleicoes-2024-niltinho-faz-elogios-a-geraldo-junior-e-diz-que-vice-governador-esta-pronto-para-enfrentar-bruno-reis\/\",\"url\":\"https:\/\/bahiaeconomica.com.br\/wp\/2023\/11\/24\/eleicoes-2024-niltinho-faz-elogios-a-geraldo-junior-e-diz-que-vice-governador-esta-pronto-para-enfrentar-bruno-reis\/\",\"name\":\"ELEI\u00c7\u00d5ES 2024: NILTINHO FAZ ELOGIOS A GERALDO J\u00daNIOR E DIZ QUE VICE-GOVERNADOR EST\u00c1 PRONTO PARA ENFRENTAR BRUNO REIS - Bahia Economica\",\"isPartOf\":{\"@id\":\"https:\/\/bahiaeconomica.com.br\/wp\/#website\"},\"datePublished\":\"2023-11-24T19:27:29+00:00\",\"dateModified\":\"2023-11-24T19:27:29+00:00\",\"description\":\"O maior portal de Economia da Bahia Pol\u00edtica Bahia Economica O l\u00edder do PP na Assembleia Legislativa da Bahia (AL-BA), deputado\",\"breadcrumb\":{\"@id\":\"https:\/\/bahiaeconomica.com.br\/wp\/2023\/11\/24\/eleicoes-2024-niltinho-faz-elogios-a-geraldo-junior-e-diz-que-vice-governador-esta-pronto-para-enfrentar-bruno-reis\/#breadcrumb\"},\"inLanguage\":\"pt-BR\",\"potentialAction\":[{\"@type\":\"ReadAction\",\"target\":[\"https:\/\/bahiaeconomica.com.br\/wp\/2023\/11\/24\/eleicoes-2024-niltinho-faz-elogios-a-geraldo-junior-e-diz-que-vice-governador-esta-pronto-para-enfrentar-bruno-reis\/\"]}]},{\"@type\":\"BreadcrumbList\",\"@id\":\"https:\/\/bahiaeconomica.com.br\/wp\/2023\/11\/24\/eleicoes-2024-niltinho-faz-elogios-a-geraldo-junior-e-diz-que-vice-governador-esta-pronto-para-enfrentar-bruno-reis\/#breadcrumb\",\"itemListElement\":[{\"@type\":\"ListItem\",\"position\":1,\"name\":\"In\u00edcio\",\"item\":\"https:\/\/bahiaeconomica.com.br\/wp\/\"},{\"@type\":\"ListItem\",\"position\":2,\"name\":\"ELEI\u00c7\u00d5ES 2024: NILTINHO FAZ ELOGIOS A GERALDO J\u00daNIOR E DIZ QUE VICE-GOVERNADOR EST\u00c1 PRONTO PARA ENFRENTAR BRUNO REIS\"}]},{\"@type\":\"WebSite\",\"@id\":\"https:\/\/bahiaeconomica.com.br\/wp\/#website\",\"url\":\"https:\/\/bahiaeconomica.com.br\/wp\/\",\"name\":\"Bahia Economica\",\"description\":\"O maior portal de Economia da Bahia\",\"publisher\":{\"@id\":\"https:\/\/bahiaeconomica.com.br\/wp\/#organization\"},\"potentialAction\":[{\"@type\":\"SearchAction\",\"target\":{\"@type\":\"EntryPoint\",\"urlTemplate\":\"https:\/\/bahiaeconomica.com.br\/wp\/?s={search_term_string}\"},\"query-input\":\"required name=search_term_string\"}],\"inLanguage\":\"pt-BR\"},{\"@type\":\"Organization\",\"@id\":\"https:\/\/bahiaeconomica.com.br\/wp\/#organization\",\"name\":\"Bahia Econ\u00f4mica\",\"url\":\"https:\/\/bahiaeconomica.com.br\/wp\/\",\"logo\":{\"@type\":\"ImageObject\",\"inLanguage\":\"pt-BR\",\"@id\":\"https:\/\/bahiaeconomica.com.br\/wp\/#\/schema\/logo\/image\/\",\"url\":\"https:\/\/bahiaeconomica.com.br\/wp\/wp-content\/uploads\/2020\/12\/cropped-BE.png\",\"contentUrl\":\"https:\/\/bahiaeconomica.com.br\/wp\/wp-content\/uploads\/2020\/12\/cropped-BE.png\",\"width\":512,\"height\":512,\"caption\":\"Bahia Econ\u00f4mica\"},\"image\":{\"@id\":\"https:\/\/bahiaeconomica.com.br\/wp\/#\/schema\/logo\/image\/\"},\"sameAs\":[\"https:\/\/www.facebook.com\/bahiaeconomica\"]},{\"@type\":\"Person\",\"@id\":\"https:\/\/bahiaeconomica.com.br\/wp\/#\/schema\/person\/547396bb3b39ebb828ab5807d982c42f\",\"name\":\"Emily Oliveira\",\"sameAs\":[\"https:\/\/bahiaeconomica.com.br\/wp\/\"],\"url\":\"https:\/\/bahiaeconomica.com.br\/wp\/author\/emily-oliveira\/\"}]}<\/script>\n<!-- \/ Yoast SEO plugin. -->","yoast_head_json":{"title":"ELEI\u00c7\u00d5ES 2024: NILTINHO FAZ ELOGIOS A GERALDO J\u00daNIOR E DIZ QUE VICE-GOVERNADOR EST\u00c1 PRONTO PARA ENFRENTAR BRUNO REIS - Bahia Economica","description":"O maior portal de Economia da Bahia Pol\u00edtica Bahia Economica O l\u00edder do PP na Assembleia Legislativa da Bahia (AL-BA), deputado","robots":{"index":"index","follow":"follow","max-snippet":"max-snippet:-1","max-image-preview":"max-image-preview:large","max-video-preview":"max-video-preview:-1"},"canonical":"https:\/\/bahiaeconomica.com.br\/wp\/2023\/11\/24\/eleicoes-2024-niltinho-faz-elogios-a-geraldo-junior-e-diz-que-vice-governador-esta-pronto-para-enfrentar-bruno-reis\/","og_locale":"pt_BR","og_type":"article","og_title":"ELEI\u00c7\u00d5ES 2024: NILTINHO FAZ ELOGIOS A GERALDO J\u00daNIOR E DIZ QUE VICE-GOVERNADOR EST\u00c1 PRONTO PARA ENFRENTAR BRUNO REIS - Bahia Economica","og_description":"O maior portal de Economia da Bahia Pol\u00edtica Bahia Economica O l\u00edder do PP na Assembleia Legislativa da Bahia (AL-BA), deputado","og_url":"https:\/\/bahiaeconomica.com.br\/wp\/2023\/11\/24\/eleicoes-2024-niltinho-faz-elogios-a-geraldo-junior-e-diz-que-vice-governador-esta-pronto-para-enfrentar-bruno-reis\/","og_site_name":"Bahia Economica","article_publisher":"https:\/\/www.facebook.com\/bahiaeconomica","article_published_time":"2023-11-24T19:27:29+00:00","og_image":[{"width":600,"height":420,"url":"https:\/\/bahiaeconomica.com.br\/wp\/wp-content\/uploads\/2023\/11\/Niltinho.jpg","type":"image\/jpeg"}],"author":"Emily Oliveira","twitter_card":"summary_large_image","twitter_misc":{"Escrito por":"Emily Oliveira","Est. tempo de leitura":"1 minuto"},"schema":{"@context":"https:\/\/schema.org","@graph":[{"@type":"Article","@id":"https:\/\/bahiaeconomica.com.br\/wp\/2023\/11\/24\/eleicoes-2024-niltinho-faz-elogios-a-geraldo-junior-e-diz-que-vice-governador-esta-pronto-para-enfrentar-bruno-reis\/#article","isPartOf":{"@id":"https:\/\/bahiaeconomica.com.br\/wp\/2023\/11\/24\/eleicoes-2024-niltinho-faz-elogios-a-geraldo-junior-e-diz-que-vice-governador-esta-pronto-para-enfrentar-bruno-reis\/"},"author":{"name":"Emily Oliveira","@id":"https:\/\/bahiaeconomica.com.br\/wp\/#\/schema\/person\/547396bb3b39ebb828ab5807d982c42f"},"headline":"ELEI\u00c7\u00d5ES 2024: NILTINHO FAZ ELOGIOS A GERALDO J\u00daNIOR E DIZ QUE VICE-GOVERNADOR EST\u00c1 PRONTO PARA ENFRENTAR BRUNO REIS","datePublished":"2023-11-24T19:27:29+00:00","dateModified":"2023-11-24T19:27:29+00:00","mainEntityOfPage":{"@id":"https:\/\/bahiaeconomica.com.br\/wp\/2023\/11\/24\/eleicoes-2024-niltinho-faz-elogios-a-geraldo-junior-e-diz-que-vice-governador-esta-pronto-para-enfrentar-bruno-reis\/"},"wordCount":200,"publisher":{"@id":"https:\/\/bahiaeconomica.com.br\/wp\/#organization"},"keywords":["Assembleia Legislativa da Bahia","Bruno Reis","ELEI\u00c7\u00d5ES 2024","elei\u00e7\u00f5es municipais","lider do PP"],"articleSection":["Pol\u00edtica"],"inLanguage":"pt-BR"},{"@type":"WebPage","@id":"https:\/\/bahiaeconomica.com.br\/wp\/2023\/11\/24\/eleicoes-2024-niltinho-faz-elogios-a-geraldo-junior-e-diz-que-vice-governador-esta-pronto-para-enfrentar-bruno-reis\/","url":"https:\/\/bahiaeconomica.com.br\/wp\/2023\/11\/24\/eleicoes-2024-niltinho-faz-elogios-a-geraldo-junior-e-diz-que-vice-governador-esta-pronto-para-enfrentar-bruno-reis\/","name":"ELEI\u00c7\u00d5ES 2024: NILTINHO FAZ ELOGIOS A GERALDO J\u00daNIOR E DIZ QUE VICE-GOVERNADOR EST\u00c1 PRONTO PARA ENFRENTAR BRUNO REIS - Bahia Economica","isPartOf":{"@id":"https:\/\/bahiaeconomica.com.br\/wp\/#website"},"datePublished":"2023-11-24T19:27:29+00:00","dateModified":"2023-11-24T19:27:29+00:00","description":"O maior portal de Economia da Bahia Pol\u00edtica Bahia Economica O l\u00edder do PP na Assembleia Legislativa da Bahia (AL-BA), deputado","breadcrumb":{"@id":"https:\/\/bahiaeconomica.com.br\/wp\/2023\/11\/24\/eleicoes-2024-niltinho-faz-elogios-a-geraldo-junior-e-diz-que-vice-governador-esta-pronto-para-enfrentar-bruno-reis\/#breadcrumb"},"inLanguage":"pt-BR","potentialAction":[{"@type":"ReadAction","target":["https:\/\/bahiaeconomica.com.br\/wp\/2023\/11\/24\/eleicoes-2024-niltinho-faz-elogios-a-geraldo-junior-e-diz-que-vice-governador-esta-pronto-para-enfrentar-bruno-reis\/"]}]},{"@type":"BreadcrumbList","@id":"https:\/\/bahiaeconomica.com.br\/wp\/2023\/11\/24\/eleicoes-2024-niltinho-faz-elogios-a-geraldo-junior-e-diz-que-vice-governador-esta-pronto-para-enfrentar-bruno-reis\/#breadcrumb","itemListElement":[{"@type":"ListItem","position":1,"name":"In\u00edcio","item":"https:\/\/bahiaeconomica.com.br\/wp\/"},{"@type":"ListItem","position":2,"name":"ELEI\u00c7\u00d5ES 2024: NILTINHO FAZ ELOGIOS A GERALDO J\u00daNIOR E DIZ QUE VICE-GOVERNADOR EST\u00c1 PRONTO PARA ENFRENTAR BRUNO REIS"}]},{"@type":"WebSite","@id":"https:\/\/bahiaeconomica.com.br\/wp\/#website","url":"https:\/\/bahiaeconomica.com.br\/wp\/","name":"Bahia Economica","description":"O maior portal de Economia da Bahia","publisher":{"@id":"https:\/\/bahiaeconomica.com.br\/wp\/#organization"},"potentialAction":[{"@type":"SearchAction","target":{"@type":"EntryPoint","urlTemplate":"https:\/\/bahiaeconomica.com.br\/wp\/?s={search_term_string}"},"query-input":"required name=search_term_string"}],"inLanguage":"pt-BR"},{"@type":"Organization","@id":"https:\/\/bahiaeconomica.com.br\/wp\/#organization","name":"Bahia Econ\u00f4mica","url":"https:\/\/bahiaeconomica.com.br\/wp\/","logo":{"@type":"ImageObject","inLanguage":"pt-BR","@id":"https:\/\/bahiaeconomica.com.br\/wp\/#\/schema\/logo\/image\/","url":"https:\/\/bahiaeconomica.com.br\/wp\/wp-content\/uploads\/2020\/12\/cropped-BE.png","contentUrl":"https:\/\/bahiaeconomica.com.br\/wp\/wp-content\/uploads\/2020\/12\/cropped-BE.png","width":512,"height":512,"caption":"Bahia Econ\u00f4mica"},"image":{"@id":"https:\/\/bahiaeconomica.com.br\/wp\/#\/schema\/logo\/image\/"},"sameAs":["https:\/\/www.facebook.com\/bahiaeconomica"]},{"@type":"Person","@id":"https:\/\/bahiaeconomica.com.br\/wp\/#\/schema\/person\/547396bb3b39ebb828ab5807d982c42f","name":"Emily Oliveira","sameAs":["https:\/\/bahiaeconomica.com.br\/wp\/"],"url":"https:\/\/bahiaeconomica.com.br\/wp\/author\/emily-oliveira\/"}]}},"views":22,"_links":{"self":[{"href":"https:\/\/bahiaeconomica.com.br\/wp\/wp-json\/wp\/v2\/posts\/780050"}],"collection":[{"href":"https:\/\/bahiaeconomica.com.br\/wp\/wp-json\/wp\/v2\/posts"}],"about":[{"href":"https:\/\/bahiaeconomica.com.br\/wp\/wp-json\/wp\/v2\/types\/post"}],"author":[{"embeddable":true,"href":"https:\/\/bahiaeconomica.com.br\/wp\/wp-json\/wp\/v2\/users\/18"}],"replies":[{"embeddable":true,"href":"https:\/\/bahiaeconomica.com.br\/wp\/wp-json\/wp\/v2\/comments?post=780050"}],"version-history":[{"count":1,"href":"https:\/\/bahiaeconomica.com.br\/wp\/wp-json\/wp\/v2\/posts\/780050\/revisions"}],"predecessor-version":[{"id":780053,"href":"https:\/\/bahiaeconomica.com.br\/wp\/wp-json\/wp\/v2\/posts\/780050\/revisions\/780053"}],"wp:featuredmedia":[{"embeddable":true,"href":"https:\/\/bahiaeconomica.com.br\/wp\/wp-json\/wp\/v2\/media\/780051"}],"wp:attachment":[{"href":"https:\/\/bahiaeconomica.com.br\/wp\/wp-json\/wp\/v2\/media?parent=780050"}],"wp:term":[{"taxonomy":"category","embeddable":true,"href":"https:\/\/bahiaeconomica.com.br\/wp\/wp-json\/wp\/v2\/categories?post=780050"},{"taxonomy":"post_tag","embeddable":true,"href":"https:\/\/bahiaeconomica.com.br\/wp\/wp-json\/wp\/v2\/tags?post=780050"}],"curies":[{"name":"wp","href":"https:\/\/api.w.org\/{rel}","templated":true}]}}