{"id":780003,"date":"2023-11-24T14:54:20","date_gmt":"2023-11-24T17:54:20","guid":{"rendered":"https:\/\/bahiaeconomica.com.br\/wp\/?p=780003"},"modified":"2023-11-24T14:58:46","modified_gmt":"2023-11-24T17:58:46","slug":"black-friday-saiba-quais-sao-os-melhores-horarios-para-fazer-compras","status":"publish","type":"post","link":"https:\/\/bahiaeconomica.com.br\/wp\/2023\/11\/24\/black-friday-saiba-quais-sao-os-melhores-horarios-para-fazer-compras\/","title":{"rendered":"BLACK FRIDAY: SAIBA QUAIS S\u00c3O OS MELHORES HOR\u00c1RIOS PARA FAZER COMPRAS"},"content":{"rendered":"<p>Um estudo da plataforma Promobit revela os melhores hor\u00e1rios para o consumidor adquirir produtos na Black Friday 2023. Os dados t\u00eam como base o comportamento de compra dos 3 milh\u00f5es de usu\u00e1rios da plataforma e nos per\u00edodos de promo\u00e7\u00f5es da Black Friday dos \u00faltimos quatro anos.<\/p>\n<p>Segundo o levantamento, os melhores momento para aproveitar os descontos nesta sexta est\u00e3o nos hor\u00e1rios de 12h, 15h e 17h.<\/p>\n<p>A Promobit alerta que os hor\u00e1rios mais interessantes para quem quer aproveitar as ofertas da Black Friday 2023 variam por categorias de produtos.<\/p>\n<p>Para quem est\u00e1 de olho em um smartphone novo, por exemplo, as promo\u00e7\u00f5es j\u00e1 come\u00e7aram na manh\u00e3 de quinta, atingindo seu primeiro pico \u00e0s 13h e se intensificando \u00e0s 22h.<\/p>\n<p><strong>Foto: Arquivo | Ag\u00eancia Brasil<\/strong><\/p>\n","protected":false},"excerpt":{"rendered":"<p>Um estudo da plataforma Promobit revela os melhores hor\u00e1rios para o consumidor adquirir produtos na Black Friday 2023. Os dados t\u00eam como base o comportamento de compra dos 3 milh\u00f5es de usu\u00e1rios da plataforma e nos per\u00edodos de promo\u00e7\u00f5es da Black Friday dos \u00faltimos quatro anos. Segundo o levantamento, os melhores momento para aproveitar os [&hellip;]<\/p>\n","protected":false},"author":18,"featured_media":780004,"comment_status":"closed","ping_status":"closed","sticky":false,"template":"","format":"standard","meta":[],"categories":[3],"tags":[834,23338,23339],"acf":[],"yoast_head":"<!-- This site is optimized with the Yoast SEO plugin v20.8 - https:\/\/yoast.com\/wordpress\/plugins\/seo\/ -->\n<title>BLACK FRIDAY: SAIBA QUAIS S\u00c3O OS MELHORES HOR\u00c1RIOS PARA FAZER COMPRAS - Bahia Economica<\/title>\n<meta name=\"description\" content=\"O maior portal de Economia da Bahia ECONOMIA \/ POL\u00cdTICA Bahia Economica Um estudo da plataforma Promobit revela os melhores hor\u00e1rios\" \/>\n<meta name=\"robots\" content=\"index, follow, max-snippet:-1, max-image-preview:large, max-video-preview:-1\" \/>\n<link rel=\"canonical\" href=\"https:\/\/bahiaeconomica.com.br\/wp\/2023\/11\/24\/black-friday-saiba-quais-sao-os-melhores-horarios-para-fazer-compras\/\" \/>\n<meta property=\"og:locale\" content=\"pt_BR\" \/>\n<meta property=\"og:type\" content=\"article\" \/>\n<meta property=\"og:title\" content=\"BLACK FRIDAY: SAIBA QUAIS S\u00c3O OS MELHORES HOR\u00c1RIOS PARA FAZER COMPRAS - Bahia Economica\" \/>\n<meta property=\"og:description\" content=\"O maior portal de Economia da Bahia ECONOMIA \/ POL\u00cdTICA Bahia Economica Um estudo da plataforma Promobit revela os melhores hor\u00e1rios\" \/>\n<meta property=\"og:url\" content=\"https:\/\/bahiaeconomica.com.br\/wp\/2023\/11\/24\/black-friday-saiba-quais-sao-os-melhores-horarios-para-fazer-compras\/\" \/>\n<meta property=\"og:site_name\" content=\"Bahia Economica\" \/>\n<meta property=\"article:publisher\" content=\"https:\/\/www.facebook.com\/bahiaeconomica\" \/>\n<meta property=\"article:published_time\" content=\"2023-11-24T17:54:20+00:00\" \/>\n<meta property=\"article:modified_time\" content=\"2023-11-24T17:58:46+00:00\" \/>\n<meta property=\"og:image\" content=\"https:\/\/bahiaeconomica.com.br\/wp\/wp-content\/uploads\/2023\/11\/Saiba-os-melhores-horarios-para-comprar-na-Black-F0124989200202311241352-ScaleDownProportional-1.webp\" \/>\n\t<meta property=\"og:image:width\" content=\"1170\" \/>\n\t<meta property=\"og:image:height\" content=\"700\" \/>\n\t<meta property=\"og:image:type\" content=\"image\/webp\" \/>\n<meta name=\"author\" content=\"Emily Oliveira\" \/>\n<meta name=\"twitter:card\" content=\"summary_large_image\" \/>\n<meta name=\"twitter:label1\" content=\"Escrito por\" \/>\n\t<meta name=\"twitter:data1\" content=\"Emily Oliveira\" \/>\n\t<meta name=\"twitter:label2\" content=\"Est. tempo de leitura\" \/>\n\t<meta name=\"twitter:data2\" content=\"1 minuto\" \/>\n<script type=\"application\/ld+json\" class=\"yoast-schema-graph\">{\"@context\":\"https:\/\/schema.org\",\"@graph\":[{\"@type\":\"Article\",\"@id\":\"https:\/\/bahiaeconomica.com.br\/wp\/2023\/11\/24\/black-friday-saiba-quais-sao-os-melhores-horarios-para-fazer-compras\/#article\",\"isPartOf\":{\"@id\":\"https:\/\/bahiaeconomica.com.br\/wp\/2023\/11\/24\/black-friday-saiba-quais-sao-os-melhores-horarios-para-fazer-compras\/\"},\"author\":{\"name\":\"Emily Oliveira\",\"@id\":\"https:\/\/bahiaeconomica.com.br\/wp\/#\/schema\/person\/547396bb3b39ebb828ab5807d982c42f\"},\"headline\":\"BLACK FRIDAY: SAIBA QUAIS S\u00c3O OS MELHORES HOR\u00c1RIOS PARA FAZER COMPRAS\",\"datePublished\":\"2023-11-24T17:54:20+00:00\",\"dateModified\":\"2023-11-24T17:58:46+00:00\",\"mainEntityOfPage\":{\"@id\":\"https:\/\/bahiaeconomica.com.br\/wp\/2023\/11\/24\/black-friday-saiba-quais-sao-os-melhores-horarios-para-fazer-compras\/\"},\"wordCount\":145,\"publisher\":{\"@id\":\"https:\/\/bahiaeconomica.com.br\/wp\/#organization\"},\"keywords\":[\"black friday\",\"descontos da black friday\",\"momento de compras\"],\"articleSection\":[\"ECONOMIA \/ POL\u00cdTICA\"],\"inLanguage\":\"pt-BR\"},{\"@type\":\"WebPage\",\"@id\":\"https:\/\/bahiaeconomica.com.br\/wp\/2023\/11\/24\/black-friday-saiba-quais-sao-os-melhores-horarios-para-fazer-compras\/\",\"url\":\"https:\/\/bahiaeconomica.com.br\/wp\/2023\/11\/24\/black-friday-saiba-quais-sao-os-melhores-horarios-para-fazer-compras\/\",\"name\":\"BLACK FRIDAY: SAIBA QUAIS S\u00c3O OS MELHORES HOR\u00c1RIOS PARA FAZER COMPRAS - Bahia Economica\",\"isPartOf\":{\"@id\":\"https:\/\/bahiaeconomica.com.br\/wp\/#website\"},\"datePublished\":\"2023-11-24T17:54:20+00:00\",\"dateModified\":\"2023-11-24T17:58:46+00:00\",\"description\":\"O maior portal de Economia da Bahia ECONOMIA \/ POL\u00cdTICA Bahia Economica Um estudo da plataforma Promobit revela os melhores hor\u00e1rios\",\"breadcrumb\":{\"@id\":\"https:\/\/bahiaeconomica.com.br\/wp\/2023\/11\/24\/black-friday-saiba-quais-sao-os-melhores-horarios-para-fazer-compras\/#breadcrumb\"},\"inLanguage\":\"pt-BR\",\"potentialAction\":[{\"@type\":\"ReadAction\",\"target\":[\"https:\/\/bahiaeconomica.com.br\/wp\/2023\/11\/24\/black-friday-saiba-quais-sao-os-melhores-horarios-para-fazer-compras\/\"]}]},{\"@type\":\"BreadcrumbList\",\"@id\":\"https:\/\/bahiaeconomica.com.br\/wp\/2023\/11\/24\/black-friday-saiba-quais-sao-os-melhores-horarios-para-fazer-compras\/#breadcrumb\",\"itemListElement\":[{\"@type\":\"ListItem\",\"position\":1,\"name\":\"In\u00edcio\",\"item\":\"https:\/\/bahiaeconomica.com.br\/wp\/\"},{\"@type\":\"ListItem\",\"position\":2,\"name\":\"BLACK FRIDAY: SAIBA QUAIS S\u00c3O OS MELHORES HOR\u00c1RIOS PARA FAZER COMPRAS\"}]},{\"@type\":\"WebSite\",\"@id\":\"https:\/\/bahiaeconomica.com.br\/wp\/#website\",\"url\":\"https:\/\/bahiaeconomica.com.br\/wp\/\",\"name\":\"Bahia Economica\",\"description\":\"O maior portal de Economia da Bahia\",\"publisher\":{\"@id\":\"https:\/\/bahiaeconomica.com.br\/wp\/#organization\"},\"potentialAction\":[{\"@type\":\"SearchAction\",\"target\":{\"@type\":\"EntryPoint\",\"urlTemplate\":\"https:\/\/bahiaeconomica.com.br\/wp\/?s={search_term_string}\"},\"query-input\":\"required name=search_term_string\"}],\"inLanguage\":\"pt-BR\"},{\"@type\":\"Organization\",\"@id\":\"https:\/\/bahiaeconomica.com.br\/wp\/#organization\",\"name\":\"Bahia Econ\u00f4mica\",\"url\":\"https:\/\/bahiaeconomica.com.br\/wp\/\",\"logo\":{\"@type\":\"ImageObject\",\"inLanguage\":\"pt-BR\",\"@id\":\"https:\/\/bahiaeconomica.com.br\/wp\/#\/schema\/logo\/image\/\",\"url\":\"https:\/\/bahiaeconomica.com.br\/wp\/wp-content\/uploads\/2020\/12\/cropped-BE.png\",\"contentUrl\":\"https:\/\/bahiaeconomica.com.br\/wp\/wp-content\/uploads\/2020\/12\/cropped-BE.png\",\"width\":512,\"height\":512,\"caption\":\"Bahia Econ\u00f4mica\"},\"image\":{\"@id\":\"https:\/\/bahiaeconomica.com.br\/wp\/#\/schema\/logo\/image\/\"},\"sameAs\":[\"https:\/\/www.facebook.com\/bahiaeconomica\"]},{\"@type\":\"Person\",\"@id\":\"https:\/\/bahiaeconomica.com.br\/wp\/#\/schema\/person\/547396bb3b39ebb828ab5807d982c42f\",\"name\":\"Emily Oliveira\",\"sameAs\":[\"https:\/\/bahiaeconomica.com.br\/wp\/\"],\"url\":\"https:\/\/bahiaeconomica.com.br\/wp\/author\/emily-oliveira\/\"}]}<\/script>\n<!-- \/ Yoast SEO plugin. -->","yoast_head_json":{"title":"BLACK FRIDAY: SAIBA QUAIS S\u00c3O OS MELHORES HOR\u00c1RIOS PARA FAZER COMPRAS - Bahia Economica","description":"O maior portal de Economia da Bahia ECONOMIA \/ POL\u00cdTICA Bahia Economica Um estudo da plataforma Promobit revela os melhores hor\u00e1rios","robots":{"index":"index","follow":"follow","max-snippet":"max-snippet:-1","max-image-preview":"max-image-preview:large","max-video-preview":"max-video-preview:-1"},"canonical":"https:\/\/bahiaeconomica.com.br\/wp\/2023\/11\/24\/black-friday-saiba-quais-sao-os-melhores-horarios-para-fazer-compras\/","og_locale":"pt_BR","og_type":"article","og_title":"BLACK FRIDAY: SAIBA QUAIS S\u00c3O OS MELHORES HOR\u00c1RIOS PARA FAZER COMPRAS - Bahia Economica","og_description":"O maior portal de Economia da Bahia ECONOMIA \/ POL\u00cdTICA Bahia Economica Um estudo da plataforma Promobit revela os melhores hor\u00e1rios","og_url":"https:\/\/bahiaeconomica.com.br\/wp\/2023\/11\/24\/black-friday-saiba-quais-sao-os-melhores-horarios-para-fazer-compras\/","og_site_name":"Bahia Economica","article_publisher":"https:\/\/www.facebook.com\/bahiaeconomica","article_published_time":"2023-11-24T17:54:20+00:00","article_modified_time":"2023-11-24T17:58:46+00:00","og_image":[{"width":1170,"height":700,"url":"https:\/\/bahiaeconomica.com.br\/wp\/wp-content\/uploads\/2023\/11\/Saiba-os-melhores-horarios-para-comprar-na-Black-F0124989200202311241352-ScaleDownProportional-1.webp","type":"image\/webp"}],"author":"Emily Oliveira","twitter_card":"summary_large_image","twitter_misc":{"Escrito por":"Emily Oliveira","Est. tempo de leitura":"1 minuto"},"schema":{"@context":"https:\/\/schema.org","@graph":[{"@type":"Article","@id":"https:\/\/bahiaeconomica.com.br\/wp\/2023\/11\/24\/black-friday-saiba-quais-sao-os-melhores-horarios-para-fazer-compras\/#article","isPartOf":{"@id":"https:\/\/bahiaeconomica.com.br\/wp\/2023\/11\/24\/black-friday-saiba-quais-sao-os-melhores-horarios-para-fazer-compras\/"},"author":{"name":"Emily Oliveira","@id":"https:\/\/bahiaeconomica.com.br\/wp\/#\/schema\/person\/547396bb3b39ebb828ab5807d982c42f"},"headline":"BLACK FRIDAY: SAIBA QUAIS S\u00c3O OS MELHORES HOR\u00c1RIOS PARA FAZER COMPRAS","datePublished":"2023-11-24T17:54:20+00:00","dateModified":"2023-11-24T17:58:46+00:00","mainEntityOfPage":{"@id":"https:\/\/bahiaeconomica.com.br\/wp\/2023\/11\/24\/black-friday-saiba-quais-sao-os-melhores-horarios-para-fazer-compras\/"},"wordCount":145,"publisher":{"@id":"https:\/\/bahiaeconomica.com.br\/wp\/#organization"},"keywords":["black friday","descontos da black friday","momento de compras"],"articleSection":["ECONOMIA \/ POL\u00cdTICA"],"inLanguage":"pt-BR"},{"@type":"WebPage","@id":"https:\/\/bahiaeconomica.com.br\/wp\/2023\/11\/24\/black-friday-saiba-quais-sao-os-melhores-horarios-para-fazer-compras\/","url":"https:\/\/bahiaeconomica.com.br\/wp\/2023\/11\/24\/black-friday-saiba-quais-sao-os-melhores-horarios-para-fazer-compras\/","name":"BLACK FRIDAY: SAIBA QUAIS S\u00c3O OS MELHORES HOR\u00c1RIOS PARA FAZER COMPRAS - Bahia Economica","isPartOf":{"@id":"https:\/\/bahiaeconomica.com.br\/wp\/#website"},"datePublished":"2023-11-24T17:54:20+00:00","dateModified":"2023-11-24T17:58:46+00:00","description":"O maior portal de Economia da Bahia ECONOMIA \/ POL\u00cdTICA Bahia Economica Um estudo da plataforma Promobit revela os melhores hor\u00e1rios","breadcrumb":{"@id":"https:\/\/bahiaeconomica.com.br\/wp\/2023\/11\/24\/black-friday-saiba-quais-sao-os-melhores-horarios-para-fazer-compras\/#breadcrumb"},"inLanguage":"pt-BR","potentialAction":[{"@type":"ReadAction","target":["https:\/\/bahiaeconomica.com.br\/wp\/2023\/11\/24\/black-friday-saiba-quais-sao-os-melhores-horarios-para-fazer-compras\/"]}]},{"@type":"BreadcrumbList","@id":"https:\/\/bahiaeconomica.com.br\/wp\/2023\/11\/24\/black-friday-saiba-quais-sao-os-melhores-horarios-para-fazer-compras\/#breadcrumb","itemListElement":[{"@type":"ListItem","position":1,"name":"In\u00edcio","item":"https:\/\/bahiaeconomica.com.br\/wp\/"},{"@type":"ListItem","position":2,"name":"BLACK FRIDAY: SAIBA QUAIS S\u00c3O OS MELHORES HOR\u00c1RIOS PARA FAZER COMPRAS"}]},{"@type":"WebSite","@id":"https:\/\/bahiaeconomica.com.br\/wp\/#website","url":"https:\/\/bahiaeconomica.com.br\/wp\/","name":"Bahia Economica","description":"O maior portal de Economia da Bahia","publisher":{"@id":"https:\/\/bahiaeconomica.com.br\/wp\/#organization"},"potentialAction":[{"@type":"SearchAction","target":{"@type":"EntryPoint","urlTemplate":"https:\/\/bahiaeconomica.com.br\/wp\/?s={search_term_string}"},"query-input":"required name=search_term_string"}],"inLanguage":"pt-BR"},{"@type":"Organization","@id":"https:\/\/bahiaeconomica.com.br\/wp\/#organization","name":"Bahia Econ\u00f4mica","url":"https:\/\/bahiaeconomica.com.br\/wp\/","logo":{"@type":"ImageObject","inLanguage":"pt-BR","@id":"https:\/\/bahiaeconomica.com.br\/wp\/#\/schema\/logo\/image\/","url":"https:\/\/bahiaeconomica.com.br\/wp\/wp-content\/uploads\/2020\/12\/cropped-BE.png","contentUrl":"https:\/\/bahiaeconomica.com.br\/wp\/wp-content\/uploads\/2020\/12\/cropped-BE.png","width":512,"height":512,"caption":"Bahia Econ\u00f4mica"},"image":{"@id":"https:\/\/bahiaeconomica.com.br\/wp\/#\/schema\/logo\/image\/"},"sameAs":["https:\/\/www.facebook.com\/bahiaeconomica"]},{"@type":"Person","@id":"https:\/\/bahiaeconomica.com.br\/wp\/#\/schema\/person\/547396bb3b39ebb828ab5807d982c42f","name":"Emily Oliveira","sameAs":["https:\/\/bahiaeconomica.com.br\/wp\/"],"url":"https:\/\/bahiaeconomica.com.br\/wp\/author\/emily-oliveira\/"}]}},"views":7,"_links":{"self":[{"href":"https:\/\/bahiaeconomica.com.br\/wp\/wp-json\/wp\/v2\/posts\/780003"}],"collection":[{"href":"https:\/\/bahiaeconomica.com.br\/wp\/wp-json\/wp\/v2\/posts"}],"about":[{"href":"https:\/\/bahiaeconomica.com.br\/wp\/wp-json\/wp\/v2\/types\/post"}],"author":[{"embeddable":true,"href":"https:\/\/bahiaeconomica.com.br\/wp\/wp-json\/wp\/v2\/users\/18"}],"replies":[{"embeddable":true,"href":"https:\/\/bahiaeconomica.com.br\/wp\/wp-json\/wp\/v2\/comments?post=780003"}],"version-history":[{"count":1,"href":"https:\/\/bahiaeconomica.com.br\/wp\/wp-json\/wp\/v2\/posts\/780003\/revisions"}],"predecessor-version":[{"id":780005,"href":"https:\/\/bahiaeconomica.com.br\/wp\/wp-json\/wp\/v2\/posts\/780003\/revisions\/780005"}],"wp:featuredmedia":[{"embeddable":true,"href":"https:\/\/bahiaeconomica.com.br\/wp\/wp-json\/wp\/v2\/media\/780004"}],"wp:attachment":[{"href":"https:\/\/bahiaeconomica.com.br\/wp\/wp-json\/wp\/v2\/media?parent=780003"}],"wp:term":[{"taxonomy":"category","embeddable":true,"href":"https:\/\/bahiaeconomica.com.br\/wp\/wp-json\/wp\/v2\/categories?post=780003"},{"taxonomy":"post_tag","embeddable":true,"href":"https:\/\/bahiaeconomica.com.br\/wp\/wp-json\/wp\/v2\/tags?post=780003"}],"curies":[{"name":"wp","href":"https:\/\/api.w.org\/{rel}","templated":true}]}}