{"id":779341,"date":"2023-11-22T16:45:32","date_gmt":"2023-11-22T19:45:32","guid":{"rendered":"https:\/\/bahiaeconomica.com.br\/wp\/?p=779341"},"modified":"2023-11-22T18:54:40","modified_gmt":"2023-11-22T21:54:40","slug":"onibus-do-vitoria-vai-ganhar-nova-plotagem-para-2024","status":"publish","type":"post","link":"https:\/\/bahiaeconomica.com.br\/wp\/2023\/11\/22\/onibus-do-vitoria-vai-ganhar-nova-plotagem-para-2024\/","title":{"rendered":"\u00d4NIBUS DO VIT\u00d3RIA VAI GANHAR NOVA PLOTAGEM PARA 2024"},"content":{"rendered":"<p>O presidente do Esporte Clube Vit\u00f3ria, F\u00e1bio Morta, afirmou aos torcedores, durante entrevista na \u00faltima segunda-feira (20), ao Canal Din\u00e2mico, que o \u00f4nibus do clube vai ganhar uma nova plotagem no pr\u00f3ximo ano.<\/p>\n<p>O desenho atual do \u00f4nibus do Vit\u00f3ria foi inaugurado em janeiro de 2022. Agora, com a nova plotagem, Mota confirmou que ser\u00e1 inaugurada em janeiro de 2024, por\u00e9m n\u00e3o revelou qual ser\u00e1 o novo patrocinador.<\/p>\n<p>O Vit\u00f3ria estreia no Campeonato Baiano no dia dia 14 de janeiro, no entanto, ainda n\u00e3o h\u00e1 tabela definida.<\/p>\n<p><strong>Foto: Divulga\u00e7\u00e3o\/ECV<\/strong><\/p>\n","protected":false},"excerpt":{"rendered":"<p>O presidente do Esporte Clube Vit\u00f3ria, F\u00e1bio Morta, afirmou aos torcedores, durante entrevista na \u00faltima segunda-feira (20), ao Canal Din\u00e2mico, que o \u00f4nibus do clube vai ganhar uma nova plotagem no pr\u00f3ximo ano. O desenho atual do \u00f4nibus do Vit\u00f3ria foi inaugurado em janeiro de 2022. Agora, com a nova plotagem, Mota confirmou que ser\u00e1 [&hellip;]<\/p>\n","protected":false},"author":18,"featured_media":779349,"comment_status":"closed","ping_status":"closed","sticky":false,"template":"","format":"standard","meta":[],"categories":[4486],"tags":[1007,23213,23214],"acf":[],"yoast_head":"<!-- This site is optimized with the Yoast SEO plugin v20.8 - https:\/\/yoast.com\/wordpress\/plugins\/seo\/ -->\n<title>\u00d4NIBUS DO VIT\u00d3RIA VAI GANHAR NOVA PLOTAGEM PARA 2024 - Bahia Economica<\/title>\n<meta name=\"description\" content=\"O maior portal de Economia da Bahia Esporte Bahia Economica O presidente do Esporte Clube Vit\u00f3ria, F\u00e1bio Morta, afirmou aos torcedores\" \/>\n<meta name=\"robots\" content=\"index, follow, max-snippet:-1, max-image-preview:large, max-video-preview:-1\" \/>\n<link rel=\"canonical\" href=\"https:\/\/bahiaeconomica.com.br\/wp\/2023\/11\/22\/onibus-do-vitoria-vai-ganhar-nova-plotagem-para-2024\/\" \/>\n<meta property=\"og:locale\" content=\"pt_BR\" \/>\n<meta property=\"og:type\" content=\"article\" \/>\n<meta property=\"og:title\" content=\"\u00d4NIBUS DO VIT\u00d3RIA VAI GANHAR NOVA PLOTAGEM PARA 2024 - Bahia Economica\" \/>\n<meta property=\"og:description\" content=\"O maior portal de Economia da Bahia Esporte Bahia Economica O presidente do Esporte Clube Vit\u00f3ria, F\u00e1bio Morta, afirmou aos torcedores\" \/>\n<meta property=\"og:url\" content=\"https:\/\/bahiaeconomica.com.br\/wp\/2023\/11\/22\/onibus-do-vitoria-vai-ganhar-nova-plotagem-para-2024\/\" \/>\n<meta property=\"og:site_name\" content=\"Bahia Economica\" \/>\n<meta property=\"article:publisher\" content=\"https:\/\/www.facebook.com\/bahiaeconomica\" \/>\n<meta property=\"article:published_time\" content=\"2023-11-22T19:45:32+00:00\" \/>\n<meta property=\"article:modified_time\" content=\"2023-11-22T21:54:40+00:00\" \/>\n<meta property=\"og:image\" content=\"https:\/\/bahiaeconomica.com.br\/wp\/wp-content\/uploads\/2023\/11\/onibus_vitoria_widelg.webp\" \/>\n\t<meta property=\"og:image:width\" content=\"800\" \/>\n\t<meta property=\"og:image:height\" content=\"450\" \/>\n\t<meta property=\"og:image:type\" content=\"image\/webp\" \/>\n<meta name=\"author\" content=\"Emily Oliveira\" \/>\n<meta name=\"twitter:card\" content=\"summary_large_image\" \/>\n<meta name=\"twitter:label1\" content=\"Escrito por\" \/>\n\t<meta name=\"twitter:data1\" content=\"Emily Oliveira\" \/>\n\t<meta name=\"twitter:label2\" content=\"Est. tempo de leitura\" \/>\n\t<meta name=\"twitter:data2\" content=\"1 minuto\" \/>\n<script type=\"application\/ld+json\" class=\"yoast-schema-graph\">{\"@context\":\"https:\/\/schema.org\",\"@graph\":[{\"@type\":\"Article\",\"@id\":\"https:\/\/bahiaeconomica.com.br\/wp\/2023\/11\/22\/onibus-do-vitoria-vai-ganhar-nova-plotagem-para-2024\/#article\",\"isPartOf\":{\"@id\":\"https:\/\/bahiaeconomica.com.br\/wp\/2023\/11\/22\/onibus-do-vitoria-vai-ganhar-nova-plotagem-para-2024\/\"},\"author\":{\"name\":\"Emily Oliveira\",\"@id\":\"https:\/\/bahiaeconomica.com.br\/wp\/#\/schema\/person\/547396bb3b39ebb828ab5807d982c42f\"},\"headline\":\"\u00d4NIBUS DO VIT\u00d3RIA VAI GANHAR NOVA PLOTAGEM PARA 2024\",\"datePublished\":\"2023-11-22T19:45:32+00:00\",\"dateModified\":\"2023-11-22T21:54:40+00:00\",\"mainEntityOfPage\":{\"@id\":\"https:\/\/bahiaeconomica.com.br\/wp\/2023\/11\/22\/onibus-do-vitoria-vai-ganhar-nova-plotagem-para-2024\/\"},\"wordCount\":105,\"publisher\":{\"@id\":\"https:\/\/bahiaeconomica.com.br\/wp\/#organization\"},\"keywords\":[\"esporte\",\"onibus do vit\u00f3ria\",\"plotagem para 2024\"],\"articleSection\":[\"Esporte\"],\"inLanguage\":\"pt-BR\"},{\"@type\":\"WebPage\",\"@id\":\"https:\/\/bahiaeconomica.com.br\/wp\/2023\/11\/22\/onibus-do-vitoria-vai-ganhar-nova-plotagem-para-2024\/\",\"url\":\"https:\/\/bahiaeconomica.com.br\/wp\/2023\/11\/22\/onibus-do-vitoria-vai-ganhar-nova-plotagem-para-2024\/\",\"name\":\"\u00d4NIBUS DO VIT\u00d3RIA VAI GANHAR NOVA PLOTAGEM PARA 2024 - Bahia Economica\",\"isPartOf\":{\"@id\":\"https:\/\/bahiaeconomica.com.br\/wp\/#website\"},\"datePublished\":\"2023-11-22T19:45:32+00:00\",\"dateModified\":\"2023-11-22T21:54:40+00:00\",\"description\":\"O maior portal de Economia da Bahia Esporte Bahia Economica O presidente do Esporte Clube Vit\u00f3ria, F\u00e1bio Morta, afirmou aos torcedores\",\"breadcrumb\":{\"@id\":\"https:\/\/bahiaeconomica.com.br\/wp\/2023\/11\/22\/onibus-do-vitoria-vai-ganhar-nova-plotagem-para-2024\/#breadcrumb\"},\"inLanguage\":\"pt-BR\",\"potentialAction\":[{\"@type\":\"ReadAction\",\"target\":[\"https:\/\/bahiaeconomica.com.br\/wp\/2023\/11\/22\/onibus-do-vitoria-vai-ganhar-nova-plotagem-para-2024\/\"]}]},{\"@type\":\"BreadcrumbList\",\"@id\":\"https:\/\/bahiaeconomica.com.br\/wp\/2023\/11\/22\/onibus-do-vitoria-vai-ganhar-nova-plotagem-para-2024\/#breadcrumb\",\"itemListElement\":[{\"@type\":\"ListItem\",\"position\":1,\"name\":\"In\u00edcio\",\"item\":\"https:\/\/bahiaeconomica.com.br\/wp\/\"},{\"@type\":\"ListItem\",\"position\":2,\"name\":\"\u00d4NIBUS DO VIT\u00d3RIA VAI GANHAR NOVA PLOTAGEM PARA 2024\"}]},{\"@type\":\"WebSite\",\"@id\":\"https:\/\/bahiaeconomica.com.br\/wp\/#website\",\"url\":\"https:\/\/bahiaeconomica.com.br\/wp\/\",\"name\":\"Bahia Economica\",\"description\":\"O maior portal de Economia da Bahia\",\"publisher\":{\"@id\":\"https:\/\/bahiaeconomica.com.br\/wp\/#organization\"},\"potentialAction\":[{\"@type\":\"SearchAction\",\"target\":{\"@type\":\"EntryPoint\",\"urlTemplate\":\"https:\/\/bahiaeconomica.com.br\/wp\/?s={search_term_string}\"},\"query-input\":\"required name=search_term_string\"}],\"inLanguage\":\"pt-BR\"},{\"@type\":\"Organization\",\"@id\":\"https:\/\/bahiaeconomica.com.br\/wp\/#organization\",\"name\":\"Bahia Econ\u00f4mica\",\"url\":\"https:\/\/bahiaeconomica.com.br\/wp\/\",\"logo\":{\"@type\":\"ImageObject\",\"inLanguage\":\"pt-BR\",\"@id\":\"https:\/\/bahiaeconomica.com.br\/wp\/#\/schema\/logo\/image\/\",\"url\":\"https:\/\/bahiaeconomica.com.br\/wp\/wp-content\/uploads\/2020\/12\/cropped-BE.png\",\"contentUrl\":\"https:\/\/bahiaeconomica.com.br\/wp\/wp-content\/uploads\/2020\/12\/cropped-BE.png\",\"width\":512,\"height\":512,\"caption\":\"Bahia Econ\u00f4mica\"},\"image\":{\"@id\":\"https:\/\/bahiaeconomica.com.br\/wp\/#\/schema\/logo\/image\/\"},\"sameAs\":[\"https:\/\/www.facebook.com\/bahiaeconomica\"]},{\"@type\":\"Person\",\"@id\":\"https:\/\/bahiaeconomica.com.br\/wp\/#\/schema\/person\/547396bb3b39ebb828ab5807d982c42f\",\"name\":\"Emily Oliveira\",\"sameAs\":[\"https:\/\/bahiaeconomica.com.br\/wp\/\"],\"url\":\"https:\/\/bahiaeconomica.com.br\/wp\/author\/emily-oliveira\/\"}]}<\/script>\n<!-- \/ Yoast SEO plugin. -->","yoast_head_json":{"title":"\u00d4NIBUS DO VIT\u00d3RIA VAI GANHAR NOVA PLOTAGEM PARA 2024 - Bahia Economica","description":"O maior portal de Economia da Bahia Esporte Bahia Economica O presidente do Esporte Clube Vit\u00f3ria, F\u00e1bio Morta, afirmou aos torcedores","robots":{"index":"index","follow":"follow","max-snippet":"max-snippet:-1","max-image-preview":"max-image-preview:large","max-video-preview":"max-video-preview:-1"},"canonical":"https:\/\/bahiaeconomica.com.br\/wp\/2023\/11\/22\/onibus-do-vitoria-vai-ganhar-nova-plotagem-para-2024\/","og_locale":"pt_BR","og_type":"article","og_title":"\u00d4NIBUS DO VIT\u00d3RIA VAI GANHAR NOVA PLOTAGEM PARA 2024 - Bahia Economica","og_description":"O maior portal de Economia da Bahia Esporte Bahia Economica O presidente do Esporte Clube Vit\u00f3ria, F\u00e1bio Morta, afirmou aos torcedores","og_url":"https:\/\/bahiaeconomica.com.br\/wp\/2023\/11\/22\/onibus-do-vitoria-vai-ganhar-nova-plotagem-para-2024\/","og_site_name":"Bahia Economica","article_publisher":"https:\/\/www.facebook.com\/bahiaeconomica","article_published_time":"2023-11-22T19:45:32+00:00","article_modified_time":"2023-11-22T21:54:40+00:00","og_image":[{"width":800,"height":450,"url":"https:\/\/bahiaeconomica.com.br\/wp\/wp-content\/uploads\/2023\/11\/onibus_vitoria_widelg.webp","type":"image\/webp"}],"author":"Emily Oliveira","twitter_card":"summary_large_image","twitter_misc":{"Escrito por":"Emily Oliveira","Est. tempo de leitura":"1 minuto"},"schema":{"@context":"https:\/\/schema.org","@graph":[{"@type":"Article","@id":"https:\/\/bahiaeconomica.com.br\/wp\/2023\/11\/22\/onibus-do-vitoria-vai-ganhar-nova-plotagem-para-2024\/#article","isPartOf":{"@id":"https:\/\/bahiaeconomica.com.br\/wp\/2023\/11\/22\/onibus-do-vitoria-vai-ganhar-nova-plotagem-para-2024\/"},"author":{"name":"Emily Oliveira","@id":"https:\/\/bahiaeconomica.com.br\/wp\/#\/schema\/person\/547396bb3b39ebb828ab5807d982c42f"},"headline":"\u00d4NIBUS DO VIT\u00d3RIA VAI GANHAR NOVA PLOTAGEM PARA 2024","datePublished":"2023-11-22T19:45:32+00:00","dateModified":"2023-11-22T21:54:40+00:00","mainEntityOfPage":{"@id":"https:\/\/bahiaeconomica.com.br\/wp\/2023\/11\/22\/onibus-do-vitoria-vai-ganhar-nova-plotagem-para-2024\/"},"wordCount":105,"publisher":{"@id":"https:\/\/bahiaeconomica.com.br\/wp\/#organization"},"keywords":["esporte","onibus do vit\u00f3ria","plotagem para 2024"],"articleSection":["Esporte"],"inLanguage":"pt-BR"},{"@type":"WebPage","@id":"https:\/\/bahiaeconomica.com.br\/wp\/2023\/11\/22\/onibus-do-vitoria-vai-ganhar-nova-plotagem-para-2024\/","url":"https:\/\/bahiaeconomica.com.br\/wp\/2023\/11\/22\/onibus-do-vitoria-vai-ganhar-nova-plotagem-para-2024\/","name":"\u00d4NIBUS DO VIT\u00d3RIA VAI GANHAR NOVA PLOTAGEM PARA 2024 - Bahia Economica","isPartOf":{"@id":"https:\/\/bahiaeconomica.com.br\/wp\/#website"},"datePublished":"2023-11-22T19:45:32+00:00","dateModified":"2023-11-22T21:54:40+00:00","description":"O maior portal de Economia da Bahia Esporte Bahia Economica O presidente do Esporte Clube Vit\u00f3ria, F\u00e1bio Morta, afirmou aos torcedores","breadcrumb":{"@id":"https:\/\/bahiaeconomica.com.br\/wp\/2023\/11\/22\/onibus-do-vitoria-vai-ganhar-nova-plotagem-para-2024\/#breadcrumb"},"inLanguage":"pt-BR","potentialAction":[{"@type":"ReadAction","target":["https:\/\/bahiaeconomica.com.br\/wp\/2023\/11\/22\/onibus-do-vitoria-vai-ganhar-nova-plotagem-para-2024\/"]}]},{"@type":"BreadcrumbList","@id":"https:\/\/bahiaeconomica.com.br\/wp\/2023\/11\/22\/onibus-do-vitoria-vai-ganhar-nova-plotagem-para-2024\/#breadcrumb","itemListElement":[{"@type":"ListItem","position":1,"name":"In\u00edcio","item":"https:\/\/bahiaeconomica.com.br\/wp\/"},{"@type":"ListItem","position":2,"name":"\u00d4NIBUS DO VIT\u00d3RIA VAI GANHAR NOVA PLOTAGEM PARA 2024"}]},{"@type":"WebSite","@id":"https:\/\/bahiaeconomica.com.br\/wp\/#website","url":"https:\/\/bahiaeconomica.com.br\/wp\/","name":"Bahia Economica","description":"O maior portal de Economia da Bahia","publisher":{"@id":"https:\/\/bahiaeconomica.com.br\/wp\/#organization"},"potentialAction":[{"@type":"SearchAction","target":{"@type":"EntryPoint","urlTemplate":"https:\/\/bahiaeconomica.com.br\/wp\/?s={search_term_string}"},"query-input":"required name=search_term_string"}],"inLanguage":"pt-BR"},{"@type":"Organization","@id":"https:\/\/bahiaeconomica.com.br\/wp\/#organization","name":"Bahia Econ\u00f4mica","url":"https:\/\/bahiaeconomica.com.br\/wp\/","logo":{"@type":"ImageObject","inLanguage":"pt-BR","@id":"https:\/\/bahiaeconomica.com.br\/wp\/#\/schema\/logo\/image\/","url":"https:\/\/bahiaeconomica.com.br\/wp\/wp-content\/uploads\/2020\/12\/cropped-BE.png","contentUrl":"https:\/\/bahiaeconomica.com.br\/wp\/wp-content\/uploads\/2020\/12\/cropped-BE.png","width":512,"height":512,"caption":"Bahia Econ\u00f4mica"},"image":{"@id":"https:\/\/bahiaeconomica.com.br\/wp\/#\/schema\/logo\/image\/"},"sameAs":["https:\/\/www.facebook.com\/bahiaeconomica"]},{"@type":"Person","@id":"https:\/\/bahiaeconomica.com.br\/wp\/#\/schema\/person\/547396bb3b39ebb828ab5807d982c42f","name":"Emily Oliveira","sameAs":["https:\/\/bahiaeconomica.com.br\/wp\/"],"url":"https:\/\/bahiaeconomica.com.br\/wp\/author\/emily-oliveira\/"}]}},"views":215,"_links":{"self":[{"href":"https:\/\/bahiaeconomica.com.br\/wp\/wp-json\/wp\/v2\/posts\/779341"}],"collection":[{"href":"https:\/\/bahiaeconomica.com.br\/wp\/wp-json\/wp\/v2\/posts"}],"about":[{"href":"https:\/\/bahiaeconomica.com.br\/wp\/wp-json\/wp\/v2\/types\/post"}],"author":[{"embeddable":true,"href":"https:\/\/bahiaeconomica.com.br\/wp\/wp-json\/wp\/v2\/users\/18"}],"replies":[{"embeddable":true,"href":"https:\/\/bahiaeconomica.com.br\/wp\/wp-json\/wp\/v2\/comments?post=779341"}],"version-history":[{"count":1,"href":"https:\/\/bahiaeconomica.com.br\/wp\/wp-json\/wp\/v2\/posts\/779341\/revisions"}],"predecessor-version":[{"id":779351,"href":"https:\/\/bahiaeconomica.com.br\/wp\/wp-json\/wp\/v2\/posts\/779341\/revisions\/779351"}],"wp:featuredmedia":[{"embeddable":true,"href":"https:\/\/bahiaeconomica.com.br\/wp\/wp-json\/wp\/v2\/media\/779349"}],"wp:attachment":[{"href":"https:\/\/bahiaeconomica.com.br\/wp\/wp-json\/wp\/v2\/media?parent=779341"}],"wp:term":[{"taxonomy":"category","embeddable":true,"href":"https:\/\/bahiaeconomica.com.br\/wp\/wp-json\/wp\/v2\/categories?post=779341"},{"taxonomy":"post_tag","embeddable":true,"href":"https:\/\/bahiaeconomica.com.br\/wp\/wp-json\/wp\/v2\/tags?post=779341"}],"curies":[{"name":"wp","href":"https:\/\/api.w.org\/{rel}","templated":true}]}}