{"id":778929,"date":"2023-11-21T14:39:16","date_gmt":"2023-11-21T17:39:16","guid":{"rendered":"https:\/\/bahiaeconomica.com.br\/wp\/?p=778929"},"modified":"2023-11-21T14:39:16","modified_gmt":"2023-11-21T17:39:16","slug":"ludmilla-fiscina-propoe-a-criacao-de-politica-de-seguranca-e-educacao-para-o-transito","status":"publish","type":"post","link":"https:\/\/bahiaeconomica.com.br\/wp\/2023\/11\/21\/ludmilla-fiscina-propoe-a-criacao-de-politica-de-seguranca-e-educacao-para-o-transito\/","title":{"rendered":"LUDMILLA FISCINA PROP\u00d5E A CRIA\u00c7\u00c3O DE POL\u00cdTICA DE SEGURAN\u00c7A E EDUCA\u00c7\u00c3O PARA O TR\u00c2NSITO"},"content":{"rendered":"<p>Com o objetivo de reduzir o n\u00famero de acidentes, a deputada estadual Ludmilla Fiscina (PV) apresentou, na Assembleia Legislativa da Bahia (ALBA), o Projeto de Lei N\u00ba 25.114\/2023, que cria a Pol\u00edtica Estadual de Conscientiza\u00e7\u00e3o da Seguran\u00e7a e Educa\u00e7\u00e3o para o Tr\u00e2nsito e Conviv\u00eancia Harm\u00f4nica entre os meios de transportes terrestres de ve\u00edculos automotores e ferrovi\u00e1rios. Ao justificar a proposta, a parlamentar explicou que a Bahia possui uma extensa rede de transporte rodovi\u00e1rio e ferrovi\u00e1rio, conectando-se com quase todo o Brasil, e \u00e9 necess\u00e1rio promover o respeito entre os diferentes modais de transporte.<\/p>\n<p>\u201cA conviv\u00eancia harmoniosa entre a circula\u00e7\u00e3o de ve\u00edculos automotores e a malha ferrovi\u00e1ria tornou-se um ponto cr\u00edtico\u201d, pontuou Ludmilla no documento. De acordo com dados da Ag\u00eancia Nacional de Transportes Terrestres (ANTT), o n\u00famero de abalroamentos, colis\u00f5es entre ve\u00edculos automotores e trens, cresceu significativamente, atingindo um aumento de 53% nos \u00faltimos 12 anos, de 2011 a 2022, em ferrovias condicionadas em todo o pa\u00eds.<\/p>\n<p>A deputada lembrou que a segunda maior malha rodovi\u00e1ria do pa\u00eds est\u00e1 no estado, com cerca 124.545 km de extens\u00e3o. Ela est\u00e1 estruturada em quatro eixos principais que incluem as rodovias federais BR-116, BR-101, BR-324, BR-407 e BR-242, al\u00e9m das rodovias estaduais. J\u00e1 a Ferrovia Centro-Atl\u00e2ntico (FCA), principal eixo de integra\u00e7\u00e3o ferrovi\u00e1ria, estende-se por 7.220 quil\u00f4metros, percorrendo mais de 300 munic\u00edpios em sete estados.<\/p>\n<p>Para a parlamentar, o projeto vem para aprimorar a seguran\u00e7a e a efici\u00eancia na intera\u00e7\u00e3o entre ve\u00edculos e ferrovias. \u201cConsiderando a extens\u00e3o territorial da Bahia, a iniciativa busca estabelecer uma matriz de transportes que otimize rotas para o escoamento de produtos e a mobilidade humana, minimizando o risco de abalroamentos\u201d, explicou.<\/p>\n<p>A proposta destaca ainda a import\u00e2ncia da implementa\u00e7\u00e3o de programas e a\u00e7\u00f5es coordenadas entre os \u00f3rg\u00e3os e entidades do Sistema Estadual de Tr\u00e2nsito, de Seguran\u00e7a e de Educa\u00e7\u00e3o. Prev\u00ea tamb\u00e9m que o Programa Estadual de Seguran\u00e7a e Educa\u00e7\u00e3o para o Tr\u00e2nsito seja integrado nas escolas da rede p\u00fablica, incorporando atividades paradid\u00e1ticas de maneira transversal \u00e0s disciplinas da grade curricular.<\/p>\n<p>Por fim, a proposi\u00e7\u00e3o enfatiza diretrizes espec\u00edficas para a conviv\u00eancia harm\u00f4nica entre os modais rodovi\u00e1rio e ferrovi\u00e1rio, propondo a realiza\u00e7\u00e3o de campanhas educativas, adequa\u00e7\u00e3o da infraestrutura urbana nos pontos de cruzamento, est\u00edmulo \u00e0 abordagem do tema nos Centros de Forma\u00e7\u00e3o de Condutores e a intensifica\u00e7\u00e3o das a\u00e7\u00f5es de fiscaliza\u00e7\u00e3o em pontos cr\u00edticos.<\/p>\n<p>Foto: Alu\u00edsio Neto<\/p>\n","protected":false},"excerpt":{"rendered":"<p>Com o objetivo de reduzir o n\u00famero de acidentes, a deputada estadual Ludmilla Fiscina (PV) apresentou, na Assembleia Legislativa da Bahia (ALBA), o Projeto de Lei N\u00ba 25.114\/2023, que cria a Pol\u00edtica Estadual de Conscientiza\u00e7\u00e3o da Seguran\u00e7a e Educa\u00e7\u00e3o para o Tr\u00e2nsito e Conviv\u00eancia Harm\u00f4nica entre os meios de transportes terrestres de ve\u00edculos automotores e [&hellip;]<\/p>\n","protected":false},"author":8,"featured_media":778930,"comment_status":"closed","ping_status":"closed","sticky":false,"template":"","format":"standard","meta":[],"categories":[14601],"tags":[],"acf":[],"yoast_head":"<!-- This site is optimized with the Yoast SEO plugin v20.8 - https:\/\/yoast.com\/wordpress\/plugins\/seo\/ -->\n<title>LUDMILLA FISCINA PROP\u00d5E A CRIA\u00c7\u00c3O DE POL\u00cdTICA DE SEGURAN\u00c7A E EDUCA\u00c7\u00c3O PARA O TR\u00c2NSITO - Bahia Economica<\/title>\n<meta name=\"description\" content=\"O maior portal de Economia da Bahia Pol\u00edtica Bahia Economica A deputada lembrou que a segunda maior malha rodovi\u00e1ria\" \/>\n<meta name=\"robots\" content=\"index, follow, max-snippet:-1, max-image-preview:large, max-video-preview:-1\" \/>\n<link rel=\"canonical\" href=\"https:\/\/bahiaeconomica.com.br\/wp\/2023\/11\/21\/ludmilla-fiscina-propoe-a-criacao-de-politica-de-seguranca-e-educacao-para-o-transito\/\" \/>\n<meta property=\"og:locale\" content=\"pt_BR\" \/>\n<meta property=\"og:type\" content=\"article\" \/>\n<meta property=\"og:title\" content=\"LUDMILLA FISCINA PROP\u00d5E A CRIA\u00c7\u00c3O DE POL\u00cdTICA DE SEGURAN\u00c7A E EDUCA\u00c7\u00c3O PARA O TR\u00c2NSITO - Bahia Economica\" \/>\n<meta property=\"og:description\" content=\"O maior portal de Economia da Bahia Pol\u00edtica Bahia Economica A deputada lembrou que a segunda maior malha rodovi\u00e1ria\" \/>\n<meta property=\"og:url\" content=\"https:\/\/bahiaeconomica.com.br\/wp\/2023\/11\/21\/ludmilla-fiscina-propoe-a-criacao-de-politica-de-seguranca-e-educacao-para-o-transito\/\" \/>\n<meta property=\"og:site_name\" content=\"Bahia Economica\" \/>\n<meta property=\"article:publisher\" content=\"https:\/\/www.facebook.com\/bahiaeconomica\" \/>\n<meta property=\"article:published_time\" content=\"2023-11-21T17:39:16+00:00\" \/>\n<meta property=\"og:image\" content=\"https:\/\/bahiaeconomica.com.br\/wp\/wp-content\/uploads\/2023\/11\/WhatsApp-Image-2023-11-21-at-14.18.58.jpeg\" \/>\n\t<meta property=\"og:image:width\" content=\"1600\" \/>\n\t<meta property=\"og:image:height\" content=\"1066\" \/>\n\t<meta property=\"og:image:type\" content=\"image\/jpeg\" \/>\n<meta name=\"author\" content=\"JP\" \/>\n<meta name=\"twitter:card\" content=\"summary_large_image\" \/>\n<meta name=\"twitter:label1\" content=\"Escrito por\" \/>\n\t<meta name=\"twitter:data1\" content=\"JP\" \/>\n\t<meta name=\"twitter:label2\" content=\"Est. tempo de leitura\" \/>\n\t<meta name=\"twitter:data2\" content=\"3 minutos\" \/>\n<script type=\"application\/ld+json\" class=\"yoast-schema-graph\">{\"@context\":\"https:\/\/schema.org\",\"@graph\":[{\"@type\":\"Article\",\"@id\":\"https:\/\/bahiaeconomica.com.br\/wp\/2023\/11\/21\/ludmilla-fiscina-propoe-a-criacao-de-politica-de-seguranca-e-educacao-para-o-transito\/#article\",\"isPartOf\":{\"@id\":\"https:\/\/bahiaeconomica.com.br\/wp\/2023\/11\/21\/ludmilla-fiscina-propoe-a-criacao-de-politica-de-seguranca-e-educacao-para-o-transito\/\"},\"author\":{\"name\":\"JP\",\"@id\":\"https:\/\/bahiaeconomica.com.br\/wp\/#\/schema\/person\/c86d3a3f8960425a0f9d0e5245991f4e\"},\"headline\":\"LUDMILLA FISCINA PROP\u00d5E A CRIA\u00c7\u00c3O DE POL\u00cdTICA DE SEGURAN\u00c7A E EDUCA\u00c7\u00c3O PARA O TR\u00c2NSITO\",\"datePublished\":\"2023-11-21T17:39:16+00:00\",\"dateModified\":\"2023-11-21T17:39:16+00:00\",\"mainEntityOfPage\":{\"@id\":\"https:\/\/bahiaeconomica.com.br\/wp\/2023\/11\/21\/ludmilla-fiscina-propoe-a-criacao-de-politica-de-seguranca-e-educacao-para-o-transito\/\"},\"wordCount\":461,\"publisher\":{\"@id\":\"https:\/\/bahiaeconomica.com.br\/wp\/#organization\"},\"articleSection\":[\"Pol\u00edtica\"],\"inLanguage\":\"pt-BR\"},{\"@type\":\"WebPage\",\"@id\":\"https:\/\/bahiaeconomica.com.br\/wp\/2023\/11\/21\/ludmilla-fiscina-propoe-a-criacao-de-politica-de-seguranca-e-educacao-para-o-transito\/\",\"url\":\"https:\/\/bahiaeconomica.com.br\/wp\/2023\/11\/21\/ludmilla-fiscina-propoe-a-criacao-de-politica-de-seguranca-e-educacao-para-o-transito\/\",\"name\":\"LUDMILLA FISCINA PROP\u00d5E A CRIA\u00c7\u00c3O DE POL\u00cdTICA DE SEGURAN\u00c7A E EDUCA\u00c7\u00c3O PARA O TR\u00c2NSITO - Bahia Economica\",\"isPartOf\":{\"@id\":\"https:\/\/bahiaeconomica.com.br\/wp\/#website\"},\"datePublished\":\"2023-11-21T17:39:16+00:00\",\"dateModified\":\"2023-11-21T17:39:16+00:00\",\"description\":\"O maior portal de Economia da Bahia Pol\u00edtica Bahia Economica A deputada lembrou que a segunda maior malha rodovi\u00e1ria\",\"breadcrumb\":{\"@id\":\"https:\/\/bahiaeconomica.com.br\/wp\/2023\/11\/21\/ludmilla-fiscina-propoe-a-criacao-de-politica-de-seguranca-e-educacao-para-o-transito\/#breadcrumb\"},\"inLanguage\":\"pt-BR\",\"potentialAction\":[{\"@type\":\"ReadAction\",\"target\":[\"https:\/\/bahiaeconomica.com.br\/wp\/2023\/11\/21\/ludmilla-fiscina-propoe-a-criacao-de-politica-de-seguranca-e-educacao-para-o-transito\/\"]}]},{\"@type\":\"BreadcrumbList\",\"@id\":\"https:\/\/bahiaeconomica.com.br\/wp\/2023\/11\/21\/ludmilla-fiscina-propoe-a-criacao-de-politica-de-seguranca-e-educacao-para-o-transito\/#breadcrumb\",\"itemListElement\":[{\"@type\":\"ListItem\",\"position\":1,\"name\":\"In\u00edcio\",\"item\":\"https:\/\/bahiaeconomica.com.br\/wp\/\"},{\"@type\":\"ListItem\",\"position\":2,\"name\":\"LUDMILLA FISCINA PROP\u00d5E A CRIA\u00c7\u00c3O DE POL\u00cdTICA DE SEGURAN\u00c7A E EDUCA\u00c7\u00c3O PARA O TR\u00c2NSITO\"}]},{\"@type\":\"WebSite\",\"@id\":\"https:\/\/bahiaeconomica.com.br\/wp\/#website\",\"url\":\"https:\/\/bahiaeconomica.com.br\/wp\/\",\"name\":\"Bahia Economica\",\"description\":\"O maior portal de Economia da Bahia\",\"publisher\":{\"@id\":\"https:\/\/bahiaeconomica.com.br\/wp\/#organization\"},\"potentialAction\":[{\"@type\":\"SearchAction\",\"target\":{\"@type\":\"EntryPoint\",\"urlTemplate\":\"https:\/\/bahiaeconomica.com.br\/wp\/?s={search_term_string}\"},\"query-input\":\"required name=search_term_string\"}],\"inLanguage\":\"pt-BR\"},{\"@type\":\"Organization\",\"@id\":\"https:\/\/bahiaeconomica.com.br\/wp\/#organization\",\"name\":\"Bahia Econ\u00f4mica\",\"url\":\"https:\/\/bahiaeconomica.com.br\/wp\/\",\"logo\":{\"@type\":\"ImageObject\",\"inLanguage\":\"pt-BR\",\"@id\":\"https:\/\/bahiaeconomica.com.br\/wp\/#\/schema\/logo\/image\/\",\"url\":\"https:\/\/bahiaeconomica.com.br\/wp\/wp-content\/uploads\/2020\/12\/cropped-BE.png\",\"contentUrl\":\"https:\/\/bahiaeconomica.com.br\/wp\/wp-content\/uploads\/2020\/12\/cropped-BE.png\",\"width\":512,\"height\":512,\"caption\":\"Bahia Econ\u00f4mica\"},\"image\":{\"@id\":\"https:\/\/bahiaeconomica.com.br\/wp\/#\/schema\/logo\/image\/\"},\"sameAs\":[\"https:\/\/www.facebook.com\/bahiaeconomica\"]},{\"@type\":\"Person\",\"@id\":\"https:\/\/bahiaeconomica.com.br\/wp\/#\/schema\/person\/c86d3a3f8960425a0f9d0e5245991f4e\",\"name\":\"JP\",\"sameAs\":[\"https:\/\/bahiaeconomica.com.br\/wp\/beta\/\"],\"url\":\"https:\/\/bahiaeconomica.com.br\/wp\/author\/jp\/\"}]}<\/script>\n<!-- \/ Yoast SEO plugin. -->","yoast_head_json":{"title":"LUDMILLA FISCINA PROP\u00d5E A CRIA\u00c7\u00c3O DE POL\u00cdTICA DE SEGURAN\u00c7A E EDUCA\u00c7\u00c3O PARA O TR\u00c2NSITO - Bahia Economica","description":"O maior portal de Economia da Bahia Pol\u00edtica Bahia Economica A deputada lembrou que a segunda maior malha rodovi\u00e1ria","robots":{"index":"index","follow":"follow","max-snippet":"max-snippet:-1","max-image-preview":"max-image-preview:large","max-video-preview":"max-video-preview:-1"},"canonical":"https:\/\/bahiaeconomica.com.br\/wp\/2023\/11\/21\/ludmilla-fiscina-propoe-a-criacao-de-politica-de-seguranca-e-educacao-para-o-transito\/","og_locale":"pt_BR","og_type":"article","og_title":"LUDMILLA FISCINA PROP\u00d5E A CRIA\u00c7\u00c3O DE POL\u00cdTICA DE SEGURAN\u00c7A E EDUCA\u00c7\u00c3O PARA O TR\u00c2NSITO - Bahia Economica","og_description":"O maior portal de Economia da Bahia Pol\u00edtica Bahia Economica A deputada lembrou que a segunda maior malha rodovi\u00e1ria","og_url":"https:\/\/bahiaeconomica.com.br\/wp\/2023\/11\/21\/ludmilla-fiscina-propoe-a-criacao-de-politica-de-seguranca-e-educacao-para-o-transito\/","og_site_name":"Bahia Economica","article_publisher":"https:\/\/www.facebook.com\/bahiaeconomica","article_published_time":"2023-11-21T17:39:16+00:00","og_image":[{"width":1600,"height":1066,"url":"https:\/\/bahiaeconomica.com.br\/wp\/wp-content\/uploads\/2023\/11\/WhatsApp-Image-2023-11-21-at-14.18.58.jpeg","type":"image\/jpeg"}],"author":"JP","twitter_card":"summary_large_image","twitter_misc":{"Escrito por":"JP","Est. tempo de leitura":"3 minutos"},"schema":{"@context":"https:\/\/schema.org","@graph":[{"@type":"Article","@id":"https:\/\/bahiaeconomica.com.br\/wp\/2023\/11\/21\/ludmilla-fiscina-propoe-a-criacao-de-politica-de-seguranca-e-educacao-para-o-transito\/#article","isPartOf":{"@id":"https:\/\/bahiaeconomica.com.br\/wp\/2023\/11\/21\/ludmilla-fiscina-propoe-a-criacao-de-politica-de-seguranca-e-educacao-para-o-transito\/"},"author":{"name":"JP","@id":"https:\/\/bahiaeconomica.com.br\/wp\/#\/schema\/person\/c86d3a3f8960425a0f9d0e5245991f4e"},"headline":"LUDMILLA FISCINA PROP\u00d5E A CRIA\u00c7\u00c3O DE POL\u00cdTICA DE SEGURAN\u00c7A E EDUCA\u00c7\u00c3O PARA O TR\u00c2NSITO","datePublished":"2023-11-21T17:39:16+00:00","dateModified":"2023-11-21T17:39:16+00:00","mainEntityOfPage":{"@id":"https:\/\/bahiaeconomica.com.br\/wp\/2023\/11\/21\/ludmilla-fiscina-propoe-a-criacao-de-politica-de-seguranca-e-educacao-para-o-transito\/"},"wordCount":461,"publisher":{"@id":"https:\/\/bahiaeconomica.com.br\/wp\/#organization"},"articleSection":["Pol\u00edtica"],"inLanguage":"pt-BR"},{"@type":"WebPage","@id":"https:\/\/bahiaeconomica.com.br\/wp\/2023\/11\/21\/ludmilla-fiscina-propoe-a-criacao-de-politica-de-seguranca-e-educacao-para-o-transito\/","url":"https:\/\/bahiaeconomica.com.br\/wp\/2023\/11\/21\/ludmilla-fiscina-propoe-a-criacao-de-politica-de-seguranca-e-educacao-para-o-transito\/","name":"LUDMILLA FISCINA PROP\u00d5E A CRIA\u00c7\u00c3O DE POL\u00cdTICA DE SEGURAN\u00c7A E EDUCA\u00c7\u00c3O PARA O TR\u00c2NSITO - Bahia Economica","isPartOf":{"@id":"https:\/\/bahiaeconomica.com.br\/wp\/#website"},"datePublished":"2023-11-21T17:39:16+00:00","dateModified":"2023-11-21T17:39:16+00:00","description":"O maior portal de Economia da Bahia Pol\u00edtica Bahia Economica A deputada lembrou que a segunda maior malha rodovi\u00e1ria","breadcrumb":{"@id":"https:\/\/bahiaeconomica.com.br\/wp\/2023\/11\/21\/ludmilla-fiscina-propoe-a-criacao-de-politica-de-seguranca-e-educacao-para-o-transito\/#breadcrumb"},"inLanguage":"pt-BR","potentialAction":[{"@type":"ReadAction","target":["https:\/\/bahiaeconomica.com.br\/wp\/2023\/11\/21\/ludmilla-fiscina-propoe-a-criacao-de-politica-de-seguranca-e-educacao-para-o-transito\/"]}]},{"@type":"BreadcrumbList","@id":"https:\/\/bahiaeconomica.com.br\/wp\/2023\/11\/21\/ludmilla-fiscina-propoe-a-criacao-de-politica-de-seguranca-e-educacao-para-o-transito\/#breadcrumb","itemListElement":[{"@type":"ListItem","position":1,"name":"In\u00edcio","item":"https:\/\/bahiaeconomica.com.br\/wp\/"},{"@type":"ListItem","position":2,"name":"LUDMILLA FISCINA PROP\u00d5E A CRIA\u00c7\u00c3O DE POL\u00cdTICA DE SEGURAN\u00c7A E EDUCA\u00c7\u00c3O PARA O TR\u00c2NSITO"}]},{"@type":"WebSite","@id":"https:\/\/bahiaeconomica.com.br\/wp\/#website","url":"https:\/\/bahiaeconomica.com.br\/wp\/","name":"Bahia Economica","description":"O maior portal de Economia da Bahia","publisher":{"@id":"https:\/\/bahiaeconomica.com.br\/wp\/#organization"},"potentialAction":[{"@type":"SearchAction","target":{"@type":"EntryPoint","urlTemplate":"https:\/\/bahiaeconomica.com.br\/wp\/?s={search_term_string}"},"query-input":"required name=search_term_string"}],"inLanguage":"pt-BR"},{"@type":"Organization","@id":"https:\/\/bahiaeconomica.com.br\/wp\/#organization","name":"Bahia Econ\u00f4mica","url":"https:\/\/bahiaeconomica.com.br\/wp\/","logo":{"@type":"ImageObject","inLanguage":"pt-BR","@id":"https:\/\/bahiaeconomica.com.br\/wp\/#\/schema\/logo\/image\/","url":"https:\/\/bahiaeconomica.com.br\/wp\/wp-content\/uploads\/2020\/12\/cropped-BE.png","contentUrl":"https:\/\/bahiaeconomica.com.br\/wp\/wp-content\/uploads\/2020\/12\/cropped-BE.png","width":512,"height":512,"caption":"Bahia Econ\u00f4mica"},"image":{"@id":"https:\/\/bahiaeconomica.com.br\/wp\/#\/schema\/logo\/image\/"},"sameAs":["https:\/\/www.facebook.com\/bahiaeconomica"]},{"@type":"Person","@id":"https:\/\/bahiaeconomica.com.br\/wp\/#\/schema\/person\/c86d3a3f8960425a0f9d0e5245991f4e","name":"JP","sameAs":["https:\/\/bahiaeconomica.com.br\/wp\/beta\/"],"url":"https:\/\/bahiaeconomica.com.br\/wp\/author\/jp\/"}]}},"views":5,"_links":{"self":[{"href":"https:\/\/bahiaeconomica.com.br\/wp\/wp-json\/wp\/v2\/posts\/778929"}],"collection":[{"href":"https:\/\/bahiaeconomica.com.br\/wp\/wp-json\/wp\/v2\/posts"}],"about":[{"href":"https:\/\/bahiaeconomica.com.br\/wp\/wp-json\/wp\/v2\/types\/post"}],"author":[{"embeddable":true,"href":"https:\/\/bahiaeconomica.com.br\/wp\/wp-json\/wp\/v2\/users\/8"}],"replies":[{"embeddable":true,"href":"https:\/\/bahiaeconomica.com.br\/wp\/wp-json\/wp\/v2\/comments?post=778929"}],"version-history":[{"count":1,"href":"https:\/\/bahiaeconomica.com.br\/wp\/wp-json\/wp\/v2\/posts\/778929\/revisions"}],"predecessor-version":[{"id":778932,"href":"https:\/\/bahiaeconomica.com.br\/wp\/wp-json\/wp\/v2\/posts\/778929\/revisions\/778932"}],"wp:featuredmedia":[{"embeddable":true,"href":"https:\/\/bahiaeconomica.com.br\/wp\/wp-json\/wp\/v2\/media\/778930"}],"wp:attachment":[{"href":"https:\/\/bahiaeconomica.com.br\/wp\/wp-json\/wp\/v2\/media?parent=778929"}],"wp:term":[{"taxonomy":"category","embeddable":true,"href":"https:\/\/bahiaeconomica.com.br\/wp\/wp-json\/wp\/v2\/categories?post=778929"},{"taxonomy":"post_tag","embeddable":true,"href":"https:\/\/bahiaeconomica.com.br\/wp\/wp-json\/wp\/v2\/tags?post=778929"}],"curies":[{"name":"wp","href":"https:\/\/api.w.org\/{rel}","templated":true}]}}