{"id":777877,"date":"2023-11-16T15:23:32","date_gmt":"2023-11-16T18:23:32","guid":{"rendered":"https:\/\/bahiaeconomica.com.br\/wp\/?p=777877"},"modified":"2023-11-16T15:36:03","modified_gmt":"2023-11-16T18:36:03","slug":"rede-uci-orient-realiza-sessoes-de-pre-estreias-exclusivas-do-filme-o-pai-o-2-em-salvador","status":"publish","type":"post","link":"https:\/\/bahiaeconomica.com.br\/wp\/2023\/11\/16\/rede-uci-orient-realiza-sessoes-de-pre-estreias-exclusivas-do-filme-o-pai-o-2-em-salvador\/","title":{"rendered":"REDE UCI ORIENT REALIZA SESS\u00d5ES DE PR\u00c9-ESTREIAS EXCLUSIVAS DO FILME \u00d3 PA\u00cd, \u00d3 2 EM SALVADOR"},"content":{"rendered":"<p>O p\u00fablico tamb\u00e9m poder\u00e1 aproveitar a novidade nas salas De Lux que tornam a experi\u00eancia cinematogr\u00e1fica ainda mais incr\u00edvel<!--more--><\/p>\n<p>A rede UCI Orient promove nos dias 18, 19 e 20 de novembro, em todas as suas unidades localizadas nos Shoppings Barra, Da Bahia e Paralela, sess\u00f5es de pr\u00e9-estreias exclusivas da t\u00e3o aguardada obra, \u201c\u00d3 Pa\u00ed, \u00d3 2\u201d.<\/p>\n<p>Com a Bahia como cen\u00e1rio principal e grande parte do elenco formado por atores baianos, Salvador foi escolhida para receber sess\u00f5es especiais antes da estreia nacional da obra, que acontecer\u00e1 no dia 23 de novembro.<\/p>\n<p>Com grandes nomes do cinema mundial como L\u00e1zaro Ramos, \u00c9rico Br\u00e1s, Luciana Souza, Dira Paes, Valdin\u00e9ia Soriano, Lyu Arisson, T\u00e2nia Toko ,dez anos ap\u00f3s o primeiro filme, o p\u00fablico poder\u00e1 conferir como andam as vidas dos personagens que conquistaram o mundo como Neuz\u00e3o, Roque, Psilene, Reginaldo e Yolanda.<\/p>\n<p>Os ingressos j\u00e1 podem ser adquiridos nas bilheterias da rede UCI Orient ou atrav\u00e9s do site ingresso.com.<\/p>\n<p>Nesta segunda temporada, muitas coisas aconteceram. O personagem Roque est\u00e1 prestes a lan\u00e7ar sua primeira m\u00fasica, Dona Joana segue lidando com o luto pela perda de seus dois filhos e com a conviv\u00eancia conflituosa com os inquilinos do corti\u00e7o no Pelourinho.<\/p>\n<p>Neus\u00e3o perdeu seu bar, a segunda gera\u00e7\u00e3o cresceu e entrou na luta pela causa negra, mas as confus\u00f5es e o humor regados a muita m\u00fasica e poesia continuam os mesmos.<\/p>\n<p>Foto\/Reprodu\u00e7\u00e3o: Divulga\u00e7\u00e3o<\/p>\n","protected":false},"excerpt":{"rendered":"<p>O p\u00fablico tamb\u00e9m poder\u00e1 aproveitar a novidade nas salas De Lux que tornam a experi\u00eancia cinematogr\u00e1fica ainda mais incr\u00edvel<\/p>\n","protected":false},"author":12,"featured_media":777881,"comment_status":"closed","ping_status":"closed","sticky":false,"template":"","format":"standard","meta":[],"categories":[689],"tags":[22927,743,19072,22926,22929,22925,22924,21737,22930,22923,22928],"acf":[],"yoast_head":"<!-- This site is optimized with the Yoast SEO plugin v20.8 - https:\/\/yoast.com\/wordpress\/plugins\/seo\/ -->\n<title>REDE UCI ORIENT REALIZA SESS\u00d5ES DE PR\u00c9-ESTREIAS EXCLUSIVAS DO FILME \u00d3 PA\u00cd, \u00d3 2 EM SALVADOR - Bahia Economica<\/title>\n<meta name=\"description\" content=\"O p\u00fablico tamb\u00e9m poder\u00e1 aproveitar a novidade nas salas De Lux que tornam a experi\u00eancia cinematogr\u00e1fica ainda mais incr\u00edvel\" \/>\n<meta name=\"robots\" content=\"index, follow, max-snippet:-1, max-image-preview:large, max-video-preview:-1\" \/>\n<link rel=\"canonical\" href=\"https:\/\/bahiaeconomica.com.br\/wp\/2023\/11\/16\/rede-uci-orient-realiza-sessoes-de-pre-estreias-exclusivas-do-filme-o-pai-o-2-em-salvador\/\" \/>\n<meta property=\"og:locale\" content=\"pt_BR\" \/>\n<meta property=\"og:type\" content=\"article\" \/>\n<meta property=\"og:title\" content=\"REDE UCI ORIENT REALIZA SESS\u00d5ES DE PR\u00c9-ESTREIAS EXCLUSIVAS DO FILME \u00d3 PA\u00cd, \u00d3 2 EM SALVADOR - Bahia Economica\" \/>\n<meta property=\"og:description\" content=\"O p\u00fablico tamb\u00e9m poder\u00e1 aproveitar a novidade nas salas De Lux que tornam a experi\u00eancia cinematogr\u00e1fica ainda mais incr\u00edvel\" \/>\n<meta property=\"og:url\" content=\"https:\/\/bahiaeconomica.com.br\/wp\/2023\/11\/16\/rede-uci-orient-realiza-sessoes-de-pre-estreias-exclusivas-do-filme-o-pai-o-2-em-salvador\/\" \/>\n<meta property=\"og:site_name\" content=\"Bahia Economica\" \/>\n<meta property=\"article:publisher\" content=\"https:\/\/www.facebook.com\/bahiaeconomica\" \/>\n<meta property=\"article:published_time\" content=\"2023-11-16T18:23:32+00:00\" \/>\n<meta property=\"article:modified_time\" content=\"2023-11-16T18:36:03+00:00\" \/>\n<meta property=\"og:image\" content=\"https:\/\/bahiaeconomica.com.br\/wp\/wp-content\/uploads\/2023\/11\/salvador.jpg\" \/>\n\t<meta property=\"og:image:width\" content=\"1280\" \/>\n\t<meta property=\"og:image:height\" content=\"1280\" \/>\n\t<meta property=\"og:image:type\" content=\"image\/jpeg\" \/>\n<meta name=\"author\" content=\"BA\" \/>\n<meta name=\"twitter:card\" content=\"summary_large_image\" \/>\n<meta name=\"twitter:label1\" content=\"Escrito por\" \/>\n\t<meta name=\"twitter:data1\" content=\"BA\" \/>\n\t<meta name=\"twitter:label2\" content=\"Est. tempo de leitura\" \/>\n\t<meta name=\"twitter:data2\" content=\"2 minutos\" \/>\n<script type=\"application\/ld+json\" class=\"yoast-schema-graph\">{\"@context\":\"https:\/\/schema.org\",\"@graph\":[{\"@type\":\"Article\",\"@id\":\"https:\/\/bahiaeconomica.com.br\/wp\/2023\/11\/16\/rede-uci-orient-realiza-sessoes-de-pre-estreias-exclusivas-do-filme-o-pai-o-2-em-salvador\/#article\",\"isPartOf\":{\"@id\":\"https:\/\/bahiaeconomica.com.br\/wp\/2023\/11\/16\/rede-uci-orient-realiza-sessoes-de-pre-estreias-exclusivas-do-filme-o-pai-o-2-em-salvador\/\"},\"author\":{\"name\":\"BA\",\"@id\":\"https:\/\/bahiaeconomica.com.br\/wp\/#\/schema\/person\/5a4570b96ef393d09329ca6448199c3e\"},\"headline\":\"REDE UCI ORIENT REALIZA SESS\u00d5ES DE PR\u00c9-ESTREIAS EXCLUSIVAS DO FILME \u00d3 PA\u00cd, \u00d3 2 EM SALVADOR\",\"datePublished\":\"2023-11-16T18:23:32+00:00\",\"dateModified\":\"2023-11-16T18:36:03+00:00\",\"mainEntityOfPage\":{\"@id\":\"https:\/\/bahiaeconomica.com.br\/wp\/2023\/11\/16\/rede-uci-orient-realiza-sessoes-de-pre-estreias-exclusivas-do-filme-o-pai-o-2-em-salvador\/\"},\"wordCount\":268,\"publisher\":{\"@id\":\"https:\/\/bahiaeconomica.com.br\/wp\/#organization\"},\"keywords\":[\"Dira Paes\",\"ERICO BRAS\",\"L\u00e1zaro Ramos\",\"Luciana Souza\",\"Lyu Arisson\",\"\u00d3 2\",\"\u00d3 Pa\u00ed\",\"\u00d3 Pa\u00ed \u00d3 2\",\"T\u00e2nia Toko\",\"UCI Orient\",\"Valdin\u00e9ia Soriano\"],\"articleSection\":[\"CULTURA E ARTE\"],\"inLanguage\":\"pt-BR\"},{\"@type\":\"WebPage\",\"@id\":\"https:\/\/bahiaeconomica.com.br\/wp\/2023\/11\/16\/rede-uci-orient-realiza-sessoes-de-pre-estreias-exclusivas-do-filme-o-pai-o-2-em-salvador\/\",\"url\":\"https:\/\/bahiaeconomica.com.br\/wp\/2023\/11\/16\/rede-uci-orient-realiza-sessoes-de-pre-estreias-exclusivas-do-filme-o-pai-o-2-em-salvador\/\",\"name\":\"REDE UCI ORIENT REALIZA SESS\u00d5ES DE PR\u00c9-ESTREIAS EXCLUSIVAS DO FILME \u00d3 PA\u00cd, \u00d3 2 EM SALVADOR - Bahia Economica\",\"isPartOf\":{\"@id\":\"https:\/\/bahiaeconomica.com.br\/wp\/#website\"},\"datePublished\":\"2023-11-16T18:23:32+00:00\",\"dateModified\":\"2023-11-16T18:36:03+00:00\",\"description\":\"O p\u00fablico tamb\u00e9m poder\u00e1 aproveitar a novidade nas salas De Lux que tornam a experi\u00eancia cinematogr\u00e1fica ainda mais incr\u00edvel\",\"breadcrumb\":{\"@id\":\"https:\/\/bahiaeconomica.com.br\/wp\/2023\/11\/16\/rede-uci-orient-realiza-sessoes-de-pre-estreias-exclusivas-do-filme-o-pai-o-2-em-salvador\/#breadcrumb\"},\"inLanguage\":\"pt-BR\",\"potentialAction\":[{\"@type\":\"ReadAction\",\"target\":[\"https:\/\/bahiaeconomica.com.br\/wp\/2023\/11\/16\/rede-uci-orient-realiza-sessoes-de-pre-estreias-exclusivas-do-filme-o-pai-o-2-em-salvador\/\"]}]},{\"@type\":\"BreadcrumbList\",\"@id\":\"https:\/\/bahiaeconomica.com.br\/wp\/2023\/11\/16\/rede-uci-orient-realiza-sessoes-de-pre-estreias-exclusivas-do-filme-o-pai-o-2-em-salvador\/#breadcrumb\",\"itemListElement\":[{\"@type\":\"ListItem\",\"position\":1,\"name\":\"In\u00edcio\",\"item\":\"https:\/\/bahiaeconomica.com.br\/wp\/\"},{\"@type\":\"ListItem\",\"position\":2,\"name\":\"REDE UCI ORIENT REALIZA SESS\u00d5ES DE PR\u00c9-ESTREIAS EXCLUSIVAS DO FILME \u00d3 PA\u00cd, \u00d3 2 EM SALVADOR\"}]},{\"@type\":\"WebSite\",\"@id\":\"https:\/\/bahiaeconomica.com.br\/wp\/#website\",\"url\":\"https:\/\/bahiaeconomica.com.br\/wp\/\",\"name\":\"Bahia Economica\",\"description\":\"O maior portal de Economia da Bahia\",\"publisher\":{\"@id\":\"https:\/\/bahiaeconomica.com.br\/wp\/#organization\"},\"potentialAction\":[{\"@type\":\"SearchAction\",\"target\":{\"@type\":\"EntryPoint\",\"urlTemplate\":\"https:\/\/bahiaeconomica.com.br\/wp\/?s={search_term_string}\"},\"query-input\":\"required name=search_term_string\"}],\"inLanguage\":\"pt-BR\"},{\"@type\":\"Organization\",\"@id\":\"https:\/\/bahiaeconomica.com.br\/wp\/#organization\",\"name\":\"Bahia Econ\u00f4mica\",\"url\":\"https:\/\/bahiaeconomica.com.br\/wp\/\",\"logo\":{\"@type\":\"ImageObject\",\"inLanguage\":\"pt-BR\",\"@id\":\"https:\/\/bahiaeconomica.com.br\/wp\/#\/schema\/logo\/image\/\",\"url\":\"https:\/\/bahiaeconomica.com.br\/wp\/wp-content\/uploads\/2020\/12\/cropped-BE.png\",\"contentUrl\":\"https:\/\/bahiaeconomica.com.br\/wp\/wp-content\/uploads\/2020\/12\/cropped-BE.png\",\"width\":512,\"height\":512,\"caption\":\"Bahia Econ\u00f4mica\"},\"image\":{\"@id\":\"https:\/\/bahiaeconomica.com.br\/wp\/#\/schema\/logo\/image\/\"},\"sameAs\":[\"https:\/\/www.facebook.com\/bahiaeconomica\"]},{\"@type\":\"Person\",\"@id\":\"https:\/\/bahiaeconomica.com.br\/wp\/#\/schema\/person\/5a4570b96ef393d09329ca6448199c3e\",\"name\":\"BA\",\"sameAs\":[\"https:\/\/bahiaeconomica.com.br\/wp\/beta\/\"],\"url\":\"https:\/\/bahiaeconomica.com.br\/wp\/author\/bruno-alves\/\"}]}<\/script>\n<!-- \/ Yoast SEO plugin. -->","yoast_head_json":{"title":"REDE UCI ORIENT REALIZA SESS\u00d5ES DE PR\u00c9-ESTREIAS EXCLUSIVAS DO FILME \u00d3 PA\u00cd, \u00d3 2 EM SALVADOR - Bahia Economica","description":"O p\u00fablico tamb\u00e9m poder\u00e1 aproveitar a novidade nas salas De Lux que tornam a experi\u00eancia cinematogr\u00e1fica ainda mais incr\u00edvel","robots":{"index":"index","follow":"follow","max-snippet":"max-snippet:-1","max-image-preview":"max-image-preview:large","max-video-preview":"max-video-preview:-1"},"canonical":"https:\/\/bahiaeconomica.com.br\/wp\/2023\/11\/16\/rede-uci-orient-realiza-sessoes-de-pre-estreias-exclusivas-do-filme-o-pai-o-2-em-salvador\/","og_locale":"pt_BR","og_type":"article","og_title":"REDE UCI ORIENT REALIZA SESS\u00d5ES DE PR\u00c9-ESTREIAS EXCLUSIVAS DO FILME \u00d3 PA\u00cd, \u00d3 2 EM SALVADOR - Bahia Economica","og_description":"O p\u00fablico tamb\u00e9m poder\u00e1 aproveitar a novidade nas salas De Lux que tornam a experi\u00eancia cinematogr\u00e1fica ainda mais incr\u00edvel","og_url":"https:\/\/bahiaeconomica.com.br\/wp\/2023\/11\/16\/rede-uci-orient-realiza-sessoes-de-pre-estreias-exclusivas-do-filme-o-pai-o-2-em-salvador\/","og_site_name":"Bahia Economica","article_publisher":"https:\/\/www.facebook.com\/bahiaeconomica","article_published_time":"2023-11-16T18:23:32+00:00","article_modified_time":"2023-11-16T18:36:03+00:00","og_image":[{"width":1280,"height":1280,"url":"https:\/\/bahiaeconomica.com.br\/wp\/wp-content\/uploads\/2023\/11\/salvador.jpg","type":"image\/jpeg"}],"author":"BA","twitter_card":"summary_large_image","twitter_misc":{"Escrito por":"BA","Est. tempo de leitura":"2 minutos"},"schema":{"@context":"https:\/\/schema.org","@graph":[{"@type":"Article","@id":"https:\/\/bahiaeconomica.com.br\/wp\/2023\/11\/16\/rede-uci-orient-realiza-sessoes-de-pre-estreias-exclusivas-do-filme-o-pai-o-2-em-salvador\/#article","isPartOf":{"@id":"https:\/\/bahiaeconomica.com.br\/wp\/2023\/11\/16\/rede-uci-orient-realiza-sessoes-de-pre-estreias-exclusivas-do-filme-o-pai-o-2-em-salvador\/"},"author":{"name":"BA","@id":"https:\/\/bahiaeconomica.com.br\/wp\/#\/schema\/person\/5a4570b96ef393d09329ca6448199c3e"},"headline":"REDE UCI ORIENT REALIZA SESS\u00d5ES DE PR\u00c9-ESTREIAS EXCLUSIVAS DO FILME \u00d3 PA\u00cd, \u00d3 2 EM SALVADOR","datePublished":"2023-11-16T18:23:32+00:00","dateModified":"2023-11-16T18:36:03+00:00","mainEntityOfPage":{"@id":"https:\/\/bahiaeconomica.com.br\/wp\/2023\/11\/16\/rede-uci-orient-realiza-sessoes-de-pre-estreias-exclusivas-do-filme-o-pai-o-2-em-salvador\/"},"wordCount":268,"publisher":{"@id":"https:\/\/bahiaeconomica.com.br\/wp\/#organization"},"keywords":["Dira Paes","ERICO BRAS","L\u00e1zaro Ramos","Luciana Souza","Lyu Arisson","\u00d3 2","\u00d3 Pa\u00ed","\u00d3 Pa\u00ed \u00d3 2","T\u00e2nia Toko","UCI Orient","Valdin\u00e9ia Soriano"],"articleSection":["CULTURA E ARTE"],"inLanguage":"pt-BR"},{"@type":"WebPage","@id":"https:\/\/bahiaeconomica.com.br\/wp\/2023\/11\/16\/rede-uci-orient-realiza-sessoes-de-pre-estreias-exclusivas-do-filme-o-pai-o-2-em-salvador\/","url":"https:\/\/bahiaeconomica.com.br\/wp\/2023\/11\/16\/rede-uci-orient-realiza-sessoes-de-pre-estreias-exclusivas-do-filme-o-pai-o-2-em-salvador\/","name":"REDE UCI ORIENT REALIZA SESS\u00d5ES DE PR\u00c9-ESTREIAS EXCLUSIVAS DO FILME \u00d3 PA\u00cd, \u00d3 2 EM SALVADOR - Bahia Economica","isPartOf":{"@id":"https:\/\/bahiaeconomica.com.br\/wp\/#website"},"datePublished":"2023-11-16T18:23:32+00:00","dateModified":"2023-11-16T18:36:03+00:00","description":"O p\u00fablico tamb\u00e9m poder\u00e1 aproveitar a novidade nas salas De Lux que tornam a experi\u00eancia cinematogr\u00e1fica ainda mais incr\u00edvel","breadcrumb":{"@id":"https:\/\/bahiaeconomica.com.br\/wp\/2023\/11\/16\/rede-uci-orient-realiza-sessoes-de-pre-estreias-exclusivas-do-filme-o-pai-o-2-em-salvador\/#breadcrumb"},"inLanguage":"pt-BR","potentialAction":[{"@type":"ReadAction","target":["https:\/\/bahiaeconomica.com.br\/wp\/2023\/11\/16\/rede-uci-orient-realiza-sessoes-de-pre-estreias-exclusivas-do-filme-o-pai-o-2-em-salvador\/"]}]},{"@type":"BreadcrumbList","@id":"https:\/\/bahiaeconomica.com.br\/wp\/2023\/11\/16\/rede-uci-orient-realiza-sessoes-de-pre-estreias-exclusivas-do-filme-o-pai-o-2-em-salvador\/#breadcrumb","itemListElement":[{"@type":"ListItem","position":1,"name":"In\u00edcio","item":"https:\/\/bahiaeconomica.com.br\/wp\/"},{"@type":"ListItem","position":2,"name":"REDE UCI ORIENT REALIZA SESS\u00d5ES DE PR\u00c9-ESTREIAS EXCLUSIVAS DO FILME \u00d3 PA\u00cd, \u00d3 2 EM SALVADOR"}]},{"@type":"WebSite","@id":"https:\/\/bahiaeconomica.com.br\/wp\/#website","url":"https:\/\/bahiaeconomica.com.br\/wp\/","name":"Bahia Economica","description":"O maior portal de Economia da Bahia","publisher":{"@id":"https:\/\/bahiaeconomica.com.br\/wp\/#organization"},"potentialAction":[{"@type":"SearchAction","target":{"@type":"EntryPoint","urlTemplate":"https:\/\/bahiaeconomica.com.br\/wp\/?s={search_term_string}"},"query-input":"required name=search_term_string"}],"inLanguage":"pt-BR"},{"@type":"Organization","@id":"https:\/\/bahiaeconomica.com.br\/wp\/#organization","name":"Bahia Econ\u00f4mica","url":"https:\/\/bahiaeconomica.com.br\/wp\/","logo":{"@type":"ImageObject","inLanguage":"pt-BR","@id":"https:\/\/bahiaeconomica.com.br\/wp\/#\/schema\/logo\/image\/","url":"https:\/\/bahiaeconomica.com.br\/wp\/wp-content\/uploads\/2020\/12\/cropped-BE.png","contentUrl":"https:\/\/bahiaeconomica.com.br\/wp\/wp-content\/uploads\/2020\/12\/cropped-BE.png","width":512,"height":512,"caption":"Bahia Econ\u00f4mica"},"image":{"@id":"https:\/\/bahiaeconomica.com.br\/wp\/#\/schema\/logo\/image\/"},"sameAs":["https:\/\/www.facebook.com\/bahiaeconomica"]},{"@type":"Person","@id":"https:\/\/bahiaeconomica.com.br\/wp\/#\/schema\/person\/5a4570b96ef393d09329ca6448199c3e","name":"BA","sameAs":["https:\/\/bahiaeconomica.com.br\/wp\/beta\/"],"url":"https:\/\/bahiaeconomica.com.br\/wp\/author\/bruno-alves\/"}]}},"views":58,"_links":{"self":[{"href":"https:\/\/bahiaeconomica.com.br\/wp\/wp-json\/wp\/v2\/posts\/777877"}],"collection":[{"href":"https:\/\/bahiaeconomica.com.br\/wp\/wp-json\/wp\/v2\/posts"}],"about":[{"href":"https:\/\/bahiaeconomica.com.br\/wp\/wp-json\/wp\/v2\/types\/post"}],"author":[{"embeddable":true,"href":"https:\/\/bahiaeconomica.com.br\/wp\/wp-json\/wp\/v2\/users\/12"}],"replies":[{"embeddable":true,"href":"https:\/\/bahiaeconomica.com.br\/wp\/wp-json\/wp\/v2\/comments?post=777877"}],"version-history":[{"count":1,"href":"https:\/\/bahiaeconomica.com.br\/wp\/wp-json\/wp\/v2\/posts\/777877\/revisions"}],"predecessor-version":[{"id":777883,"href":"https:\/\/bahiaeconomica.com.br\/wp\/wp-json\/wp\/v2\/posts\/777877\/revisions\/777883"}],"wp:featuredmedia":[{"embeddable":true,"href":"https:\/\/bahiaeconomica.com.br\/wp\/wp-json\/wp\/v2\/media\/777881"}],"wp:attachment":[{"href":"https:\/\/bahiaeconomica.com.br\/wp\/wp-json\/wp\/v2\/media?parent=777877"}],"wp:term":[{"taxonomy":"category","embeddable":true,"href":"https:\/\/bahiaeconomica.com.br\/wp\/wp-json\/wp\/v2\/categories?post=777877"},{"taxonomy":"post_tag","embeddable":true,"href":"https:\/\/bahiaeconomica.com.br\/wp\/wp-json\/wp\/v2\/tags?post=777877"}],"curies":[{"name":"wp","href":"https:\/\/api.w.org\/{rel}","templated":true}]}}