{"id":777780,"date":"2023-11-16T10:44:54","date_gmt":"2023-11-16T13:44:54","guid":{"rendered":"https:\/\/bahiaeconomica.com.br\/wp\/?p=777780"},"modified":"2023-11-16T10:44:54","modified_gmt":"2023-11-16T13:44:54","slug":"tjba-publica-editais-de-inscricao-para-preenchimento-de-vagas-de-desembargador-no-tre-ba","status":"publish","type":"post","link":"https:\/\/bahiaeconomica.com.br\/wp\/2023\/11\/16\/tjba-publica-editais-de-inscricao-para-preenchimento-de-vagas-de-desembargador-no-tre-ba\/","title":{"rendered":"TJBA PUBLICA EDITAIS DE INSCRI\u00c7\u00c3O PARA PREENCHIMENTO DE VAGAS DE DESEMBARGADOR NO TRE-BA"},"content":{"rendered":"<p>O Tribunal de Justi\u00e7a da Bahia (TJBA) publicou, nesta quinta-feira (16), os editais de inscri\u00e7\u00e3o para os cargos de desembargador titular e substituto para as vagas no Tribunal Regional Eleitoral da Bahia (TRE-BA).<\/p>\n<p>O primeiro edital se refere \u00e0 vaga de desembargador substituto, pertencente \u00e0 classe de desembargador do TJ-BA. Hoje, a cadeira \u00e9 ocupada pelo desembargador Raimundo S\u00e9rgio Sales Cafezeiro, cujo mandato na Corte encerra em 2 de dezembro. O magistrado tamb\u00e9m exerce a fun\u00e7\u00e3o de ouvidor do TRE-BA.<\/p>\n<p>As outras duas vagas pertencem \u00e0 classe da advocacia. Nestes casos, ser\u00e3o formadas duas listas tr\u00edplices: uma para desembargador titular e outra para desembargador substituto. Atualmente, os assentos s\u00e3o ocupados, respectivamente, por Jos\u00e9 Batista de Santana J\u00fanior, que deixar\u00e1 o TRE-BA em 24 de janeiro de 2024, e Carina Cristiane Cangu\u00e7u Virgens, cujo fim do mandato \u00e9 em 7 de fevereiro de 2024.<\/p>\n<p>Desembargadores e advogados interessados em disputar os cargos dever\u00e3o se inscrever a partir das 8h do dia 20 de novembro at\u00e9 \u00e0s 18h do dia 29 de novembro.<\/p>\n<p>Foto: TRE-BA<\/p>\n","protected":false},"excerpt":{"rendered":"<p>O Tribunal de Justi\u00e7a da Bahia (TJBA) publicou, nesta quinta-feira (16), os editais de inscri\u00e7\u00e3o para os cargos de desembargador titular e substituto para as vagas no Tribunal Regional Eleitoral da Bahia (TRE-BA). O primeiro edital se refere \u00e0 vaga de desembargador substituto, pertencente \u00e0 classe de desembargador do TJ-BA. Hoje, a cadeira \u00e9 ocupada [&hellip;]<\/p>\n","protected":false},"author":15,"featured_media":777781,"comment_status":"closed","ping_status":"closed","sticky":false,"template":"","format":"standard","meta":[],"categories":[14601],"tags":[22901,976,7306],"acf":[],"yoast_head":"<!-- This site is optimized with the Yoast SEO plugin v20.8 - https:\/\/yoast.com\/wordpress\/plugins\/seo\/ -->\n<title>TJBA PUBLICA EDITAIS DE INSCRI\u00c7\u00c3O PARA PREENCHIMENTO DE VAGAS DE DESEMBARGADOR NO TRE-BA - Bahia Economica<\/title>\n<meta name=\"description\" content=\"O maior portal de Economia da Bahia Pol\u00edtica Bahia Economica O Tribunal de Justi\u00e7a da Bahia (TJBA) publicou, nesta quinta-feira (16),\" \/>\n<meta name=\"robots\" content=\"index, follow, max-snippet:-1, max-image-preview:large, max-video-preview:-1\" \/>\n<link rel=\"canonical\" href=\"https:\/\/bahiaeconomica.com.br\/wp\/2023\/11\/16\/tjba-publica-editais-de-inscricao-para-preenchimento-de-vagas-de-desembargador-no-tre-ba\/\" \/>\n<meta property=\"og:locale\" content=\"pt_BR\" \/>\n<meta property=\"og:type\" content=\"article\" \/>\n<meta property=\"og:title\" content=\"TJBA PUBLICA EDITAIS DE INSCRI\u00c7\u00c3O PARA PREENCHIMENTO DE VAGAS DE DESEMBARGADOR NO TRE-BA - Bahia Economica\" \/>\n<meta property=\"og:description\" content=\"O maior portal de Economia da Bahia Pol\u00edtica Bahia Economica O Tribunal de Justi\u00e7a da Bahia (TJBA) publicou, nesta quinta-feira (16),\" \/>\n<meta property=\"og:url\" content=\"https:\/\/bahiaeconomica.com.br\/wp\/2023\/11\/16\/tjba-publica-editais-de-inscricao-para-preenchimento-de-vagas-de-desembargador-no-tre-ba\/\" \/>\n<meta property=\"og:site_name\" content=\"Bahia Economica\" \/>\n<meta property=\"article:publisher\" content=\"https:\/\/www.facebook.com\/bahiaeconomica\" \/>\n<meta property=\"article:published_time\" content=\"2023-11-16T13:44:54+00:00\" \/>\n<meta property=\"og:image\" content=\"https:\/\/bahiaeconomica.com.br\/wp\/wp-content\/uploads\/2023\/11\/6c7a1586-1294-464f-a367-77eb02d38122.jpeg\" \/>\n\t<meta property=\"og:image:width\" content=\"540\" \/>\n\t<meta property=\"og:image:height\" content=\"260\" \/>\n\t<meta property=\"og:image:type\" content=\"image\/jpeg\" \/>\n<meta name=\"author\" content=\"VICTORIA ISABEL\" \/>\n<meta name=\"twitter:card\" content=\"summary_large_image\" \/>\n<meta name=\"twitter:label1\" content=\"Escrito por\" \/>\n\t<meta name=\"twitter:data1\" content=\"VICTORIA ISABEL\" \/>\n\t<meta name=\"twitter:label2\" content=\"Est. tempo de leitura\" \/>\n\t<meta name=\"twitter:data2\" content=\"1 minuto\" \/>\n<script type=\"application\/ld+json\" class=\"yoast-schema-graph\">{\"@context\":\"https:\/\/schema.org\",\"@graph\":[{\"@type\":\"Article\",\"@id\":\"https:\/\/bahiaeconomica.com.br\/wp\/2023\/11\/16\/tjba-publica-editais-de-inscricao-para-preenchimento-de-vagas-de-desembargador-no-tre-ba\/#article\",\"isPartOf\":{\"@id\":\"https:\/\/bahiaeconomica.com.br\/wp\/2023\/11\/16\/tjba-publica-editais-de-inscricao-para-preenchimento-de-vagas-de-desembargador-no-tre-ba\/\"},\"author\":{\"name\":\"VICTORIA ISABEL\",\"@id\":\"https:\/\/bahiaeconomica.com.br\/wp\/#\/schema\/person\/b719ce0fb1c09f3c7a00d9243ced4a6f\"},\"headline\":\"TJBA PUBLICA EDITAIS DE INSCRI\u00c7\u00c3O PARA PREENCHIMENTO DE VAGAS DE DESEMBARGADOR NO TRE-BA\",\"datePublished\":\"2023-11-16T13:44:54+00:00\",\"dateModified\":\"2023-11-16T13:44:54+00:00\",\"mainEntityOfPage\":{\"@id\":\"https:\/\/bahiaeconomica.com.br\/wp\/2023\/11\/16\/tjba-publica-editais-de-inscricao-para-preenchimento-de-vagas-de-desembargador-no-tre-ba\/\"},\"wordCount\":185,\"publisher\":{\"@id\":\"https:\/\/bahiaeconomica.com.br\/wp\/#organization\"},\"keywords\":[\"desembargador titular\",\"tjba\",\"TRE-BA\"],\"articleSection\":[\"Pol\u00edtica\"],\"inLanguage\":\"pt-BR\"},{\"@type\":\"WebPage\",\"@id\":\"https:\/\/bahiaeconomica.com.br\/wp\/2023\/11\/16\/tjba-publica-editais-de-inscricao-para-preenchimento-de-vagas-de-desembargador-no-tre-ba\/\",\"url\":\"https:\/\/bahiaeconomica.com.br\/wp\/2023\/11\/16\/tjba-publica-editais-de-inscricao-para-preenchimento-de-vagas-de-desembargador-no-tre-ba\/\",\"name\":\"TJBA PUBLICA EDITAIS DE INSCRI\u00c7\u00c3O PARA PREENCHIMENTO DE VAGAS DE DESEMBARGADOR NO TRE-BA - Bahia Economica\",\"isPartOf\":{\"@id\":\"https:\/\/bahiaeconomica.com.br\/wp\/#website\"},\"datePublished\":\"2023-11-16T13:44:54+00:00\",\"dateModified\":\"2023-11-16T13:44:54+00:00\",\"description\":\"O maior portal de Economia da Bahia Pol\u00edtica Bahia Economica O Tribunal de Justi\u00e7a da Bahia (TJBA) publicou, nesta quinta-feira (16),\",\"breadcrumb\":{\"@id\":\"https:\/\/bahiaeconomica.com.br\/wp\/2023\/11\/16\/tjba-publica-editais-de-inscricao-para-preenchimento-de-vagas-de-desembargador-no-tre-ba\/#breadcrumb\"},\"inLanguage\":\"pt-BR\",\"potentialAction\":[{\"@type\":\"ReadAction\",\"target\":[\"https:\/\/bahiaeconomica.com.br\/wp\/2023\/11\/16\/tjba-publica-editais-de-inscricao-para-preenchimento-de-vagas-de-desembargador-no-tre-ba\/\"]}]},{\"@type\":\"BreadcrumbList\",\"@id\":\"https:\/\/bahiaeconomica.com.br\/wp\/2023\/11\/16\/tjba-publica-editais-de-inscricao-para-preenchimento-de-vagas-de-desembargador-no-tre-ba\/#breadcrumb\",\"itemListElement\":[{\"@type\":\"ListItem\",\"position\":1,\"name\":\"In\u00edcio\",\"item\":\"https:\/\/bahiaeconomica.com.br\/wp\/\"},{\"@type\":\"ListItem\",\"position\":2,\"name\":\"TJBA PUBLICA EDITAIS DE INSCRI\u00c7\u00c3O PARA PREENCHIMENTO DE VAGAS DE DESEMBARGADOR NO TRE-BA\"}]},{\"@type\":\"WebSite\",\"@id\":\"https:\/\/bahiaeconomica.com.br\/wp\/#website\",\"url\":\"https:\/\/bahiaeconomica.com.br\/wp\/\",\"name\":\"Bahia Economica\",\"description\":\"O maior portal de Economia da Bahia\",\"publisher\":{\"@id\":\"https:\/\/bahiaeconomica.com.br\/wp\/#organization\"},\"potentialAction\":[{\"@type\":\"SearchAction\",\"target\":{\"@type\":\"EntryPoint\",\"urlTemplate\":\"https:\/\/bahiaeconomica.com.br\/wp\/?s={search_term_string}\"},\"query-input\":\"required name=search_term_string\"}],\"inLanguage\":\"pt-BR\"},{\"@type\":\"Organization\",\"@id\":\"https:\/\/bahiaeconomica.com.br\/wp\/#organization\",\"name\":\"Bahia Econ\u00f4mica\",\"url\":\"https:\/\/bahiaeconomica.com.br\/wp\/\",\"logo\":{\"@type\":\"ImageObject\",\"inLanguage\":\"pt-BR\",\"@id\":\"https:\/\/bahiaeconomica.com.br\/wp\/#\/schema\/logo\/image\/\",\"url\":\"https:\/\/bahiaeconomica.com.br\/wp\/wp-content\/uploads\/2020\/12\/cropped-BE.png\",\"contentUrl\":\"https:\/\/bahiaeconomica.com.br\/wp\/wp-content\/uploads\/2020\/12\/cropped-BE.png\",\"width\":512,\"height\":512,\"caption\":\"Bahia Econ\u00f4mica\"},\"image\":{\"@id\":\"https:\/\/bahiaeconomica.com.br\/wp\/#\/schema\/logo\/image\/\"},\"sameAs\":[\"https:\/\/www.facebook.com\/bahiaeconomica\"]},{\"@type\":\"Person\",\"@id\":\"https:\/\/bahiaeconomica.com.br\/wp\/#\/schema\/person\/b719ce0fb1c09f3c7a00d9243ced4a6f\",\"name\":\"VICTORIA ISABEL\",\"sameAs\":[\"http:\/\/www.bahiaeconomica.com.br\"],\"url\":\"https:\/\/bahiaeconomica.com.br\/wp\/author\/victoria-isabel\/\"}]}<\/script>\n<!-- \/ Yoast SEO plugin. -->","yoast_head_json":{"title":"TJBA PUBLICA EDITAIS DE INSCRI\u00c7\u00c3O PARA PREENCHIMENTO DE VAGAS DE DESEMBARGADOR NO TRE-BA - Bahia Economica","description":"O maior portal de Economia da Bahia Pol\u00edtica Bahia Economica O Tribunal de Justi\u00e7a da Bahia (TJBA) publicou, nesta quinta-feira (16),","robots":{"index":"index","follow":"follow","max-snippet":"max-snippet:-1","max-image-preview":"max-image-preview:large","max-video-preview":"max-video-preview:-1"},"canonical":"https:\/\/bahiaeconomica.com.br\/wp\/2023\/11\/16\/tjba-publica-editais-de-inscricao-para-preenchimento-de-vagas-de-desembargador-no-tre-ba\/","og_locale":"pt_BR","og_type":"article","og_title":"TJBA PUBLICA EDITAIS DE INSCRI\u00c7\u00c3O PARA PREENCHIMENTO DE VAGAS DE DESEMBARGADOR NO TRE-BA - Bahia Economica","og_description":"O maior portal de Economia da Bahia Pol\u00edtica Bahia Economica O Tribunal de Justi\u00e7a da Bahia (TJBA) publicou, nesta quinta-feira (16),","og_url":"https:\/\/bahiaeconomica.com.br\/wp\/2023\/11\/16\/tjba-publica-editais-de-inscricao-para-preenchimento-de-vagas-de-desembargador-no-tre-ba\/","og_site_name":"Bahia Economica","article_publisher":"https:\/\/www.facebook.com\/bahiaeconomica","article_published_time":"2023-11-16T13:44:54+00:00","og_image":[{"width":540,"height":260,"url":"https:\/\/bahiaeconomica.com.br\/wp\/wp-content\/uploads\/2023\/11\/6c7a1586-1294-464f-a367-77eb02d38122.jpeg","type":"image\/jpeg"}],"author":"VICTORIA ISABEL","twitter_card":"summary_large_image","twitter_misc":{"Escrito por":"VICTORIA ISABEL","Est. tempo de leitura":"1 minuto"},"schema":{"@context":"https:\/\/schema.org","@graph":[{"@type":"Article","@id":"https:\/\/bahiaeconomica.com.br\/wp\/2023\/11\/16\/tjba-publica-editais-de-inscricao-para-preenchimento-de-vagas-de-desembargador-no-tre-ba\/#article","isPartOf":{"@id":"https:\/\/bahiaeconomica.com.br\/wp\/2023\/11\/16\/tjba-publica-editais-de-inscricao-para-preenchimento-de-vagas-de-desembargador-no-tre-ba\/"},"author":{"name":"VICTORIA ISABEL","@id":"https:\/\/bahiaeconomica.com.br\/wp\/#\/schema\/person\/b719ce0fb1c09f3c7a00d9243ced4a6f"},"headline":"TJBA PUBLICA EDITAIS DE INSCRI\u00c7\u00c3O PARA PREENCHIMENTO DE VAGAS DE DESEMBARGADOR NO TRE-BA","datePublished":"2023-11-16T13:44:54+00:00","dateModified":"2023-11-16T13:44:54+00:00","mainEntityOfPage":{"@id":"https:\/\/bahiaeconomica.com.br\/wp\/2023\/11\/16\/tjba-publica-editais-de-inscricao-para-preenchimento-de-vagas-de-desembargador-no-tre-ba\/"},"wordCount":185,"publisher":{"@id":"https:\/\/bahiaeconomica.com.br\/wp\/#organization"},"keywords":["desembargador titular","tjba","TRE-BA"],"articleSection":["Pol\u00edtica"],"inLanguage":"pt-BR"},{"@type":"WebPage","@id":"https:\/\/bahiaeconomica.com.br\/wp\/2023\/11\/16\/tjba-publica-editais-de-inscricao-para-preenchimento-de-vagas-de-desembargador-no-tre-ba\/","url":"https:\/\/bahiaeconomica.com.br\/wp\/2023\/11\/16\/tjba-publica-editais-de-inscricao-para-preenchimento-de-vagas-de-desembargador-no-tre-ba\/","name":"TJBA PUBLICA EDITAIS DE INSCRI\u00c7\u00c3O PARA PREENCHIMENTO DE VAGAS DE DESEMBARGADOR NO TRE-BA - Bahia Economica","isPartOf":{"@id":"https:\/\/bahiaeconomica.com.br\/wp\/#website"},"datePublished":"2023-11-16T13:44:54+00:00","dateModified":"2023-11-16T13:44:54+00:00","description":"O maior portal de Economia da Bahia Pol\u00edtica Bahia Economica O Tribunal de Justi\u00e7a da Bahia (TJBA) publicou, nesta quinta-feira (16),","breadcrumb":{"@id":"https:\/\/bahiaeconomica.com.br\/wp\/2023\/11\/16\/tjba-publica-editais-de-inscricao-para-preenchimento-de-vagas-de-desembargador-no-tre-ba\/#breadcrumb"},"inLanguage":"pt-BR","potentialAction":[{"@type":"ReadAction","target":["https:\/\/bahiaeconomica.com.br\/wp\/2023\/11\/16\/tjba-publica-editais-de-inscricao-para-preenchimento-de-vagas-de-desembargador-no-tre-ba\/"]}]},{"@type":"BreadcrumbList","@id":"https:\/\/bahiaeconomica.com.br\/wp\/2023\/11\/16\/tjba-publica-editais-de-inscricao-para-preenchimento-de-vagas-de-desembargador-no-tre-ba\/#breadcrumb","itemListElement":[{"@type":"ListItem","position":1,"name":"In\u00edcio","item":"https:\/\/bahiaeconomica.com.br\/wp\/"},{"@type":"ListItem","position":2,"name":"TJBA PUBLICA EDITAIS DE INSCRI\u00c7\u00c3O PARA PREENCHIMENTO DE VAGAS DE DESEMBARGADOR NO TRE-BA"}]},{"@type":"WebSite","@id":"https:\/\/bahiaeconomica.com.br\/wp\/#website","url":"https:\/\/bahiaeconomica.com.br\/wp\/","name":"Bahia Economica","description":"O maior portal de Economia da Bahia","publisher":{"@id":"https:\/\/bahiaeconomica.com.br\/wp\/#organization"},"potentialAction":[{"@type":"SearchAction","target":{"@type":"EntryPoint","urlTemplate":"https:\/\/bahiaeconomica.com.br\/wp\/?s={search_term_string}"},"query-input":"required name=search_term_string"}],"inLanguage":"pt-BR"},{"@type":"Organization","@id":"https:\/\/bahiaeconomica.com.br\/wp\/#organization","name":"Bahia Econ\u00f4mica","url":"https:\/\/bahiaeconomica.com.br\/wp\/","logo":{"@type":"ImageObject","inLanguage":"pt-BR","@id":"https:\/\/bahiaeconomica.com.br\/wp\/#\/schema\/logo\/image\/","url":"https:\/\/bahiaeconomica.com.br\/wp\/wp-content\/uploads\/2020\/12\/cropped-BE.png","contentUrl":"https:\/\/bahiaeconomica.com.br\/wp\/wp-content\/uploads\/2020\/12\/cropped-BE.png","width":512,"height":512,"caption":"Bahia Econ\u00f4mica"},"image":{"@id":"https:\/\/bahiaeconomica.com.br\/wp\/#\/schema\/logo\/image\/"},"sameAs":["https:\/\/www.facebook.com\/bahiaeconomica"]},{"@type":"Person","@id":"https:\/\/bahiaeconomica.com.br\/wp\/#\/schema\/person\/b719ce0fb1c09f3c7a00d9243ced4a6f","name":"VICTORIA ISABEL","sameAs":["http:\/\/www.bahiaeconomica.com.br"],"url":"https:\/\/bahiaeconomica.com.br\/wp\/author\/victoria-isabel\/"}]}},"views":12,"_links":{"self":[{"href":"https:\/\/bahiaeconomica.com.br\/wp\/wp-json\/wp\/v2\/posts\/777780"}],"collection":[{"href":"https:\/\/bahiaeconomica.com.br\/wp\/wp-json\/wp\/v2\/posts"}],"about":[{"href":"https:\/\/bahiaeconomica.com.br\/wp\/wp-json\/wp\/v2\/types\/post"}],"author":[{"embeddable":true,"href":"https:\/\/bahiaeconomica.com.br\/wp\/wp-json\/wp\/v2\/users\/15"}],"replies":[{"embeddable":true,"href":"https:\/\/bahiaeconomica.com.br\/wp\/wp-json\/wp\/v2\/comments?post=777780"}],"version-history":[{"count":1,"href":"https:\/\/bahiaeconomica.com.br\/wp\/wp-json\/wp\/v2\/posts\/777780\/revisions"}],"predecessor-version":[{"id":777782,"href":"https:\/\/bahiaeconomica.com.br\/wp\/wp-json\/wp\/v2\/posts\/777780\/revisions\/777782"}],"wp:featuredmedia":[{"embeddable":true,"href":"https:\/\/bahiaeconomica.com.br\/wp\/wp-json\/wp\/v2\/media\/777781"}],"wp:attachment":[{"href":"https:\/\/bahiaeconomica.com.br\/wp\/wp-json\/wp\/v2\/media?parent=777780"}],"wp:term":[{"taxonomy":"category","embeddable":true,"href":"https:\/\/bahiaeconomica.com.br\/wp\/wp-json\/wp\/v2\/categories?post=777780"},{"taxonomy":"post_tag","embeddable":true,"href":"https:\/\/bahiaeconomica.com.br\/wp\/wp-json\/wp\/v2\/tags?post=777780"}],"curies":[{"name":"wp","href":"https:\/\/api.w.org\/{rel}","templated":true}]}}