{"id":776377,"date":"2023-11-09T16:24:33","date_gmt":"2023-11-09T19:24:33","guid":{"rendered":"https:\/\/bahiaeconomica.com.br\/wp\/?p=776377"},"modified":"2023-11-09T16:36:02","modified_gmt":"2023-11-09T19:36:02","slug":"circuito-baiano-de-surf-2023-vai-homenagear-jorge-reis-em-salvador","status":"publish","type":"post","link":"https:\/\/bahiaeconomica.com.br\/wp\/2023\/11\/09\/circuito-baiano-de-surf-2023-vai-homenagear-jorge-reis-em-salvador\/","title":{"rendered":"CIRCUITO BAIANO DE SURF 2023 VAI HOMENAGEAR JORGE REIS EM SALVADOR"},"content":{"rendered":"<p>O Barravento, tamb\u00e9m conhecido como &#8220;maracan\u00e3 do surf&#8221;, vai receber entre os dias 10 e 12 de novembro mais uma etapa do Circuito Baiano de Surf. Ser\u00e3o mais de 100 surfistas, vindos de diversas cidades do estado, em busca de pontua\u00e7\u00f5es no ranking estadual, nesta reta final do campeonato.<\/p>\n<p>Ser\u00e3o 10 categorias em tr\u00eas dias de evento: Surf Local, Surf Master +35, +45, +55; Longboard Open, Feminino e Master +35; al\u00e9m do Bodyboarding na Open e no Feminino. O Circuito Metropolitano contar\u00e1 ainda com a estreia do Handsurf no Campeonato Estadual da Federa\u00e7\u00e3o Baiana de Surf.<\/p>\n<p>O Handsurf \u00e9 uma varia\u00e7\u00e3o do Bodysurf, praticado com uma pequena prancha de m\u00e3o, modalidade que tem crescido muito em n\u00famero de praticantes. Esta categoria permite que o atleta crie um maior ponto de apoio, atrav\u00e9s da prancha de m\u00e3o, ganhando mais velocidade nas ondas e possibilitando in\u00fameras manobras sobre as ondas.<\/p>\n<p>A premia\u00e7\u00e3o est\u00e1 recheada: as categorias Master e Longboard receber\u00e3o pr\u00eamios em dinheiro e blocos de pranchas; Bodyboard e Handsurf recebem pranchas e acess\u00f3rios e todos os atletas recebem kits e trof\u00e9us. O circuito valer\u00e1 para o ranking anual da FBSurf, que d\u00e1 direito aos atletas a pleitear aux\u00edlios como o Bolsa Atleta.<\/p>\n<p><strong>Homenagem a Jorge Reis<\/strong><\/p>\n<p>Jorge Reis, um dos precursores dos eventos esportivos na Bahia, ser\u00e1 o grande homenageado desta etapa. Jorginho, como era conhecido o surfista e empres\u00e1rio de Salvador, foi um dos fundadores da Associa\u00e7\u00e3o de Surf da Boca do Rio e trabalhou na Federa\u00e7\u00e3o Baiana de Surf (FBSurf) e na Confedera\u00e7\u00e3o Brasileira de Surf (CBSurf), tendo como seu grande parceiro o empres\u00e1rio Rilson Campos.<\/p>\n<p>Vision\u00e1rio, admirado e muito querido por surfistas e desportistas, Jorginho realizou os mais memor\u00e1veis eventos de surf, incluindo etapas mundiais e internacionais, deixando um grande legado para a hist\u00f3ria do surf baiano e brasileiro.<\/p>\n<p>Ele morreu em dezembro de 2018, ap\u00f3s mais de dez anos lutando contra um c\u00e2ncer no c\u00e9rebro, e agora recebe esta homenagem da FBSurf, que nomeou o Circuito Metropolitano em Salvador com a aprova\u00e7\u00e3o e aval de familiares e amigos de Jorge Reis.<\/p>\n<p>Este evento, juntamente com a realiza\u00e7\u00e3o do DreamTour &#8211; etapa do Campeonato Brasileiro Profissional da CBSurf com o apoio da FBSurf, Prefeitura de Salvador e SEMPRE, marca o retorno dos grandes eventos da modalidade na cidade. A FBSurf j\u00e1 iniciou as conversas com a SEMPRE para a realiza\u00e7\u00e3o do Circuito S\u00e3o Salvador em 2024, que contar\u00e1 com etapas no Barravento, Jaguaribe e Boca do Rio.<\/p>\n<p>A realiza\u00e7\u00e3o do evento \u00e9 da FBSURF (Federa\u00e7\u00e3o Baiana de Surf) em parceria com a Associa\u00e7\u00e3o dos Surfistas da Barra, Prefeitura de Ilh\u00e9us e a SEMPRE &#8211; Secretaria de Promo\u00e7\u00e3o Social, Combate \u00e0 Pobreza, Esportes e Lazer de Salvador, al\u00e9m de apoio de empres\u00e1rios locais.<\/p>\n<p><strong>Foto: David Reis<\/strong><\/p>\n","protected":false},"excerpt":{"rendered":"<p>O Barravento, tamb\u00e9m conhecido como &#8220;maracan\u00e3 do surf&#8221;, vai receber entre os dias 10 e 12 de novembro mais uma etapa do Circuito Baiano de Surf. Ser\u00e3o mais de 100 surfistas, vindos de diversas cidades do estado, em busca de pontua\u00e7\u00f5es no ranking estadual, nesta reta final do campeonato. Ser\u00e3o 10 categorias em tr\u00eas dias [&hellip;]<\/p>\n","protected":false},"author":18,"featured_media":776383,"comment_status":"closed","ping_status":"closed","sticky":false,"template":"","format":"standard","meta":[],"categories":[4486],"tags":[22633,2442,22635,73,22634],"acf":[],"yoast_head":"<!-- This site is optimized with the Yoast SEO plugin v20.8 - https:\/\/yoast.com\/wordpress\/plugins\/seo\/ -->\n<title>CIRCUITO BAIANO DE SURF 2023 VAI HOMENAGEAR JORGE REIS EM SALVADOR - Bahia Economica<\/title>\n<meta name=\"description\" content=\"O maior portal de Economia da Bahia Esporte Bahia Economica O Barravento, tamb\u00e9m conhecido como &quot;maracan\u00e3 do surf&quot;, vai receber entre\" \/>\n<meta name=\"robots\" content=\"index, follow, max-snippet:-1, max-image-preview:large, max-video-preview:-1\" \/>\n<link rel=\"canonical\" href=\"https:\/\/bahiaeconomica.com.br\/wp\/2023\/11\/09\/circuito-baiano-de-surf-2023-vai-homenagear-jorge-reis-em-salvador\/\" \/>\n<meta property=\"og:locale\" content=\"pt_BR\" \/>\n<meta property=\"og:type\" content=\"article\" \/>\n<meta property=\"og:title\" content=\"CIRCUITO BAIANO DE SURF 2023 VAI HOMENAGEAR JORGE REIS EM SALVADOR - Bahia Economica\" \/>\n<meta property=\"og:description\" content=\"O maior portal de Economia da Bahia Esporte Bahia Economica O Barravento, tamb\u00e9m conhecido como &quot;maracan\u00e3 do surf&quot;, vai receber entre\" \/>\n<meta property=\"og:url\" content=\"https:\/\/bahiaeconomica.com.br\/wp\/2023\/11\/09\/circuito-baiano-de-surf-2023-vai-homenagear-jorge-reis-em-salvador\/\" \/>\n<meta property=\"og:site_name\" content=\"Bahia Economica\" \/>\n<meta property=\"article:publisher\" content=\"https:\/\/www.facebook.com\/bahiaeconomica\" \/>\n<meta property=\"article:published_time\" content=\"2023-11-09T19:24:33+00:00\" \/>\n<meta property=\"article:modified_time\" content=\"2023-11-09T19:36:02+00:00\" \/>\n<meta property=\"og:image\" content=\"https:\/\/bahiaeconomica.com.br\/wp\/wp-content\/uploads\/2023\/11\/Atleta-Lucas-Shark-Nelli-do-Handsurf.-Foto-David-Reis-@filecfritas-scaled.jpg\" \/>\n\t<meta property=\"og:image:width\" content=\"2560\" \/>\n\t<meta property=\"og:image:height\" content=\"1707\" \/>\n\t<meta property=\"og:image:type\" content=\"image\/jpeg\" \/>\n<meta name=\"author\" content=\"Emily Oliveira\" \/>\n<meta name=\"twitter:card\" content=\"summary_large_image\" \/>\n<meta name=\"twitter:label1\" content=\"Escrito por\" \/>\n\t<meta name=\"twitter:data1\" content=\"Emily Oliveira\" \/>\n\t<meta name=\"twitter:label2\" content=\"Est. tempo de leitura\" \/>\n\t<meta name=\"twitter:data2\" content=\"3 minutos\" \/>\n<script type=\"application\/ld+json\" class=\"yoast-schema-graph\">{\"@context\":\"https:\/\/schema.org\",\"@graph\":[{\"@type\":\"Article\",\"@id\":\"https:\/\/bahiaeconomica.com.br\/wp\/2023\/11\/09\/circuito-baiano-de-surf-2023-vai-homenagear-jorge-reis-em-salvador\/#article\",\"isPartOf\":{\"@id\":\"https:\/\/bahiaeconomica.com.br\/wp\/2023\/11\/09\/circuito-baiano-de-surf-2023-vai-homenagear-jorge-reis-em-salvador\/\"},\"author\":{\"name\":\"Emily Oliveira\",\"@id\":\"https:\/\/bahiaeconomica.com.br\/wp\/#\/schema\/person\/547396bb3b39ebb828ab5807d982c42f\"},\"headline\":\"CIRCUITO BAIANO DE SURF 2023 VAI HOMENAGEAR JORGE REIS EM SALVADOR\",\"datePublished\":\"2023-11-09T19:24:33+00:00\",\"dateModified\":\"2023-11-09T19:36:02+00:00\",\"mainEntityOfPage\":{\"@id\":\"https:\/\/bahiaeconomica.com.br\/wp\/2023\/11\/09\/circuito-baiano-de-surf-2023-vai-homenagear-jorge-reis-em-salvador\/\"},\"wordCount\":495,\"publisher\":{\"@id\":\"https:\/\/bahiaeconomica.com.br\/wp\/#organization\"},\"keywords\":[\"circuito baiano de surf\",\"esportes\",\"jorge reis\",\"Salvador\",\"surf em salvador\"],\"articleSection\":[\"Esporte\"],\"inLanguage\":\"pt-BR\"},{\"@type\":\"WebPage\",\"@id\":\"https:\/\/bahiaeconomica.com.br\/wp\/2023\/11\/09\/circuito-baiano-de-surf-2023-vai-homenagear-jorge-reis-em-salvador\/\",\"url\":\"https:\/\/bahiaeconomica.com.br\/wp\/2023\/11\/09\/circuito-baiano-de-surf-2023-vai-homenagear-jorge-reis-em-salvador\/\",\"name\":\"CIRCUITO BAIANO DE SURF 2023 VAI HOMENAGEAR JORGE REIS EM SALVADOR - Bahia Economica\",\"isPartOf\":{\"@id\":\"https:\/\/bahiaeconomica.com.br\/wp\/#website\"},\"datePublished\":\"2023-11-09T19:24:33+00:00\",\"dateModified\":\"2023-11-09T19:36:02+00:00\",\"description\":\"O maior portal de Economia da Bahia Esporte Bahia Economica O Barravento, tamb\u00e9m conhecido como \\\"maracan\u00e3 do surf\\\", vai receber entre\",\"breadcrumb\":{\"@id\":\"https:\/\/bahiaeconomica.com.br\/wp\/2023\/11\/09\/circuito-baiano-de-surf-2023-vai-homenagear-jorge-reis-em-salvador\/#breadcrumb\"},\"inLanguage\":\"pt-BR\",\"potentialAction\":[{\"@type\":\"ReadAction\",\"target\":[\"https:\/\/bahiaeconomica.com.br\/wp\/2023\/11\/09\/circuito-baiano-de-surf-2023-vai-homenagear-jorge-reis-em-salvador\/\"]}]},{\"@type\":\"BreadcrumbList\",\"@id\":\"https:\/\/bahiaeconomica.com.br\/wp\/2023\/11\/09\/circuito-baiano-de-surf-2023-vai-homenagear-jorge-reis-em-salvador\/#breadcrumb\",\"itemListElement\":[{\"@type\":\"ListItem\",\"position\":1,\"name\":\"In\u00edcio\",\"item\":\"https:\/\/bahiaeconomica.com.br\/wp\/\"},{\"@type\":\"ListItem\",\"position\":2,\"name\":\"CIRCUITO BAIANO DE SURF 2023 VAI HOMENAGEAR JORGE REIS EM SALVADOR\"}]},{\"@type\":\"WebSite\",\"@id\":\"https:\/\/bahiaeconomica.com.br\/wp\/#website\",\"url\":\"https:\/\/bahiaeconomica.com.br\/wp\/\",\"name\":\"Bahia Economica\",\"description\":\"O maior portal de Economia da Bahia\",\"publisher\":{\"@id\":\"https:\/\/bahiaeconomica.com.br\/wp\/#organization\"},\"potentialAction\":[{\"@type\":\"SearchAction\",\"target\":{\"@type\":\"EntryPoint\",\"urlTemplate\":\"https:\/\/bahiaeconomica.com.br\/wp\/?s={search_term_string}\"},\"query-input\":\"required name=search_term_string\"}],\"inLanguage\":\"pt-BR\"},{\"@type\":\"Organization\",\"@id\":\"https:\/\/bahiaeconomica.com.br\/wp\/#organization\",\"name\":\"Bahia Econ\u00f4mica\",\"url\":\"https:\/\/bahiaeconomica.com.br\/wp\/\",\"logo\":{\"@type\":\"ImageObject\",\"inLanguage\":\"pt-BR\",\"@id\":\"https:\/\/bahiaeconomica.com.br\/wp\/#\/schema\/logo\/image\/\",\"url\":\"https:\/\/bahiaeconomica.com.br\/wp\/wp-content\/uploads\/2020\/12\/cropped-BE.png\",\"contentUrl\":\"https:\/\/bahiaeconomica.com.br\/wp\/wp-content\/uploads\/2020\/12\/cropped-BE.png\",\"width\":512,\"height\":512,\"caption\":\"Bahia Econ\u00f4mica\"},\"image\":{\"@id\":\"https:\/\/bahiaeconomica.com.br\/wp\/#\/schema\/logo\/image\/\"},\"sameAs\":[\"https:\/\/www.facebook.com\/bahiaeconomica\"]},{\"@type\":\"Person\",\"@id\":\"https:\/\/bahiaeconomica.com.br\/wp\/#\/schema\/person\/547396bb3b39ebb828ab5807d982c42f\",\"name\":\"Emily Oliveira\",\"sameAs\":[\"https:\/\/bahiaeconomica.com.br\/wp\/\"],\"url\":\"https:\/\/bahiaeconomica.com.br\/wp\/author\/emily-oliveira\/\"}]}<\/script>\n<!-- \/ Yoast SEO plugin. -->","yoast_head_json":{"title":"CIRCUITO BAIANO DE SURF 2023 VAI HOMENAGEAR JORGE REIS EM SALVADOR - Bahia Economica","description":"O maior portal de Economia da Bahia Esporte Bahia Economica O Barravento, tamb\u00e9m conhecido como \"maracan\u00e3 do surf\", vai receber entre","robots":{"index":"index","follow":"follow","max-snippet":"max-snippet:-1","max-image-preview":"max-image-preview:large","max-video-preview":"max-video-preview:-1"},"canonical":"https:\/\/bahiaeconomica.com.br\/wp\/2023\/11\/09\/circuito-baiano-de-surf-2023-vai-homenagear-jorge-reis-em-salvador\/","og_locale":"pt_BR","og_type":"article","og_title":"CIRCUITO BAIANO DE SURF 2023 VAI HOMENAGEAR JORGE REIS EM SALVADOR - Bahia Economica","og_description":"O maior portal de Economia da Bahia Esporte Bahia Economica O Barravento, tamb\u00e9m conhecido como \"maracan\u00e3 do surf\", vai receber entre","og_url":"https:\/\/bahiaeconomica.com.br\/wp\/2023\/11\/09\/circuito-baiano-de-surf-2023-vai-homenagear-jorge-reis-em-salvador\/","og_site_name":"Bahia Economica","article_publisher":"https:\/\/www.facebook.com\/bahiaeconomica","article_published_time":"2023-11-09T19:24:33+00:00","article_modified_time":"2023-11-09T19:36:02+00:00","og_image":[{"width":2560,"height":1707,"url":"https:\/\/bahiaeconomica.com.br\/wp\/wp-content\/uploads\/2023\/11\/Atleta-Lucas-Shark-Nelli-do-Handsurf.-Foto-David-Reis-@filecfritas-scaled.jpg","type":"image\/jpeg"}],"author":"Emily Oliveira","twitter_card":"summary_large_image","twitter_misc":{"Escrito por":"Emily Oliveira","Est. tempo de leitura":"3 minutos"},"schema":{"@context":"https:\/\/schema.org","@graph":[{"@type":"Article","@id":"https:\/\/bahiaeconomica.com.br\/wp\/2023\/11\/09\/circuito-baiano-de-surf-2023-vai-homenagear-jorge-reis-em-salvador\/#article","isPartOf":{"@id":"https:\/\/bahiaeconomica.com.br\/wp\/2023\/11\/09\/circuito-baiano-de-surf-2023-vai-homenagear-jorge-reis-em-salvador\/"},"author":{"name":"Emily Oliveira","@id":"https:\/\/bahiaeconomica.com.br\/wp\/#\/schema\/person\/547396bb3b39ebb828ab5807d982c42f"},"headline":"CIRCUITO BAIANO DE SURF 2023 VAI HOMENAGEAR JORGE REIS EM SALVADOR","datePublished":"2023-11-09T19:24:33+00:00","dateModified":"2023-11-09T19:36:02+00:00","mainEntityOfPage":{"@id":"https:\/\/bahiaeconomica.com.br\/wp\/2023\/11\/09\/circuito-baiano-de-surf-2023-vai-homenagear-jorge-reis-em-salvador\/"},"wordCount":495,"publisher":{"@id":"https:\/\/bahiaeconomica.com.br\/wp\/#organization"},"keywords":["circuito baiano de surf","esportes","jorge reis","Salvador","surf em salvador"],"articleSection":["Esporte"],"inLanguage":"pt-BR"},{"@type":"WebPage","@id":"https:\/\/bahiaeconomica.com.br\/wp\/2023\/11\/09\/circuito-baiano-de-surf-2023-vai-homenagear-jorge-reis-em-salvador\/","url":"https:\/\/bahiaeconomica.com.br\/wp\/2023\/11\/09\/circuito-baiano-de-surf-2023-vai-homenagear-jorge-reis-em-salvador\/","name":"CIRCUITO BAIANO DE SURF 2023 VAI HOMENAGEAR JORGE REIS EM SALVADOR - Bahia Economica","isPartOf":{"@id":"https:\/\/bahiaeconomica.com.br\/wp\/#website"},"datePublished":"2023-11-09T19:24:33+00:00","dateModified":"2023-11-09T19:36:02+00:00","description":"O maior portal de Economia da Bahia Esporte Bahia Economica O Barravento, tamb\u00e9m conhecido como \"maracan\u00e3 do surf\", vai receber entre","breadcrumb":{"@id":"https:\/\/bahiaeconomica.com.br\/wp\/2023\/11\/09\/circuito-baiano-de-surf-2023-vai-homenagear-jorge-reis-em-salvador\/#breadcrumb"},"inLanguage":"pt-BR","potentialAction":[{"@type":"ReadAction","target":["https:\/\/bahiaeconomica.com.br\/wp\/2023\/11\/09\/circuito-baiano-de-surf-2023-vai-homenagear-jorge-reis-em-salvador\/"]}]},{"@type":"BreadcrumbList","@id":"https:\/\/bahiaeconomica.com.br\/wp\/2023\/11\/09\/circuito-baiano-de-surf-2023-vai-homenagear-jorge-reis-em-salvador\/#breadcrumb","itemListElement":[{"@type":"ListItem","position":1,"name":"In\u00edcio","item":"https:\/\/bahiaeconomica.com.br\/wp\/"},{"@type":"ListItem","position":2,"name":"CIRCUITO BAIANO DE SURF 2023 VAI HOMENAGEAR JORGE REIS EM SALVADOR"}]},{"@type":"WebSite","@id":"https:\/\/bahiaeconomica.com.br\/wp\/#website","url":"https:\/\/bahiaeconomica.com.br\/wp\/","name":"Bahia Economica","description":"O maior portal de Economia da Bahia","publisher":{"@id":"https:\/\/bahiaeconomica.com.br\/wp\/#organization"},"potentialAction":[{"@type":"SearchAction","target":{"@type":"EntryPoint","urlTemplate":"https:\/\/bahiaeconomica.com.br\/wp\/?s={search_term_string}"},"query-input":"required name=search_term_string"}],"inLanguage":"pt-BR"},{"@type":"Organization","@id":"https:\/\/bahiaeconomica.com.br\/wp\/#organization","name":"Bahia Econ\u00f4mica","url":"https:\/\/bahiaeconomica.com.br\/wp\/","logo":{"@type":"ImageObject","inLanguage":"pt-BR","@id":"https:\/\/bahiaeconomica.com.br\/wp\/#\/schema\/logo\/image\/","url":"https:\/\/bahiaeconomica.com.br\/wp\/wp-content\/uploads\/2020\/12\/cropped-BE.png","contentUrl":"https:\/\/bahiaeconomica.com.br\/wp\/wp-content\/uploads\/2020\/12\/cropped-BE.png","width":512,"height":512,"caption":"Bahia Econ\u00f4mica"},"image":{"@id":"https:\/\/bahiaeconomica.com.br\/wp\/#\/schema\/logo\/image\/"},"sameAs":["https:\/\/www.facebook.com\/bahiaeconomica"]},{"@type":"Person","@id":"https:\/\/bahiaeconomica.com.br\/wp\/#\/schema\/person\/547396bb3b39ebb828ab5807d982c42f","name":"Emily Oliveira","sameAs":["https:\/\/bahiaeconomica.com.br\/wp\/"],"url":"https:\/\/bahiaeconomica.com.br\/wp\/author\/emily-oliveira\/"}]}},"views":22,"_links":{"self":[{"href":"https:\/\/bahiaeconomica.com.br\/wp\/wp-json\/wp\/v2\/posts\/776377"}],"collection":[{"href":"https:\/\/bahiaeconomica.com.br\/wp\/wp-json\/wp\/v2\/posts"}],"about":[{"href":"https:\/\/bahiaeconomica.com.br\/wp\/wp-json\/wp\/v2\/types\/post"}],"author":[{"embeddable":true,"href":"https:\/\/bahiaeconomica.com.br\/wp\/wp-json\/wp\/v2\/users\/18"}],"replies":[{"embeddable":true,"href":"https:\/\/bahiaeconomica.com.br\/wp\/wp-json\/wp\/v2\/comments?post=776377"}],"version-history":[{"count":1,"href":"https:\/\/bahiaeconomica.com.br\/wp\/wp-json\/wp\/v2\/posts\/776377\/revisions"}],"predecessor-version":[{"id":776384,"href":"https:\/\/bahiaeconomica.com.br\/wp\/wp-json\/wp\/v2\/posts\/776377\/revisions\/776384"}],"wp:featuredmedia":[{"embeddable":true,"href":"https:\/\/bahiaeconomica.com.br\/wp\/wp-json\/wp\/v2\/media\/776383"}],"wp:attachment":[{"href":"https:\/\/bahiaeconomica.com.br\/wp\/wp-json\/wp\/v2\/media?parent=776377"}],"wp:term":[{"taxonomy":"category","embeddable":true,"href":"https:\/\/bahiaeconomica.com.br\/wp\/wp-json\/wp\/v2\/categories?post=776377"},{"taxonomy":"post_tag","embeddable":true,"href":"https:\/\/bahiaeconomica.com.br\/wp\/wp-json\/wp\/v2\/tags?post=776377"}],"curies":[{"name":"wp","href":"https:\/\/api.w.org\/{rel}","templated":true}]}}