{"id":775772,"date":"2023-11-07T19:49:26","date_gmt":"2023-11-07T22:49:26","guid":{"rendered":"https:\/\/bahiaeconomica.com.br\/wp\/?p=775772"},"modified":"2023-11-07T19:48:18","modified_gmt":"2023-11-07T22:48:18","slug":"al-ba-aprova-requerimento-que-determina-urgencia-em-voto-de-emprestimo-de-r-16-bilhao","status":"publish","type":"post","link":"https:\/\/bahiaeconomica.com.br\/wp\/2023\/11\/07\/al-ba-aprova-requerimento-que-determina-urgencia-em-voto-de-emprestimo-de-r-16-bilhao\/","title":{"rendered":"AL-BA APROVA REQUERIMENTO QUE DETERMINA URG\u00caNCIA EM VOTO DE EMPR\u00c9STIMO DE R$ 1,6 BILH\u00c3O"},"content":{"rendered":"<p>A Assembleia Legislativa da Bahia (AL-BA) aprovou, na tarde desta ter\u00e7a-feira (7), um requerimento que determina regime de urg\u00eancia na tramita\u00e7\u00e3o do projeto de lei encaminhado pelo governador Jer\u00f4nimo Rodrigues (PT), com o pedido de autoriza\u00e7\u00e3o de um empr\u00e9stimo no valor de R$ 1,6 bilh\u00e3o junto ao Banco do Brasil.<\/p>\n<p>De acordo com o petista, o empr\u00e9stimo ser\u00e1 destinado a investimentos nas \u00e1reas de infraestrutura vi\u00e1ria, infraestrutura h\u00eddrica e mobilidade urbana, previstos no Plano Plurianual 2024-2027.<\/p>\n<p>Em seu primeiro mandato, esse \u00e9 o quarto projeto de lei para autoriza\u00e7\u00e3o de empr\u00e9stimo encaminhado pelo governador.<\/p>\n<p><strong>Foto: Sandra Travassos\/ AL-BA<\/strong><\/p>\n","protected":false},"excerpt":{"rendered":"<p>A Assembleia Legislativa da Bahia (AL-BA) aprovou, na tarde desta ter\u00e7a-feira (7), um requerimento que determina regime de urg\u00eancia na tramita\u00e7\u00e3o do projeto de lei encaminhado pelo governador Jer\u00f4nimo Rodrigues (PT), com o pedido de autoriza\u00e7\u00e3o de um empr\u00e9stimo no valor de R$ 1,6 bilh\u00e3o junto ao Banco do Brasil. De acordo com o petista, [&hellip;]<\/p>\n","protected":false},"author":18,"featured_media":775779,"comment_status":"closed","ping_status":"closed","sticky":false,"template":"","format":"standard","meta":[],"categories":[14601],"tags":[503,504,22545,4701,18599,22544],"acf":[],"yoast_head":"<!-- This site is optimized with the Yoast SEO plugin v20.8 - https:\/\/yoast.com\/wordpress\/plugins\/seo\/ -->\n<title>AL-BA APROVA REQUERIMENTO QUE DETERMINA URG\u00caNCIA EM VOTO DE EMPR\u00c9STIMO DE R$ 1,6 BILH\u00c3O - Bahia Economica<\/title>\n<meta name=\"description\" content=\"O maior portal de Economia da Bahia Pol\u00edtica Bahia Economica A Assembleia Legislativa da Bahia (AL-BA) aprovou, na tarde desta ter\u00e7a-feira (7)\" \/>\n<meta name=\"robots\" content=\"index, follow, max-snippet:-1, max-image-preview:large, max-video-preview:-1\" \/>\n<link rel=\"canonical\" href=\"https:\/\/bahiaeconomica.com.br\/wp\/2023\/11\/07\/al-ba-aprova-requerimento-que-determina-urgencia-em-voto-de-emprestimo-de-r-16-bilhao\/\" \/>\n<meta property=\"og:locale\" content=\"pt_BR\" \/>\n<meta property=\"og:type\" content=\"article\" \/>\n<meta property=\"og:title\" content=\"AL-BA APROVA REQUERIMENTO QUE DETERMINA URG\u00caNCIA EM VOTO DE EMPR\u00c9STIMO DE R$ 1,6 BILH\u00c3O - Bahia Economica\" \/>\n<meta property=\"og:description\" content=\"O maior portal de Economia da Bahia Pol\u00edtica Bahia Economica A Assembleia Legislativa da Bahia (AL-BA) aprovou, na tarde desta ter\u00e7a-feira (7)\" \/>\n<meta property=\"og:url\" content=\"https:\/\/bahiaeconomica.com.br\/wp\/2023\/11\/07\/al-ba-aprova-requerimento-que-determina-urgencia-em-voto-de-emprestimo-de-r-16-bilhao\/\" \/>\n<meta property=\"og:site_name\" content=\"Bahia Economica\" \/>\n<meta property=\"article:publisher\" content=\"https:\/\/www.facebook.com\/bahiaeconomica\" \/>\n<meta property=\"article:published_time\" content=\"2023-11-07T22:49:26+00:00\" \/>\n<meta property=\"article:modified_time\" content=\"2023-11-07T22:48:18+00:00\" \/>\n<meta property=\"og:image\" content=\"https:\/\/bahiaeconomica.com.br\/wp\/wp-content\/uploads\/2023\/11\/deputados-discussao-plenario-assembleia-legislativa-foto-sandra-travassos-alba.jpg\" \/>\n\t<meta property=\"og:image:width\" content=\"600\" \/>\n\t<meta property=\"og:image:height\" content=\"420\" \/>\n\t<meta property=\"og:image:type\" content=\"image\/jpeg\" \/>\n<meta name=\"author\" content=\"Emily Oliveira\" \/>\n<meta name=\"twitter:card\" content=\"summary_large_image\" \/>\n<meta name=\"twitter:label1\" content=\"Escrito por\" \/>\n\t<meta name=\"twitter:data1\" content=\"Emily Oliveira\" \/>\n\t<meta name=\"twitter:label2\" content=\"Est. tempo de leitura\" \/>\n\t<meta name=\"twitter:data2\" content=\"1 minuto\" \/>\n<script type=\"application\/ld+json\" class=\"yoast-schema-graph\">{\"@context\":\"https:\/\/schema.org\",\"@graph\":[{\"@type\":\"Article\",\"@id\":\"https:\/\/bahiaeconomica.com.br\/wp\/2023\/11\/07\/al-ba-aprova-requerimento-que-determina-urgencia-em-voto-de-emprestimo-de-r-16-bilhao\/#article\",\"isPartOf\":{\"@id\":\"https:\/\/bahiaeconomica.com.br\/wp\/2023\/11\/07\/al-ba-aprova-requerimento-que-determina-urgencia-em-voto-de-emprestimo-de-r-16-bilhao\/\"},\"author\":{\"name\":\"Emily Oliveira\",\"@id\":\"https:\/\/bahiaeconomica.com.br\/wp\/#\/schema\/person\/547396bb3b39ebb828ab5807d982c42f\"},\"headline\":\"AL-BA APROVA REQUERIMENTO QUE DETERMINA URG\u00caNCIA EM VOTO DE EMPR\u00c9STIMO DE R$ 1,6 BILH\u00c3O\",\"datePublished\":\"2023-11-07T22:49:26+00:00\",\"dateModified\":\"2023-11-07T22:48:18+00:00\",\"mainEntityOfPage\":{\"@id\":\"https:\/\/bahiaeconomica.com.br\/wp\/2023\/11\/07\/al-ba-aprova-requerimento-que-determina-urgencia-em-voto-de-emprestimo-de-r-16-bilhao\/\"},\"wordCount\":123,\"publisher\":{\"@id\":\"https:\/\/bahiaeconomica.com.br\/wp\/#organization\"},\"keywords\":[\"ALBA\",\"Assembleia Legislativa da Bahia\",\"emprestimo de 1 bilh\u00e3o de reais\",\"jer\u00f4nimo rodrigues\",\"pedido de empr\u00e9stimo\",\"requerimento aprovado\"],\"articleSection\":[\"Pol\u00edtica\"],\"inLanguage\":\"pt-BR\"},{\"@type\":\"WebPage\",\"@id\":\"https:\/\/bahiaeconomica.com.br\/wp\/2023\/11\/07\/al-ba-aprova-requerimento-que-determina-urgencia-em-voto-de-emprestimo-de-r-16-bilhao\/\",\"url\":\"https:\/\/bahiaeconomica.com.br\/wp\/2023\/11\/07\/al-ba-aprova-requerimento-que-determina-urgencia-em-voto-de-emprestimo-de-r-16-bilhao\/\",\"name\":\"AL-BA APROVA REQUERIMENTO QUE DETERMINA URG\u00caNCIA EM VOTO DE EMPR\u00c9STIMO DE R$ 1,6 BILH\u00c3O - Bahia Economica\",\"isPartOf\":{\"@id\":\"https:\/\/bahiaeconomica.com.br\/wp\/#website\"},\"datePublished\":\"2023-11-07T22:49:26+00:00\",\"dateModified\":\"2023-11-07T22:48:18+00:00\",\"description\":\"O maior portal de Economia da Bahia Pol\u00edtica Bahia Economica A Assembleia Legislativa da Bahia (AL-BA) aprovou, na tarde desta ter\u00e7a-feira (7)\",\"breadcrumb\":{\"@id\":\"https:\/\/bahiaeconomica.com.br\/wp\/2023\/11\/07\/al-ba-aprova-requerimento-que-determina-urgencia-em-voto-de-emprestimo-de-r-16-bilhao\/#breadcrumb\"},\"inLanguage\":\"pt-BR\",\"potentialAction\":[{\"@type\":\"ReadAction\",\"target\":[\"https:\/\/bahiaeconomica.com.br\/wp\/2023\/11\/07\/al-ba-aprova-requerimento-que-determina-urgencia-em-voto-de-emprestimo-de-r-16-bilhao\/\"]}]},{\"@type\":\"BreadcrumbList\",\"@id\":\"https:\/\/bahiaeconomica.com.br\/wp\/2023\/11\/07\/al-ba-aprova-requerimento-que-determina-urgencia-em-voto-de-emprestimo-de-r-16-bilhao\/#breadcrumb\",\"itemListElement\":[{\"@type\":\"ListItem\",\"position\":1,\"name\":\"In\u00edcio\",\"item\":\"https:\/\/bahiaeconomica.com.br\/wp\/\"},{\"@type\":\"ListItem\",\"position\":2,\"name\":\"AL-BA APROVA REQUERIMENTO QUE DETERMINA URG\u00caNCIA EM VOTO DE EMPR\u00c9STIMO DE R$ 1,6 BILH\u00c3O\"}]},{\"@type\":\"WebSite\",\"@id\":\"https:\/\/bahiaeconomica.com.br\/wp\/#website\",\"url\":\"https:\/\/bahiaeconomica.com.br\/wp\/\",\"name\":\"Bahia Economica\",\"description\":\"O maior portal de Economia da Bahia\",\"publisher\":{\"@id\":\"https:\/\/bahiaeconomica.com.br\/wp\/#organization\"},\"potentialAction\":[{\"@type\":\"SearchAction\",\"target\":{\"@type\":\"EntryPoint\",\"urlTemplate\":\"https:\/\/bahiaeconomica.com.br\/wp\/?s={search_term_string}\"},\"query-input\":\"required name=search_term_string\"}],\"inLanguage\":\"pt-BR\"},{\"@type\":\"Organization\",\"@id\":\"https:\/\/bahiaeconomica.com.br\/wp\/#organization\",\"name\":\"Bahia Econ\u00f4mica\",\"url\":\"https:\/\/bahiaeconomica.com.br\/wp\/\",\"logo\":{\"@type\":\"ImageObject\",\"inLanguage\":\"pt-BR\",\"@id\":\"https:\/\/bahiaeconomica.com.br\/wp\/#\/schema\/logo\/image\/\",\"url\":\"https:\/\/bahiaeconomica.com.br\/wp\/wp-content\/uploads\/2020\/12\/cropped-BE.png\",\"contentUrl\":\"https:\/\/bahiaeconomica.com.br\/wp\/wp-content\/uploads\/2020\/12\/cropped-BE.png\",\"width\":512,\"height\":512,\"caption\":\"Bahia Econ\u00f4mica\"},\"image\":{\"@id\":\"https:\/\/bahiaeconomica.com.br\/wp\/#\/schema\/logo\/image\/\"},\"sameAs\":[\"https:\/\/www.facebook.com\/bahiaeconomica\"]},{\"@type\":\"Person\",\"@id\":\"https:\/\/bahiaeconomica.com.br\/wp\/#\/schema\/person\/547396bb3b39ebb828ab5807d982c42f\",\"name\":\"Emily Oliveira\",\"sameAs\":[\"https:\/\/bahiaeconomica.com.br\/wp\/\"],\"url\":\"https:\/\/bahiaeconomica.com.br\/wp\/author\/emily-oliveira\/\"}]}<\/script>\n<!-- \/ Yoast SEO plugin. -->","yoast_head_json":{"title":"AL-BA APROVA REQUERIMENTO QUE DETERMINA URG\u00caNCIA EM VOTO DE EMPR\u00c9STIMO DE R$ 1,6 BILH\u00c3O - Bahia Economica","description":"O maior portal de Economia da Bahia Pol\u00edtica Bahia Economica A Assembleia Legislativa da Bahia (AL-BA) aprovou, na tarde desta ter\u00e7a-feira (7)","robots":{"index":"index","follow":"follow","max-snippet":"max-snippet:-1","max-image-preview":"max-image-preview:large","max-video-preview":"max-video-preview:-1"},"canonical":"https:\/\/bahiaeconomica.com.br\/wp\/2023\/11\/07\/al-ba-aprova-requerimento-que-determina-urgencia-em-voto-de-emprestimo-de-r-16-bilhao\/","og_locale":"pt_BR","og_type":"article","og_title":"AL-BA APROVA REQUERIMENTO QUE DETERMINA URG\u00caNCIA EM VOTO DE EMPR\u00c9STIMO DE R$ 1,6 BILH\u00c3O - Bahia Economica","og_description":"O maior portal de Economia da Bahia Pol\u00edtica Bahia Economica A Assembleia Legislativa da Bahia (AL-BA) aprovou, na tarde desta ter\u00e7a-feira (7)","og_url":"https:\/\/bahiaeconomica.com.br\/wp\/2023\/11\/07\/al-ba-aprova-requerimento-que-determina-urgencia-em-voto-de-emprestimo-de-r-16-bilhao\/","og_site_name":"Bahia Economica","article_publisher":"https:\/\/www.facebook.com\/bahiaeconomica","article_published_time":"2023-11-07T22:49:26+00:00","article_modified_time":"2023-11-07T22:48:18+00:00","og_image":[{"width":600,"height":420,"url":"https:\/\/bahiaeconomica.com.br\/wp\/wp-content\/uploads\/2023\/11\/deputados-discussao-plenario-assembleia-legislativa-foto-sandra-travassos-alba.jpg","type":"image\/jpeg"}],"author":"Emily Oliveira","twitter_card":"summary_large_image","twitter_misc":{"Escrito por":"Emily Oliveira","Est. tempo de leitura":"1 minuto"},"schema":{"@context":"https:\/\/schema.org","@graph":[{"@type":"Article","@id":"https:\/\/bahiaeconomica.com.br\/wp\/2023\/11\/07\/al-ba-aprova-requerimento-que-determina-urgencia-em-voto-de-emprestimo-de-r-16-bilhao\/#article","isPartOf":{"@id":"https:\/\/bahiaeconomica.com.br\/wp\/2023\/11\/07\/al-ba-aprova-requerimento-que-determina-urgencia-em-voto-de-emprestimo-de-r-16-bilhao\/"},"author":{"name":"Emily Oliveira","@id":"https:\/\/bahiaeconomica.com.br\/wp\/#\/schema\/person\/547396bb3b39ebb828ab5807d982c42f"},"headline":"AL-BA APROVA REQUERIMENTO QUE DETERMINA URG\u00caNCIA EM VOTO DE EMPR\u00c9STIMO DE R$ 1,6 BILH\u00c3O","datePublished":"2023-11-07T22:49:26+00:00","dateModified":"2023-11-07T22:48:18+00:00","mainEntityOfPage":{"@id":"https:\/\/bahiaeconomica.com.br\/wp\/2023\/11\/07\/al-ba-aprova-requerimento-que-determina-urgencia-em-voto-de-emprestimo-de-r-16-bilhao\/"},"wordCount":123,"publisher":{"@id":"https:\/\/bahiaeconomica.com.br\/wp\/#organization"},"keywords":["ALBA","Assembleia Legislativa da Bahia","emprestimo de 1 bilh\u00e3o de reais","jer\u00f4nimo rodrigues","pedido de empr\u00e9stimo","requerimento aprovado"],"articleSection":["Pol\u00edtica"],"inLanguage":"pt-BR"},{"@type":"WebPage","@id":"https:\/\/bahiaeconomica.com.br\/wp\/2023\/11\/07\/al-ba-aprova-requerimento-que-determina-urgencia-em-voto-de-emprestimo-de-r-16-bilhao\/","url":"https:\/\/bahiaeconomica.com.br\/wp\/2023\/11\/07\/al-ba-aprova-requerimento-que-determina-urgencia-em-voto-de-emprestimo-de-r-16-bilhao\/","name":"AL-BA APROVA REQUERIMENTO QUE DETERMINA URG\u00caNCIA EM VOTO DE EMPR\u00c9STIMO DE R$ 1,6 BILH\u00c3O - Bahia Economica","isPartOf":{"@id":"https:\/\/bahiaeconomica.com.br\/wp\/#website"},"datePublished":"2023-11-07T22:49:26+00:00","dateModified":"2023-11-07T22:48:18+00:00","description":"O maior portal de Economia da Bahia Pol\u00edtica Bahia Economica A Assembleia Legislativa da Bahia (AL-BA) aprovou, na tarde desta ter\u00e7a-feira (7)","breadcrumb":{"@id":"https:\/\/bahiaeconomica.com.br\/wp\/2023\/11\/07\/al-ba-aprova-requerimento-que-determina-urgencia-em-voto-de-emprestimo-de-r-16-bilhao\/#breadcrumb"},"inLanguage":"pt-BR","potentialAction":[{"@type":"ReadAction","target":["https:\/\/bahiaeconomica.com.br\/wp\/2023\/11\/07\/al-ba-aprova-requerimento-que-determina-urgencia-em-voto-de-emprestimo-de-r-16-bilhao\/"]}]},{"@type":"BreadcrumbList","@id":"https:\/\/bahiaeconomica.com.br\/wp\/2023\/11\/07\/al-ba-aprova-requerimento-que-determina-urgencia-em-voto-de-emprestimo-de-r-16-bilhao\/#breadcrumb","itemListElement":[{"@type":"ListItem","position":1,"name":"In\u00edcio","item":"https:\/\/bahiaeconomica.com.br\/wp\/"},{"@type":"ListItem","position":2,"name":"AL-BA APROVA REQUERIMENTO QUE DETERMINA URG\u00caNCIA EM VOTO DE EMPR\u00c9STIMO DE R$ 1,6 BILH\u00c3O"}]},{"@type":"WebSite","@id":"https:\/\/bahiaeconomica.com.br\/wp\/#website","url":"https:\/\/bahiaeconomica.com.br\/wp\/","name":"Bahia Economica","description":"O maior portal de Economia da Bahia","publisher":{"@id":"https:\/\/bahiaeconomica.com.br\/wp\/#organization"},"potentialAction":[{"@type":"SearchAction","target":{"@type":"EntryPoint","urlTemplate":"https:\/\/bahiaeconomica.com.br\/wp\/?s={search_term_string}"},"query-input":"required name=search_term_string"}],"inLanguage":"pt-BR"},{"@type":"Organization","@id":"https:\/\/bahiaeconomica.com.br\/wp\/#organization","name":"Bahia Econ\u00f4mica","url":"https:\/\/bahiaeconomica.com.br\/wp\/","logo":{"@type":"ImageObject","inLanguage":"pt-BR","@id":"https:\/\/bahiaeconomica.com.br\/wp\/#\/schema\/logo\/image\/","url":"https:\/\/bahiaeconomica.com.br\/wp\/wp-content\/uploads\/2020\/12\/cropped-BE.png","contentUrl":"https:\/\/bahiaeconomica.com.br\/wp\/wp-content\/uploads\/2020\/12\/cropped-BE.png","width":512,"height":512,"caption":"Bahia Econ\u00f4mica"},"image":{"@id":"https:\/\/bahiaeconomica.com.br\/wp\/#\/schema\/logo\/image\/"},"sameAs":["https:\/\/www.facebook.com\/bahiaeconomica"]},{"@type":"Person","@id":"https:\/\/bahiaeconomica.com.br\/wp\/#\/schema\/person\/547396bb3b39ebb828ab5807d982c42f","name":"Emily Oliveira","sameAs":["https:\/\/bahiaeconomica.com.br\/wp\/"],"url":"https:\/\/bahiaeconomica.com.br\/wp\/author\/emily-oliveira\/"}]}},"views":15,"_links":{"self":[{"href":"https:\/\/bahiaeconomica.com.br\/wp\/wp-json\/wp\/v2\/posts\/775772"}],"collection":[{"href":"https:\/\/bahiaeconomica.com.br\/wp\/wp-json\/wp\/v2\/posts"}],"about":[{"href":"https:\/\/bahiaeconomica.com.br\/wp\/wp-json\/wp\/v2\/types\/post"}],"author":[{"embeddable":true,"href":"https:\/\/bahiaeconomica.com.br\/wp\/wp-json\/wp\/v2\/users\/18"}],"replies":[{"embeddable":true,"href":"https:\/\/bahiaeconomica.com.br\/wp\/wp-json\/wp\/v2\/comments?post=775772"}],"version-history":[{"count":1,"href":"https:\/\/bahiaeconomica.com.br\/wp\/wp-json\/wp\/v2\/posts\/775772\/revisions"}],"predecessor-version":[{"id":775781,"href":"https:\/\/bahiaeconomica.com.br\/wp\/wp-json\/wp\/v2\/posts\/775772\/revisions\/775781"}],"wp:featuredmedia":[{"embeddable":true,"href":"https:\/\/bahiaeconomica.com.br\/wp\/wp-json\/wp\/v2\/media\/775779"}],"wp:attachment":[{"href":"https:\/\/bahiaeconomica.com.br\/wp\/wp-json\/wp\/v2\/media?parent=775772"}],"wp:term":[{"taxonomy":"category","embeddable":true,"href":"https:\/\/bahiaeconomica.com.br\/wp\/wp-json\/wp\/v2\/categories?post=775772"},{"taxonomy":"post_tag","embeddable":true,"href":"https:\/\/bahiaeconomica.com.br\/wp\/wp-json\/wp\/v2\/tags?post=775772"}],"curies":[{"name":"wp","href":"https:\/\/api.w.org\/{rel}","templated":true}]}}