{"id":775410,"date":"2023-11-06T19:29:57","date_gmt":"2023-11-06T22:29:57","guid":{"rendered":"https:\/\/bahiaeconomica.com.br\/wp\/?p=775410"},"modified":"2023-11-06T19:30:31","modified_gmt":"2023-11-06T22:30:31","slug":"b3-e-bolsas-de-ny-tem-horario-de-fechamento-alterado-a-partir-desta-segunda-feira-6","status":"publish","type":"post","link":"https:\/\/bahiaeconomica.com.br\/wp\/2023\/11\/06\/b3-e-bolsas-de-ny-tem-horario-de-fechamento-alterado-a-partir-desta-segunda-feira-6\/","title":{"rendered":"B3 E BOLSAS DE NY T\u00caM HOR\u00c1RIO DE FECHAMENTO ALTERADO A PARTIR DESTA SEGUNDA-FEIRA (6)"},"content":{"rendered":"<p>O B3, principal \u00edndice da bolsa brasileira, vai fechar quase 1h mais tarde para acompanhar o fim do hor\u00e1rio de ver\u00e3o em Nova York, que passar\u00e1 a operar das 11h30 \u00e0s 18h.<\/p>\n<p>O hor\u00e1rio de abertura do Ibovespa segue o mesmo, portanto, a bolsa continuar\u00e1 abrindo \u00e0s 10h. No entanto, o hor\u00e1rio de fechamento vai passar das 17h para \u00e0s 17h55.<\/p>\n<p>No mercado a termo, as negocia\u00e7\u00f5es acontecer\u00e3o das 10h \u00e0s 18h25, no de op\u00e7\u00f5es, das 10h05 at\u00e9 17h55 e no mercado futuro de c\u00e2mbio, o preg\u00e3o funcionar\u00e1 das 9h \u00e0s 18h30.<\/p>\n<p><strong>Foto: Diana Cheng | Money Times<\/strong><\/p>\n","protected":false},"excerpt":{"rendered":"<p>O B3, principal \u00edndice da bolsa brasileira, vai fechar quase 1h mais tarde para acompanhar o fim do hor\u00e1rio de ver\u00e3o em Nova York, que passar\u00e1 a operar das 11h30 \u00e0s 18h. O hor\u00e1rio de abertura do Ibovespa segue o mesmo, portanto, a bolsa continuar\u00e1 abrindo \u00e0s 10h. No entanto, o hor\u00e1rio de fechamento vai [&hellip;]<\/p>\n","protected":false},"author":18,"featured_media":775411,"comment_status":"closed","ping_status":"closed","sticky":false,"template":"","format":"standard","meta":[],"categories":[3],"tags":[133,136,134,22469,896,22470],"acf":[],"yoast_head":"<!-- This site is optimized with the Yoast SEO plugin v20.8 - https:\/\/yoast.com\/wordpress\/plugins\/seo\/ -->\n<title>B3 E BOLSAS DE NY T\u00caM HOR\u00c1RIO DE FECHAMENTO ALTERADO A PARTIR DESTA SEGUNDA-FEIRA (6) - Bahia Economica<\/title>\n<meta name=\"description\" content=\"O maior portal de Economia da Bahia ECONOMIA \/ POL\u00cdTICA Bahia Economica O B3, principal \u00edndice da bolsa brasileira, vai fechar quase 1h\" \/>\n<meta name=\"robots\" content=\"index, follow, max-snippet:-1, max-image-preview:large, max-video-preview:-1\" \/>\n<link rel=\"canonical\" href=\"https:\/\/bahiaeconomica.com.br\/wp\/2023\/11\/06\/b3-e-bolsas-de-ny-tem-horario-de-fechamento-alterado-a-partir-desta-segunda-feira-6\/\" \/>\n<meta property=\"og:locale\" content=\"pt_BR\" \/>\n<meta property=\"og:type\" content=\"article\" \/>\n<meta property=\"og:title\" content=\"B3 E BOLSAS DE NY T\u00caM HOR\u00c1RIO DE FECHAMENTO ALTERADO A PARTIR DESTA SEGUNDA-FEIRA (6) - Bahia Economica\" \/>\n<meta property=\"og:description\" content=\"O maior portal de Economia da Bahia ECONOMIA \/ POL\u00cdTICA Bahia Economica O B3, principal \u00edndice da bolsa brasileira, vai fechar quase 1h\" \/>\n<meta property=\"og:url\" content=\"https:\/\/bahiaeconomica.com.br\/wp\/2023\/11\/06\/b3-e-bolsas-de-ny-tem-horario-de-fechamento-alterado-a-partir-desta-segunda-feira-6\/\" \/>\n<meta property=\"og:site_name\" content=\"Bahia Economica\" \/>\n<meta property=\"article:publisher\" content=\"https:\/\/www.facebook.com\/bahiaeconomica\" \/>\n<meta property=\"article:published_time\" content=\"2023-11-06T22:29:57+00:00\" \/>\n<meta property=\"article:modified_time\" content=\"2023-11-06T22:30:31+00:00\" \/>\n<meta property=\"og:image\" content=\"https:\/\/bahiaeconomica.com.br\/wp\/wp-content\/uploads\/2023\/11\/B3-e-bolsas-de-NY-mudam-horario-de-fechamento-a-pa0124798500202311061854-ScaleDownProportional.webp\" \/>\n\t<meta property=\"og:image:width\" content=\"1199\" \/>\n\t<meta property=\"og:image:height\" content=\"637\" \/>\n\t<meta property=\"og:image:type\" content=\"image\/webp\" \/>\n<meta name=\"author\" content=\"Emily Oliveira\" \/>\n<meta name=\"twitter:card\" content=\"summary_large_image\" \/>\n<meta name=\"twitter:label1\" content=\"Escrito por\" \/>\n\t<meta name=\"twitter:data1\" content=\"Emily Oliveira\" \/>\n\t<meta name=\"twitter:label2\" content=\"Est. tempo de leitura\" \/>\n\t<meta name=\"twitter:data2\" content=\"1 minuto\" \/>\n<script type=\"application\/ld+json\" class=\"yoast-schema-graph\">{\"@context\":\"https:\/\/schema.org\",\"@graph\":[{\"@type\":\"Article\",\"@id\":\"https:\/\/bahiaeconomica.com.br\/wp\/2023\/11\/06\/b3-e-bolsas-de-ny-tem-horario-de-fechamento-alterado-a-partir-desta-segunda-feira-6\/#article\",\"isPartOf\":{\"@id\":\"https:\/\/bahiaeconomica.com.br\/wp\/2023\/11\/06\/b3-e-bolsas-de-ny-tem-horario-de-fechamento-alterado-a-partir-desta-segunda-feira-6\/\"},\"author\":{\"name\":\"Emily Oliveira\",\"@id\":\"https:\/\/bahiaeconomica.com.br\/wp\/#\/schema\/person\/547396bb3b39ebb828ab5807d982c42f\"},\"headline\":\"B3 E BOLSAS DE NY T\u00caM HOR\u00c1RIO DE FECHAMENTO ALTERADO A PARTIR DESTA SEGUNDA-FEIRA (6)\",\"datePublished\":\"2023-11-06T22:29:57+00:00\",\"dateModified\":\"2023-11-06T22:30:31+00:00\",\"mainEntityOfPage\":{\"@id\":\"https:\/\/bahiaeconomica.com.br\/wp\/2023\/11\/06\/b3-e-bolsas-de-ny-tem-horario-de-fechamento-alterado-a-partir-desta-segunda-feira-6\/\"},\"wordCount\":122,\"publisher\":{\"@id\":\"https:\/\/bahiaeconomica.com.br\/wp\/#organization\"},\"keywords\":[\"Bolsa de valores\",\"D\u00f3lar\",\"Ibovespa\",\"mercado de a\u00e7\u00f5es\",\"mercado financeiro\",\"novo hor\u00e1rio\"],\"articleSection\":[\"ECONOMIA \/ POL\u00cdTICA\"],\"inLanguage\":\"pt-BR\"},{\"@type\":\"WebPage\",\"@id\":\"https:\/\/bahiaeconomica.com.br\/wp\/2023\/11\/06\/b3-e-bolsas-de-ny-tem-horario-de-fechamento-alterado-a-partir-desta-segunda-feira-6\/\",\"url\":\"https:\/\/bahiaeconomica.com.br\/wp\/2023\/11\/06\/b3-e-bolsas-de-ny-tem-horario-de-fechamento-alterado-a-partir-desta-segunda-feira-6\/\",\"name\":\"B3 E BOLSAS DE NY T\u00caM HOR\u00c1RIO DE FECHAMENTO ALTERADO A PARTIR DESTA SEGUNDA-FEIRA (6) - Bahia Economica\",\"isPartOf\":{\"@id\":\"https:\/\/bahiaeconomica.com.br\/wp\/#website\"},\"datePublished\":\"2023-11-06T22:29:57+00:00\",\"dateModified\":\"2023-11-06T22:30:31+00:00\",\"description\":\"O maior portal de Economia da Bahia ECONOMIA \/ POL\u00cdTICA Bahia Economica O B3, principal \u00edndice da bolsa brasileira, vai fechar quase 1h\",\"breadcrumb\":{\"@id\":\"https:\/\/bahiaeconomica.com.br\/wp\/2023\/11\/06\/b3-e-bolsas-de-ny-tem-horario-de-fechamento-alterado-a-partir-desta-segunda-feira-6\/#breadcrumb\"},\"inLanguage\":\"pt-BR\",\"potentialAction\":[{\"@type\":\"ReadAction\",\"target\":[\"https:\/\/bahiaeconomica.com.br\/wp\/2023\/11\/06\/b3-e-bolsas-de-ny-tem-horario-de-fechamento-alterado-a-partir-desta-segunda-feira-6\/\"]}]},{\"@type\":\"BreadcrumbList\",\"@id\":\"https:\/\/bahiaeconomica.com.br\/wp\/2023\/11\/06\/b3-e-bolsas-de-ny-tem-horario-de-fechamento-alterado-a-partir-desta-segunda-feira-6\/#breadcrumb\",\"itemListElement\":[{\"@type\":\"ListItem\",\"position\":1,\"name\":\"In\u00edcio\",\"item\":\"https:\/\/bahiaeconomica.com.br\/wp\/\"},{\"@type\":\"ListItem\",\"position\":2,\"name\":\"B3 E BOLSAS DE NY T\u00caM HOR\u00c1RIO DE FECHAMENTO ALTERADO A PARTIR DESTA SEGUNDA-FEIRA (6)\"}]},{\"@type\":\"WebSite\",\"@id\":\"https:\/\/bahiaeconomica.com.br\/wp\/#website\",\"url\":\"https:\/\/bahiaeconomica.com.br\/wp\/\",\"name\":\"Bahia Economica\",\"description\":\"O maior portal de Economia da Bahia\",\"publisher\":{\"@id\":\"https:\/\/bahiaeconomica.com.br\/wp\/#organization\"},\"potentialAction\":[{\"@type\":\"SearchAction\",\"target\":{\"@type\":\"EntryPoint\",\"urlTemplate\":\"https:\/\/bahiaeconomica.com.br\/wp\/?s={search_term_string}\"},\"query-input\":\"required name=search_term_string\"}],\"inLanguage\":\"pt-BR\"},{\"@type\":\"Organization\",\"@id\":\"https:\/\/bahiaeconomica.com.br\/wp\/#organization\",\"name\":\"Bahia Econ\u00f4mica\",\"url\":\"https:\/\/bahiaeconomica.com.br\/wp\/\",\"logo\":{\"@type\":\"ImageObject\",\"inLanguage\":\"pt-BR\",\"@id\":\"https:\/\/bahiaeconomica.com.br\/wp\/#\/schema\/logo\/image\/\",\"url\":\"https:\/\/bahiaeconomica.com.br\/wp\/wp-content\/uploads\/2020\/12\/cropped-BE.png\",\"contentUrl\":\"https:\/\/bahiaeconomica.com.br\/wp\/wp-content\/uploads\/2020\/12\/cropped-BE.png\",\"width\":512,\"height\":512,\"caption\":\"Bahia Econ\u00f4mica\"},\"image\":{\"@id\":\"https:\/\/bahiaeconomica.com.br\/wp\/#\/schema\/logo\/image\/\"},\"sameAs\":[\"https:\/\/www.facebook.com\/bahiaeconomica\"]},{\"@type\":\"Person\",\"@id\":\"https:\/\/bahiaeconomica.com.br\/wp\/#\/schema\/person\/547396bb3b39ebb828ab5807d982c42f\",\"name\":\"Emily Oliveira\",\"sameAs\":[\"https:\/\/bahiaeconomica.com.br\/wp\/\"],\"url\":\"https:\/\/bahiaeconomica.com.br\/wp\/author\/emily-oliveira\/\"}]}<\/script>\n<!-- \/ Yoast SEO plugin. -->","yoast_head_json":{"title":"B3 E BOLSAS DE NY T\u00caM HOR\u00c1RIO DE FECHAMENTO ALTERADO A PARTIR DESTA SEGUNDA-FEIRA (6) - Bahia Economica","description":"O maior portal de Economia da Bahia ECONOMIA \/ POL\u00cdTICA Bahia Economica O B3, principal \u00edndice da bolsa brasileira, vai fechar quase 1h","robots":{"index":"index","follow":"follow","max-snippet":"max-snippet:-1","max-image-preview":"max-image-preview:large","max-video-preview":"max-video-preview:-1"},"canonical":"https:\/\/bahiaeconomica.com.br\/wp\/2023\/11\/06\/b3-e-bolsas-de-ny-tem-horario-de-fechamento-alterado-a-partir-desta-segunda-feira-6\/","og_locale":"pt_BR","og_type":"article","og_title":"B3 E BOLSAS DE NY T\u00caM HOR\u00c1RIO DE FECHAMENTO ALTERADO A PARTIR DESTA SEGUNDA-FEIRA (6) - Bahia Economica","og_description":"O maior portal de Economia da Bahia ECONOMIA \/ POL\u00cdTICA Bahia Economica O B3, principal \u00edndice da bolsa brasileira, vai fechar quase 1h","og_url":"https:\/\/bahiaeconomica.com.br\/wp\/2023\/11\/06\/b3-e-bolsas-de-ny-tem-horario-de-fechamento-alterado-a-partir-desta-segunda-feira-6\/","og_site_name":"Bahia Economica","article_publisher":"https:\/\/www.facebook.com\/bahiaeconomica","article_published_time":"2023-11-06T22:29:57+00:00","article_modified_time":"2023-11-06T22:30:31+00:00","og_image":[{"width":1199,"height":637,"url":"https:\/\/bahiaeconomica.com.br\/wp\/wp-content\/uploads\/2023\/11\/B3-e-bolsas-de-NY-mudam-horario-de-fechamento-a-pa0124798500202311061854-ScaleDownProportional.webp","type":"image\/webp"}],"author":"Emily Oliveira","twitter_card":"summary_large_image","twitter_misc":{"Escrito por":"Emily Oliveira","Est. tempo de leitura":"1 minuto"},"schema":{"@context":"https:\/\/schema.org","@graph":[{"@type":"Article","@id":"https:\/\/bahiaeconomica.com.br\/wp\/2023\/11\/06\/b3-e-bolsas-de-ny-tem-horario-de-fechamento-alterado-a-partir-desta-segunda-feira-6\/#article","isPartOf":{"@id":"https:\/\/bahiaeconomica.com.br\/wp\/2023\/11\/06\/b3-e-bolsas-de-ny-tem-horario-de-fechamento-alterado-a-partir-desta-segunda-feira-6\/"},"author":{"name":"Emily Oliveira","@id":"https:\/\/bahiaeconomica.com.br\/wp\/#\/schema\/person\/547396bb3b39ebb828ab5807d982c42f"},"headline":"B3 E BOLSAS DE NY T\u00caM HOR\u00c1RIO DE FECHAMENTO ALTERADO A PARTIR DESTA SEGUNDA-FEIRA (6)","datePublished":"2023-11-06T22:29:57+00:00","dateModified":"2023-11-06T22:30:31+00:00","mainEntityOfPage":{"@id":"https:\/\/bahiaeconomica.com.br\/wp\/2023\/11\/06\/b3-e-bolsas-de-ny-tem-horario-de-fechamento-alterado-a-partir-desta-segunda-feira-6\/"},"wordCount":122,"publisher":{"@id":"https:\/\/bahiaeconomica.com.br\/wp\/#organization"},"keywords":["Bolsa de valores","D\u00f3lar","Ibovespa","mercado de a\u00e7\u00f5es","mercado financeiro","novo hor\u00e1rio"],"articleSection":["ECONOMIA \/ POL\u00cdTICA"],"inLanguage":"pt-BR"},{"@type":"WebPage","@id":"https:\/\/bahiaeconomica.com.br\/wp\/2023\/11\/06\/b3-e-bolsas-de-ny-tem-horario-de-fechamento-alterado-a-partir-desta-segunda-feira-6\/","url":"https:\/\/bahiaeconomica.com.br\/wp\/2023\/11\/06\/b3-e-bolsas-de-ny-tem-horario-de-fechamento-alterado-a-partir-desta-segunda-feira-6\/","name":"B3 E BOLSAS DE NY T\u00caM HOR\u00c1RIO DE FECHAMENTO ALTERADO A PARTIR DESTA SEGUNDA-FEIRA (6) - Bahia Economica","isPartOf":{"@id":"https:\/\/bahiaeconomica.com.br\/wp\/#website"},"datePublished":"2023-11-06T22:29:57+00:00","dateModified":"2023-11-06T22:30:31+00:00","description":"O maior portal de Economia da Bahia ECONOMIA \/ POL\u00cdTICA Bahia Economica O B3, principal \u00edndice da bolsa brasileira, vai fechar quase 1h","breadcrumb":{"@id":"https:\/\/bahiaeconomica.com.br\/wp\/2023\/11\/06\/b3-e-bolsas-de-ny-tem-horario-de-fechamento-alterado-a-partir-desta-segunda-feira-6\/#breadcrumb"},"inLanguage":"pt-BR","potentialAction":[{"@type":"ReadAction","target":["https:\/\/bahiaeconomica.com.br\/wp\/2023\/11\/06\/b3-e-bolsas-de-ny-tem-horario-de-fechamento-alterado-a-partir-desta-segunda-feira-6\/"]}]},{"@type":"BreadcrumbList","@id":"https:\/\/bahiaeconomica.com.br\/wp\/2023\/11\/06\/b3-e-bolsas-de-ny-tem-horario-de-fechamento-alterado-a-partir-desta-segunda-feira-6\/#breadcrumb","itemListElement":[{"@type":"ListItem","position":1,"name":"In\u00edcio","item":"https:\/\/bahiaeconomica.com.br\/wp\/"},{"@type":"ListItem","position":2,"name":"B3 E BOLSAS DE NY T\u00caM HOR\u00c1RIO DE FECHAMENTO ALTERADO A PARTIR DESTA SEGUNDA-FEIRA (6)"}]},{"@type":"WebSite","@id":"https:\/\/bahiaeconomica.com.br\/wp\/#website","url":"https:\/\/bahiaeconomica.com.br\/wp\/","name":"Bahia Economica","description":"O maior portal de Economia da Bahia","publisher":{"@id":"https:\/\/bahiaeconomica.com.br\/wp\/#organization"},"potentialAction":[{"@type":"SearchAction","target":{"@type":"EntryPoint","urlTemplate":"https:\/\/bahiaeconomica.com.br\/wp\/?s={search_term_string}"},"query-input":"required name=search_term_string"}],"inLanguage":"pt-BR"},{"@type":"Organization","@id":"https:\/\/bahiaeconomica.com.br\/wp\/#organization","name":"Bahia Econ\u00f4mica","url":"https:\/\/bahiaeconomica.com.br\/wp\/","logo":{"@type":"ImageObject","inLanguage":"pt-BR","@id":"https:\/\/bahiaeconomica.com.br\/wp\/#\/schema\/logo\/image\/","url":"https:\/\/bahiaeconomica.com.br\/wp\/wp-content\/uploads\/2020\/12\/cropped-BE.png","contentUrl":"https:\/\/bahiaeconomica.com.br\/wp\/wp-content\/uploads\/2020\/12\/cropped-BE.png","width":512,"height":512,"caption":"Bahia Econ\u00f4mica"},"image":{"@id":"https:\/\/bahiaeconomica.com.br\/wp\/#\/schema\/logo\/image\/"},"sameAs":["https:\/\/www.facebook.com\/bahiaeconomica"]},{"@type":"Person","@id":"https:\/\/bahiaeconomica.com.br\/wp\/#\/schema\/person\/547396bb3b39ebb828ab5807d982c42f","name":"Emily Oliveira","sameAs":["https:\/\/bahiaeconomica.com.br\/wp\/"],"url":"https:\/\/bahiaeconomica.com.br\/wp\/author\/emily-oliveira\/"}]}},"views":6,"_links":{"self":[{"href":"https:\/\/bahiaeconomica.com.br\/wp\/wp-json\/wp\/v2\/posts\/775410"}],"collection":[{"href":"https:\/\/bahiaeconomica.com.br\/wp\/wp-json\/wp\/v2\/posts"}],"about":[{"href":"https:\/\/bahiaeconomica.com.br\/wp\/wp-json\/wp\/v2\/types\/post"}],"author":[{"embeddable":true,"href":"https:\/\/bahiaeconomica.com.br\/wp\/wp-json\/wp\/v2\/users\/18"}],"replies":[{"embeddable":true,"href":"https:\/\/bahiaeconomica.com.br\/wp\/wp-json\/wp\/v2\/comments?post=775410"}],"version-history":[{"count":1,"href":"https:\/\/bahiaeconomica.com.br\/wp\/wp-json\/wp\/v2\/posts\/775410\/revisions"}],"predecessor-version":[{"id":775412,"href":"https:\/\/bahiaeconomica.com.br\/wp\/wp-json\/wp\/v2\/posts\/775410\/revisions\/775412"}],"wp:featuredmedia":[{"embeddable":true,"href":"https:\/\/bahiaeconomica.com.br\/wp\/wp-json\/wp\/v2\/media\/775411"}],"wp:attachment":[{"href":"https:\/\/bahiaeconomica.com.br\/wp\/wp-json\/wp\/v2\/media?parent=775410"}],"wp:term":[{"taxonomy":"category","embeddable":true,"href":"https:\/\/bahiaeconomica.com.br\/wp\/wp-json\/wp\/v2\/categories?post=775410"},{"taxonomy":"post_tag","embeddable":true,"href":"https:\/\/bahiaeconomica.com.br\/wp\/wp-json\/wp\/v2\/tags?post=775410"}],"curies":[{"name":"wp","href":"https:\/\/api.w.org\/{rel}","templated":true}]}}