{"id":775146,"date":"2023-11-06T08:59:05","date_gmt":"2023-11-06T11:59:05","guid":{"rendered":"https:\/\/bahiaeconomica.com.br\/wp\/?p=775146"},"modified":"2023-11-06T07:31:13","modified_gmt":"2023-11-06T10:31:13","slug":"lula-indica-fim-de-taxa-de-inscricao-para-prova-do-enem-2024","status":"publish","type":"post","link":"https:\/\/bahiaeconomica.com.br\/wp\/2023\/11\/06\/lula-indica-fim-de-taxa-de-inscricao-para-prova-do-enem-2024\/","title":{"rendered":"LULA INDICA FIM DE TAXA DE INSCRI\u00c7\u00c3O PARA PROVA DO ENEM 2024"},"content":{"rendered":"<p>O presidente Luiz In\u00e1cio Lula da Silva (PT) disse que pretende trabalhar para que em 2024 os candidatos n\u00e3o precisem pagar para fazer o Exame Nacional do Ensino M\u00e9dio (Enem). \u201cInvestir em educa\u00e7\u00e3o n\u00e3o \u00e9 gasto \u00e9 investimento. A gente vai se encaminhar para que as pessoas n\u00e3o precisem sequer pagar taxa do Enem\u201d, disse durante visita \u00e0 sede do Inep (Instituto Nacional de Estudos e Pesquisas Educacionais), em Bras\u00edlia, junto com o ministro da Educa\u00e7\u00e3o, Camilo Santana.<\/p>\n<p>Cerca de 3,9 milh\u00f5es de estudantes se inscreveram para as provas em todo o pa\u00eds. \u201cTemos que fazer uma combina\u00e7\u00e3o para que se torne mais atrativa para os jovens fazerem o seu Enem e entrarem na universidade\u201d, disse. Atualmente, a taxa de inscri\u00e7\u00e3o da prova \u00e9 de R$ 85 e o valor pode ser pago por boleto, PIX, cart\u00e3o de cr\u00e9dito, d\u00e9bito em conta corrente ou poupan\u00e7a (a depender do banco).<\/p>\n<p>O Inep prev\u00ea a participa\u00e7\u00e3o gratuita a pessoas que est\u00e3o matriculadas na terceira s\u00e9rie do ensino m\u00e9dio, em escola da rede p\u00fablica declarada ao Censo Escolar e quem fez todo o ensino m\u00e9dio em escola p\u00fablica ou como bolsista integral em escola privada. Al\u00e9m de pessoas em situa\u00e7\u00e3o de vulnerabilidade socioecon\u00f4mica por serem membros de fam\u00edlia de baixa renda.<\/p>\n<p>O exame \u00e9 uma das principais portas de entrada no ensino superior por meio da plataforma Sisu (Sistema de Sele\u00e7\u00e3o Unificada), al\u00e9m de ser usado para ter acesso ao Fies (Financiamento Estudantil) e ao Prouni (Programa Universidade para Todos). Suas notas tamb\u00e9m s\u00e3o usadas nos processos seletivos de institui\u00e7\u00f5es p\u00fablicas e privadas Brasil afora.<\/p>\n<p>Foto: Rafa Neddermeyer\/Ag\u00eancia Brasil<\/p>\n","protected":false},"excerpt":{"rendered":"<p>O presidente Luiz In\u00e1cio Lula da Silva (PT) disse que pretende trabalhar para que em 2024 os candidatos n\u00e3o precisem pagar para fazer o Exame Nacional do Ensino M\u00e9dio (Enem). \u201cInvestir em educa\u00e7\u00e3o n\u00e3o \u00e9 gasto \u00e9 investimento. A gente vai se encaminhar para que as pessoas n\u00e3o precisem sequer pagar taxa do Enem\u201d, disse [&hellip;]<\/p>\n","protected":false},"author":8,"featured_media":775147,"comment_status":"closed","ping_status":"closed","sticky":false,"template":"","format":"standard","meta":[],"categories":[14,14601],"tags":[85,52,254,100],"acf":[],"yoast_head":"<!-- This site is optimized with the Yoast SEO plugin v20.8 - https:\/\/yoast.com\/wordpress\/plugins\/seo\/ -->\n<title>LULA INDICA FIM DE TAXA DE INSCRI\u00c7\u00c3O PARA PROVA DO ENEM 2024 - Bahia Economica<\/title>\n<meta name=\"description\" content=\"O maior portal de Economia da Bahia DESTAQUE DO DIA, Pol\u00edtica Bahia Economica O presidente Luiz In\u00e1cio Lula da Silva (PT) disse que\" \/>\n<meta name=\"robots\" content=\"index, follow, max-snippet:-1, max-image-preview:large, max-video-preview:-1\" \/>\n<link rel=\"canonical\" href=\"https:\/\/bahiaeconomica.com.br\/wp\/2023\/11\/06\/lula-indica-fim-de-taxa-de-inscricao-para-prova-do-enem-2024\/\" \/>\n<meta property=\"og:locale\" content=\"pt_BR\" \/>\n<meta property=\"og:type\" content=\"article\" \/>\n<meta property=\"og:title\" content=\"LULA INDICA FIM DE TAXA DE INSCRI\u00c7\u00c3O PARA PROVA DO ENEM 2024 - Bahia Economica\" \/>\n<meta property=\"og:description\" content=\"O maior portal de Economia da Bahia DESTAQUE DO DIA, Pol\u00edtica Bahia Economica O presidente Luiz In\u00e1cio Lula da Silva (PT) disse que\" \/>\n<meta property=\"og:url\" content=\"https:\/\/bahiaeconomica.com.br\/wp\/2023\/11\/06\/lula-indica-fim-de-taxa-de-inscricao-para-prova-do-enem-2024\/\" \/>\n<meta property=\"og:site_name\" content=\"Bahia Economica\" \/>\n<meta property=\"article:publisher\" content=\"https:\/\/www.facebook.com\/bahiaeconomica\" \/>\n<meta property=\"article:published_time\" content=\"2023-11-06T11:59:05+00:00\" \/>\n<meta property=\"article:modified_time\" content=\"2023-11-06T10:31:13+00:00\" \/>\n<meta property=\"og:image\" content=\"https:\/\/bahiaeconomica.com.br\/wp\/wp-content\/uploads\/2023\/11\/Lula-Gaza.png\" \/>\n\t<meta property=\"og:image:width\" content=\"600\" \/>\n\t<meta property=\"og:image:height\" content=\"420\" \/>\n\t<meta property=\"og:image:type\" content=\"image\/png\" \/>\n<meta name=\"author\" content=\"JP\" \/>\n<meta name=\"twitter:card\" content=\"summary_large_image\" \/>\n<meta name=\"twitter:label1\" content=\"Escrito por\" \/>\n\t<meta name=\"twitter:data1\" content=\"JP\" \/>\n\t<meta name=\"twitter:label2\" content=\"Est. tempo de leitura\" \/>\n\t<meta name=\"twitter:data2\" content=\"2 minutos\" \/>\n<script type=\"application\/ld+json\" class=\"yoast-schema-graph\">{\"@context\":\"https:\/\/schema.org\",\"@graph\":[{\"@type\":\"Article\",\"@id\":\"https:\/\/bahiaeconomica.com.br\/wp\/2023\/11\/06\/lula-indica-fim-de-taxa-de-inscricao-para-prova-do-enem-2024\/#article\",\"isPartOf\":{\"@id\":\"https:\/\/bahiaeconomica.com.br\/wp\/2023\/11\/06\/lula-indica-fim-de-taxa-de-inscricao-para-prova-do-enem-2024\/\"},\"author\":{\"name\":\"JP\",\"@id\":\"https:\/\/bahiaeconomica.com.br\/wp\/#\/schema\/person\/c86d3a3f8960425a0f9d0e5245991f4e\"},\"headline\":\"LULA INDICA FIM DE TAXA DE INSCRI\u00c7\u00c3O PARA PROVA DO ENEM 2024\",\"datePublished\":\"2023-11-06T11:59:05+00:00\",\"dateModified\":\"2023-11-06T10:31:13+00:00\",\"mainEntityOfPage\":{\"@id\":\"https:\/\/bahiaeconomica.com.br\/wp\/2023\/11\/06\/lula-indica-fim-de-taxa-de-inscricao-para-prova-do-enem-2024\/\"},\"wordCount\":305,\"publisher\":{\"@id\":\"https:\/\/bahiaeconomica.com.br\/wp\/#organization\"},\"keywords\":[\"Bahia\",\"Brasil\",\"ENEM\",\"Pol\u00edtica\"],\"articleSection\":[\"DESTAQUE DO DIA\",\"Pol\u00edtica\"],\"inLanguage\":\"pt-BR\"},{\"@type\":\"WebPage\",\"@id\":\"https:\/\/bahiaeconomica.com.br\/wp\/2023\/11\/06\/lula-indica-fim-de-taxa-de-inscricao-para-prova-do-enem-2024\/\",\"url\":\"https:\/\/bahiaeconomica.com.br\/wp\/2023\/11\/06\/lula-indica-fim-de-taxa-de-inscricao-para-prova-do-enem-2024\/\",\"name\":\"LULA INDICA FIM DE TAXA DE INSCRI\u00c7\u00c3O PARA PROVA DO ENEM 2024 - Bahia Economica\",\"isPartOf\":{\"@id\":\"https:\/\/bahiaeconomica.com.br\/wp\/#website\"},\"datePublished\":\"2023-11-06T11:59:05+00:00\",\"dateModified\":\"2023-11-06T10:31:13+00:00\",\"description\":\"O maior portal de Economia da Bahia DESTAQUE DO DIA, Pol\u00edtica Bahia Economica O presidente Luiz In\u00e1cio Lula da Silva (PT) disse que\",\"breadcrumb\":{\"@id\":\"https:\/\/bahiaeconomica.com.br\/wp\/2023\/11\/06\/lula-indica-fim-de-taxa-de-inscricao-para-prova-do-enem-2024\/#breadcrumb\"},\"inLanguage\":\"pt-BR\",\"potentialAction\":[{\"@type\":\"ReadAction\",\"target\":[\"https:\/\/bahiaeconomica.com.br\/wp\/2023\/11\/06\/lula-indica-fim-de-taxa-de-inscricao-para-prova-do-enem-2024\/\"]}]},{\"@type\":\"BreadcrumbList\",\"@id\":\"https:\/\/bahiaeconomica.com.br\/wp\/2023\/11\/06\/lula-indica-fim-de-taxa-de-inscricao-para-prova-do-enem-2024\/#breadcrumb\",\"itemListElement\":[{\"@type\":\"ListItem\",\"position\":1,\"name\":\"In\u00edcio\",\"item\":\"https:\/\/bahiaeconomica.com.br\/wp\/\"},{\"@type\":\"ListItem\",\"position\":2,\"name\":\"LULA INDICA FIM DE TAXA DE INSCRI\u00c7\u00c3O PARA PROVA DO ENEM 2024\"}]},{\"@type\":\"WebSite\",\"@id\":\"https:\/\/bahiaeconomica.com.br\/wp\/#website\",\"url\":\"https:\/\/bahiaeconomica.com.br\/wp\/\",\"name\":\"Bahia Economica\",\"description\":\"O maior portal de Economia da Bahia\",\"publisher\":{\"@id\":\"https:\/\/bahiaeconomica.com.br\/wp\/#organization\"},\"potentialAction\":[{\"@type\":\"SearchAction\",\"target\":{\"@type\":\"EntryPoint\",\"urlTemplate\":\"https:\/\/bahiaeconomica.com.br\/wp\/?s={search_term_string}\"},\"query-input\":\"required name=search_term_string\"}],\"inLanguage\":\"pt-BR\"},{\"@type\":\"Organization\",\"@id\":\"https:\/\/bahiaeconomica.com.br\/wp\/#organization\",\"name\":\"Bahia Econ\u00f4mica\",\"url\":\"https:\/\/bahiaeconomica.com.br\/wp\/\",\"logo\":{\"@type\":\"ImageObject\",\"inLanguage\":\"pt-BR\",\"@id\":\"https:\/\/bahiaeconomica.com.br\/wp\/#\/schema\/logo\/image\/\",\"url\":\"https:\/\/bahiaeconomica.com.br\/wp\/wp-content\/uploads\/2020\/12\/cropped-BE.png\",\"contentUrl\":\"https:\/\/bahiaeconomica.com.br\/wp\/wp-content\/uploads\/2020\/12\/cropped-BE.png\",\"width\":512,\"height\":512,\"caption\":\"Bahia Econ\u00f4mica\"},\"image\":{\"@id\":\"https:\/\/bahiaeconomica.com.br\/wp\/#\/schema\/logo\/image\/\"},\"sameAs\":[\"https:\/\/www.facebook.com\/bahiaeconomica\"]},{\"@type\":\"Person\",\"@id\":\"https:\/\/bahiaeconomica.com.br\/wp\/#\/schema\/person\/c86d3a3f8960425a0f9d0e5245991f4e\",\"name\":\"JP\",\"sameAs\":[\"https:\/\/bahiaeconomica.com.br\/wp\/beta\/\"],\"url\":\"https:\/\/bahiaeconomica.com.br\/wp\/author\/jp\/\"}]}<\/script>\n<!-- \/ Yoast SEO plugin. -->","yoast_head_json":{"title":"LULA INDICA FIM DE TAXA DE INSCRI\u00c7\u00c3O PARA PROVA DO ENEM 2024 - Bahia Economica","description":"O maior portal de Economia da Bahia DESTAQUE DO DIA, Pol\u00edtica Bahia Economica O presidente Luiz In\u00e1cio Lula da Silva (PT) disse que","robots":{"index":"index","follow":"follow","max-snippet":"max-snippet:-1","max-image-preview":"max-image-preview:large","max-video-preview":"max-video-preview:-1"},"canonical":"https:\/\/bahiaeconomica.com.br\/wp\/2023\/11\/06\/lula-indica-fim-de-taxa-de-inscricao-para-prova-do-enem-2024\/","og_locale":"pt_BR","og_type":"article","og_title":"LULA INDICA FIM DE TAXA DE INSCRI\u00c7\u00c3O PARA PROVA DO ENEM 2024 - Bahia Economica","og_description":"O maior portal de Economia da Bahia DESTAQUE DO DIA, Pol\u00edtica Bahia Economica O presidente Luiz In\u00e1cio Lula da Silva (PT) disse que","og_url":"https:\/\/bahiaeconomica.com.br\/wp\/2023\/11\/06\/lula-indica-fim-de-taxa-de-inscricao-para-prova-do-enem-2024\/","og_site_name":"Bahia Economica","article_publisher":"https:\/\/www.facebook.com\/bahiaeconomica","article_published_time":"2023-11-06T11:59:05+00:00","article_modified_time":"2023-11-06T10:31:13+00:00","og_image":[{"width":600,"height":420,"url":"https:\/\/bahiaeconomica.com.br\/wp\/wp-content\/uploads\/2023\/11\/Lula-Gaza.png","type":"image\/png"}],"author":"JP","twitter_card":"summary_large_image","twitter_misc":{"Escrito por":"JP","Est. tempo de leitura":"2 minutos"},"schema":{"@context":"https:\/\/schema.org","@graph":[{"@type":"Article","@id":"https:\/\/bahiaeconomica.com.br\/wp\/2023\/11\/06\/lula-indica-fim-de-taxa-de-inscricao-para-prova-do-enem-2024\/#article","isPartOf":{"@id":"https:\/\/bahiaeconomica.com.br\/wp\/2023\/11\/06\/lula-indica-fim-de-taxa-de-inscricao-para-prova-do-enem-2024\/"},"author":{"name":"JP","@id":"https:\/\/bahiaeconomica.com.br\/wp\/#\/schema\/person\/c86d3a3f8960425a0f9d0e5245991f4e"},"headline":"LULA INDICA FIM DE TAXA DE INSCRI\u00c7\u00c3O PARA PROVA DO ENEM 2024","datePublished":"2023-11-06T11:59:05+00:00","dateModified":"2023-11-06T10:31:13+00:00","mainEntityOfPage":{"@id":"https:\/\/bahiaeconomica.com.br\/wp\/2023\/11\/06\/lula-indica-fim-de-taxa-de-inscricao-para-prova-do-enem-2024\/"},"wordCount":305,"publisher":{"@id":"https:\/\/bahiaeconomica.com.br\/wp\/#organization"},"keywords":["Bahia","Brasil","ENEM","Pol\u00edtica"],"articleSection":["DESTAQUE DO DIA","Pol\u00edtica"],"inLanguage":"pt-BR"},{"@type":"WebPage","@id":"https:\/\/bahiaeconomica.com.br\/wp\/2023\/11\/06\/lula-indica-fim-de-taxa-de-inscricao-para-prova-do-enem-2024\/","url":"https:\/\/bahiaeconomica.com.br\/wp\/2023\/11\/06\/lula-indica-fim-de-taxa-de-inscricao-para-prova-do-enem-2024\/","name":"LULA INDICA FIM DE TAXA DE INSCRI\u00c7\u00c3O PARA PROVA DO ENEM 2024 - Bahia Economica","isPartOf":{"@id":"https:\/\/bahiaeconomica.com.br\/wp\/#website"},"datePublished":"2023-11-06T11:59:05+00:00","dateModified":"2023-11-06T10:31:13+00:00","description":"O maior portal de Economia da Bahia DESTAQUE DO DIA, Pol\u00edtica Bahia Economica O presidente Luiz In\u00e1cio Lula da Silva (PT) disse que","breadcrumb":{"@id":"https:\/\/bahiaeconomica.com.br\/wp\/2023\/11\/06\/lula-indica-fim-de-taxa-de-inscricao-para-prova-do-enem-2024\/#breadcrumb"},"inLanguage":"pt-BR","potentialAction":[{"@type":"ReadAction","target":["https:\/\/bahiaeconomica.com.br\/wp\/2023\/11\/06\/lula-indica-fim-de-taxa-de-inscricao-para-prova-do-enem-2024\/"]}]},{"@type":"BreadcrumbList","@id":"https:\/\/bahiaeconomica.com.br\/wp\/2023\/11\/06\/lula-indica-fim-de-taxa-de-inscricao-para-prova-do-enem-2024\/#breadcrumb","itemListElement":[{"@type":"ListItem","position":1,"name":"In\u00edcio","item":"https:\/\/bahiaeconomica.com.br\/wp\/"},{"@type":"ListItem","position":2,"name":"LULA INDICA FIM DE TAXA DE INSCRI\u00c7\u00c3O PARA PROVA DO ENEM 2024"}]},{"@type":"WebSite","@id":"https:\/\/bahiaeconomica.com.br\/wp\/#website","url":"https:\/\/bahiaeconomica.com.br\/wp\/","name":"Bahia Economica","description":"O maior portal de Economia da Bahia","publisher":{"@id":"https:\/\/bahiaeconomica.com.br\/wp\/#organization"},"potentialAction":[{"@type":"SearchAction","target":{"@type":"EntryPoint","urlTemplate":"https:\/\/bahiaeconomica.com.br\/wp\/?s={search_term_string}"},"query-input":"required name=search_term_string"}],"inLanguage":"pt-BR"},{"@type":"Organization","@id":"https:\/\/bahiaeconomica.com.br\/wp\/#organization","name":"Bahia Econ\u00f4mica","url":"https:\/\/bahiaeconomica.com.br\/wp\/","logo":{"@type":"ImageObject","inLanguage":"pt-BR","@id":"https:\/\/bahiaeconomica.com.br\/wp\/#\/schema\/logo\/image\/","url":"https:\/\/bahiaeconomica.com.br\/wp\/wp-content\/uploads\/2020\/12\/cropped-BE.png","contentUrl":"https:\/\/bahiaeconomica.com.br\/wp\/wp-content\/uploads\/2020\/12\/cropped-BE.png","width":512,"height":512,"caption":"Bahia Econ\u00f4mica"},"image":{"@id":"https:\/\/bahiaeconomica.com.br\/wp\/#\/schema\/logo\/image\/"},"sameAs":["https:\/\/www.facebook.com\/bahiaeconomica"]},{"@type":"Person","@id":"https:\/\/bahiaeconomica.com.br\/wp\/#\/schema\/person\/c86d3a3f8960425a0f9d0e5245991f4e","name":"JP","sameAs":["https:\/\/bahiaeconomica.com.br\/wp\/beta\/"],"url":"https:\/\/bahiaeconomica.com.br\/wp\/author\/jp\/"}]}},"views":55,"_links":{"self":[{"href":"https:\/\/bahiaeconomica.com.br\/wp\/wp-json\/wp\/v2\/posts\/775146"}],"collection":[{"href":"https:\/\/bahiaeconomica.com.br\/wp\/wp-json\/wp\/v2\/posts"}],"about":[{"href":"https:\/\/bahiaeconomica.com.br\/wp\/wp-json\/wp\/v2\/types\/post"}],"author":[{"embeddable":true,"href":"https:\/\/bahiaeconomica.com.br\/wp\/wp-json\/wp\/v2\/users\/8"}],"replies":[{"embeddable":true,"href":"https:\/\/bahiaeconomica.com.br\/wp\/wp-json\/wp\/v2\/comments?post=775146"}],"version-history":[{"count":1,"href":"https:\/\/bahiaeconomica.com.br\/wp\/wp-json\/wp\/v2\/posts\/775146\/revisions"}],"predecessor-version":[{"id":775148,"href":"https:\/\/bahiaeconomica.com.br\/wp\/wp-json\/wp\/v2\/posts\/775146\/revisions\/775148"}],"wp:featuredmedia":[{"embeddable":true,"href":"https:\/\/bahiaeconomica.com.br\/wp\/wp-json\/wp\/v2\/media\/775147"}],"wp:attachment":[{"href":"https:\/\/bahiaeconomica.com.br\/wp\/wp-json\/wp\/v2\/media?parent=775146"}],"wp:term":[{"taxonomy":"category","embeddable":true,"href":"https:\/\/bahiaeconomica.com.br\/wp\/wp-json\/wp\/v2\/categories?post=775146"},{"taxonomy":"post_tag","embeddable":true,"href":"https:\/\/bahiaeconomica.com.br\/wp\/wp-json\/wp\/v2\/tags?post=775146"}],"curies":[{"name":"wp","href":"https:\/\/api.w.org\/{rel}","templated":true}]}}