{"id":775088,"date":"2023-11-05T07:56:30","date_gmt":"2023-11-05T10:56:30","guid":{"rendered":"https:\/\/bahiaeconomica.com.br\/wp\/?p=775088"},"modified":"2023-11-05T08:45:13","modified_gmt":"2023-11-05T11:45:13","slug":"enem-2023-maioria-e-mulher-e-tem-17-anos-veja-curiosidades","status":"publish","type":"post","link":"https:\/\/bahiaeconomica.com.br\/wp\/2023\/11\/05\/enem-2023-maioria-e-mulher-e-tem-17-anos-veja-curiosidades\/","title":{"rendered":"ENEM 2023: MAIORIA \u00c9 MULHER E TEM 17 ANOS; VEJA CURIOSIDADES"},"content":{"rendered":"<p>Neste domingo (5) e no seguinte (12), mais de 3,9 milh\u00f5es de pessoas far\u00e3o o Exame Nacional do Ensino M\u00e9dio (Enem) 2023. A maioria \u00e9 mulher, parda, tem 17 anos e j\u00e1 terminou o ensino m\u00e9dio.<\/p>\n<p>QUANTOS PAGARAM? A maior parte dos candidatos (63%) ficou isenta da taxa de inscri\u00e7\u00e3o (s\u00e3o alunos da rede p\u00fablica, bolsistas integrais de col\u00e9gios particulares e pessoas em situa\u00e7\u00e3o de vulnerabilidade socioecon\u00f4mica). Os outros 37% quitaram os boletos de R$ 85.<\/p>\n<p>O ENEM \u00c9 DELAS: No Brasil, 61,3% dos candidatos s\u00e3o mulheres, e 38,7%, homens. A Bahia \u00e9 o estado com maior presen\u00e7a feminina (65%), e o Cear\u00e1, masculina (44%).<\/p>\n<p>J\u00c1 COM DIPLOMA DA ESCOLA: Mais de 1,8 milh\u00e3o (48,2%) dos que far\u00e3o a prova j\u00e1 conclu\u00edram o ensino m\u00e9dio. Os que terminar\u00e3o esta etapa em dezembro s\u00e3o 35,6%. O restante \u00e9 de treineiros (quem ainda est\u00e1 no 1\u00ba ou no 2\u00ba ano ou quem quer testar seus conhecimentos mesmo ap\u00f3s parar de estudar no ensino fundamental).<\/p>\n<p>PERMITIDO PARA MENORES: A maior parte dos candidatos tem 17 anos (26,4%), seguida pelas faixas et\u00e1rias de 21 a 30 anos (19,4%) e de 16 ou menos (15,5%). Aqueles que t\u00eam exatamente 18 anos s\u00e3o 15,4%.<\/p>\n<p>SEMPRE \u00c9 TEMPO DE FAZER ENEM: No Brasil inteiro, os candidatos com 60 anos ou mais representam 0,3% do total. Em n\u00fameros absolutos, os Estados com mais idosos s\u00e3o: Rio de Janeiro (1.735 pessoas), S\u00e3o Paulo (1.250) e Minas Gerais (1.039).<\/p>\n<p>HAJA FISCAL: Ao todo, s\u00e3o 9.399 locais de prova e 132.456 salas de aplica\u00e7\u00e3o, em 1.750 munic\u00edpios das 27 unidades da Federa\u00e7\u00e3o.<\/p>\n<p>PARA CANDIDATOS TRANS: Foram feitos 1.526 pedidos de tratamento por nome social.<\/p>\n<p>ATENDIMENTO ESPECIALIZADO: A maior parte das solicita\u00e7\u00f5es de atendimento especializado \u00e9 de candidatos com Transtorno de D\u00e9ficit de Aten\u00e7\u00e3o e Hiperatividade (TDAH), que t\u00eam direito a 1 hora a mais de prova, e com baixa vis\u00e3o, que podem fazer o Enem na vers\u00e3o ampliada ou com aux\u00edlio para leitura.<\/p>\n<p>Datas das provas<\/p>\n<p>5 de novembro<\/p>\n<ul>\n<li>45 quest\u00f5es de linguagens (40 de l\u00edngua portuguesa e 5 de ingl\u00eas ou espanhol);<\/li>\n<li>45 quest\u00f5es de ci\u00eancias humanas; e<\/li>\n<li>reda\u00e7\u00e3o.<\/li>\n<\/ul>\n<p>12 de novembro<\/p>\n<ul>\n<li>45 quest\u00f5es de matem\u00e1tica; e<\/li>\n<li>45 quest\u00f5es de ci\u00eancias da natureza.<\/li>\n<\/ul>\n<p>Veja os hor\u00e1rios de aplica\u00e7\u00e3o (no fuso de Bras\u00edlia):<\/p>\n<ul>\n<li>Abertura dos port\u00f5es: 12h<\/li>\n<li>Fechamento dos port\u00f5es: 13h<\/li>\n<li>In\u00edcio das provas: 13h30<\/li>\n<li>T\u00e9rmino das provas no 1\u00ba dia: 19h<\/li>\n<li>T\u00e9rmino das provas no 2\u00ba dia: 18h30<\/li>\n<li>O candidato s\u00f3 poder\u00e1 sair com o Caderno de Quest\u00f5es nos \u00faltimos 30 minutos.<\/li>\n<\/ul>\n<p>Foto: Imagem de\u00a051581\u00a0por\u00a0Pixabay<\/p>\n","protected":false},"excerpt":{"rendered":"<p>Neste domingo (5) e no seguinte (12), mais de 3,9 milh\u00f5es de pessoas far\u00e3o o Exame Nacional do Ensino M\u00e9dio (Enem) 2023. A maioria \u00e9 mulher, parda, tem 17 anos e j\u00e1 terminou o ensino m\u00e9dio. QUANTOS PAGARAM? A maior parte dos candidatos (63%) ficou isenta da taxa de inscri\u00e7\u00e3o (s\u00e3o alunos da rede p\u00fablica, [&hellip;]<\/p>\n","protected":false},"author":8,"featured_media":775089,"comment_status":"closed","ping_status":"closed","sticky":false,"template":"","format":"standard","meta":[],"categories":[14,21],"tags":[85,254,100],"acf":[],"yoast_head":"<!-- This site is optimized with the Yoast SEO plugin v20.8 - https:\/\/yoast.com\/wordpress\/plugins\/seo\/ -->\n<title>ENEM 2023: MAIORIA \u00c9 MULHER E TEM 17 ANOS; VEJA CURIOSIDADES - Bahia Economica<\/title>\n<meta name=\"description\" content=\"O maior portal de Economia da Bahia DESTAQUE DO DIA, Sa\u00fade \/ Educa\u00e7\u00e3o Bahia Economica\" \/>\n<meta name=\"robots\" content=\"index, follow, max-snippet:-1, max-image-preview:large, max-video-preview:-1\" \/>\n<link rel=\"canonical\" href=\"https:\/\/bahiaeconomica.com.br\/wp\/2023\/11\/05\/enem-2023-maioria-e-mulher-e-tem-17-anos-veja-curiosidades\/\" \/>\n<meta property=\"og:locale\" content=\"pt_BR\" \/>\n<meta property=\"og:type\" content=\"article\" \/>\n<meta property=\"og:title\" content=\"ENEM 2023: MAIORIA \u00c9 MULHER E TEM 17 ANOS; VEJA CURIOSIDADES - Bahia Economica\" \/>\n<meta property=\"og:description\" content=\"O maior portal de Economia da Bahia DESTAQUE DO DIA, Sa\u00fade \/ Educa\u00e7\u00e3o Bahia Economica\" \/>\n<meta property=\"og:url\" content=\"https:\/\/bahiaeconomica.com.br\/wp\/2023\/11\/05\/enem-2023-maioria-e-mulher-e-tem-17-anos-veja-curiosidades\/\" \/>\n<meta property=\"og:site_name\" content=\"Bahia Economica\" \/>\n<meta property=\"article:publisher\" content=\"https:\/\/www.facebook.com\/bahiaeconomica\" \/>\n<meta property=\"article:published_time\" content=\"2023-11-05T10:56:30+00:00\" \/>\n<meta property=\"article:modified_time\" content=\"2023-11-05T11:45:13+00:00\" \/>\n<meta property=\"og:image\" content=\"https:\/\/bahiaeconomica.com.br\/wp\/wp-content\/uploads\/2023\/11\/woman-3435842_1280.jpg\" \/>\n\t<meta property=\"og:image:width\" content=\"1280\" \/>\n\t<meta property=\"og:image:height\" content=\"853\" \/>\n\t<meta property=\"og:image:type\" content=\"image\/jpeg\" \/>\n<meta name=\"author\" content=\"JP\" \/>\n<meta name=\"twitter:card\" content=\"summary_large_image\" \/>\n<meta name=\"twitter:label1\" content=\"Escrito por\" \/>\n\t<meta name=\"twitter:data1\" content=\"JP\" \/>\n\t<meta name=\"twitter:label2\" content=\"Est. tempo de leitura\" \/>\n\t<meta name=\"twitter:data2\" content=\"3 minutos\" \/>\n<script type=\"application\/ld+json\" class=\"yoast-schema-graph\">{\"@context\":\"https:\/\/schema.org\",\"@graph\":[{\"@type\":\"Article\",\"@id\":\"https:\/\/bahiaeconomica.com.br\/wp\/2023\/11\/05\/enem-2023-maioria-e-mulher-e-tem-17-anos-veja-curiosidades\/#article\",\"isPartOf\":{\"@id\":\"https:\/\/bahiaeconomica.com.br\/wp\/2023\/11\/05\/enem-2023-maioria-e-mulher-e-tem-17-anos-veja-curiosidades\/\"},\"author\":{\"name\":\"JP\",\"@id\":\"https:\/\/bahiaeconomica.com.br\/wp\/#\/schema\/person\/c86d3a3f8960425a0f9d0e5245991f4e\"},\"headline\":\"ENEM 2023: MAIORIA \u00c9 MULHER E TEM 17 ANOS; VEJA CURIOSIDADES\",\"datePublished\":\"2023-11-05T10:56:30+00:00\",\"dateModified\":\"2023-11-05T11:45:13+00:00\",\"mainEntityOfPage\":{\"@id\":\"https:\/\/bahiaeconomica.com.br\/wp\/2023\/11\/05\/enem-2023-maioria-e-mulher-e-tem-17-anos-veja-curiosidades\/\"},\"wordCount\":426,\"publisher\":{\"@id\":\"https:\/\/bahiaeconomica.com.br\/wp\/#organization\"},\"keywords\":[\"Bahia\",\"ENEM\",\"Pol\u00edtica\"],\"articleSection\":[\"DESTAQUE DO DIA\",\"Sa\u00fade \/ Educa\u00e7\u00e3o\"],\"inLanguage\":\"pt-BR\"},{\"@type\":\"WebPage\",\"@id\":\"https:\/\/bahiaeconomica.com.br\/wp\/2023\/11\/05\/enem-2023-maioria-e-mulher-e-tem-17-anos-veja-curiosidades\/\",\"url\":\"https:\/\/bahiaeconomica.com.br\/wp\/2023\/11\/05\/enem-2023-maioria-e-mulher-e-tem-17-anos-veja-curiosidades\/\",\"name\":\"ENEM 2023: MAIORIA \u00c9 MULHER E TEM 17 ANOS; VEJA CURIOSIDADES - Bahia Economica\",\"isPartOf\":{\"@id\":\"https:\/\/bahiaeconomica.com.br\/wp\/#website\"},\"datePublished\":\"2023-11-05T10:56:30+00:00\",\"dateModified\":\"2023-11-05T11:45:13+00:00\",\"description\":\"O maior portal de Economia da Bahia DESTAQUE DO DIA, Sa\u00fade \/ Educa\u00e7\u00e3o Bahia Economica\",\"breadcrumb\":{\"@id\":\"https:\/\/bahiaeconomica.com.br\/wp\/2023\/11\/05\/enem-2023-maioria-e-mulher-e-tem-17-anos-veja-curiosidades\/#breadcrumb\"},\"inLanguage\":\"pt-BR\",\"potentialAction\":[{\"@type\":\"ReadAction\",\"target\":[\"https:\/\/bahiaeconomica.com.br\/wp\/2023\/11\/05\/enem-2023-maioria-e-mulher-e-tem-17-anos-veja-curiosidades\/\"]}]},{\"@type\":\"BreadcrumbList\",\"@id\":\"https:\/\/bahiaeconomica.com.br\/wp\/2023\/11\/05\/enem-2023-maioria-e-mulher-e-tem-17-anos-veja-curiosidades\/#breadcrumb\",\"itemListElement\":[{\"@type\":\"ListItem\",\"position\":1,\"name\":\"In\u00edcio\",\"item\":\"https:\/\/bahiaeconomica.com.br\/wp\/\"},{\"@type\":\"ListItem\",\"position\":2,\"name\":\"ENEM 2023: MAIORIA \u00c9 MULHER E TEM 17 ANOS; VEJA CURIOSIDADES\"}]},{\"@type\":\"WebSite\",\"@id\":\"https:\/\/bahiaeconomica.com.br\/wp\/#website\",\"url\":\"https:\/\/bahiaeconomica.com.br\/wp\/\",\"name\":\"Bahia Economica\",\"description\":\"O maior portal de Economia da Bahia\",\"publisher\":{\"@id\":\"https:\/\/bahiaeconomica.com.br\/wp\/#organization\"},\"potentialAction\":[{\"@type\":\"SearchAction\",\"target\":{\"@type\":\"EntryPoint\",\"urlTemplate\":\"https:\/\/bahiaeconomica.com.br\/wp\/?s={search_term_string}\"},\"query-input\":\"required name=search_term_string\"}],\"inLanguage\":\"pt-BR\"},{\"@type\":\"Organization\",\"@id\":\"https:\/\/bahiaeconomica.com.br\/wp\/#organization\",\"name\":\"Bahia Econ\u00f4mica\",\"url\":\"https:\/\/bahiaeconomica.com.br\/wp\/\",\"logo\":{\"@type\":\"ImageObject\",\"inLanguage\":\"pt-BR\",\"@id\":\"https:\/\/bahiaeconomica.com.br\/wp\/#\/schema\/logo\/image\/\",\"url\":\"https:\/\/bahiaeconomica.com.br\/wp\/wp-content\/uploads\/2020\/12\/cropped-BE.png\",\"contentUrl\":\"https:\/\/bahiaeconomica.com.br\/wp\/wp-content\/uploads\/2020\/12\/cropped-BE.png\",\"width\":512,\"height\":512,\"caption\":\"Bahia Econ\u00f4mica\"},\"image\":{\"@id\":\"https:\/\/bahiaeconomica.com.br\/wp\/#\/schema\/logo\/image\/\"},\"sameAs\":[\"https:\/\/www.facebook.com\/bahiaeconomica\"]},{\"@type\":\"Person\",\"@id\":\"https:\/\/bahiaeconomica.com.br\/wp\/#\/schema\/person\/c86d3a3f8960425a0f9d0e5245991f4e\",\"name\":\"JP\",\"sameAs\":[\"https:\/\/bahiaeconomica.com.br\/wp\/beta\/\"],\"url\":\"https:\/\/bahiaeconomica.com.br\/wp\/author\/jp\/\"}]}<\/script>\n<!-- \/ Yoast SEO plugin. -->","yoast_head_json":{"title":"ENEM 2023: MAIORIA \u00c9 MULHER E TEM 17 ANOS; VEJA CURIOSIDADES - Bahia Economica","description":"O maior portal de Economia da Bahia DESTAQUE DO DIA, Sa\u00fade \/ Educa\u00e7\u00e3o Bahia Economica","robots":{"index":"index","follow":"follow","max-snippet":"max-snippet:-1","max-image-preview":"max-image-preview:large","max-video-preview":"max-video-preview:-1"},"canonical":"https:\/\/bahiaeconomica.com.br\/wp\/2023\/11\/05\/enem-2023-maioria-e-mulher-e-tem-17-anos-veja-curiosidades\/","og_locale":"pt_BR","og_type":"article","og_title":"ENEM 2023: MAIORIA \u00c9 MULHER E TEM 17 ANOS; VEJA CURIOSIDADES - Bahia Economica","og_description":"O maior portal de Economia da Bahia DESTAQUE DO DIA, Sa\u00fade \/ Educa\u00e7\u00e3o Bahia Economica","og_url":"https:\/\/bahiaeconomica.com.br\/wp\/2023\/11\/05\/enem-2023-maioria-e-mulher-e-tem-17-anos-veja-curiosidades\/","og_site_name":"Bahia Economica","article_publisher":"https:\/\/www.facebook.com\/bahiaeconomica","article_published_time":"2023-11-05T10:56:30+00:00","article_modified_time":"2023-11-05T11:45:13+00:00","og_image":[{"width":1280,"height":853,"url":"https:\/\/bahiaeconomica.com.br\/wp\/wp-content\/uploads\/2023\/11\/woman-3435842_1280.jpg","type":"image\/jpeg"}],"author":"JP","twitter_card":"summary_large_image","twitter_misc":{"Escrito por":"JP","Est. tempo de leitura":"3 minutos"},"schema":{"@context":"https:\/\/schema.org","@graph":[{"@type":"Article","@id":"https:\/\/bahiaeconomica.com.br\/wp\/2023\/11\/05\/enem-2023-maioria-e-mulher-e-tem-17-anos-veja-curiosidades\/#article","isPartOf":{"@id":"https:\/\/bahiaeconomica.com.br\/wp\/2023\/11\/05\/enem-2023-maioria-e-mulher-e-tem-17-anos-veja-curiosidades\/"},"author":{"name":"JP","@id":"https:\/\/bahiaeconomica.com.br\/wp\/#\/schema\/person\/c86d3a3f8960425a0f9d0e5245991f4e"},"headline":"ENEM 2023: MAIORIA \u00c9 MULHER E TEM 17 ANOS; VEJA CURIOSIDADES","datePublished":"2023-11-05T10:56:30+00:00","dateModified":"2023-11-05T11:45:13+00:00","mainEntityOfPage":{"@id":"https:\/\/bahiaeconomica.com.br\/wp\/2023\/11\/05\/enem-2023-maioria-e-mulher-e-tem-17-anos-veja-curiosidades\/"},"wordCount":426,"publisher":{"@id":"https:\/\/bahiaeconomica.com.br\/wp\/#organization"},"keywords":["Bahia","ENEM","Pol\u00edtica"],"articleSection":["DESTAQUE DO DIA","Sa\u00fade \/ Educa\u00e7\u00e3o"],"inLanguage":"pt-BR"},{"@type":"WebPage","@id":"https:\/\/bahiaeconomica.com.br\/wp\/2023\/11\/05\/enem-2023-maioria-e-mulher-e-tem-17-anos-veja-curiosidades\/","url":"https:\/\/bahiaeconomica.com.br\/wp\/2023\/11\/05\/enem-2023-maioria-e-mulher-e-tem-17-anos-veja-curiosidades\/","name":"ENEM 2023: MAIORIA \u00c9 MULHER E TEM 17 ANOS; VEJA CURIOSIDADES - Bahia Economica","isPartOf":{"@id":"https:\/\/bahiaeconomica.com.br\/wp\/#website"},"datePublished":"2023-11-05T10:56:30+00:00","dateModified":"2023-11-05T11:45:13+00:00","description":"O maior portal de Economia da Bahia DESTAQUE DO DIA, Sa\u00fade \/ Educa\u00e7\u00e3o Bahia Economica","breadcrumb":{"@id":"https:\/\/bahiaeconomica.com.br\/wp\/2023\/11\/05\/enem-2023-maioria-e-mulher-e-tem-17-anos-veja-curiosidades\/#breadcrumb"},"inLanguage":"pt-BR","potentialAction":[{"@type":"ReadAction","target":["https:\/\/bahiaeconomica.com.br\/wp\/2023\/11\/05\/enem-2023-maioria-e-mulher-e-tem-17-anos-veja-curiosidades\/"]}]},{"@type":"BreadcrumbList","@id":"https:\/\/bahiaeconomica.com.br\/wp\/2023\/11\/05\/enem-2023-maioria-e-mulher-e-tem-17-anos-veja-curiosidades\/#breadcrumb","itemListElement":[{"@type":"ListItem","position":1,"name":"In\u00edcio","item":"https:\/\/bahiaeconomica.com.br\/wp\/"},{"@type":"ListItem","position":2,"name":"ENEM 2023: MAIORIA \u00c9 MULHER E TEM 17 ANOS; VEJA CURIOSIDADES"}]},{"@type":"WebSite","@id":"https:\/\/bahiaeconomica.com.br\/wp\/#website","url":"https:\/\/bahiaeconomica.com.br\/wp\/","name":"Bahia Economica","description":"O maior portal de Economia da Bahia","publisher":{"@id":"https:\/\/bahiaeconomica.com.br\/wp\/#organization"},"potentialAction":[{"@type":"SearchAction","target":{"@type":"EntryPoint","urlTemplate":"https:\/\/bahiaeconomica.com.br\/wp\/?s={search_term_string}"},"query-input":"required name=search_term_string"}],"inLanguage":"pt-BR"},{"@type":"Organization","@id":"https:\/\/bahiaeconomica.com.br\/wp\/#organization","name":"Bahia Econ\u00f4mica","url":"https:\/\/bahiaeconomica.com.br\/wp\/","logo":{"@type":"ImageObject","inLanguage":"pt-BR","@id":"https:\/\/bahiaeconomica.com.br\/wp\/#\/schema\/logo\/image\/","url":"https:\/\/bahiaeconomica.com.br\/wp\/wp-content\/uploads\/2020\/12\/cropped-BE.png","contentUrl":"https:\/\/bahiaeconomica.com.br\/wp\/wp-content\/uploads\/2020\/12\/cropped-BE.png","width":512,"height":512,"caption":"Bahia Econ\u00f4mica"},"image":{"@id":"https:\/\/bahiaeconomica.com.br\/wp\/#\/schema\/logo\/image\/"},"sameAs":["https:\/\/www.facebook.com\/bahiaeconomica"]},{"@type":"Person","@id":"https:\/\/bahiaeconomica.com.br\/wp\/#\/schema\/person\/c86d3a3f8960425a0f9d0e5245991f4e","name":"JP","sameAs":["https:\/\/bahiaeconomica.com.br\/wp\/beta\/"],"url":"https:\/\/bahiaeconomica.com.br\/wp\/author\/jp\/"}]}},"views":11,"_links":{"self":[{"href":"https:\/\/bahiaeconomica.com.br\/wp\/wp-json\/wp\/v2\/posts\/775088"}],"collection":[{"href":"https:\/\/bahiaeconomica.com.br\/wp\/wp-json\/wp\/v2\/posts"}],"about":[{"href":"https:\/\/bahiaeconomica.com.br\/wp\/wp-json\/wp\/v2\/types\/post"}],"author":[{"embeddable":true,"href":"https:\/\/bahiaeconomica.com.br\/wp\/wp-json\/wp\/v2\/users\/8"}],"replies":[{"embeddable":true,"href":"https:\/\/bahiaeconomica.com.br\/wp\/wp-json\/wp\/v2\/comments?post=775088"}],"version-history":[{"count":1,"href":"https:\/\/bahiaeconomica.com.br\/wp\/wp-json\/wp\/v2\/posts\/775088\/revisions"}],"predecessor-version":[{"id":775090,"href":"https:\/\/bahiaeconomica.com.br\/wp\/wp-json\/wp\/v2\/posts\/775088\/revisions\/775090"}],"wp:featuredmedia":[{"embeddable":true,"href":"https:\/\/bahiaeconomica.com.br\/wp\/wp-json\/wp\/v2\/media\/775089"}],"wp:attachment":[{"href":"https:\/\/bahiaeconomica.com.br\/wp\/wp-json\/wp\/v2\/media?parent=775088"}],"wp:term":[{"taxonomy":"category","embeddable":true,"href":"https:\/\/bahiaeconomica.com.br\/wp\/wp-json\/wp\/v2\/categories?post=775088"},{"taxonomy":"post_tag","embeddable":true,"href":"https:\/\/bahiaeconomica.com.br\/wp\/wp-json\/wp\/v2\/tags?post=775088"}],"curies":[{"name":"wp","href":"https:\/\/api.w.org\/{rel}","templated":true}]}}