{"id":774849,"date":"2023-11-03T09:34:21","date_gmt":"2023-11-03T12:34:21","guid":{"rendered":"https:\/\/bahiaeconomica.com.br\/wp\/?p=774849"},"modified":"2023-11-03T09:34:21","modified_gmt":"2023-11-03T12:34:21","slug":"nordestelab-retorna-em-formato-presencial-e-traz-debate-politico-sobre-o-audiovisual","status":"publish","type":"post","link":"https:\/\/bahiaeconomica.com.br\/wp\/2023\/11\/03\/nordestelab-retorna-em-formato-presencial-e-traz-debate-politico-sobre-o-audiovisual\/","title":{"rendered":"NORDESTELAB RETORNA EM FORMATO PRESENCIAL E TRAZ DEBATE POL\u00cdTICO SOBRE O AUDIOVISUAL"},"content":{"rendered":"<p>O mais importante evento de mercado do audiovisual do Nordeste est\u00e1 de volta e j\u00e1 tem data confirmada. O NordesteLAB 2023 ser\u00e1 realizado de 05 a 08 de dezembro, no Goethe Institut, no Corredor da Vit\u00f3ria, em Salvador. Em sua a primeira edi\u00e7\u00e3o ap\u00f3s a pandemia, o evento retorna com atividades, como as rodadas de neg\u00f3cios, mesas, palestras e masterclasses.<\/p>\n<p>&#8220;O NordesteLAB, apesar de n\u00e3o fazer a sua edi\u00e7\u00e3o tradicional em 2022, fez algumas atividades, como a comemora\u00e7\u00e3o dos 50 anos da Jornada de Cinema da Bahia e participou da organiza\u00e7\u00e3o das rodadas de neg\u00f3cios de audiovisual do Salvador Capital Afro. Em 2023, retornaremos com atividades presenciais e esperamos ter muitos reencontros e muitas discuss\u00f5es ricas. Esse tamb\u00e9m ser\u00e1 um momento de analisarmos o que foi feito nesse um ano de retomada de estruturas da cultura como o MINC, os conselhos com participa\u00e7\u00e3o da Sociedade civil, al\u00e9m da pr\u00f3pria Lei Paulo Gustavo&#8221;, comenta Gabriel Pires, Coordenador Geral do evento.<\/p>\n<p>Este ano, o NordesteLAB ser\u00e1 apresentado pelo programa Salcine, uma iniciativa da Prefeitura de Salvador, viabilizada pela Secretaria Municipal de Cultura, e conta com o apoio do Sebrae-BA. &#8220;A realiza\u00e7\u00e3o do NordesteLAB \u00e9 fundamental para o desenvolvimento do ambiente de neg\u00f3cios para o audiovisual em Salvador. Reunindo realizadores, players e representantes de institui\u00e7\u00f5es p\u00fablicas, o evento tem um potencial catalizador fortalecendo a produ\u00e7\u00e3o independente local. Os objetivos do NordesteLAB e do Salcine caminham lado a lado para o desenvolvimento do cen\u00e1rio audiovisual soteropolitano&#8221;, destaca o gestor do Audiovisual da Secult, Felipe Rego.<\/p>\n<p>Em sua 8\u00aa edi\u00e7\u00e3o, o NordesteLAB traz para o centro do debate um tom pol\u00edtico voltado para o audiovisual e tamb\u00e9m o fomento de produ\u00e7\u00f5es fora do eixo Sul-Sudeste.<\/p>\n<p>Foto: Cr\u00e9dito Ton Shubber<\/p>\n","protected":false},"excerpt":{"rendered":"<p>O mais importante evento de mercado do audiovisual do Nordeste est\u00e1 de volta e j\u00e1 tem data confirmada. O NordesteLAB 2023 ser\u00e1 realizado de 05 a 08 de dezembro, no Goethe Institut, no Corredor da Vit\u00f3ria, em Salvador. Em sua a primeira edi\u00e7\u00e3o ap\u00f3s a pandemia, o evento retorna com atividades, como as rodadas de [&hellip;]<\/p>\n","protected":false},"author":15,"featured_media":774850,"comment_status":"closed","ping_status":"closed","sticky":false,"template":"","format":"standard","meta":[],"categories":[689],"tags":[12500,746,20,22396],"acf":[],"yoast_head":"<!-- This site is optimized with the Yoast SEO plugin v20.8 - https:\/\/yoast.com\/wordpress\/plugins\/seo\/ -->\n<title>NORDESTELAB RETORNA EM FORMATO PRESENCIAL E TRAZ DEBATE POL\u00cdTICO SOBRE O AUDIOVISUAL - Bahia Economica<\/title>\n<meta name=\"description\" content=\"O maior portal de Economia da Bahia CULTURA E ARTE Bahia Economica O mais importante evento de mercado do audiovisual do Nordeste est\u00e1\" \/>\n<meta name=\"robots\" content=\"index, follow, max-snippet:-1, max-image-preview:large, max-video-preview:-1\" \/>\n<link rel=\"canonical\" href=\"https:\/\/bahiaeconomica.com.br\/wp\/2023\/11\/03\/nordestelab-retorna-em-formato-presencial-e-traz-debate-politico-sobre-o-audiovisual\/\" \/>\n<meta property=\"og:locale\" content=\"pt_BR\" \/>\n<meta property=\"og:type\" content=\"article\" \/>\n<meta property=\"og:title\" content=\"NORDESTELAB RETORNA EM FORMATO PRESENCIAL E TRAZ DEBATE POL\u00cdTICO SOBRE O AUDIOVISUAL - Bahia Economica\" \/>\n<meta property=\"og:description\" content=\"O maior portal de Economia da Bahia CULTURA E ARTE Bahia Economica O mais importante evento de mercado do audiovisual do Nordeste est\u00e1\" \/>\n<meta property=\"og:url\" content=\"https:\/\/bahiaeconomica.com.br\/wp\/2023\/11\/03\/nordestelab-retorna-em-formato-presencial-e-traz-debate-politico-sobre-o-audiovisual\/\" \/>\n<meta property=\"og:site_name\" content=\"Bahia Economica\" \/>\n<meta property=\"article:publisher\" content=\"https:\/\/www.facebook.com\/bahiaeconomica\" \/>\n<meta property=\"article:published_time\" content=\"2023-11-03T12:34:21+00:00\" \/>\n<meta property=\"og:image\" content=\"https:\/\/bahiaeconomica.com.br\/wp\/wp-content\/uploads\/2023\/11\/NordesteLAB-Credito-Ton-Shubber-1-scaled.jpg\" \/>\n\t<meta property=\"og:image:width\" content=\"2560\" \/>\n\t<meta property=\"og:image:height\" content=\"1707\" \/>\n\t<meta property=\"og:image:type\" content=\"image\/jpeg\" \/>\n<meta name=\"author\" content=\"VICTORIA ISABEL\" \/>\n<meta name=\"twitter:card\" content=\"summary_large_image\" \/>\n<meta name=\"twitter:label1\" content=\"Escrito por\" \/>\n\t<meta name=\"twitter:data1\" content=\"VICTORIA ISABEL\" \/>\n\t<meta name=\"twitter:label2\" content=\"Est. tempo de leitura\" \/>\n\t<meta name=\"twitter:data2\" content=\"2 minutos\" \/>\n<script type=\"application\/ld+json\" class=\"yoast-schema-graph\">{\"@context\":\"https:\/\/schema.org\",\"@graph\":[{\"@type\":\"Article\",\"@id\":\"https:\/\/bahiaeconomica.com.br\/wp\/2023\/11\/03\/nordestelab-retorna-em-formato-presencial-e-traz-debate-politico-sobre-o-audiovisual\/#article\",\"isPartOf\":{\"@id\":\"https:\/\/bahiaeconomica.com.br\/wp\/2023\/11\/03\/nordestelab-retorna-em-formato-presencial-e-traz-debate-politico-sobre-o-audiovisual\/\"},\"author\":{\"name\":\"VICTORIA ISABEL\",\"@id\":\"https:\/\/bahiaeconomica.com.br\/wp\/#\/schema\/person\/b719ce0fb1c09f3c7a00d9243ced4a6f\"},\"headline\":\"NORDESTELAB RETORNA EM FORMATO PRESENCIAL E TRAZ DEBATE POL\u00cdTICO SOBRE O AUDIOVISUAL\",\"datePublished\":\"2023-11-03T12:34:21+00:00\",\"dateModified\":\"2023-11-03T12:34:21+00:00\",\"mainEntityOfPage\":{\"@id\":\"https:\/\/bahiaeconomica.com.br\/wp\/2023\/11\/03\/nordestelab-retorna-em-formato-presencial-e-traz-debate-politico-sobre-o-audiovisual\/\"},\"wordCount\":314,\"publisher\":{\"@id\":\"https:\/\/bahiaeconomica.com.br\/wp\/#organization\"},\"keywords\":[\"Audiovisual\",\"evento\",\"nordeste\",\"NordesteLAB\"],\"articleSection\":[\"CULTURA E ARTE\"],\"inLanguage\":\"pt-BR\"},{\"@type\":\"WebPage\",\"@id\":\"https:\/\/bahiaeconomica.com.br\/wp\/2023\/11\/03\/nordestelab-retorna-em-formato-presencial-e-traz-debate-politico-sobre-o-audiovisual\/\",\"url\":\"https:\/\/bahiaeconomica.com.br\/wp\/2023\/11\/03\/nordestelab-retorna-em-formato-presencial-e-traz-debate-politico-sobre-o-audiovisual\/\",\"name\":\"NORDESTELAB RETORNA EM FORMATO PRESENCIAL E TRAZ DEBATE POL\u00cdTICO SOBRE O AUDIOVISUAL - Bahia Economica\",\"isPartOf\":{\"@id\":\"https:\/\/bahiaeconomica.com.br\/wp\/#website\"},\"datePublished\":\"2023-11-03T12:34:21+00:00\",\"dateModified\":\"2023-11-03T12:34:21+00:00\",\"description\":\"O maior portal de Economia da Bahia CULTURA E ARTE Bahia Economica O mais importante evento de mercado do audiovisual do Nordeste est\u00e1\",\"breadcrumb\":{\"@id\":\"https:\/\/bahiaeconomica.com.br\/wp\/2023\/11\/03\/nordestelab-retorna-em-formato-presencial-e-traz-debate-politico-sobre-o-audiovisual\/#breadcrumb\"},\"inLanguage\":\"pt-BR\",\"potentialAction\":[{\"@type\":\"ReadAction\",\"target\":[\"https:\/\/bahiaeconomica.com.br\/wp\/2023\/11\/03\/nordestelab-retorna-em-formato-presencial-e-traz-debate-politico-sobre-o-audiovisual\/\"]}]},{\"@type\":\"BreadcrumbList\",\"@id\":\"https:\/\/bahiaeconomica.com.br\/wp\/2023\/11\/03\/nordestelab-retorna-em-formato-presencial-e-traz-debate-politico-sobre-o-audiovisual\/#breadcrumb\",\"itemListElement\":[{\"@type\":\"ListItem\",\"position\":1,\"name\":\"In\u00edcio\",\"item\":\"https:\/\/bahiaeconomica.com.br\/wp\/\"},{\"@type\":\"ListItem\",\"position\":2,\"name\":\"NORDESTELAB RETORNA EM FORMATO PRESENCIAL E TRAZ DEBATE POL\u00cdTICO SOBRE O AUDIOVISUAL\"}]},{\"@type\":\"WebSite\",\"@id\":\"https:\/\/bahiaeconomica.com.br\/wp\/#website\",\"url\":\"https:\/\/bahiaeconomica.com.br\/wp\/\",\"name\":\"Bahia Economica\",\"description\":\"O maior portal de Economia da Bahia\",\"publisher\":{\"@id\":\"https:\/\/bahiaeconomica.com.br\/wp\/#organization\"},\"potentialAction\":[{\"@type\":\"SearchAction\",\"target\":{\"@type\":\"EntryPoint\",\"urlTemplate\":\"https:\/\/bahiaeconomica.com.br\/wp\/?s={search_term_string}\"},\"query-input\":\"required name=search_term_string\"}],\"inLanguage\":\"pt-BR\"},{\"@type\":\"Organization\",\"@id\":\"https:\/\/bahiaeconomica.com.br\/wp\/#organization\",\"name\":\"Bahia Econ\u00f4mica\",\"url\":\"https:\/\/bahiaeconomica.com.br\/wp\/\",\"logo\":{\"@type\":\"ImageObject\",\"inLanguage\":\"pt-BR\",\"@id\":\"https:\/\/bahiaeconomica.com.br\/wp\/#\/schema\/logo\/image\/\",\"url\":\"https:\/\/bahiaeconomica.com.br\/wp\/wp-content\/uploads\/2020\/12\/cropped-BE.png\",\"contentUrl\":\"https:\/\/bahiaeconomica.com.br\/wp\/wp-content\/uploads\/2020\/12\/cropped-BE.png\",\"width\":512,\"height\":512,\"caption\":\"Bahia Econ\u00f4mica\"},\"image\":{\"@id\":\"https:\/\/bahiaeconomica.com.br\/wp\/#\/schema\/logo\/image\/\"},\"sameAs\":[\"https:\/\/www.facebook.com\/bahiaeconomica\"]},{\"@type\":\"Person\",\"@id\":\"https:\/\/bahiaeconomica.com.br\/wp\/#\/schema\/person\/b719ce0fb1c09f3c7a00d9243ced4a6f\",\"name\":\"VICTORIA ISABEL\",\"sameAs\":[\"http:\/\/www.bahiaeconomica.com.br\"],\"url\":\"https:\/\/bahiaeconomica.com.br\/wp\/author\/victoria-isabel\/\"}]}<\/script>\n<!-- \/ Yoast SEO plugin. -->","yoast_head_json":{"title":"NORDESTELAB RETORNA EM FORMATO PRESENCIAL E TRAZ DEBATE POL\u00cdTICO SOBRE O AUDIOVISUAL - Bahia Economica","description":"O maior portal de Economia da Bahia CULTURA E ARTE Bahia Economica O mais importante evento de mercado do audiovisual do Nordeste est\u00e1","robots":{"index":"index","follow":"follow","max-snippet":"max-snippet:-1","max-image-preview":"max-image-preview:large","max-video-preview":"max-video-preview:-1"},"canonical":"https:\/\/bahiaeconomica.com.br\/wp\/2023\/11\/03\/nordestelab-retorna-em-formato-presencial-e-traz-debate-politico-sobre-o-audiovisual\/","og_locale":"pt_BR","og_type":"article","og_title":"NORDESTELAB RETORNA EM FORMATO PRESENCIAL E TRAZ DEBATE POL\u00cdTICO SOBRE O AUDIOVISUAL - Bahia Economica","og_description":"O maior portal de Economia da Bahia CULTURA E ARTE Bahia Economica O mais importante evento de mercado do audiovisual do Nordeste est\u00e1","og_url":"https:\/\/bahiaeconomica.com.br\/wp\/2023\/11\/03\/nordestelab-retorna-em-formato-presencial-e-traz-debate-politico-sobre-o-audiovisual\/","og_site_name":"Bahia Economica","article_publisher":"https:\/\/www.facebook.com\/bahiaeconomica","article_published_time":"2023-11-03T12:34:21+00:00","og_image":[{"width":2560,"height":1707,"url":"https:\/\/bahiaeconomica.com.br\/wp\/wp-content\/uploads\/2023\/11\/NordesteLAB-Credito-Ton-Shubber-1-scaled.jpg","type":"image\/jpeg"}],"author":"VICTORIA ISABEL","twitter_card":"summary_large_image","twitter_misc":{"Escrito por":"VICTORIA ISABEL","Est. tempo de leitura":"2 minutos"},"schema":{"@context":"https:\/\/schema.org","@graph":[{"@type":"Article","@id":"https:\/\/bahiaeconomica.com.br\/wp\/2023\/11\/03\/nordestelab-retorna-em-formato-presencial-e-traz-debate-politico-sobre-o-audiovisual\/#article","isPartOf":{"@id":"https:\/\/bahiaeconomica.com.br\/wp\/2023\/11\/03\/nordestelab-retorna-em-formato-presencial-e-traz-debate-politico-sobre-o-audiovisual\/"},"author":{"name":"VICTORIA ISABEL","@id":"https:\/\/bahiaeconomica.com.br\/wp\/#\/schema\/person\/b719ce0fb1c09f3c7a00d9243ced4a6f"},"headline":"NORDESTELAB RETORNA EM FORMATO PRESENCIAL E TRAZ DEBATE POL\u00cdTICO SOBRE O AUDIOVISUAL","datePublished":"2023-11-03T12:34:21+00:00","dateModified":"2023-11-03T12:34:21+00:00","mainEntityOfPage":{"@id":"https:\/\/bahiaeconomica.com.br\/wp\/2023\/11\/03\/nordestelab-retorna-em-formato-presencial-e-traz-debate-politico-sobre-o-audiovisual\/"},"wordCount":314,"publisher":{"@id":"https:\/\/bahiaeconomica.com.br\/wp\/#organization"},"keywords":["Audiovisual","evento","nordeste","NordesteLAB"],"articleSection":["CULTURA E ARTE"],"inLanguage":"pt-BR"},{"@type":"WebPage","@id":"https:\/\/bahiaeconomica.com.br\/wp\/2023\/11\/03\/nordestelab-retorna-em-formato-presencial-e-traz-debate-politico-sobre-o-audiovisual\/","url":"https:\/\/bahiaeconomica.com.br\/wp\/2023\/11\/03\/nordestelab-retorna-em-formato-presencial-e-traz-debate-politico-sobre-o-audiovisual\/","name":"NORDESTELAB RETORNA EM FORMATO PRESENCIAL E TRAZ DEBATE POL\u00cdTICO SOBRE O AUDIOVISUAL - Bahia Economica","isPartOf":{"@id":"https:\/\/bahiaeconomica.com.br\/wp\/#website"},"datePublished":"2023-11-03T12:34:21+00:00","dateModified":"2023-11-03T12:34:21+00:00","description":"O maior portal de Economia da Bahia CULTURA E ARTE Bahia Economica O mais importante evento de mercado do audiovisual do Nordeste est\u00e1","breadcrumb":{"@id":"https:\/\/bahiaeconomica.com.br\/wp\/2023\/11\/03\/nordestelab-retorna-em-formato-presencial-e-traz-debate-politico-sobre-o-audiovisual\/#breadcrumb"},"inLanguage":"pt-BR","potentialAction":[{"@type":"ReadAction","target":["https:\/\/bahiaeconomica.com.br\/wp\/2023\/11\/03\/nordestelab-retorna-em-formato-presencial-e-traz-debate-politico-sobre-o-audiovisual\/"]}]},{"@type":"BreadcrumbList","@id":"https:\/\/bahiaeconomica.com.br\/wp\/2023\/11\/03\/nordestelab-retorna-em-formato-presencial-e-traz-debate-politico-sobre-o-audiovisual\/#breadcrumb","itemListElement":[{"@type":"ListItem","position":1,"name":"In\u00edcio","item":"https:\/\/bahiaeconomica.com.br\/wp\/"},{"@type":"ListItem","position":2,"name":"NORDESTELAB RETORNA EM FORMATO PRESENCIAL E TRAZ DEBATE POL\u00cdTICO SOBRE O AUDIOVISUAL"}]},{"@type":"WebSite","@id":"https:\/\/bahiaeconomica.com.br\/wp\/#website","url":"https:\/\/bahiaeconomica.com.br\/wp\/","name":"Bahia Economica","description":"O maior portal de Economia da Bahia","publisher":{"@id":"https:\/\/bahiaeconomica.com.br\/wp\/#organization"},"potentialAction":[{"@type":"SearchAction","target":{"@type":"EntryPoint","urlTemplate":"https:\/\/bahiaeconomica.com.br\/wp\/?s={search_term_string}"},"query-input":"required name=search_term_string"}],"inLanguage":"pt-BR"},{"@type":"Organization","@id":"https:\/\/bahiaeconomica.com.br\/wp\/#organization","name":"Bahia Econ\u00f4mica","url":"https:\/\/bahiaeconomica.com.br\/wp\/","logo":{"@type":"ImageObject","inLanguage":"pt-BR","@id":"https:\/\/bahiaeconomica.com.br\/wp\/#\/schema\/logo\/image\/","url":"https:\/\/bahiaeconomica.com.br\/wp\/wp-content\/uploads\/2020\/12\/cropped-BE.png","contentUrl":"https:\/\/bahiaeconomica.com.br\/wp\/wp-content\/uploads\/2020\/12\/cropped-BE.png","width":512,"height":512,"caption":"Bahia Econ\u00f4mica"},"image":{"@id":"https:\/\/bahiaeconomica.com.br\/wp\/#\/schema\/logo\/image\/"},"sameAs":["https:\/\/www.facebook.com\/bahiaeconomica"]},{"@type":"Person","@id":"https:\/\/bahiaeconomica.com.br\/wp\/#\/schema\/person\/b719ce0fb1c09f3c7a00d9243ced4a6f","name":"VICTORIA ISABEL","sameAs":["http:\/\/www.bahiaeconomica.com.br"],"url":"https:\/\/bahiaeconomica.com.br\/wp\/author\/victoria-isabel\/"}]}},"views":5,"_links":{"self":[{"href":"https:\/\/bahiaeconomica.com.br\/wp\/wp-json\/wp\/v2\/posts\/774849"}],"collection":[{"href":"https:\/\/bahiaeconomica.com.br\/wp\/wp-json\/wp\/v2\/posts"}],"about":[{"href":"https:\/\/bahiaeconomica.com.br\/wp\/wp-json\/wp\/v2\/types\/post"}],"author":[{"embeddable":true,"href":"https:\/\/bahiaeconomica.com.br\/wp\/wp-json\/wp\/v2\/users\/15"}],"replies":[{"embeddable":true,"href":"https:\/\/bahiaeconomica.com.br\/wp\/wp-json\/wp\/v2\/comments?post=774849"}],"version-history":[{"count":1,"href":"https:\/\/bahiaeconomica.com.br\/wp\/wp-json\/wp\/v2\/posts\/774849\/revisions"}],"predecessor-version":[{"id":774851,"href":"https:\/\/bahiaeconomica.com.br\/wp\/wp-json\/wp\/v2\/posts\/774849\/revisions\/774851"}],"wp:featuredmedia":[{"embeddable":true,"href":"https:\/\/bahiaeconomica.com.br\/wp\/wp-json\/wp\/v2\/media\/774850"}],"wp:attachment":[{"href":"https:\/\/bahiaeconomica.com.br\/wp\/wp-json\/wp\/v2\/media?parent=774849"}],"wp:term":[{"taxonomy":"category","embeddable":true,"href":"https:\/\/bahiaeconomica.com.br\/wp\/wp-json\/wp\/v2\/categories?post=774849"},{"taxonomy":"post_tag","embeddable":true,"href":"https:\/\/bahiaeconomica.com.br\/wp\/wp-json\/wp\/v2\/tags?post=774849"}],"curies":[{"name":"wp","href":"https:\/\/api.w.org\/{rel}","templated":true}]}}