{"id":774818,"date":"2023-11-03T08:07:28","date_gmt":"2023-11-03T11:07:28","guid":{"rendered":"https:\/\/bahiaeconomica.com.br\/wp\/?p=774818"},"modified":"2023-11-03T08:08:10","modified_gmt":"2023-11-03T11:08:10","slug":"774818","status":"publish","type":"post","link":"https:\/\/bahiaeconomica.com.br\/wp\/2023\/11\/03\/774818\/","title":{"rendered":"O DIA DOS MORTOS &#8211; ARMANDO AVENA"},"content":{"rendered":"<p style=\"font-weight: 400;\">O que pode um cronista dizer ao seu leitor no dia que sucede imediatamente ao dia de Finados? <!--more-->Pode-se dizer, para come\u00e7ar, que a frase que d\u00e1 in\u00edcio a essa cr\u00f4nica n\u00e3o precisaria ser t\u00e3o longa, mas n\u00e3o h\u00e1 ant\u00f4nimo para a palavra v\u00e9spera. Se fosse em ingl\u00eas seria mais f\u00e1cil, bastaria dizer day after , mas o problema \u00e9 que n\u00e3o existe este dia no calend\u00e1rio norte-americano, a n\u00e3o ser nos locais de forte influ\u00eancia mexicana onde se comemora o El dia de los muertos.<\/p>\n<p style=\"font-weight: 400;\">Humm, creio que esse in\u00edcio vai afugentar meu leitor e n\u00e3o vai adiantar dizer que no M\u00e9xico \u00e9 uma festa animada, com muita bebida, comida e m\u00fasica para receber os mortos que nesse dia t\u00eam a permiss\u00e3o de Deus para virem visitar os parentes e os amigos. Ali\u00e1s, n\u00e3o sei se isso ia dar certo no Brasil. Por aqui, o Dia de Finados tem outra conota\u00e7\u00e3o, \u00e9 um dia de tristeza em que se lembra os mortos e se reza por eles. \u00c9, de certa forma, um dia de penit\u00eancia j\u00e1 que cumpre ir aos cemit\u00e9rios para estar com os que se foram e relembr\u00e1-los, ainda que n\u00e3o seja necess\u00e1rio visitar necr\u00f3poles para recordar aqueles que amamos e que sempre estar\u00e3o conosco independente do dia estabelecido.<\/p>\n<p style=\"font-weight: 400;\">\u00a0H\u00e1 que dizer, por\u00e9m, que o cronista se engana ao tratar a visita aos cemit\u00e9rios como uma penit\u00eancia, afinal, muitos deles s\u00e3o visitados anualmente por milhares de pessoas, como o de\u00a0 P\u00e8re Lachaise em Paris, onde, entre outras esculturas, \u00a0uma esfinge alada voa sobre o t\u00famulo de Oscar Wilde. \u201cDecifra-me ou te devoro\u201d, parece dizer a imagem e foram muitos os que deixaram beijos vermelhos no bloco de granito, como se assim\u00a0decifrassem\u00a0o enigma. Highgate, o cemit\u00e9rio de Londres, tamb\u00e9m encanta com a tumba de Karl Marx reinando com seu busto colossal. Mas n\u00e3o espere ver l\u00e1, meu caro leitor, os reis e pr\u00edncipes da velha Albion, cujos corpos dormem em catedrais e abadias.<\/p>\n<p style=\"font-weight: 400;\">E n\u00e3o h\u00e1 beleza apenas nos cemit\u00e9rios europeus, em Salvador, no cemit\u00e9rio Campo Santo, pode-se ver, o t\u00famulo de Ant\u00f4nio Lacerda, que nos legou o mais conhecido cart\u00e3o postal da cidade da Bahia e o mausol\u00e9u do poeta Castro Alves ali sepultado quando de sua morte, embora hoje repouse aos p\u00e9s de sua est\u00e1tua na Pra\u00e7a Castro Alves.<\/p>\n<p style=\"font-weight: 400;\">Oh! eu quero viver, beber perfumes\/Na flor silvestre que embalsama os ares;\/Ver\u00a0minh\u2032alma\u00a0adejar pelo infinito, \/ Qual branca vela\u00a0n\u2032amplid\u00e3o\u00a0dos mares.\/No seio da mulher h\u00e1 tanto aroma&#8230;\/Nos seus beijos de fogo\u00a0h\u2019 tanta\u00a0vida&#8230;\/\u2014 \u00c1rabe errante, vou dormir \u00e0 tarde\/ \u00c0 sombra fresca da palmeira erguida.<\/p>\n<p style=\"font-weight: 400;\">\u00a0Oh, Dante! Comecei esta cr\u00f4nica com ares de riso e, de repente, eis-me aqui aos p\u00e9s do grande poeta morto aos 24 anos, quase a chorar.\u201d Lasciate ogni speranza, voi ch\u2032entrate\u201d. E, mais cedo ou mais tarde, desesperan\u00e7ados, todos estaremos l\u00e1, afinal, Shakespeare est\u00e1 sempre a lembrar que \u201cdevemos uma morte a Deus\u201d. Mas n\u00e3o h\u00e1 de ser nada, fica o consolo da comemora\u00e7\u00e3o que faremos no Dia dos Mortos.<\/p>\n<p>Publicado no jornal A Tarde em 03\/10\/2023<\/p>\n","protected":false},"excerpt":{"rendered":"<p>O que pode um cronista dizer ao seu leitor no dia que sucede imediatamente ao dia de Finados?<\/p>\n","protected":false},"author":1,"featured_media":774820,"comment_status":"closed","ping_status":"closed","sticky":false,"template":"","format":"standard","meta":[],"categories":[6,3],"tags":[],"acf":[],"yoast_head":"<!-- This site is optimized with the Yoast SEO plugin v20.8 - https:\/\/yoast.com\/wordpress\/plugins\/seo\/ -->\n<title>O DIA DOS MORTOS - ARMANDO AVENA - Bahia Economica<\/title>\n<meta name=\"description\" content=\"O maior portal de Economia da Bahia ARTIGOS, ECONOMIA \/ POL\u00cdTICA Bahia Economica\" \/>\n<meta name=\"robots\" content=\"index, follow, max-snippet:-1, max-image-preview:large, max-video-preview:-1\" \/>\n<link rel=\"canonical\" href=\"https:\/\/bahiaeconomica.com.br\/wp\/2023\/11\/03\/774818\/\" \/>\n<meta property=\"og:locale\" content=\"pt_BR\" \/>\n<meta property=\"og:type\" content=\"article\" \/>\n<meta property=\"og:title\" content=\"O DIA DOS MORTOS - ARMANDO AVENA - Bahia Economica\" \/>\n<meta property=\"og:description\" content=\"O maior portal de Economia da Bahia ARTIGOS, ECONOMIA \/ POL\u00cdTICA Bahia Economica\" \/>\n<meta property=\"og:url\" content=\"https:\/\/bahiaeconomica.com.br\/wp\/2023\/11\/03\/774818\/\" \/>\n<meta property=\"og:site_name\" content=\"Bahia Economica\" \/>\n<meta property=\"article:publisher\" content=\"https:\/\/www.facebook.com\/bahiaeconomica\" \/>\n<meta property=\"article:published_time\" content=\"2023-11-03T11:07:28+00:00\" \/>\n<meta property=\"article:modified_time\" content=\"2023-11-03T11:08:10+00:00\" \/>\n<meta property=\"og:image\" content=\"https:\/\/bahiaeconomica.com.br\/wp\/wp-content\/uploads\/2023\/11\/DIA-DOS-MORTOS-castro-alves.jpeg\" \/>\n\t<meta property=\"og:image:width\" content=\"1024\" \/>\n\t<meta property=\"og:image:height\" content=\"712\" \/>\n\t<meta property=\"og:image:type\" content=\"image\/jpeg\" \/>\n<meta name=\"author\" content=\"admin\" \/>\n<meta name=\"twitter:card\" content=\"summary_large_image\" \/>\n<meta name=\"twitter:label1\" content=\"Escrito por\" \/>\n\t<meta name=\"twitter:data1\" content=\"admin\" \/>\n\t<meta name=\"twitter:label2\" content=\"Est. tempo de leitura\" \/>\n\t<meta name=\"twitter:data2\" content=\"3 minutos\" \/>\n<script type=\"application\/ld+json\" class=\"yoast-schema-graph\">{\"@context\":\"https:\/\/schema.org\",\"@graph\":[{\"@type\":\"Article\",\"@id\":\"https:\/\/bahiaeconomica.com.br\/wp\/2023\/11\/03\/774818\/#article\",\"isPartOf\":{\"@id\":\"https:\/\/bahiaeconomica.com.br\/wp\/2023\/11\/03\/774818\/\"},\"author\":{\"name\":\"admin\",\"@id\":\"https:\/\/bahiaeconomica.com.br\/wp\/#\/schema\/person\/cb1ab5ba96ad3d9390805381c76284ec\"},\"headline\":\"O DIA DOS MORTOS &#8211; ARMANDO AVENA\",\"datePublished\":\"2023-11-03T11:07:28+00:00\",\"dateModified\":\"2023-11-03T11:08:10+00:00\",\"mainEntityOfPage\":{\"@id\":\"https:\/\/bahiaeconomica.com.br\/wp\/2023\/11\/03\/774818\/\"},\"wordCount\":570,\"publisher\":{\"@id\":\"https:\/\/bahiaeconomica.com.br\/wp\/#organization\"},\"articleSection\":[\"ARTIGOS\",\"ECONOMIA \/ POL\u00cdTICA\"],\"inLanguage\":\"pt-BR\"},{\"@type\":\"WebPage\",\"@id\":\"https:\/\/bahiaeconomica.com.br\/wp\/2023\/11\/03\/774818\/\",\"url\":\"https:\/\/bahiaeconomica.com.br\/wp\/2023\/11\/03\/774818\/\",\"name\":\"O DIA DOS MORTOS - ARMANDO AVENA - Bahia Economica\",\"isPartOf\":{\"@id\":\"https:\/\/bahiaeconomica.com.br\/wp\/#website\"},\"datePublished\":\"2023-11-03T11:07:28+00:00\",\"dateModified\":\"2023-11-03T11:08:10+00:00\",\"description\":\"O maior portal de Economia da Bahia ARTIGOS, ECONOMIA \/ POL\u00cdTICA Bahia Economica\",\"breadcrumb\":{\"@id\":\"https:\/\/bahiaeconomica.com.br\/wp\/2023\/11\/03\/774818\/#breadcrumb\"},\"inLanguage\":\"pt-BR\",\"potentialAction\":[{\"@type\":\"ReadAction\",\"target\":[\"https:\/\/bahiaeconomica.com.br\/wp\/2023\/11\/03\/774818\/\"]}]},{\"@type\":\"BreadcrumbList\",\"@id\":\"https:\/\/bahiaeconomica.com.br\/wp\/2023\/11\/03\/774818\/#breadcrumb\",\"itemListElement\":[{\"@type\":\"ListItem\",\"position\":1,\"name\":\"In\u00edcio\",\"item\":\"https:\/\/bahiaeconomica.com.br\/wp\/\"},{\"@type\":\"ListItem\",\"position\":2,\"name\":\"O DIA DOS MORTOS &#8211; ARMANDO AVENA\"}]},{\"@type\":\"WebSite\",\"@id\":\"https:\/\/bahiaeconomica.com.br\/wp\/#website\",\"url\":\"https:\/\/bahiaeconomica.com.br\/wp\/\",\"name\":\"Bahia Economica\",\"description\":\"O maior portal de Economia da Bahia\",\"publisher\":{\"@id\":\"https:\/\/bahiaeconomica.com.br\/wp\/#organization\"},\"potentialAction\":[{\"@type\":\"SearchAction\",\"target\":{\"@type\":\"EntryPoint\",\"urlTemplate\":\"https:\/\/bahiaeconomica.com.br\/wp\/?s={search_term_string}\"},\"query-input\":\"required name=search_term_string\"}],\"inLanguage\":\"pt-BR\"},{\"@type\":\"Organization\",\"@id\":\"https:\/\/bahiaeconomica.com.br\/wp\/#organization\",\"name\":\"Bahia Econ\u00f4mica\",\"url\":\"https:\/\/bahiaeconomica.com.br\/wp\/\",\"logo\":{\"@type\":\"ImageObject\",\"inLanguage\":\"pt-BR\",\"@id\":\"https:\/\/bahiaeconomica.com.br\/wp\/#\/schema\/logo\/image\/\",\"url\":\"https:\/\/bahiaeconomica.com.br\/wp\/wp-content\/uploads\/2020\/12\/cropped-BE.png\",\"contentUrl\":\"https:\/\/bahiaeconomica.com.br\/wp\/wp-content\/uploads\/2020\/12\/cropped-BE.png\",\"width\":512,\"height\":512,\"caption\":\"Bahia Econ\u00f4mica\"},\"image\":{\"@id\":\"https:\/\/bahiaeconomica.com.br\/wp\/#\/schema\/logo\/image\/\"},\"sameAs\":[\"https:\/\/www.facebook.com\/bahiaeconomica\"]},{\"@type\":\"Person\",\"@id\":\"https:\/\/bahiaeconomica.com.br\/wp\/#\/schema\/person\/cb1ab5ba96ad3d9390805381c76284ec\",\"name\":\"admin\",\"url\":\"https:\/\/bahiaeconomica.com.br\/wp\/author\/admin\/\"}]}<\/script>\n<!-- \/ Yoast SEO plugin. -->","yoast_head_json":{"title":"O DIA DOS MORTOS - ARMANDO AVENA - Bahia Economica","description":"O maior portal de Economia da Bahia ARTIGOS, ECONOMIA \/ POL\u00cdTICA Bahia Economica","robots":{"index":"index","follow":"follow","max-snippet":"max-snippet:-1","max-image-preview":"max-image-preview:large","max-video-preview":"max-video-preview:-1"},"canonical":"https:\/\/bahiaeconomica.com.br\/wp\/2023\/11\/03\/774818\/","og_locale":"pt_BR","og_type":"article","og_title":"O DIA DOS MORTOS - ARMANDO AVENA - Bahia Economica","og_description":"O maior portal de Economia da Bahia ARTIGOS, ECONOMIA \/ POL\u00cdTICA Bahia Economica","og_url":"https:\/\/bahiaeconomica.com.br\/wp\/2023\/11\/03\/774818\/","og_site_name":"Bahia Economica","article_publisher":"https:\/\/www.facebook.com\/bahiaeconomica","article_published_time":"2023-11-03T11:07:28+00:00","article_modified_time":"2023-11-03T11:08:10+00:00","og_image":[{"width":1024,"height":712,"url":"https:\/\/bahiaeconomica.com.br\/wp\/wp-content\/uploads\/2023\/11\/DIA-DOS-MORTOS-castro-alves.jpeg","type":"image\/jpeg"}],"author":"admin","twitter_card":"summary_large_image","twitter_misc":{"Escrito por":"admin","Est. tempo de leitura":"3 minutos"},"schema":{"@context":"https:\/\/schema.org","@graph":[{"@type":"Article","@id":"https:\/\/bahiaeconomica.com.br\/wp\/2023\/11\/03\/774818\/#article","isPartOf":{"@id":"https:\/\/bahiaeconomica.com.br\/wp\/2023\/11\/03\/774818\/"},"author":{"name":"admin","@id":"https:\/\/bahiaeconomica.com.br\/wp\/#\/schema\/person\/cb1ab5ba96ad3d9390805381c76284ec"},"headline":"O DIA DOS MORTOS &#8211; ARMANDO AVENA","datePublished":"2023-11-03T11:07:28+00:00","dateModified":"2023-11-03T11:08:10+00:00","mainEntityOfPage":{"@id":"https:\/\/bahiaeconomica.com.br\/wp\/2023\/11\/03\/774818\/"},"wordCount":570,"publisher":{"@id":"https:\/\/bahiaeconomica.com.br\/wp\/#organization"},"articleSection":["ARTIGOS","ECONOMIA \/ POL\u00cdTICA"],"inLanguage":"pt-BR"},{"@type":"WebPage","@id":"https:\/\/bahiaeconomica.com.br\/wp\/2023\/11\/03\/774818\/","url":"https:\/\/bahiaeconomica.com.br\/wp\/2023\/11\/03\/774818\/","name":"O DIA DOS MORTOS - ARMANDO AVENA - Bahia Economica","isPartOf":{"@id":"https:\/\/bahiaeconomica.com.br\/wp\/#website"},"datePublished":"2023-11-03T11:07:28+00:00","dateModified":"2023-11-03T11:08:10+00:00","description":"O maior portal de Economia da Bahia ARTIGOS, ECONOMIA \/ POL\u00cdTICA Bahia Economica","breadcrumb":{"@id":"https:\/\/bahiaeconomica.com.br\/wp\/2023\/11\/03\/774818\/#breadcrumb"},"inLanguage":"pt-BR","potentialAction":[{"@type":"ReadAction","target":["https:\/\/bahiaeconomica.com.br\/wp\/2023\/11\/03\/774818\/"]}]},{"@type":"BreadcrumbList","@id":"https:\/\/bahiaeconomica.com.br\/wp\/2023\/11\/03\/774818\/#breadcrumb","itemListElement":[{"@type":"ListItem","position":1,"name":"In\u00edcio","item":"https:\/\/bahiaeconomica.com.br\/wp\/"},{"@type":"ListItem","position":2,"name":"O DIA DOS MORTOS &#8211; ARMANDO AVENA"}]},{"@type":"WebSite","@id":"https:\/\/bahiaeconomica.com.br\/wp\/#website","url":"https:\/\/bahiaeconomica.com.br\/wp\/","name":"Bahia Economica","description":"O maior portal de Economia da Bahia","publisher":{"@id":"https:\/\/bahiaeconomica.com.br\/wp\/#organization"},"potentialAction":[{"@type":"SearchAction","target":{"@type":"EntryPoint","urlTemplate":"https:\/\/bahiaeconomica.com.br\/wp\/?s={search_term_string}"},"query-input":"required name=search_term_string"}],"inLanguage":"pt-BR"},{"@type":"Organization","@id":"https:\/\/bahiaeconomica.com.br\/wp\/#organization","name":"Bahia Econ\u00f4mica","url":"https:\/\/bahiaeconomica.com.br\/wp\/","logo":{"@type":"ImageObject","inLanguage":"pt-BR","@id":"https:\/\/bahiaeconomica.com.br\/wp\/#\/schema\/logo\/image\/","url":"https:\/\/bahiaeconomica.com.br\/wp\/wp-content\/uploads\/2020\/12\/cropped-BE.png","contentUrl":"https:\/\/bahiaeconomica.com.br\/wp\/wp-content\/uploads\/2020\/12\/cropped-BE.png","width":512,"height":512,"caption":"Bahia Econ\u00f4mica"},"image":{"@id":"https:\/\/bahiaeconomica.com.br\/wp\/#\/schema\/logo\/image\/"},"sameAs":["https:\/\/www.facebook.com\/bahiaeconomica"]},{"@type":"Person","@id":"https:\/\/bahiaeconomica.com.br\/wp\/#\/schema\/person\/cb1ab5ba96ad3d9390805381c76284ec","name":"admin","url":"https:\/\/bahiaeconomica.com.br\/wp\/author\/admin\/"}]}},"views":80,"_links":{"self":[{"href":"https:\/\/bahiaeconomica.com.br\/wp\/wp-json\/wp\/v2\/posts\/774818"}],"collection":[{"href":"https:\/\/bahiaeconomica.com.br\/wp\/wp-json\/wp\/v2\/posts"}],"about":[{"href":"https:\/\/bahiaeconomica.com.br\/wp\/wp-json\/wp\/v2\/types\/post"}],"author":[{"embeddable":true,"href":"https:\/\/bahiaeconomica.com.br\/wp\/wp-json\/wp\/v2\/users\/1"}],"replies":[{"embeddable":true,"href":"https:\/\/bahiaeconomica.com.br\/wp\/wp-json\/wp\/v2\/comments?post=774818"}],"version-history":[{"count":2,"href":"https:\/\/bahiaeconomica.com.br\/wp\/wp-json\/wp\/v2\/posts\/774818\/revisions"}],"predecessor-version":[{"id":774822,"href":"https:\/\/bahiaeconomica.com.br\/wp\/wp-json\/wp\/v2\/posts\/774818\/revisions\/774822"}],"wp:featuredmedia":[{"embeddable":true,"href":"https:\/\/bahiaeconomica.com.br\/wp\/wp-json\/wp\/v2\/media\/774820"}],"wp:attachment":[{"href":"https:\/\/bahiaeconomica.com.br\/wp\/wp-json\/wp\/v2\/media?parent=774818"}],"wp:term":[{"taxonomy":"category","embeddable":true,"href":"https:\/\/bahiaeconomica.com.br\/wp\/wp-json\/wp\/v2\/categories?post=774818"},{"taxonomy":"post_tag","embeddable":true,"href":"https:\/\/bahiaeconomica.com.br\/wp\/wp-json\/wp\/v2\/tags?post=774818"}],"curies":[{"name":"wp","href":"https:\/\/api.w.org\/{rel}","templated":true}]}}