{"id":774804,"date":"2023-11-03T09:20:05","date_gmt":"2023-11-03T12:20:05","guid":{"rendered":"https:\/\/bahiaeconomica.com.br\/wp\/?p=774804"},"modified":"2023-11-03T10:14:54","modified_gmt":"2023-11-03T13:14:54","slug":"camara-municipal-cassa-mandato-do-prefeito-dr-almeida","status":"publish","type":"post","link":"https:\/\/bahiaeconomica.com.br\/wp\/2023\/11\/03\/camara-municipal-cassa-mandato-do-prefeito-dr-almeida\/","title":{"rendered":"C\u00c2MARA MUNICIPAL CASSA MANDATO DO PREFEITO DR. ALMEIDA"},"content":{"rendered":"<p>A C\u00e2mara Municipal de Canavieiras, em sess\u00e3o na noite de quarta-feira (1), votou pela cassa\u00e7\u00e3o do mandato do prefeito Cl\u00f3vis Almeida (PROS), o Dr. Almeida. De acordo com o portal Ipol\u00edtica, o chefe do Executivo foi denunciado por \u2018pr\u00e1ticas de irregularidades administrativas, como irregularidades no INSS, pedaladas fiscais e dificuldades no planejamento financeiro do munic\u00edpio.\u2019. Ainda segundo o Ipol\u00edtica, oito vereadores votaram a favor, e tr\u00eas contra a cassa\u00e7\u00e3o. Com isso, em at\u00e9 48 horas o vice-prefeito, Dr. Paulo Carvalho (PTB), deve assumir a administra\u00e7\u00e3o municipal at\u00e9 as pr\u00f3ximas elei\u00e7\u00f5es.<\/p>\n<p>Foto: reprodu\u00e7\u00e3o\/redes sociais<\/p>\n","protected":false},"excerpt":{"rendered":"<p>A C\u00e2mara Municipal de Canavieiras, em sess\u00e3o na noite de quarta-feira (1), votou pela cassa\u00e7\u00e3o do mandato do prefeito Cl\u00f3vis Almeida (PROS), o Dr. Almeida. De acordo com o portal Ipol\u00edtica, o chefe do Executivo foi denunciado por \u2018pr\u00e1ticas de irregularidades administrativas, como irregularidades no INSS, pedaladas fiscais e dificuldades no planejamento financeiro do munic\u00edpio.\u2019. [&hellip;]<\/p>\n","protected":false},"author":8,"featured_media":774805,"comment_status":"closed","ping_status":"closed","sticky":false,"template":"","format":"standard","meta":[],"categories":[5],"tags":[52,1061,858,100],"acf":[],"yoast_head":"<!-- This site is optimized with the Yoast SEO plugin v20.8 - https:\/\/yoast.com\/wordpress\/plugins\/seo\/ -->\n<title>C\u00c2MARA MUNICIPAL CASSA MANDATO DO PREFEITO DR. ALMEIDA - Bahia Economica<\/title>\n<meta name=\"description\" content=\"O maior portal de Economia da Bahia MUNIC\u00cdPIOS Bahia Economica A C\u00e2mara Municipal de Canavieiras, em sess\u00e3o na noite de quarta-feira\" \/>\n<meta name=\"robots\" content=\"index, follow, max-snippet:-1, max-image-preview:large, max-video-preview:-1\" \/>\n<link rel=\"canonical\" href=\"https:\/\/bahiaeconomica.com.br\/wp\/2023\/11\/03\/camara-municipal-cassa-mandato-do-prefeito-dr-almeida\/\" \/>\n<meta property=\"og:locale\" content=\"pt_BR\" \/>\n<meta property=\"og:type\" content=\"article\" \/>\n<meta property=\"og:title\" content=\"C\u00c2MARA MUNICIPAL CASSA MANDATO DO PREFEITO DR. ALMEIDA - Bahia Economica\" \/>\n<meta property=\"og:description\" content=\"O maior portal de Economia da Bahia MUNIC\u00cdPIOS Bahia Economica A C\u00e2mara Municipal de Canavieiras, em sess\u00e3o na noite de quarta-feira\" \/>\n<meta property=\"og:url\" content=\"https:\/\/bahiaeconomica.com.br\/wp\/2023\/11\/03\/camara-municipal-cassa-mandato-do-prefeito-dr-almeida\/\" \/>\n<meta property=\"og:site_name\" content=\"Bahia Economica\" \/>\n<meta property=\"article:publisher\" content=\"https:\/\/www.facebook.com\/bahiaeconomica\" \/>\n<meta property=\"article:published_time\" content=\"2023-11-03T12:20:05+00:00\" \/>\n<meta property=\"article:modified_time\" content=\"2023-11-03T13:14:54+00:00\" \/>\n<meta property=\"og:image\" content=\"https:\/\/bahiaeconomica.com.br\/wp\/wp-content\/uploads\/2023\/11\/dr-almeida.png\" \/>\n\t<meta property=\"og:image:width\" content=\"600\" \/>\n\t<meta property=\"og:image:height\" content=\"420\" \/>\n\t<meta property=\"og:image:type\" content=\"image\/png\" \/>\n<meta name=\"author\" content=\"JP\" \/>\n<meta name=\"twitter:card\" content=\"summary_large_image\" \/>\n<meta name=\"twitter:label1\" content=\"Escrito por\" \/>\n\t<meta name=\"twitter:data1\" content=\"JP\" \/>\n\t<meta name=\"twitter:label2\" content=\"Est. tempo de leitura\" \/>\n\t<meta name=\"twitter:data2\" content=\"1 minuto\" \/>\n<script type=\"application\/ld+json\" class=\"yoast-schema-graph\">{\"@context\":\"https:\/\/schema.org\",\"@graph\":[{\"@type\":\"Article\",\"@id\":\"https:\/\/bahiaeconomica.com.br\/wp\/2023\/11\/03\/camara-municipal-cassa-mandato-do-prefeito-dr-almeida\/#article\",\"isPartOf\":{\"@id\":\"https:\/\/bahiaeconomica.com.br\/wp\/2023\/11\/03\/camara-municipal-cassa-mandato-do-prefeito-dr-almeida\/\"},\"author\":{\"name\":\"JP\",\"@id\":\"https:\/\/bahiaeconomica.com.br\/wp\/#\/schema\/person\/c86d3a3f8960425a0f9d0e5245991f4e\"},\"headline\":\"C\u00c2MARA MUNICIPAL CASSA MANDATO DO PREFEITO DR. ALMEIDA\",\"datePublished\":\"2023-11-03T12:20:05+00:00\",\"dateModified\":\"2023-11-03T13:14:54+00:00\",\"mainEntityOfPage\":{\"@id\":\"https:\/\/bahiaeconomica.com.br\/wp\/2023\/11\/03\/camara-municipal-cassa-mandato-do-prefeito-dr-almeida\/\"},\"wordCount\":115,\"publisher\":{\"@id\":\"https:\/\/bahiaeconomica.com.br\/wp\/#organization\"},\"keywords\":[\"Brasil\",\"C\u00e2mara\",\"municipio\",\"Pol\u00edtica\"],\"articleSection\":[\"MUNIC\u00cdPIOS\"],\"inLanguage\":\"pt-BR\"},{\"@type\":\"WebPage\",\"@id\":\"https:\/\/bahiaeconomica.com.br\/wp\/2023\/11\/03\/camara-municipal-cassa-mandato-do-prefeito-dr-almeida\/\",\"url\":\"https:\/\/bahiaeconomica.com.br\/wp\/2023\/11\/03\/camara-municipal-cassa-mandato-do-prefeito-dr-almeida\/\",\"name\":\"C\u00c2MARA MUNICIPAL CASSA MANDATO DO PREFEITO DR. ALMEIDA - Bahia Economica\",\"isPartOf\":{\"@id\":\"https:\/\/bahiaeconomica.com.br\/wp\/#website\"},\"datePublished\":\"2023-11-03T12:20:05+00:00\",\"dateModified\":\"2023-11-03T13:14:54+00:00\",\"description\":\"O maior portal de Economia da Bahia MUNIC\u00cdPIOS Bahia Economica A C\u00e2mara Municipal de Canavieiras, em sess\u00e3o na noite de quarta-feira\",\"breadcrumb\":{\"@id\":\"https:\/\/bahiaeconomica.com.br\/wp\/2023\/11\/03\/camara-municipal-cassa-mandato-do-prefeito-dr-almeida\/#breadcrumb\"},\"inLanguage\":\"pt-BR\",\"potentialAction\":[{\"@type\":\"ReadAction\",\"target\":[\"https:\/\/bahiaeconomica.com.br\/wp\/2023\/11\/03\/camara-municipal-cassa-mandato-do-prefeito-dr-almeida\/\"]}]},{\"@type\":\"BreadcrumbList\",\"@id\":\"https:\/\/bahiaeconomica.com.br\/wp\/2023\/11\/03\/camara-municipal-cassa-mandato-do-prefeito-dr-almeida\/#breadcrumb\",\"itemListElement\":[{\"@type\":\"ListItem\",\"position\":1,\"name\":\"In\u00edcio\",\"item\":\"https:\/\/bahiaeconomica.com.br\/wp\/\"},{\"@type\":\"ListItem\",\"position\":2,\"name\":\"C\u00c2MARA MUNICIPAL CASSA MANDATO DO PREFEITO DR. ALMEIDA\"}]},{\"@type\":\"WebSite\",\"@id\":\"https:\/\/bahiaeconomica.com.br\/wp\/#website\",\"url\":\"https:\/\/bahiaeconomica.com.br\/wp\/\",\"name\":\"Bahia Economica\",\"description\":\"O maior portal de Economia da Bahia\",\"publisher\":{\"@id\":\"https:\/\/bahiaeconomica.com.br\/wp\/#organization\"},\"potentialAction\":[{\"@type\":\"SearchAction\",\"target\":{\"@type\":\"EntryPoint\",\"urlTemplate\":\"https:\/\/bahiaeconomica.com.br\/wp\/?s={search_term_string}\"},\"query-input\":\"required name=search_term_string\"}],\"inLanguage\":\"pt-BR\"},{\"@type\":\"Organization\",\"@id\":\"https:\/\/bahiaeconomica.com.br\/wp\/#organization\",\"name\":\"Bahia Econ\u00f4mica\",\"url\":\"https:\/\/bahiaeconomica.com.br\/wp\/\",\"logo\":{\"@type\":\"ImageObject\",\"inLanguage\":\"pt-BR\",\"@id\":\"https:\/\/bahiaeconomica.com.br\/wp\/#\/schema\/logo\/image\/\",\"url\":\"https:\/\/bahiaeconomica.com.br\/wp\/wp-content\/uploads\/2020\/12\/cropped-BE.png\",\"contentUrl\":\"https:\/\/bahiaeconomica.com.br\/wp\/wp-content\/uploads\/2020\/12\/cropped-BE.png\",\"width\":512,\"height\":512,\"caption\":\"Bahia Econ\u00f4mica\"},\"image\":{\"@id\":\"https:\/\/bahiaeconomica.com.br\/wp\/#\/schema\/logo\/image\/\"},\"sameAs\":[\"https:\/\/www.facebook.com\/bahiaeconomica\"]},{\"@type\":\"Person\",\"@id\":\"https:\/\/bahiaeconomica.com.br\/wp\/#\/schema\/person\/c86d3a3f8960425a0f9d0e5245991f4e\",\"name\":\"JP\",\"sameAs\":[\"https:\/\/bahiaeconomica.com.br\/wp\/beta\/\"],\"url\":\"https:\/\/bahiaeconomica.com.br\/wp\/author\/jp\/\"}]}<\/script>\n<!-- \/ Yoast SEO plugin. -->","yoast_head_json":{"title":"C\u00c2MARA MUNICIPAL CASSA MANDATO DO PREFEITO DR. ALMEIDA - Bahia Economica","description":"O maior portal de Economia da Bahia MUNIC\u00cdPIOS Bahia Economica A C\u00e2mara Municipal de Canavieiras, em sess\u00e3o na noite de quarta-feira","robots":{"index":"index","follow":"follow","max-snippet":"max-snippet:-1","max-image-preview":"max-image-preview:large","max-video-preview":"max-video-preview:-1"},"canonical":"https:\/\/bahiaeconomica.com.br\/wp\/2023\/11\/03\/camara-municipal-cassa-mandato-do-prefeito-dr-almeida\/","og_locale":"pt_BR","og_type":"article","og_title":"C\u00c2MARA MUNICIPAL CASSA MANDATO DO PREFEITO DR. ALMEIDA - Bahia Economica","og_description":"O maior portal de Economia da Bahia MUNIC\u00cdPIOS Bahia Economica A C\u00e2mara Municipal de Canavieiras, em sess\u00e3o na noite de quarta-feira","og_url":"https:\/\/bahiaeconomica.com.br\/wp\/2023\/11\/03\/camara-municipal-cassa-mandato-do-prefeito-dr-almeida\/","og_site_name":"Bahia Economica","article_publisher":"https:\/\/www.facebook.com\/bahiaeconomica","article_published_time":"2023-11-03T12:20:05+00:00","article_modified_time":"2023-11-03T13:14:54+00:00","og_image":[{"width":600,"height":420,"url":"https:\/\/bahiaeconomica.com.br\/wp\/wp-content\/uploads\/2023\/11\/dr-almeida.png","type":"image\/png"}],"author":"JP","twitter_card":"summary_large_image","twitter_misc":{"Escrito por":"JP","Est. tempo de leitura":"1 minuto"},"schema":{"@context":"https:\/\/schema.org","@graph":[{"@type":"Article","@id":"https:\/\/bahiaeconomica.com.br\/wp\/2023\/11\/03\/camara-municipal-cassa-mandato-do-prefeito-dr-almeida\/#article","isPartOf":{"@id":"https:\/\/bahiaeconomica.com.br\/wp\/2023\/11\/03\/camara-municipal-cassa-mandato-do-prefeito-dr-almeida\/"},"author":{"name":"JP","@id":"https:\/\/bahiaeconomica.com.br\/wp\/#\/schema\/person\/c86d3a3f8960425a0f9d0e5245991f4e"},"headline":"C\u00c2MARA MUNICIPAL CASSA MANDATO DO PREFEITO DR. ALMEIDA","datePublished":"2023-11-03T12:20:05+00:00","dateModified":"2023-11-03T13:14:54+00:00","mainEntityOfPage":{"@id":"https:\/\/bahiaeconomica.com.br\/wp\/2023\/11\/03\/camara-municipal-cassa-mandato-do-prefeito-dr-almeida\/"},"wordCount":115,"publisher":{"@id":"https:\/\/bahiaeconomica.com.br\/wp\/#organization"},"keywords":["Brasil","C\u00e2mara","municipio","Pol\u00edtica"],"articleSection":["MUNIC\u00cdPIOS"],"inLanguage":"pt-BR"},{"@type":"WebPage","@id":"https:\/\/bahiaeconomica.com.br\/wp\/2023\/11\/03\/camara-municipal-cassa-mandato-do-prefeito-dr-almeida\/","url":"https:\/\/bahiaeconomica.com.br\/wp\/2023\/11\/03\/camara-municipal-cassa-mandato-do-prefeito-dr-almeida\/","name":"C\u00c2MARA MUNICIPAL CASSA MANDATO DO PREFEITO DR. ALMEIDA - Bahia Economica","isPartOf":{"@id":"https:\/\/bahiaeconomica.com.br\/wp\/#website"},"datePublished":"2023-11-03T12:20:05+00:00","dateModified":"2023-11-03T13:14:54+00:00","description":"O maior portal de Economia da Bahia MUNIC\u00cdPIOS Bahia Economica A C\u00e2mara Municipal de Canavieiras, em sess\u00e3o na noite de quarta-feira","breadcrumb":{"@id":"https:\/\/bahiaeconomica.com.br\/wp\/2023\/11\/03\/camara-municipal-cassa-mandato-do-prefeito-dr-almeida\/#breadcrumb"},"inLanguage":"pt-BR","potentialAction":[{"@type":"ReadAction","target":["https:\/\/bahiaeconomica.com.br\/wp\/2023\/11\/03\/camara-municipal-cassa-mandato-do-prefeito-dr-almeida\/"]}]},{"@type":"BreadcrumbList","@id":"https:\/\/bahiaeconomica.com.br\/wp\/2023\/11\/03\/camara-municipal-cassa-mandato-do-prefeito-dr-almeida\/#breadcrumb","itemListElement":[{"@type":"ListItem","position":1,"name":"In\u00edcio","item":"https:\/\/bahiaeconomica.com.br\/wp\/"},{"@type":"ListItem","position":2,"name":"C\u00c2MARA MUNICIPAL CASSA MANDATO DO PREFEITO DR. ALMEIDA"}]},{"@type":"WebSite","@id":"https:\/\/bahiaeconomica.com.br\/wp\/#website","url":"https:\/\/bahiaeconomica.com.br\/wp\/","name":"Bahia Economica","description":"O maior portal de Economia da Bahia","publisher":{"@id":"https:\/\/bahiaeconomica.com.br\/wp\/#organization"},"potentialAction":[{"@type":"SearchAction","target":{"@type":"EntryPoint","urlTemplate":"https:\/\/bahiaeconomica.com.br\/wp\/?s={search_term_string}"},"query-input":"required name=search_term_string"}],"inLanguage":"pt-BR"},{"@type":"Organization","@id":"https:\/\/bahiaeconomica.com.br\/wp\/#organization","name":"Bahia Econ\u00f4mica","url":"https:\/\/bahiaeconomica.com.br\/wp\/","logo":{"@type":"ImageObject","inLanguage":"pt-BR","@id":"https:\/\/bahiaeconomica.com.br\/wp\/#\/schema\/logo\/image\/","url":"https:\/\/bahiaeconomica.com.br\/wp\/wp-content\/uploads\/2020\/12\/cropped-BE.png","contentUrl":"https:\/\/bahiaeconomica.com.br\/wp\/wp-content\/uploads\/2020\/12\/cropped-BE.png","width":512,"height":512,"caption":"Bahia Econ\u00f4mica"},"image":{"@id":"https:\/\/bahiaeconomica.com.br\/wp\/#\/schema\/logo\/image\/"},"sameAs":["https:\/\/www.facebook.com\/bahiaeconomica"]},{"@type":"Person","@id":"https:\/\/bahiaeconomica.com.br\/wp\/#\/schema\/person\/c86d3a3f8960425a0f9d0e5245991f4e","name":"JP","sameAs":["https:\/\/bahiaeconomica.com.br\/wp\/beta\/"],"url":"https:\/\/bahiaeconomica.com.br\/wp\/author\/jp\/"}]}},"views":15,"_links":{"self":[{"href":"https:\/\/bahiaeconomica.com.br\/wp\/wp-json\/wp\/v2\/posts\/774804"}],"collection":[{"href":"https:\/\/bahiaeconomica.com.br\/wp\/wp-json\/wp\/v2\/posts"}],"about":[{"href":"https:\/\/bahiaeconomica.com.br\/wp\/wp-json\/wp\/v2\/types\/post"}],"author":[{"embeddable":true,"href":"https:\/\/bahiaeconomica.com.br\/wp\/wp-json\/wp\/v2\/users\/8"}],"replies":[{"embeddable":true,"href":"https:\/\/bahiaeconomica.com.br\/wp\/wp-json\/wp\/v2\/comments?post=774804"}],"version-history":[{"count":1,"href":"https:\/\/bahiaeconomica.com.br\/wp\/wp-json\/wp\/v2\/posts\/774804\/revisions"}],"predecessor-version":[{"id":774806,"href":"https:\/\/bahiaeconomica.com.br\/wp\/wp-json\/wp\/v2\/posts\/774804\/revisions\/774806"}],"wp:featuredmedia":[{"embeddable":true,"href":"https:\/\/bahiaeconomica.com.br\/wp\/wp-json\/wp\/v2\/media\/774805"}],"wp:attachment":[{"href":"https:\/\/bahiaeconomica.com.br\/wp\/wp-json\/wp\/v2\/media?parent=774804"}],"wp:term":[{"taxonomy":"category","embeddable":true,"href":"https:\/\/bahiaeconomica.com.br\/wp\/wp-json\/wp\/v2\/categories?post=774804"},{"taxonomy":"post_tag","embeddable":true,"href":"https:\/\/bahiaeconomica.com.br\/wp\/wp-json\/wp\/v2\/tags?post=774804"}],"curies":[{"name":"wp","href":"https:\/\/api.w.org\/{rel}","templated":true}]}}