{"id":774557,"date":"2023-11-02T14:00:42","date_gmt":"2023-11-02T17:00:42","guid":{"rendered":"https:\/\/bahiaeconomica.com.br\/wp\/?p=774557"},"modified":"2023-11-02T10:35:06","modified_gmt":"2023-11-02T13:35:06","slug":"policia-rodoviaria-federal-inicia-operacao-para-feriado-de-finados-nas-rodovias","status":"publish","type":"post","link":"https:\/\/bahiaeconomica.com.br\/wp\/2023\/11\/02\/policia-rodoviaria-federal-inicia-operacao-para-feriado-de-finados-nas-rodovias\/","title":{"rendered":"POL\u00cdCIA RODOVI\u00c1RIA FEDERAL INICIA OPERA\u00c7\u00c3O PARA FERIADO DE FINADOS NAS RODOVIAS"},"content":{"rendered":"<p>A Pol\u00edcia Rodovi\u00e1ria Federal (PRF) iniciou, nesta quarta-feira (1\u00ba), a Opera\u00e7\u00e3o Finados nas rodovias federais do pa\u00eds. At\u00e9 as 23h59 do pr\u00f3ximo domingo (5), os agentes estar\u00e3o mobilizados nos locais de maior incid\u00eancia de acidentes para garantir a fluidez do tr\u00e2nsito e mais seguran\u00e7a para quem estar\u00e1 viajando nesse per\u00edodo. As informa\u00e7\u00f5es s\u00e3o da Ag\u00eancia Brasil.<\/p>\n<p>Assim como outras opera\u00e7\u00f5es ao longo do ano, a iniciativa integra o calend\u00e1rio nacional da PRF, que est\u00e1 alinhado \u00e0 meta de redu\u00e7\u00e3o de mortes no tr\u00e2nsito em todo o pa\u00eds. Segundo a corpora\u00e7\u00e3o, al\u00e9m do planejamento operacional, para reduzir a viol\u00eancia no tr\u00e2nsito \u00e9 preciso o apoio dos condutores evitando excesso de velocidade, embriaguez ao volante e ultrapassagens indevidas.<\/p>\n<p>\u201cEsperamos que os motoristas tenham a consci\u00eancia que n\u00e3o podem exceder a velocidade da via e que a mistura de \u00e1lcool e dire\u00e7\u00e3o n\u00e3o combinam. Muitas pessoas acabam ingerindo bebida alco\u00f3lica e se sentem em condi\u00e7\u00f5es de dirigir, mas j\u00e1 est\u00e1 mais do que provado que aumenta muito a letalidade nas rodovias\u201d, destacou o diretor de Opera\u00e7\u00f5es da PRF, Marcos Vin\u00edcius, em comunicado.<\/p>\n<p>Os policiais utilizam radares e baf\u00f4metros e refor\u00e7am a fiscaliza\u00e7\u00e3o em pontos cr\u00edticos para coibir infra\u00e7\u00f5es graves e prevenir colis\u00f5es frontais. Nas abordagens, dispositivos b\u00e1sicos de seguran\u00e7a s\u00e3o verificados, como cinto de seguran\u00e7a, cadeirinha e capacete. Para informa\u00e7\u00f5es, den\u00fancias, comunica\u00e7\u00e3o de crimes e acidentes, a PRF atende no n\u00famero de emerg\u00eancia 191.<\/p>\n<p><strong>Orienta\u00e7\u00f5es<br \/>\n<\/strong><br \/>\nA PRF orienta ainda sobre os cuidados indispens\u00e1veis para quem vai viajar nesse per\u00edodo:<\/p>\n<p>&#8211; O motorista deve fazer uma revis\u00e3o nos principais itens relacionados \u00e0 seguran\u00e7a do ve\u00edculo, como pneus, freios, luzes, \u00f3leo e combust\u00edvel.<\/p>\n<p>&#8211; Descansar bem antes de assumir a dire\u00e7\u00e3o do ve\u00edculo, pois o sono pode ser t\u00e3o prejudicial quanto o consumo de bebida alco\u00f3lica.<\/p>\n<p>&#8211; Consultar a validade da documenta\u00e7\u00e3o pessoal e do ve\u00edculo. Desde outubro, alguns estados come\u00e7aram a cobrar o licenciamento 2023.<\/p>\n<p>&#8211; Todos os ocupantes do ve\u00edculo devem utilizar o cinto de seguran\u00e7a. As crian\u00e7as precisam ser transportadas no dispositivo adequado ao peso e idade de cada uma &#8211; beb\u00ea conforto, cadeirinha ou assento de eleva\u00e7\u00e3o.<\/p>\n<p>&#8211; Condutores de motocicletas devem ter um cuidado ainda maior nas rodovias: utilizar capacete com viseira e bem afixado \u00e0 cabe\u00e7a, roupas que ajudem na prote\u00e7\u00e3o em caso de queda e cal\u00e7ados fechados.<\/p>\n<p>&#8211; Respeitar a sinaliza\u00e7\u00e3o e as normas de tr\u00e2nsito \u00e9 indispens\u00e1vel para uma viagem segura, obedecendo os limites de velocidade e locais de ultrapassagens permitidos, al\u00e9m de jamais misturar bebida alco\u00f3lica e dire\u00e7\u00e3o.<\/p>\n<p>Foto: PRF\/Divulga\u00e7\u00e3o<\/p>\n<p>&nbsp;<\/p>\n","protected":false},"excerpt":{"rendered":"<p>A Pol\u00edcia Rodovi\u00e1ria Federal (PRF) iniciou, nesta quarta-feira (1\u00ba), a Opera\u00e7\u00e3o Finados nas rodovias federais do pa\u00eds. At\u00e9 as 23h59 do pr\u00f3ximo domingo (5), os agentes estar\u00e3o mobilizados nos locais de maior incid\u00eancia de acidentes para garantir a fluidez do tr\u00e2nsito e mais seguran\u00e7a para quem estar\u00e1 viajando nesse per\u00edodo. As informa\u00e7\u00f5es s\u00e3o da Ag\u00eancia [&hellip;]<\/p>\n","protected":false},"author":15,"featured_media":774562,"comment_status":"closed","ping_status":"closed","sticky":false,"template":"","format":"standard","meta":[],"categories":[5],"tags":[22357,9738,1675],"acf":[],"yoast_head":"<!-- This site is optimized with the Yoast SEO plugin v20.8 - https:\/\/yoast.com\/wordpress\/plugins\/seo\/ -->\n<title>POL\u00cdCIA RODOVI\u00c1RIA FEDERAL INICIA OPERA\u00c7\u00c3O PARA FERIADO DE FINADOS NAS RODOVIAS - Bahia Economica<\/title>\n<meta name=\"description\" content=\"O maior portal de Economia da Bahia MUNIC\u00cdPIOS Bahia Economica A Pol\u00edcia Rodovi\u00e1ria Federal (PRF) iniciou, nesta quarta-feira (1\u00ba), a Opera\u00e7\u00e3o\" \/>\n<meta name=\"robots\" content=\"index, follow, max-snippet:-1, max-image-preview:large, max-video-preview:-1\" \/>\n<link rel=\"canonical\" href=\"https:\/\/bahiaeconomica.com.br\/wp\/2023\/11\/02\/policia-rodoviaria-federal-inicia-operacao-para-feriado-de-finados-nas-rodovias\/\" \/>\n<meta property=\"og:locale\" content=\"pt_BR\" \/>\n<meta property=\"og:type\" content=\"article\" \/>\n<meta property=\"og:title\" content=\"POL\u00cdCIA RODOVI\u00c1RIA FEDERAL INICIA OPERA\u00c7\u00c3O PARA FERIADO DE FINADOS NAS RODOVIAS - Bahia Economica\" \/>\n<meta property=\"og:description\" content=\"O maior portal de Economia da Bahia MUNIC\u00cdPIOS Bahia Economica A Pol\u00edcia Rodovi\u00e1ria Federal (PRF) iniciou, nesta quarta-feira (1\u00ba), a Opera\u00e7\u00e3o\" \/>\n<meta property=\"og:url\" content=\"https:\/\/bahiaeconomica.com.br\/wp\/2023\/11\/02\/policia-rodoviaria-federal-inicia-operacao-para-feriado-de-finados-nas-rodovias\/\" \/>\n<meta property=\"og:site_name\" content=\"Bahia Economica\" \/>\n<meta property=\"article:publisher\" content=\"https:\/\/www.facebook.com\/bahiaeconomica\" \/>\n<meta property=\"article:published_time\" content=\"2023-11-02T17:00:42+00:00\" \/>\n<meta property=\"article:modified_time\" content=\"2023-11-02T13:35:06+00:00\" \/>\n<meta property=\"og:image\" content=\"https:\/\/bahiaeconomica.com.br\/wp\/wp-content\/uploads\/2023\/11\/op-carnaval-1.webp\" \/>\n\t<meta property=\"og:image:width\" content=\"984\" \/>\n\t<meta property=\"og:image:height\" content=\"554\" \/>\n\t<meta property=\"og:image:type\" content=\"image\/webp\" \/>\n<meta name=\"author\" content=\"VICTORIA ISABEL\" \/>\n<meta name=\"twitter:card\" content=\"summary_large_image\" \/>\n<meta name=\"twitter:label1\" content=\"Escrito por\" \/>\n\t<meta name=\"twitter:data1\" content=\"VICTORIA ISABEL\" \/>\n\t<meta name=\"twitter:label2\" content=\"Est. tempo de leitura\" \/>\n\t<meta name=\"twitter:data2\" content=\"3 minutos\" \/>\n<script type=\"application\/ld+json\" class=\"yoast-schema-graph\">{\"@context\":\"https:\/\/schema.org\",\"@graph\":[{\"@type\":\"Article\",\"@id\":\"https:\/\/bahiaeconomica.com.br\/wp\/2023\/11\/02\/policia-rodoviaria-federal-inicia-operacao-para-feriado-de-finados-nas-rodovias\/#article\",\"isPartOf\":{\"@id\":\"https:\/\/bahiaeconomica.com.br\/wp\/2023\/11\/02\/policia-rodoviaria-federal-inicia-operacao-para-feriado-de-finados-nas-rodovias\/\"},\"author\":{\"name\":\"VICTORIA ISABEL\",\"@id\":\"https:\/\/bahiaeconomica.com.br\/wp\/#\/schema\/person\/b719ce0fb1c09f3c7a00d9243ced4a6f\"},\"headline\":\"POL\u00cdCIA RODOVI\u00c1RIA FEDERAL INICIA OPERA\u00c7\u00c3O PARA FERIADO DE FINADOS NAS RODOVIAS\",\"datePublished\":\"2023-11-02T17:00:42+00:00\",\"dateModified\":\"2023-11-02T13:35:06+00:00\",\"mainEntityOfPage\":{\"@id\":\"https:\/\/bahiaeconomica.com.br\/wp\/2023\/11\/02\/policia-rodoviaria-federal-inicia-operacao-para-feriado-de-finados-nas-rodovias\/\"},\"wordCount\":494,\"publisher\":{\"@id\":\"https:\/\/bahiaeconomica.com.br\/wp\/#organization\"},\"keywords\":[\"Opera\u00e7\u00e3o Finados\",\"Pol\u00edcia Rodovi\u00e1ria Federal\",\"transito\"],\"articleSection\":[\"MUNIC\u00cdPIOS\"],\"inLanguage\":\"pt-BR\"},{\"@type\":\"WebPage\",\"@id\":\"https:\/\/bahiaeconomica.com.br\/wp\/2023\/11\/02\/policia-rodoviaria-federal-inicia-operacao-para-feriado-de-finados-nas-rodovias\/\",\"url\":\"https:\/\/bahiaeconomica.com.br\/wp\/2023\/11\/02\/policia-rodoviaria-federal-inicia-operacao-para-feriado-de-finados-nas-rodovias\/\",\"name\":\"POL\u00cdCIA RODOVI\u00c1RIA FEDERAL INICIA OPERA\u00c7\u00c3O PARA FERIADO DE FINADOS NAS RODOVIAS - Bahia Economica\",\"isPartOf\":{\"@id\":\"https:\/\/bahiaeconomica.com.br\/wp\/#website\"},\"datePublished\":\"2023-11-02T17:00:42+00:00\",\"dateModified\":\"2023-11-02T13:35:06+00:00\",\"description\":\"O maior portal de Economia da Bahia MUNIC\u00cdPIOS Bahia Economica A Pol\u00edcia Rodovi\u00e1ria Federal (PRF) iniciou, nesta quarta-feira (1\u00ba), a Opera\u00e7\u00e3o\",\"breadcrumb\":{\"@id\":\"https:\/\/bahiaeconomica.com.br\/wp\/2023\/11\/02\/policia-rodoviaria-federal-inicia-operacao-para-feriado-de-finados-nas-rodovias\/#breadcrumb\"},\"inLanguage\":\"pt-BR\",\"potentialAction\":[{\"@type\":\"ReadAction\",\"target\":[\"https:\/\/bahiaeconomica.com.br\/wp\/2023\/11\/02\/policia-rodoviaria-federal-inicia-operacao-para-feriado-de-finados-nas-rodovias\/\"]}]},{\"@type\":\"BreadcrumbList\",\"@id\":\"https:\/\/bahiaeconomica.com.br\/wp\/2023\/11\/02\/policia-rodoviaria-federal-inicia-operacao-para-feriado-de-finados-nas-rodovias\/#breadcrumb\",\"itemListElement\":[{\"@type\":\"ListItem\",\"position\":1,\"name\":\"In\u00edcio\",\"item\":\"https:\/\/bahiaeconomica.com.br\/wp\/\"},{\"@type\":\"ListItem\",\"position\":2,\"name\":\"POL\u00cdCIA RODOVI\u00c1RIA FEDERAL INICIA OPERA\u00c7\u00c3O PARA FERIADO DE FINADOS NAS RODOVIAS\"}]},{\"@type\":\"WebSite\",\"@id\":\"https:\/\/bahiaeconomica.com.br\/wp\/#website\",\"url\":\"https:\/\/bahiaeconomica.com.br\/wp\/\",\"name\":\"Bahia Economica\",\"description\":\"O maior portal de Economia da Bahia\",\"publisher\":{\"@id\":\"https:\/\/bahiaeconomica.com.br\/wp\/#organization\"},\"potentialAction\":[{\"@type\":\"SearchAction\",\"target\":{\"@type\":\"EntryPoint\",\"urlTemplate\":\"https:\/\/bahiaeconomica.com.br\/wp\/?s={search_term_string}\"},\"query-input\":\"required name=search_term_string\"}],\"inLanguage\":\"pt-BR\"},{\"@type\":\"Organization\",\"@id\":\"https:\/\/bahiaeconomica.com.br\/wp\/#organization\",\"name\":\"Bahia Econ\u00f4mica\",\"url\":\"https:\/\/bahiaeconomica.com.br\/wp\/\",\"logo\":{\"@type\":\"ImageObject\",\"inLanguage\":\"pt-BR\",\"@id\":\"https:\/\/bahiaeconomica.com.br\/wp\/#\/schema\/logo\/image\/\",\"url\":\"https:\/\/bahiaeconomica.com.br\/wp\/wp-content\/uploads\/2020\/12\/cropped-BE.png\",\"contentUrl\":\"https:\/\/bahiaeconomica.com.br\/wp\/wp-content\/uploads\/2020\/12\/cropped-BE.png\",\"width\":512,\"height\":512,\"caption\":\"Bahia Econ\u00f4mica\"},\"image\":{\"@id\":\"https:\/\/bahiaeconomica.com.br\/wp\/#\/schema\/logo\/image\/\"},\"sameAs\":[\"https:\/\/www.facebook.com\/bahiaeconomica\"]},{\"@type\":\"Person\",\"@id\":\"https:\/\/bahiaeconomica.com.br\/wp\/#\/schema\/person\/b719ce0fb1c09f3c7a00d9243ced4a6f\",\"name\":\"VICTORIA ISABEL\",\"sameAs\":[\"http:\/\/www.bahiaeconomica.com.br\"],\"url\":\"https:\/\/bahiaeconomica.com.br\/wp\/author\/victoria-isabel\/\"}]}<\/script>\n<!-- \/ Yoast SEO plugin. -->","yoast_head_json":{"title":"POL\u00cdCIA RODOVI\u00c1RIA FEDERAL INICIA OPERA\u00c7\u00c3O PARA FERIADO DE FINADOS NAS RODOVIAS - Bahia Economica","description":"O maior portal de Economia da Bahia MUNIC\u00cdPIOS Bahia Economica A Pol\u00edcia Rodovi\u00e1ria Federal (PRF) iniciou, nesta quarta-feira (1\u00ba), a Opera\u00e7\u00e3o","robots":{"index":"index","follow":"follow","max-snippet":"max-snippet:-1","max-image-preview":"max-image-preview:large","max-video-preview":"max-video-preview:-1"},"canonical":"https:\/\/bahiaeconomica.com.br\/wp\/2023\/11\/02\/policia-rodoviaria-federal-inicia-operacao-para-feriado-de-finados-nas-rodovias\/","og_locale":"pt_BR","og_type":"article","og_title":"POL\u00cdCIA RODOVI\u00c1RIA FEDERAL INICIA OPERA\u00c7\u00c3O PARA FERIADO DE FINADOS NAS RODOVIAS - Bahia Economica","og_description":"O maior portal de Economia da Bahia MUNIC\u00cdPIOS Bahia Economica A Pol\u00edcia Rodovi\u00e1ria Federal (PRF) iniciou, nesta quarta-feira (1\u00ba), a Opera\u00e7\u00e3o","og_url":"https:\/\/bahiaeconomica.com.br\/wp\/2023\/11\/02\/policia-rodoviaria-federal-inicia-operacao-para-feriado-de-finados-nas-rodovias\/","og_site_name":"Bahia Economica","article_publisher":"https:\/\/www.facebook.com\/bahiaeconomica","article_published_time":"2023-11-02T17:00:42+00:00","article_modified_time":"2023-11-02T13:35:06+00:00","og_image":[{"width":984,"height":554,"url":"https:\/\/bahiaeconomica.com.br\/wp\/wp-content\/uploads\/2023\/11\/op-carnaval-1.webp","type":"image\/webp"}],"author":"VICTORIA ISABEL","twitter_card":"summary_large_image","twitter_misc":{"Escrito por":"VICTORIA ISABEL","Est. tempo de leitura":"3 minutos"},"schema":{"@context":"https:\/\/schema.org","@graph":[{"@type":"Article","@id":"https:\/\/bahiaeconomica.com.br\/wp\/2023\/11\/02\/policia-rodoviaria-federal-inicia-operacao-para-feriado-de-finados-nas-rodovias\/#article","isPartOf":{"@id":"https:\/\/bahiaeconomica.com.br\/wp\/2023\/11\/02\/policia-rodoviaria-federal-inicia-operacao-para-feriado-de-finados-nas-rodovias\/"},"author":{"name":"VICTORIA ISABEL","@id":"https:\/\/bahiaeconomica.com.br\/wp\/#\/schema\/person\/b719ce0fb1c09f3c7a00d9243ced4a6f"},"headline":"POL\u00cdCIA RODOVI\u00c1RIA FEDERAL INICIA OPERA\u00c7\u00c3O PARA FERIADO DE FINADOS NAS RODOVIAS","datePublished":"2023-11-02T17:00:42+00:00","dateModified":"2023-11-02T13:35:06+00:00","mainEntityOfPage":{"@id":"https:\/\/bahiaeconomica.com.br\/wp\/2023\/11\/02\/policia-rodoviaria-federal-inicia-operacao-para-feriado-de-finados-nas-rodovias\/"},"wordCount":494,"publisher":{"@id":"https:\/\/bahiaeconomica.com.br\/wp\/#organization"},"keywords":["Opera\u00e7\u00e3o Finados","Pol\u00edcia Rodovi\u00e1ria Federal","transito"],"articleSection":["MUNIC\u00cdPIOS"],"inLanguage":"pt-BR"},{"@type":"WebPage","@id":"https:\/\/bahiaeconomica.com.br\/wp\/2023\/11\/02\/policia-rodoviaria-federal-inicia-operacao-para-feriado-de-finados-nas-rodovias\/","url":"https:\/\/bahiaeconomica.com.br\/wp\/2023\/11\/02\/policia-rodoviaria-federal-inicia-operacao-para-feriado-de-finados-nas-rodovias\/","name":"POL\u00cdCIA RODOVI\u00c1RIA FEDERAL INICIA OPERA\u00c7\u00c3O PARA FERIADO DE FINADOS NAS RODOVIAS - Bahia Economica","isPartOf":{"@id":"https:\/\/bahiaeconomica.com.br\/wp\/#website"},"datePublished":"2023-11-02T17:00:42+00:00","dateModified":"2023-11-02T13:35:06+00:00","description":"O maior portal de Economia da Bahia MUNIC\u00cdPIOS Bahia Economica A Pol\u00edcia Rodovi\u00e1ria Federal (PRF) iniciou, nesta quarta-feira (1\u00ba), a Opera\u00e7\u00e3o","breadcrumb":{"@id":"https:\/\/bahiaeconomica.com.br\/wp\/2023\/11\/02\/policia-rodoviaria-federal-inicia-operacao-para-feriado-de-finados-nas-rodovias\/#breadcrumb"},"inLanguage":"pt-BR","potentialAction":[{"@type":"ReadAction","target":["https:\/\/bahiaeconomica.com.br\/wp\/2023\/11\/02\/policia-rodoviaria-federal-inicia-operacao-para-feriado-de-finados-nas-rodovias\/"]}]},{"@type":"BreadcrumbList","@id":"https:\/\/bahiaeconomica.com.br\/wp\/2023\/11\/02\/policia-rodoviaria-federal-inicia-operacao-para-feriado-de-finados-nas-rodovias\/#breadcrumb","itemListElement":[{"@type":"ListItem","position":1,"name":"In\u00edcio","item":"https:\/\/bahiaeconomica.com.br\/wp\/"},{"@type":"ListItem","position":2,"name":"POL\u00cdCIA RODOVI\u00c1RIA FEDERAL INICIA OPERA\u00c7\u00c3O PARA FERIADO DE FINADOS NAS RODOVIAS"}]},{"@type":"WebSite","@id":"https:\/\/bahiaeconomica.com.br\/wp\/#website","url":"https:\/\/bahiaeconomica.com.br\/wp\/","name":"Bahia Economica","description":"O maior portal de Economia da Bahia","publisher":{"@id":"https:\/\/bahiaeconomica.com.br\/wp\/#organization"},"potentialAction":[{"@type":"SearchAction","target":{"@type":"EntryPoint","urlTemplate":"https:\/\/bahiaeconomica.com.br\/wp\/?s={search_term_string}"},"query-input":"required name=search_term_string"}],"inLanguage":"pt-BR"},{"@type":"Organization","@id":"https:\/\/bahiaeconomica.com.br\/wp\/#organization","name":"Bahia Econ\u00f4mica","url":"https:\/\/bahiaeconomica.com.br\/wp\/","logo":{"@type":"ImageObject","inLanguage":"pt-BR","@id":"https:\/\/bahiaeconomica.com.br\/wp\/#\/schema\/logo\/image\/","url":"https:\/\/bahiaeconomica.com.br\/wp\/wp-content\/uploads\/2020\/12\/cropped-BE.png","contentUrl":"https:\/\/bahiaeconomica.com.br\/wp\/wp-content\/uploads\/2020\/12\/cropped-BE.png","width":512,"height":512,"caption":"Bahia Econ\u00f4mica"},"image":{"@id":"https:\/\/bahiaeconomica.com.br\/wp\/#\/schema\/logo\/image\/"},"sameAs":["https:\/\/www.facebook.com\/bahiaeconomica"]},{"@type":"Person","@id":"https:\/\/bahiaeconomica.com.br\/wp\/#\/schema\/person\/b719ce0fb1c09f3c7a00d9243ced4a6f","name":"VICTORIA ISABEL","sameAs":["http:\/\/www.bahiaeconomica.com.br"],"url":"https:\/\/bahiaeconomica.com.br\/wp\/author\/victoria-isabel\/"}]}},"views":5,"_links":{"self":[{"href":"https:\/\/bahiaeconomica.com.br\/wp\/wp-json\/wp\/v2\/posts\/774557"}],"collection":[{"href":"https:\/\/bahiaeconomica.com.br\/wp\/wp-json\/wp\/v2\/posts"}],"about":[{"href":"https:\/\/bahiaeconomica.com.br\/wp\/wp-json\/wp\/v2\/types\/post"}],"author":[{"embeddable":true,"href":"https:\/\/bahiaeconomica.com.br\/wp\/wp-json\/wp\/v2\/users\/15"}],"replies":[{"embeddable":true,"href":"https:\/\/bahiaeconomica.com.br\/wp\/wp-json\/wp\/v2\/comments?post=774557"}],"version-history":[{"count":1,"href":"https:\/\/bahiaeconomica.com.br\/wp\/wp-json\/wp\/v2\/posts\/774557\/revisions"}],"predecessor-version":[{"id":774563,"href":"https:\/\/bahiaeconomica.com.br\/wp\/wp-json\/wp\/v2\/posts\/774557\/revisions\/774563"}],"wp:featuredmedia":[{"embeddable":true,"href":"https:\/\/bahiaeconomica.com.br\/wp\/wp-json\/wp\/v2\/media\/774562"}],"wp:attachment":[{"href":"https:\/\/bahiaeconomica.com.br\/wp\/wp-json\/wp\/v2\/media?parent=774557"}],"wp:term":[{"taxonomy":"category","embeddable":true,"href":"https:\/\/bahiaeconomica.com.br\/wp\/wp-json\/wp\/v2\/categories?post=774557"},{"taxonomy":"post_tag","embeddable":true,"href":"https:\/\/bahiaeconomica.com.br\/wp\/wp-json\/wp\/v2\/tags?post=774557"}],"curies":[{"name":"wp","href":"https:\/\/api.w.org\/{rel}","templated":true}]}}