{"id":773855,"date":"2023-10-30T12:31:15","date_gmt":"2023-10-30T15:31:15","guid":{"rendered":"https:\/\/bahiaeconomica.com.br\/wp\/?p=773855"},"modified":"2023-10-30T12:32:14","modified_gmt":"2023-10-30T15:32:14","slug":"maior-feira-de-vinhos-do-nordeste-a-bahia-vinho-show-divulga-a-9a-edicao","status":"publish","type":"post","link":"https:\/\/bahiaeconomica.com.br\/wp\/2023\/10\/30\/maior-feira-de-vinhos-do-nordeste-a-bahia-vinho-show-divulga-a-9a-edicao\/","title":{"rendered":"MAIOR FEIRA DE VINHOS DO NORDESTE, A BAHIA VINHO SHOW DIVULGA A 9\u00aa EDI\u00c7\u00c3O"},"content":{"rendered":"<p>Apreciadores e profissionais do vinho j\u00e1 podem fazer reserva de agenda, pois o Bahia Vinho Show 9\u00aa edi\u00e7\u00e3o j\u00e1 est\u00e1 com ingressos dispon\u00edveis. Consagrado como o maior e mais diversificado evento de vinhos do nordeste, a iniciativa acontece entre os dias 30 de novembro, 1\u00ba e 2 de dezembro no Hotel Vila Gal\u00e9 Salvador, em Ondina. Com feira de vinhos, degusta\u00e7\u00e3o de grandes produtores, workshop, palestras e curso de forma\u00e7\u00e3o de sommelier com especialistas refer\u00eancias, a programa\u00e7\u00e3o do evento contempla m\u00faltiplos interesses para amadores, en\u00f3filos e profissionais.<\/p>\n<p>Esta edi\u00e7\u00e3o da Bahia Vinho Show traz duas grandes novidades para quem quer se profissionalizar e aperfei\u00e7oar os conhecimentos sobre o mercado dos vinhos: Workshop exclusivo com Diego Bertolini (apenas no dia 02\/12 e com ingresso \u00e0 parte) e um curso de forma\u00e7\u00e3o de sommelier com Jaime D&#8217; Oliveira. Conforme o idealizador do evento e diretor do Clube Gourmet Bahia, Ivan Baldivieso, esta \u00e9 uma oportunidade imperd\u00edvel de aprimoramento. &#8220;O mercado est\u00e1 em franca expans\u00e3o, \u00e9 crescente o interesse das pessoas em conhecer mais sobre os vinhos, por isso, a capacita\u00e7\u00e3o profissional \u00e9 uma necessidade que dever\u00e1 crescer muito nos pr\u00f3ximos anos. Trouxemos duas refer\u00eancias nacionais para qualificar ainda mais o mercado baiano&#8221;, disse.<\/p>\n<p>O p\u00fablico da feira ter\u00e1 acesso \u00e0 degusta\u00e7\u00e3o de mais 150 r\u00f3tulos e poder\u00e1 comprar vinhos com pre\u00e7o de distribuidor. A deliciosa pr\u00e1tica da harmoniza\u00e7\u00e3o estar\u00e1 garantida com o acesso a mesas de queijos e p\u00e3es. Ao som de seleta playlist musical, os participantes tamb\u00e9m poder\u00e3o explorar novos sabores com os 15 expositores entre importadores, distribuidores e produtores. A expectativa dos organizadores \u00e9 que cerca de 900 pessoas visitem a feira nesta edi\u00e7\u00e3o. A classifica\u00e7\u00e3o et\u00e1ria do evento \u00e9 para maiores de 18 anos.<\/p>\n<p>No dia 02\/12, o Bahia Vinho Show oferece a sua programa\u00e7\u00e3o formativa com Workshop exclusivo com Diego Bertolini e um curso de forma\u00e7\u00e3o de sommelier com Jaime D&#8217; Oliveira. As duas oportunidades de capacita\u00e7\u00e3o e forma\u00e7\u00e3o t\u00eam acesso limitado e ingresso \u00e0 parte, que j\u00e1 podem ser adquiridos na plataforma Sympla.<\/p>\n<p><strong>Servi\u00e7o:<\/strong><\/p>\n<p>O qu\u00ea: Bahia Vinho Show 9\u00aa edi\u00e7\u00e3o<\/p>\n<p>Quando: 30 de novembro a 02 de dezembro de 2023<\/p>\n<p>Onde: Hotel Vila Gal\u00e9 Salvador &#8211; Rua Morro do Escravo Miguel, 320 \u2013 Ondina, Salvador-Ba<\/p>\n<p>Ingressos: Sympla (https:\/\/www.sympla.com.br\/evento\/bahia-vinho-show-9-edicao\/2141306 )<\/p>\n<p>Realiza\u00e7\u00e3o: Clube Gourmet Bahia<\/p>\n","protected":false},"excerpt":{"rendered":"<p>Apreciadores e profissionais do vinho j\u00e1 podem fazer reserva de agenda, pois o Bahia Vinho Show 9\u00aa edi\u00e7\u00e3o j\u00e1 est\u00e1 com ingressos dispon\u00edveis. Consagrado como o maior e mais diversificado evento de vinhos do nordeste, a iniciativa acontece entre os dias 30 de novembro, 1\u00ba e 2 de dezembro no Hotel Vila Gal\u00e9 Salvador, em [&hellip;]<\/p>\n","protected":false},"author":15,"featured_media":773856,"comment_status":"closed","ping_status":"closed","sticky":false,"template":"","format":"standard","meta":[],"categories":[689],"tags":[22225,20,10978],"acf":[],"yoast_head":"<!-- This site is optimized with the Yoast SEO plugin v20.8 - https:\/\/yoast.com\/wordpress\/plugins\/seo\/ -->\n<title>MAIOR FEIRA DE VINHOS DO NORDESTE, A BAHIA VINHO SHOW DIVULGA A 9\u00aa EDI\u00c7\u00c3O - Bahia Economica<\/title>\n<meta name=\"description\" content=\"O maior portal de Economia da Bahia CULTURA E ARTE Bahia Economica Apreciadores e profissionais do vinho j\u00e1 podem fazer reserva de agenda,\" \/>\n<meta name=\"robots\" content=\"index, follow, max-snippet:-1, max-image-preview:large, max-video-preview:-1\" \/>\n<link rel=\"canonical\" href=\"https:\/\/bahiaeconomica.com.br\/wp\/2023\/10\/30\/maior-feira-de-vinhos-do-nordeste-a-bahia-vinho-show-divulga-a-9a-edicao\/\" \/>\n<meta property=\"og:locale\" content=\"pt_BR\" \/>\n<meta property=\"og:type\" content=\"article\" \/>\n<meta property=\"og:title\" content=\"MAIOR FEIRA DE VINHOS DO NORDESTE, A BAHIA VINHO SHOW DIVULGA A 9\u00aa EDI\u00c7\u00c3O - Bahia Economica\" \/>\n<meta property=\"og:description\" content=\"O maior portal de Economia da Bahia CULTURA E ARTE Bahia Economica Apreciadores e profissionais do vinho j\u00e1 podem fazer reserva de agenda,\" \/>\n<meta property=\"og:url\" content=\"https:\/\/bahiaeconomica.com.br\/wp\/2023\/10\/30\/maior-feira-de-vinhos-do-nordeste-a-bahia-vinho-show-divulga-a-9a-edicao\/\" \/>\n<meta property=\"og:site_name\" content=\"Bahia Economica\" \/>\n<meta property=\"article:publisher\" content=\"https:\/\/www.facebook.com\/bahiaeconomica\" \/>\n<meta property=\"article:published_time\" content=\"2023-10-30T15:31:15+00:00\" \/>\n<meta property=\"article:modified_time\" content=\"2023-10-30T15:32:14+00:00\" \/>\n<meta property=\"og:image\" content=\"https:\/\/bahiaeconomica.com.br\/wp\/wp-content\/uploads\/2023\/10\/Divulgacao-Bahia-Vinho-Show_-4.jpg\" \/>\n\t<meta property=\"og:image:width\" content=\"1600\" \/>\n\t<meta property=\"og:image:height\" content=\"1066\" \/>\n\t<meta property=\"og:image:type\" content=\"image\/jpeg\" \/>\n<meta name=\"author\" content=\"VICTORIA ISABEL\" \/>\n<meta name=\"twitter:card\" content=\"summary_large_image\" \/>\n<meta name=\"twitter:label1\" content=\"Escrito por\" \/>\n\t<meta name=\"twitter:data1\" content=\"VICTORIA ISABEL\" \/>\n\t<meta name=\"twitter:label2\" content=\"Est. tempo de leitura\" \/>\n\t<meta name=\"twitter:data2\" content=\"3 minutos\" \/>\n<script type=\"application\/ld+json\" class=\"yoast-schema-graph\">{\"@context\":\"https:\/\/schema.org\",\"@graph\":[{\"@type\":\"Article\",\"@id\":\"https:\/\/bahiaeconomica.com.br\/wp\/2023\/10\/30\/maior-feira-de-vinhos-do-nordeste-a-bahia-vinho-show-divulga-a-9a-edicao\/#article\",\"isPartOf\":{\"@id\":\"https:\/\/bahiaeconomica.com.br\/wp\/2023\/10\/30\/maior-feira-de-vinhos-do-nordeste-a-bahia-vinho-show-divulga-a-9a-edicao\/\"},\"author\":{\"name\":\"VICTORIA ISABEL\",\"@id\":\"https:\/\/bahiaeconomica.com.br\/wp\/#\/schema\/person\/b719ce0fb1c09f3c7a00d9243ced4a6f\"},\"headline\":\"MAIOR FEIRA DE VINHOS DO NORDESTE, A BAHIA VINHO SHOW DIVULGA A 9\u00aa EDI\u00c7\u00c3O\",\"datePublished\":\"2023-10-30T15:31:15+00:00\",\"dateModified\":\"2023-10-30T15:32:14+00:00\",\"mainEntityOfPage\":{\"@id\":\"https:\/\/bahiaeconomica.com.br\/wp\/2023\/10\/30\/maior-feira-de-vinhos-do-nordeste-a-bahia-vinho-show-divulga-a-9a-edicao\/\"},\"wordCount\":409,\"publisher\":{\"@id\":\"https:\/\/bahiaeconomica.com.br\/wp\/#organization\"},\"keywords\":[\"Bahia Vinho Show\",\"nordeste\",\"Workshop\"],\"articleSection\":[\"CULTURA E ARTE\"],\"inLanguage\":\"pt-BR\"},{\"@type\":\"WebPage\",\"@id\":\"https:\/\/bahiaeconomica.com.br\/wp\/2023\/10\/30\/maior-feira-de-vinhos-do-nordeste-a-bahia-vinho-show-divulga-a-9a-edicao\/\",\"url\":\"https:\/\/bahiaeconomica.com.br\/wp\/2023\/10\/30\/maior-feira-de-vinhos-do-nordeste-a-bahia-vinho-show-divulga-a-9a-edicao\/\",\"name\":\"MAIOR FEIRA DE VINHOS DO NORDESTE, A BAHIA VINHO SHOW DIVULGA A 9\u00aa EDI\u00c7\u00c3O - Bahia Economica\",\"isPartOf\":{\"@id\":\"https:\/\/bahiaeconomica.com.br\/wp\/#website\"},\"datePublished\":\"2023-10-30T15:31:15+00:00\",\"dateModified\":\"2023-10-30T15:32:14+00:00\",\"description\":\"O maior portal de Economia da Bahia CULTURA E ARTE Bahia Economica Apreciadores e profissionais do vinho j\u00e1 podem fazer reserva de agenda,\",\"breadcrumb\":{\"@id\":\"https:\/\/bahiaeconomica.com.br\/wp\/2023\/10\/30\/maior-feira-de-vinhos-do-nordeste-a-bahia-vinho-show-divulga-a-9a-edicao\/#breadcrumb\"},\"inLanguage\":\"pt-BR\",\"potentialAction\":[{\"@type\":\"ReadAction\",\"target\":[\"https:\/\/bahiaeconomica.com.br\/wp\/2023\/10\/30\/maior-feira-de-vinhos-do-nordeste-a-bahia-vinho-show-divulga-a-9a-edicao\/\"]}]},{\"@type\":\"BreadcrumbList\",\"@id\":\"https:\/\/bahiaeconomica.com.br\/wp\/2023\/10\/30\/maior-feira-de-vinhos-do-nordeste-a-bahia-vinho-show-divulga-a-9a-edicao\/#breadcrumb\",\"itemListElement\":[{\"@type\":\"ListItem\",\"position\":1,\"name\":\"In\u00edcio\",\"item\":\"https:\/\/bahiaeconomica.com.br\/wp\/\"},{\"@type\":\"ListItem\",\"position\":2,\"name\":\"MAIOR FEIRA DE VINHOS DO NORDESTE, A BAHIA VINHO SHOW DIVULGA A 9\u00aa EDI\u00c7\u00c3O\"}]},{\"@type\":\"WebSite\",\"@id\":\"https:\/\/bahiaeconomica.com.br\/wp\/#website\",\"url\":\"https:\/\/bahiaeconomica.com.br\/wp\/\",\"name\":\"Bahia Economica\",\"description\":\"O maior portal de Economia da Bahia\",\"publisher\":{\"@id\":\"https:\/\/bahiaeconomica.com.br\/wp\/#organization\"},\"potentialAction\":[{\"@type\":\"SearchAction\",\"target\":{\"@type\":\"EntryPoint\",\"urlTemplate\":\"https:\/\/bahiaeconomica.com.br\/wp\/?s={search_term_string}\"},\"query-input\":\"required name=search_term_string\"}],\"inLanguage\":\"pt-BR\"},{\"@type\":\"Organization\",\"@id\":\"https:\/\/bahiaeconomica.com.br\/wp\/#organization\",\"name\":\"Bahia Econ\u00f4mica\",\"url\":\"https:\/\/bahiaeconomica.com.br\/wp\/\",\"logo\":{\"@type\":\"ImageObject\",\"inLanguage\":\"pt-BR\",\"@id\":\"https:\/\/bahiaeconomica.com.br\/wp\/#\/schema\/logo\/image\/\",\"url\":\"https:\/\/bahiaeconomica.com.br\/wp\/wp-content\/uploads\/2020\/12\/cropped-BE.png\",\"contentUrl\":\"https:\/\/bahiaeconomica.com.br\/wp\/wp-content\/uploads\/2020\/12\/cropped-BE.png\",\"width\":512,\"height\":512,\"caption\":\"Bahia Econ\u00f4mica\"},\"image\":{\"@id\":\"https:\/\/bahiaeconomica.com.br\/wp\/#\/schema\/logo\/image\/\"},\"sameAs\":[\"https:\/\/www.facebook.com\/bahiaeconomica\"]},{\"@type\":\"Person\",\"@id\":\"https:\/\/bahiaeconomica.com.br\/wp\/#\/schema\/person\/b719ce0fb1c09f3c7a00d9243ced4a6f\",\"name\":\"VICTORIA ISABEL\",\"sameAs\":[\"http:\/\/www.bahiaeconomica.com.br\"],\"url\":\"https:\/\/bahiaeconomica.com.br\/wp\/author\/victoria-isabel\/\"}]}<\/script>\n<!-- \/ Yoast SEO plugin. -->","yoast_head_json":{"title":"MAIOR FEIRA DE VINHOS DO NORDESTE, A BAHIA VINHO SHOW DIVULGA A 9\u00aa EDI\u00c7\u00c3O - Bahia Economica","description":"O maior portal de Economia da Bahia CULTURA E ARTE Bahia Economica Apreciadores e profissionais do vinho j\u00e1 podem fazer reserva de agenda,","robots":{"index":"index","follow":"follow","max-snippet":"max-snippet:-1","max-image-preview":"max-image-preview:large","max-video-preview":"max-video-preview:-1"},"canonical":"https:\/\/bahiaeconomica.com.br\/wp\/2023\/10\/30\/maior-feira-de-vinhos-do-nordeste-a-bahia-vinho-show-divulga-a-9a-edicao\/","og_locale":"pt_BR","og_type":"article","og_title":"MAIOR FEIRA DE VINHOS DO NORDESTE, A BAHIA VINHO SHOW DIVULGA A 9\u00aa EDI\u00c7\u00c3O - Bahia Economica","og_description":"O maior portal de Economia da Bahia CULTURA E ARTE Bahia Economica Apreciadores e profissionais do vinho j\u00e1 podem fazer reserva de agenda,","og_url":"https:\/\/bahiaeconomica.com.br\/wp\/2023\/10\/30\/maior-feira-de-vinhos-do-nordeste-a-bahia-vinho-show-divulga-a-9a-edicao\/","og_site_name":"Bahia Economica","article_publisher":"https:\/\/www.facebook.com\/bahiaeconomica","article_published_time":"2023-10-30T15:31:15+00:00","article_modified_time":"2023-10-30T15:32:14+00:00","og_image":[{"width":1600,"height":1066,"url":"https:\/\/bahiaeconomica.com.br\/wp\/wp-content\/uploads\/2023\/10\/Divulgacao-Bahia-Vinho-Show_-4.jpg","type":"image\/jpeg"}],"author":"VICTORIA ISABEL","twitter_card":"summary_large_image","twitter_misc":{"Escrito por":"VICTORIA ISABEL","Est. tempo de leitura":"3 minutos"},"schema":{"@context":"https:\/\/schema.org","@graph":[{"@type":"Article","@id":"https:\/\/bahiaeconomica.com.br\/wp\/2023\/10\/30\/maior-feira-de-vinhos-do-nordeste-a-bahia-vinho-show-divulga-a-9a-edicao\/#article","isPartOf":{"@id":"https:\/\/bahiaeconomica.com.br\/wp\/2023\/10\/30\/maior-feira-de-vinhos-do-nordeste-a-bahia-vinho-show-divulga-a-9a-edicao\/"},"author":{"name":"VICTORIA ISABEL","@id":"https:\/\/bahiaeconomica.com.br\/wp\/#\/schema\/person\/b719ce0fb1c09f3c7a00d9243ced4a6f"},"headline":"MAIOR FEIRA DE VINHOS DO NORDESTE, A BAHIA VINHO SHOW DIVULGA A 9\u00aa EDI\u00c7\u00c3O","datePublished":"2023-10-30T15:31:15+00:00","dateModified":"2023-10-30T15:32:14+00:00","mainEntityOfPage":{"@id":"https:\/\/bahiaeconomica.com.br\/wp\/2023\/10\/30\/maior-feira-de-vinhos-do-nordeste-a-bahia-vinho-show-divulga-a-9a-edicao\/"},"wordCount":409,"publisher":{"@id":"https:\/\/bahiaeconomica.com.br\/wp\/#organization"},"keywords":["Bahia Vinho Show","nordeste","Workshop"],"articleSection":["CULTURA E ARTE"],"inLanguage":"pt-BR"},{"@type":"WebPage","@id":"https:\/\/bahiaeconomica.com.br\/wp\/2023\/10\/30\/maior-feira-de-vinhos-do-nordeste-a-bahia-vinho-show-divulga-a-9a-edicao\/","url":"https:\/\/bahiaeconomica.com.br\/wp\/2023\/10\/30\/maior-feira-de-vinhos-do-nordeste-a-bahia-vinho-show-divulga-a-9a-edicao\/","name":"MAIOR FEIRA DE VINHOS DO NORDESTE, A BAHIA VINHO SHOW DIVULGA A 9\u00aa EDI\u00c7\u00c3O - Bahia Economica","isPartOf":{"@id":"https:\/\/bahiaeconomica.com.br\/wp\/#website"},"datePublished":"2023-10-30T15:31:15+00:00","dateModified":"2023-10-30T15:32:14+00:00","description":"O maior portal de Economia da Bahia CULTURA E ARTE Bahia Economica Apreciadores e profissionais do vinho j\u00e1 podem fazer reserva de agenda,","breadcrumb":{"@id":"https:\/\/bahiaeconomica.com.br\/wp\/2023\/10\/30\/maior-feira-de-vinhos-do-nordeste-a-bahia-vinho-show-divulga-a-9a-edicao\/#breadcrumb"},"inLanguage":"pt-BR","potentialAction":[{"@type":"ReadAction","target":["https:\/\/bahiaeconomica.com.br\/wp\/2023\/10\/30\/maior-feira-de-vinhos-do-nordeste-a-bahia-vinho-show-divulga-a-9a-edicao\/"]}]},{"@type":"BreadcrumbList","@id":"https:\/\/bahiaeconomica.com.br\/wp\/2023\/10\/30\/maior-feira-de-vinhos-do-nordeste-a-bahia-vinho-show-divulga-a-9a-edicao\/#breadcrumb","itemListElement":[{"@type":"ListItem","position":1,"name":"In\u00edcio","item":"https:\/\/bahiaeconomica.com.br\/wp\/"},{"@type":"ListItem","position":2,"name":"MAIOR FEIRA DE VINHOS DO NORDESTE, A BAHIA VINHO SHOW DIVULGA A 9\u00aa EDI\u00c7\u00c3O"}]},{"@type":"WebSite","@id":"https:\/\/bahiaeconomica.com.br\/wp\/#website","url":"https:\/\/bahiaeconomica.com.br\/wp\/","name":"Bahia Economica","description":"O maior portal de Economia da Bahia","publisher":{"@id":"https:\/\/bahiaeconomica.com.br\/wp\/#organization"},"potentialAction":[{"@type":"SearchAction","target":{"@type":"EntryPoint","urlTemplate":"https:\/\/bahiaeconomica.com.br\/wp\/?s={search_term_string}"},"query-input":"required name=search_term_string"}],"inLanguage":"pt-BR"},{"@type":"Organization","@id":"https:\/\/bahiaeconomica.com.br\/wp\/#organization","name":"Bahia Econ\u00f4mica","url":"https:\/\/bahiaeconomica.com.br\/wp\/","logo":{"@type":"ImageObject","inLanguage":"pt-BR","@id":"https:\/\/bahiaeconomica.com.br\/wp\/#\/schema\/logo\/image\/","url":"https:\/\/bahiaeconomica.com.br\/wp\/wp-content\/uploads\/2020\/12\/cropped-BE.png","contentUrl":"https:\/\/bahiaeconomica.com.br\/wp\/wp-content\/uploads\/2020\/12\/cropped-BE.png","width":512,"height":512,"caption":"Bahia Econ\u00f4mica"},"image":{"@id":"https:\/\/bahiaeconomica.com.br\/wp\/#\/schema\/logo\/image\/"},"sameAs":["https:\/\/www.facebook.com\/bahiaeconomica"]},{"@type":"Person","@id":"https:\/\/bahiaeconomica.com.br\/wp\/#\/schema\/person\/b719ce0fb1c09f3c7a00d9243ced4a6f","name":"VICTORIA ISABEL","sameAs":["http:\/\/www.bahiaeconomica.com.br"],"url":"https:\/\/bahiaeconomica.com.br\/wp\/author\/victoria-isabel\/"}]}},"views":24,"_links":{"self":[{"href":"https:\/\/bahiaeconomica.com.br\/wp\/wp-json\/wp\/v2\/posts\/773855"}],"collection":[{"href":"https:\/\/bahiaeconomica.com.br\/wp\/wp-json\/wp\/v2\/posts"}],"about":[{"href":"https:\/\/bahiaeconomica.com.br\/wp\/wp-json\/wp\/v2\/types\/post"}],"author":[{"embeddable":true,"href":"https:\/\/bahiaeconomica.com.br\/wp\/wp-json\/wp\/v2\/users\/15"}],"replies":[{"embeddable":true,"href":"https:\/\/bahiaeconomica.com.br\/wp\/wp-json\/wp\/v2\/comments?post=773855"}],"version-history":[{"count":1,"href":"https:\/\/bahiaeconomica.com.br\/wp\/wp-json\/wp\/v2\/posts\/773855\/revisions"}],"predecessor-version":[{"id":773857,"href":"https:\/\/bahiaeconomica.com.br\/wp\/wp-json\/wp\/v2\/posts\/773855\/revisions\/773857"}],"wp:featuredmedia":[{"embeddable":true,"href":"https:\/\/bahiaeconomica.com.br\/wp\/wp-json\/wp\/v2\/media\/773856"}],"wp:attachment":[{"href":"https:\/\/bahiaeconomica.com.br\/wp\/wp-json\/wp\/v2\/media?parent=773855"}],"wp:term":[{"taxonomy":"category","embeddable":true,"href":"https:\/\/bahiaeconomica.com.br\/wp\/wp-json\/wp\/v2\/categories?post=773855"},{"taxonomy":"post_tag","embeddable":true,"href":"https:\/\/bahiaeconomica.com.br\/wp\/wp-json\/wp\/v2\/tags?post=773855"}],"curies":[{"name":"wp","href":"https:\/\/api.w.org\/{rel}","templated":true}]}}