{"id":773714,"date":"2023-10-30T08:20:28","date_gmt":"2023-10-30T11:20:28","guid":{"rendered":"https:\/\/bahiaeconomica.com.br\/wp\/?p=773714"},"modified":"2023-10-30T08:07:49","modified_gmt":"2023-10-30T11:07:49","slug":"prefeitura-anuncia-concurso-publico-com-182-vagas-para-nivel-medio-e-superior","status":"publish","type":"post","link":"https:\/\/bahiaeconomica.com.br\/wp\/2023\/10\/30\/prefeitura-anuncia-concurso-publico-com-182-vagas-para-nivel-medio-e-superior\/","title":{"rendered":"PREFEITURA ANUNCIA CONCURSO P\u00daBLICO COM 182 VAGAS PARA N\u00cdVEL M\u00c9DIO E SUPERIOR"},"content":{"rendered":"<p>A Prefeitura de Vit\u00f3ria da Conquista anunciou a abertura de um novo concurso p\u00fablico, previsto para o primeiro trimestre de 2024. Para o certame, ser\u00e3o oferecidos 182 vagas para o provimento de 42 cargos, sendo 20 de n\u00edvel superior e 22 de n\u00edvel m\u00e9dio. O an\u00fancio foi feito pela prefeita Sheila Lemos (Uni\u00e3o Brasil), para celebrar o Dia do Servidor P\u00fablico.<\/p>\n<p>\u201cN\u00f3s iniciamos a etapa de concursos p\u00fablicos na Prefeitura de Vit\u00f3ria da Conquista pela \u00e1rea da Educa\u00e7\u00e3o, com a oferta de 214 vagas, al\u00e9m de cadastro reserva. Agora, teremos esse novo concurso com 182 vagas. E conforme formos identificando as vagas e a necessidade de contrata\u00e7\u00e3o de novos servidores efetivos, realizaremos concursos para outras \u00e1reas tamb\u00e9m\u201d, explicou a prefeita Sheila Lemos, no s\u00e1bado (28).<\/p>\n<p>O \u00faltimo concurso p\u00fablico realizado pela Prefeitura de Vit\u00f3ria da Conquista foi em 2013, h\u00e1 exatamente dez anos. A Secretaria Municipal de Gest\u00e3o e Inova\u00e7\u00e3o (Semgi) estima que o edital do processo licitat\u00f3ria para a escolha da banca do novo concurso deve ser\u00a0 conclu\u00eddo at\u00e9 o final de novembro. A meta da gest\u00e3o \u00e9 realizar as provas no primeiro trimestre de 2024.<\/p>\n<p>Ser\u00e3o dispostas vagas para as \u00e1reas de n\u00edvel superior: administrador; analista ambiental; analista de sistema; arquiteto; assistente social; bibliotec\u00e1rio; design gr\u00e1fico; contador; economista; educador f\u00edsico; engenheiro agr\u00f4nomo; engenheiro civil; engenheiro florestal; engenheiro de seguran\u00e7a do trabalho; ge\u00f3grafo; ge\u00f3logo; jornalista; m\u00e9dico veterin\u00e1rio e psic\u00f3logo.<\/p>\n<p>J\u00e1 para t\u00e9cnico de n\u00edvel superior est\u00e3o previstas as seguintes vagas: agente administrativo; agente de fiscaliza\u00e7\u00e3o; assistente de sistemas de informa\u00e7\u00e3o, assistente administrativo; desenhista t\u00e9cnico; educador social; instrutor de artes; instrutor de m\u00fasica; instrutor de esportes e monitor escolar. Al\u00e9m de t\u00e9cnico administrativo; t\u00e9cnico de n\u00edvel m\u00e9dio; t\u00e9cnico de seguran\u00e7a no trabalho; t\u00e9cnico em inform\u00e1tica; t\u00e9cnico agr\u00edcola; t\u00e9cnico em meio ambiente; t\u00e9cnico em geoprocessamento; t\u00e9cnico em suporte e manuten\u00e7\u00e3o de computadores; mestre de obras e top\u00f3grafo.<\/p>\n<p>Foto: Reprodu\u00e7\u00e3o\/Prefeitura de Vit\u00f3ria da Conquista<\/p>\n","protected":false},"excerpt":{"rendered":"<p>A Prefeitura de Vit\u00f3ria da Conquista anunciou a abertura de um novo concurso p\u00fablico, previsto para o primeiro trimestre de 2024. Para o certame, ser\u00e3o oferecidos 182 vagas para o provimento de 42 cargos, sendo 20 de n\u00edvel superior e 22 de n\u00edvel m\u00e9dio. O an\u00fancio foi feito pela prefeita Sheila Lemos (Uni\u00e3o Brasil), para [&hellip;]<\/p>\n","protected":false},"author":8,"featured_media":773715,"comment_status":"closed","ping_status":"closed","sticky":false,"template":"","format":"standard","meta":[],"categories":[8,5],"tags":[52,1012,100],"acf":[],"yoast_head":"<!-- This site is optimized with the Yoast SEO plugin v20.8 - https:\/\/yoast.com\/wordpress\/plugins\/seo\/ -->\n<title>PREFEITURA ANUNCIA CONCURSO P\u00daBLICO COM 182 VAGAS PARA N\u00cdVEL M\u00c9DIO E SUPERIOR - Bahia Economica<\/title>\n<meta name=\"description\" content=\"O maior portal de Economia da Bahia EMPREGOS \/ CONCURSOS, MUNIC\u00cdPIOS Bahia Economica A Prefeitura de Vit\u00f3ria da Conquista anunciou a abertura de um novo concurso p\u00fablico\" \/>\n<meta name=\"robots\" content=\"index, follow, max-snippet:-1, max-image-preview:large, max-video-preview:-1\" \/>\n<link rel=\"canonical\" href=\"https:\/\/bahiaeconomica.com.br\/wp\/2023\/10\/30\/prefeitura-anuncia-concurso-publico-com-182-vagas-para-nivel-medio-e-superior\/\" \/>\n<meta property=\"og:locale\" content=\"pt_BR\" \/>\n<meta property=\"og:type\" content=\"article\" \/>\n<meta property=\"og:title\" content=\"PREFEITURA ANUNCIA CONCURSO P\u00daBLICO COM 182 VAGAS PARA N\u00cdVEL M\u00c9DIO E SUPERIOR - Bahia Economica\" \/>\n<meta property=\"og:description\" content=\"O maior portal de Economia da Bahia EMPREGOS \/ CONCURSOS, MUNIC\u00cdPIOS Bahia Economica A Prefeitura de Vit\u00f3ria da Conquista anunciou a abertura de um novo concurso p\u00fablico\" \/>\n<meta property=\"og:url\" content=\"https:\/\/bahiaeconomica.com.br\/wp\/2023\/10\/30\/prefeitura-anuncia-concurso-publico-com-182-vagas-para-nivel-medio-e-superior\/\" \/>\n<meta property=\"og:site_name\" content=\"Bahia Economica\" \/>\n<meta property=\"article:publisher\" content=\"https:\/\/www.facebook.com\/bahiaeconomica\" \/>\n<meta property=\"article:published_time\" content=\"2023-10-30T11:20:28+00:00\" \/>\n<meta property=\"article:modified_time\" content=\"2023-10-30T11:07:49+00:00\" \/>\n<meta property=\"og:image\" content=\"https:\/\/bahiaeconomica.com.br\/wp\/wp-content\/uploads\/2023\/10\/IMAGEM_NOTICIA_1-5.jpg\" \/>\n\t<meta property=\"og:image:width\" content=\"600\" \/>\n\t<meta property=\"og:image:height\" content=\"420\" \/>\n\t<meta property=\"og:image:type\" content=\"image\/jpeg\" \/>\n<meta name=\"author\" content=\"JP\" \/>\n<meta name=\"twitter:card\" content=\"summary_large_image\" \/>\n<meta name=\"twitter:label1\" content=\"Escrito por\" \/>\n\t<meta name=\"twitter:data1\" content=\"JP\" \/>\n\t<meta name=\"twitter:label2\" content=\"Est. tempo de leitura\" \/>\n\t<meta name=\"twitter:data2\" content=\"2 minutos\" \/>\n<script type=\"application\/ld+json\" class=\"yoast-schema-graph\">{\"@context\":\"https:\/\/schema.org\",\"@graph\":[{\"@type\":\"Article\",\"@id\":\"https:\/\/bahiaeconomica.com.br\/wp\/2023\/10\/30\/prefeitura-anuncia-concurso-publico-com-182-vagas-para-nivel-medio-e-superior\/#article\",\"isPartOf\":{\"@id\":\"https:\/\/bahiaeconomica.com.br\/wp\/2023\/10\/30\/prefeitura-anuncia-concurso-publico-com-182-vagas-para-nivel-medio-e-superior\/\"},\"author\":{\"name\":\"JP\",\"@id\":\"https:\/\/bahiaeconomica.com.br\/wp\/#\/schema\/person\/c86d3a3f8960425a0f9d0e5245991f4e\"},\"headline\":\"PREFEITURA ANUNCIA CONCURSO P\u00daBLICO COM 182 VAGAS PARA N\u00cdVEL M\u00c9DIO E SUPERIOR\",\"datePublished\":\"2023-10-30T11:20:28+00:00\",\"dateModified\":\"2023-10-30T11:07:49+00:00\",\"mainEntityOfPage\":{\"@id\":\"https:\/\/bahiaeconomica.com.br\/wp\/2023\/10\/30\/prefeitura-anuncia-concurso-publico-com-182-vagas-para-nivel-medio-e-superior\/\"},\"wordCount\":377,\"publisher\":{\"@id\":\"https:\/\/bahiaeconomica.com.br\/wp\/#organization\"},\"keywords\":[\"Brasil\",\"empregos\",\"Pol\u00edtica\"],\"articleSection\":[\"EMPREGOS \/ CONCURSOS\",\"MUNIC\u00cdPIOS\"],\"inLanguage\":\"pt-BR\"},{\"@type\":\"WebPage\",\"@id\":\"https:\/\/bahiaeconomica.com.br\/wp\/2023\/10\/30\/prefeitura-anuncia-concurso-publico-com-182-vagas-para-nivel-medio-e-superior\/\",\"url\":\"https:\/\/bahiaeconomica.com.br\/wp\/2023\/10\/30\/prefeitura-anuncia-concurso-publico-com-182-vagas-para-nivel-medio-e-superior\/\",\"name\":\"PREFEITURA ANUNCIA CONCURSO P\u00daBLICO COM 182 VAGAS PARA N\u00cdVEL M\u00c9DIO E SUPERIOR - Bahia Economica\",\"isPartOf\":{\"@id\":\"https:\/\/bahiaeconomica.com.br\/wp\/#website\"},\"datePublished\":\"2023-10-30T11:20:28+00:00\",\"dateModified\":\"2023-10-30T11:07:49+00:00\",\"description\":\"O maior portal de Economia da Bahia EMPREGOS \/ CONCURSOS, MUNIC\u00cdPIOS Bahia Economica A Prefeitura de Vit\u00f3ria da Conquista anunciou a abertura de um novo concurso p\u00fablico\",\"breadcrumb\":{\"@id\":\"https:\/\/bahiaeconomica.com.br\/wp\/2023\/10\/30\/prefeitura-anuncia-concurso-publico-com-182-vagas-para-nivel-medio-e-superior\/#breadcrumb\"},\"inLanguage\":\"pt-BR\",\"potentialAction\":[{\"@type\":\"ReadAction\",\"target\":[\"https:\/\/bahiaeconomica.com.br\/wp\/2023\/10\/30\/prefeitura-anuncia-concurso-publico-com-182-vagas-para-nivel-medio-e-superior\/\"]}]},{\"@type\":\"BreadcrumbList\",\"@id\":\"https:\/\/bahiaeconomica.com.br\/wp\/2023\/10\/30\/prefeitura-anuncia-concurso-publico-com-182-vagas-para-nivel-medio-e-superior\/#breadcrumb\",\"itemListElement\":[{\"@type\":\"ListItem\",\"position\":1,\"name\":\"In\u00edcio\",\"item\":\"https:\/\/bahiaeconomica.com.br\/wp\/\"},{\"@type\":\"ListItem\",\"position\":2,\"name\":\"PREFEITURA ANUNCIA CONCURSO P\u00daBLICO COM 182 VAGAS PARA N\u00cdVEL M\u00c9DIO E SUPERIOR\"}]},{\"@type\":\"WebSite\",\"@id\":\"https:\/\/bahiaeconomica.com.br\/wp\/#website\",\"url\":\"https:\/\/bahiaeconomica.com.br\/wp\/\",\"name\":\"Bahia Economica\",\"description\":\"O maior portal de Economia da Bahia\",\"publisher\":{\"@id\":\"https:\/\/bahiaeconomica.com.br\/wp\/#organization\"},\"potentialAction\":[{\"@type\":\"SearchAction\",\"target\":{\"@type\":\"EntryPoint\",\"urlTemplate\":\"https:\/\/bahiaeconomica.com.br\/wp\/?s={search_term_string}\"},\"query-input\":\"required name=search_term_string\"}],\"inLanguage\":\"pt-BR\"},{\"@type\":\"Organization\",\"@id\":\"https:\/\/bahiaeconomica.com.br\/wp\/#organization\",\"name\":\"Bahia Econ\u00f4mica\",\"url\":\"https:\/\/bahiaeconomica.com.br\/wp\/\",\"logo\":{\"@type\":\"ImageObject\",\"inLanguage\":\"pt-BR\",\"@id\":\"https:\/\/bahiaeconomica.com.br\/wp\/#\/schema\/logo\/image\/\",\"url\":\"https:\/\/bahiaeconomica.com.br\/wp\/wp-content\/uploads\/2020\/12\/cropped-BE.png\",\"contentUrl\":\"https:\/\/bahiaeconomica.com.br\/wp\/wp-content\/uploads\/2020\/12\/cropped-BE.png\",\"width\":512,\"height\":512,\"caption\":\"Bahia Econ\u00f4mica\"},\"image\":{\"@id\":\"https:\/\/bahiaeconomica.com.br\/wp\/#\/schema\/logo\/image\/\"},\"sameAs\":[\"https:\/\/www.facebook.com\/bahiaeconomica\"]},{\"@type\":\"Person\",\"@id\":\"https:\/\/bahiaeconomica.com.br\/wp\/#\/schema\/person\/c86d3a3f8960425a0f9d0e5245991f4e\",\"name\":\"JP\",\"sameAs\":[\"https:\/\/bahiaeconomica.com.br\/wp\/beta\/\"],\"url\":\"https:\/\/bahiaeconomica.com.br\/wp\/author\/jp\/\"}]}<\/script>\n<!-- \/ Yoast SEO plugin. -->","yoast_head_json":{"title":"PREFEITURA ANUNCIA CONCURSO P\u00daBLICO COM 182 VAGAS PARA N\u00cdVEL M\u00c9DIO E SUPERIOR - Bahia Economica","description":"O maior portal de Economia da Bahia EMPREGOS \/ CONCURSOS, MUNIC\u00cdPIOS Bahia Economica A Prefeitura de Vit\u00f3ria da Conquista anunciou a abertura de um novo concurso p\u00fablico","robots":{"index":"index","follow":"follow","max-snippet":"max-snippet:-1","max-image-preview":"max-image-preview:large","max-video-preview":"max-video-preview:-1"},"canonical":"https:\/\/bahiaeconomica.com.br\/wp\/2023\/10\/30\/prefeitura-anuncia-concurso-publico-com-182-vagas-para-nivel-medio-e-superior\/","og_locale":"pt_BR","og_type":"article","og_title":"PREFEITURA ANUNCIA CONCURSO P\u00daBLICO COM 182 VAGAS PARA N\u00cdVEL M\u00c9DIO E SUPERIOR - Bahia Economica","og_description":"O maior portal de Economia da Bahia EMPREGOS \/ CONCURSOS, MUNIC\u00cdPIOS Bahia Economica A Prefeitura de Vit\u00f3ria da Conquista anunciou a abertura de um novo concurso p\u00fablico","og_url":"https:\/\/bahiaeconomica.com.br\/wp\/2023\/10\/30\/prefeitura-anuncia-concurso-publico-com-182-vagas-para-nivel-medio-e-superior\/","og_site_name":"Bahia Economica","article_publisher":"https:\/\/www.facebook.com\/bahiaeconomica","article_published_time":"2023-10-30T11:20:28+00:00","article_modified_time":"2023-10-30T11:07:49+00:00","og_image":[{"width":600,"height":420,"url":"https:\/\/bahiaeconomica.com.br\/wp\/wp-content\/uploads\/2023\/10\/IMAGEM_NOTICIA_1-5.jpg","type":"image\/jpeg"}],"author":"JP","twitter_card":"summary_large_image","twitter_misc":{"Escrito por":"JP","Est. tempo de leitura":"2 minutos"},"schema":{"@context":"https:\/\/schema.org","@graph":[{"@type":"Article","@id":"https:\/\/bahiaeconomica.com.br\/wp\/2023\/10\/30\/prefeitura-anuncia-concurso-publico-com-182-vagas-para-nivel-medio-e-superior\/#article","isPartOf":{"@id":"https:\/\/bahiaeconomica.com.br\/wp\/2023\/10\/30\/prefeitura-anuncia-concurso-publico-com-182-vagas-para-nivel-medio-e-superior\/"},"author":{"name":"JP","@id":"https:\/\/bahiaeconomica.com.br\/wp\/#\/schema\/person\/c86d3a3f8960425a0f9d0e5245991f4e"},"headline":"PREFEITURA ANUNCIA CONCURSO P\u00daBLICO COM 182 VAGAS PARA N\u00cdVEL M\u00c9DIO E SUPERIOR","datePublished":"2023-10-30T11:20:28+00:00","dateModified":"2023-10-30T11:07:49+00:00","mainEntityOfPage":{"@id":"https:\/\/bahiaeconomica.com.br\/wp\/2023\/10\/30\/prefeitura-anuncia-concurso-publico-com-182-vagas-para-nivel-medio-e-superior\/"},"wordCount":377,"publisher":{"@id":"https:\/\/bahiaeconomica.com.br\/wp\/#organization"},"keywords":["Brasil","empregos","Pol\u00edtica"],"articleSection":["EMPREGOS \/ CONCURSOS","MUNIC\u00cdPIOS"],"inLanguage":"pt-BR"},{"@type":"WebPage","@id":"https:\/\/bahiaeconomica.com.br\/wp\/2023\/10\/30\/prefeitura-anuncia-concurso-publico-com-182-vagas-para-nivel-medio-e-superior\/","url":"https:\/\/bahiaeconomica.com.br\/wp\/2023\/10\/30\/prefeitura-anuncia-concurso-publico-com-182-vagas-para-nivel-medio-e-superior\/","name":"PREFEITURA ANUNCIA CONCURSO P\u00daBLICO COM 182 VAGAS PARA N\u00cdVEL M\u00c9DIO E SUPERIOR - Bahia Economica","isPartOf":{"@id":"https:\/\/bahiaeconomica.com.br\/wp\/#website"},"datePublished":"2023-10-30T11:20:28+00:00","dateModified":"2023-10-30T11:07:49+00:00","description":"O maior portal de Economia da Bahia EMPREGOS \/ CONCURSOS, MUNIC\u00cdPIOS Bahia Economica A Prefeitura de Vit\u00f3ria da Conquista anunciou a abertura de um novo concurso p\u00fablico","breadcrumb":{"@id":"https:\/\/bahiaeconomica.com.br\/wp\/2023\/10\/30\/prefeitura-anuncia-concurso-publico-com-182-vagas-para-nivel-medio-e-superior\/#breadcrumb"},"inLanguage":"pt-BR","potentialAction":[{"@type":"ReadAction","target":["https:\/\/bahiaeconomica.com.br\/wp\/2023\/10\/30\/prefeitura-anuncia-concurso-publico-com-182-vagas-para-nivel-medio-e-superior\/"]}]},{"@type":"BreadcrumbList","@id":"https:\/\/bahiaeconomica.com.br\/wp\/2023\/10\/30\/prefeitura-anuncia-concurso-publico-com-182-vagas-para-nivel-medio-e-superior\/#breadcrumb","itemListElement":[{"@type":"ListItem","position":1,"name":"In\u00edcio","item":"https:\/\/bahiaeconomica.com.br\/wp\/"},{"@type":"ListItem","position":2,"name":"PREFEITURA ANUNCIA CONCURSO P\u00daBLICO COM 182 VAGAS PARA N\u00cdVEL M\u00c9DIO E SUPERIOR"}]},{"@type":"WebSite","@id":"https:\/\/bahiaeconomica.com.br\/wp\/#website","url":"https:\/\/bahiaeconomica.com.br\/wp\/","name":"Bahia Economica","description":"O maior portal de Economia da Bahia","publisher":{"@id":"https:\/\/bahiaeconomica.com.br\/wp\/#organization"},"potentialAction":[{"@type":"SearchAction","target":{"@type":"EntryPoint","urlTemplate":"https:\/\/bahiaeconomica.com.br\/wp\/?s={search_term_string}"},"query-input":"required name=search_term_string"}],"inLanguage":"pt-BR"},{"@type":"Organization","@id":"https:\/\/bahiaeconomica.com.br\/wp\/#organization","name":"Bahia Econ\u00f4mica","url":"https:\/\/bahiaeconomica.com.br\/wp\/","logo":{"@type":"ImageObject","inLanguage":"pt-BR","@id":"https:\/\/bahiaeconomica.com.br\/wp\/#\/schema\/logo\/image\/","url":"https:\/\/bahiaeconomica.com.br\/wp\/wp-content\/uploads\/2020\/12\/cropped-BE.png","contentUrl":"https:\/\/bahiaeconomica.com.br\/wp\/wp-content\/uploads\/2020\/12\/cropped-BE.png","width":512,"height":512,"caption":"Bahia Econ\u00f4mica"},"image":{"@id":"https:\/\/bahiaeconomica.com.br\/wp\/#\/schema\/logo\/image\/"},"sameAs":["https:\/\/www.facebook.com\/bahiaeconomica"]},{"@type":"Person","@id":"https:\/\/bahiaeconomica.com.br\/wp\/#\/schema\/person\/c86d3a3f8960425a0f9d0e5245991f4e","name":"JP","sameAs":["https:\/\/bahiaeconomica.com.br\/wp\/beta\/"],"url":"https:\/\/bahiaeconomica.com.br\/wp\/author\/jp\/"}]}},"views":45,"_links":{"self":[{"href":"https:\/\/bahiaeconomica.com.br\/wp\/wp-json\/wp\/v2\/posts\/773714"}],"collection":[{"href":"https:\/\/bahiaeconomica.com.br\/wp\/wp-json\/wp\/v2\/posts"}],"about":[{"href":"https:\/\/bahiaeconomica.com.br\/wp\/wp-json\/wp\/v2\/types\/post"}],"author":[{"embeddable":true,"href":"https:\/\/bahiaeconomica.com.br\/wp\/wp-json\/wp\/v2\/users\/8"}],"replies":[{"embeddable":true,"href":"https:\/\/bahiaeconomica.com.br\/wp\/wp-json\/wp\/v2\/comments?post=773714"}],"version-history":[{"count":1,"href":"https:\/\/bahiaeconomica.com.br\/wp\/wp-json\/wp\/v2\/posts\/773714\/revisions"}],"predecessor-version":[{"id":773716,"href":"https:\/\/bahiaeconomica.com.br\/wp\/wp-json\/wp\/v2\/posts\/773714\/revisions\/773716"}],"wp:featuredmedia":[{"embeddable":true,"href":"https:\/\/bahiaeconomica.com.br\/wp\/wp-json\/wp\/v2\/media\/773715"}],"wp:attachment":[{"href":"https:\/\/bahiaeconomica.com.br\/wp\/wp-json\/wp\/v2\/media?parent=773714"}],"wp:term":[{"taxonomy":"category","embeddable":true,"href":"https:\/\/bahiaeconomica.com.br\/wp\/wp-json\/wp\/v2\/categories?post=773714"},{"taxonomy":"post_tag","embeddable":true,"href":"https:\/\/bahiaeconomica.com.br\/wp\/wp-json\/wp\/v2\/tags?post=773714"}],"curies":[{"name":"wp","href":"https:\/\/api.w.org\/{rel}","templated":true}]}}